{"id":35419,"date":"2024-07-01T10:05:28","date_gmt":"2024-07-01T14:05:28","guid":{"rendered":"http:\/\/blogdalucianaoliveira.com.br\/blog\/?p=35419"},"modified":"2024-07-01T10:05:28","modified_gmt":"2024-07-01T14:05:28","slug":"teatro-espetaculo-que-aborda-preconceito-contra-o-homossexual-e-a-comunidade-lgbtqi-chega-a-porto-velho","status":"publish","type":"post","link":"http:\/\/blogdalucianaoliveira.com.br\/blog\/2024\/07\/01\/teatro-espetaculo-que-aborda-preconceito-contra-o-homossexual-e-a-comunidade-lgbtqi-chega-a-porto-velho\/","title":{"rendered":"TEATRO: espet\u00e1culo que aborda preconceito contra o homossexual e a comunidade LGBTQI+ chega a Porto Velho"},"content":{"rendered":"<p><img data-recalc-dims=\"1\" loading=\"lazy\" decoding=\"async\" data-attachment-id=\"35420\" data-permalink=\"http:\/\/blogdalucianaoliveira.com.br\/blog\/2024\/07\/01\/teatro-espetaculo-que-aborda-preconceito-contra-o-homossexual-e-a-comunidade-lgbtqi-chega-a-porto-velho\/img_5965\/\" data-orig-file=\"https:\/\/i0.wp.com\/blogdalucianaoliveira.com.br\/blog\/wp-content\/uploads\/2024\/07\/IMG_5965.jpeg?fit=1071%2C711\" data-orig-size=\"1071,711\" data-comments-opened=\"0\" data-image-meta=\"{&quot;aperture&quot;:&quot;0&quot;,&quot;credit&quot;:&quot;&quot;,&quot;camera&quot;:&quot;&quot;,&quot;caption&quot;:&quot;&quot;,&quot;created_timestamp&quot;:&quot;0&quot;,&quot;copyright&quot;:&quot;&quot;,&quot;focal_length&quot;:&quot;0&quot;,&quot;iso&quot;:&quot;0&quot;,&quot;shutter_speed&quot;:&quot;0&quot;,&quot;title&quot;:&quot;&quot;,&quot;orientation&quot;:&quot;0&quot;}\" data-image-title=\"IMG_5965\" data-image-description=\"\" data-image-caption=\"\" data-medium-file=\"https:\/\/i0.wp.com\/blogdalucianaoliveira.com.br\/blog\/wp-content\/uploads\/2024\/07\/IMG_5965.jpeg?fit=300%2C199\" data-large-file=\"https:\/\/i0.wp.com\/blogdalucianaoliveira.com.br\/blog\/wp-content\/uploads\/2024\/07\/IMG_5965.jpeg?fit=600%2C398\" class=\"alignnone size-full wp-image-35420\" src=\"https:\/\/i0.wp.com\/blogdalucianaoliveira.com.br\/blog\/wp-content\/uploads\/2024\/07\/IMG_5965.jpeg?resize=600%2C398\" alt=\"\" width=\"600\" height=\"398\" srcset=\"https:\/\/i0.wp.com\/blogdalucianaoliveira.com.br\/blog\/wp-content\/uploads\/2024\/07\/IMG_5965.jpeg?w=1071 1071w, https:\/\/i0.wp.com\/blogdalucianaoliveira.com.br\/blog\/wp-content\/uploads\/2024\/07\/IMG_5965.jpeg?resize=300%2C199 300w, https:\/\/i0.wp.com\/blogdalucianaoliveira.com.br\/blog\/wp-content\/uploads\/2024\/07\/IMG_5965.jpeg?resize=1024%2C680 1024w, https:\/\/i0.wp.com\/blogdalucianaoliveira.com.br\/blog\/wp-content\/uploads\/2024\/07\/IMG_5965.jpeg?resize=768%2C510 768w, https:\/\/i0.wp.com\/blogdalucianaoliveira.com.br\/blog\/wp-content\/uploads\/2024\/07\/IMG_5965.jpeg?resize=452%2C300 452w\" sizes=\"auto, (max-width: 600px) 100vw, 600px\" \/><\/p>\n<p class=\"s9\">\n<p class=\"s9\"><span class=\"s10\"><span class=\"bumpedFont15\">O Minist\u00e9rio da Cultura <\/span><\/span><span class=\"s10\"><span class=\"bumpedFont15\">e Instituto Cultural Vale apresentam:<\/span><\/span><span class=\"s10\"><span class=\"bumpedFont15\"> \u201c3 Maneiras de Tocar no Assunto\u201d, espet\u00e1culo que aborda a homofobia na sociedade moderna e que chega a Porto Velho para duas apresenta\u00e7\u00f5es gratuitas nos dias 03 e 04 de julho. Com dramaturgia e atua\u00e7\u00e3o de Leonardo Netto e dire\u00e7\u00e3o de Dadado de Freitas, a pe\u00e7a est\u00e1 nos palcos desde 2019 e foi assistida por mais de 20 mil espectadores. <\/span><\/span><span class=\"s10\"><span class=\"bumpedFont15\">Os ingressos podem ser retirados antecipadamente em <\/span><\/span><a href=\"https:\/\/linktr.ee\/3maneirasteatro\"><span class=\"s11\"><span class=\"bumpedFont15\">https:\/\/linktr.ee\/3maneirasteatro<\/span><\/span><\/a><span class=\"s10\"><span class=\"bumpedFont15\"> ou na bilheteria do teatro 1h antes de cada apresenta\u00e7\u00e3o.<\/span><\/span><\/p>\n<p class=\"s9\"><!--more--><\/p>\n<p class=\"s9\">\n<p class=\"s9\"><span class=\"s10\"><span class=\"bumpedFont15\">O espet\u00e1culo est\u00e1 na etapa final de um circuito in\u00e9dito pelas regi\u00f5es Norte e Nordeste, passando por 18 cidades no total. Na capital, as duas apresenta\u00e7\u00f5es acontecem no Teatro Guapor\u00e9, sempre \u00e0s 20h, com entrada gratuita e com acessibilidade para pessoas com defici\u00eancia. <\/span><\/span><\/p>\n<p class=\"s9\">\n<p class=\"s9\"><span class=\"s10\"><span class=\"bumpedFont15\">Todas as apresenta\u00e7\u00f5es t\u00eam int\u00e9rpretes de Libras, audiodescri\u00e7\u00e3o, monitoria para pessoas com defici\u00eancia intelectual e acontecem em locais com estrutura como corrim\u00f5es, rampas, banheiros adaptados, ilumina\u00e7\u00e3o adequada e plateia com reserva de espa\u00e7os para pessoas com defici\u00eancia f\u00edsica ou mobilidade reduzida. <\/span><\/span><\/p>\n<p class=\"s9\">\n<p class=\"s9\"><span class=\"s10\"><span class=\"bumpedFont15\">A montagem \u00e9 um projeto patrocinado pelo Instituto Cultural Vale, atrav\u00e9s da Lei Federal de Incentivo \u00e0 Cultura, com realiza\u00e7\u00e3o da Fulminante Produ\u00e7\u00f5es e do Minist\u00e9rio da Cultura, Governo Federal &#8211; Brasil, Uni\u00e3o e Reconstru\u00e7\u00e3o.<\/span><\/span><\/p>\n<p class=\"s9\">\n<p class=\"s9\"><span class=\"s8\"><span class=\"bumpedFont15\">SOBRE O ESPET\u00c1CULO<\/span><\/span><\/p>\n<p class=\"s9\"><span class=\"s10\"><span class=\"bumpedFont15\">\u201c3 Maneiras de Tocar no Assunto\u201d re\u00fane tr\u00eas solos escritos e interpretados por Leonardo Netto, colocando em pauta quest\u00f5es relacionadas \u00e0 homossexualidade, ao preconceito contra o homossexual e a comunidade LGBTQI+ em geral. <\/span><\/span><\/p>\n<p class=\"s9\">\n<p class=\"s9\"><span class=\"s10\"><span class=\"bumpedFont15\">Os textos fazem uma interlocu\u00e7\u00e3o direta com o p\u00fablico: o que h\u00e1, afinal, de t\u00e3o inc\u00f4modo, mal\u00e9fico e repugnante na homossexualidade? Por que, atrav\u00e9s dos tempos, ela teve sempre de ser punida? Por que a orienta\u00e7\u00e3o sexual de uma pessoa pode a transformar num cidad\u00e3o de segunda classe, com menos direitos que o resto da popula\u00e7\u00e3o? <\/span><\/span><span class=\"s6\"><span class=\"bumpedFont15\">\u201cHomofobia mata todo mundo: o pai que teve a orelha arrancada por beijar o filho, os irm\u00e3os que foram linchados por andarem abra\u00e7ados. N\u00e3o adianta achar que voc\u00ea est\u00e1 livre porque voc\u00ea n\u00e3o \u00e9 gay. Vivemos um retrocesso de entendimento sobre isso, um conservadorismo est\u00fapido. A popula\u00e7\u00e3o LGBTI+ no Brasil est\u00e1 alijada de quase setenta direitos previstos na Constitui\u00e7\u00e3o<\/span><\/span><span class=\"s10\"><span class=\"bumpedFont15\">\u201d, ressalta Leonardo Netto, que abordou o tema por tr\u00eas inst\u00e2ncias distintas: a Escola, a Lei e o Estado.<\/span><\/span><\/p>\n<p class=\"s9\">\n<p class=\"s9\"><span class=\"s8\"><span class=\"bumpedFont15\">SINOPSE:<\/span><\/span><\/p>\n<p class=\"s9\"><span class=\"s10\"><span class=\"bumpedFont15\">Um tema, tr\u00eas solos curtos. No primeiro solo, \u201cO homem de uniforme escolar\u201d, o p\u00fablico assiste a uma aula de bullying homof\u00f3bico: o que \u00e9, como praticar e quais as suas consequ\u00eancias f\u00edsicas e emocionais? S\u00e3o hist\u00f3rias reais de crian\u00e7as e jovens que sofreram com o preconceito e a intoler\u00e2ncia na escola. Na sequ\u00eancia, \u201cO homem com a pedra na m\u00e3o\u201d parte do depoimento ficcional de um dos participantes da Revolta de Stonewall, ocorrida em junho de 1969 em Nova York, um marco fundamental da luta pelos direitos da comunidade LGBTI+. Uma descri\u00e7\u00e3o minuciosa da noite em que os frequentadores (gays, l\u00e9sbicas, travestis, drag queens) do bar Stonewall Inn reagiram, pela primeira vez, a mais uma batida policial no local. O \u00faltimo solo, \u201cO homem no Congresso Nacional\u201d, \u00e9 o \u00a0pronunciamento de um deputado gay e ativista na tribuna da C\u00e2mara.<\/span><\/span><\/p>\n<p class=\"s9\">\n<p class=\"s9\"><span class=\"s8\"><span class=\"bumpedFont15\">TRAJET\u00d3RIA DO ESPET\u00c1CULO:<\/span><\/span><\/p>\n<p class=\"s9\"><span class=\"s10\"><span class=\"bumpedFont15\">\u201c3 Maneiras de Tocar no Assunto\u201d estreou em 2019 no Rio de Janeiro, com uma temporada de 3 meses no Teatro Poeirinha e, em 2020, entrou em cartaz em S\u00e3o Paulo, no Sesc Ipiranga. Ap\u00f3s a pandemia, o espet\u00e1culo retomou a estrada com sess\u00f5es lotadas no Festival Internacional de Teatro de S\u00e3o Jos\u00e9 do Rio Preto, no Festival Palco Girat\u00f3rio em Porto Alegre e na programa\u00e7\u00e3o do Galp\u00e3o Cine Horto, em Belo Horizonte, convidado pelo Grupo Galp\u00e3o. Ainda entre 2022 e 2023, a pe\u00e7a foi realizada em mais 10 teatros da capital carioca, transitando por todas as zonas da cidade, al\u00e9m de apresenta\u00e7\u00f5es na regi\u00e3o metropolitana e no interior do RJ. Em 2024, o trabalho est\u00e1 em turn\u00ea nas regi\u00f5es nordeste e norte do pa\u00eds, percorrendo 18 cidades e 11 estados: Pernambuco, Maranh\u00e3o, Cear\u00e1, Rio Grande do Norte, Bahia, Roraima, Par\u00e1, Amazonas, Rond\u00f4nia, Acre e Tocantins.<\/span><\/span><\/p>\n<p class=\"s9\">\n<p class=\"s9\"><span class=\"s10\"><span class=\"bumpedFont15\">Classifica\u00e7\u00e3o: 14 anos<\/span><\/span><\/p>\n<p class=\"s9\"><span class=\"s10\"><span class=\"bumpedFont15\">Dura\u00e7\u00e3o: 80min<\/span><\/span><\/p>\n<p class=\"s9\"><span class=\"s10\"><span class=\"bumpedFont15\">G\u00eanero: Drama<\/span><\/span><\/p>\n<p class=\"s9\">\n<p class=\"s9\"><span class=\"s8\"><span class=\"bumpedFont15\">FICHA T\u00c9CNICA<\/span><\/span><\/p>\n<p class=\"s9\"><span class=\"s10\"><span class=\"bumpedFont15\">Texto e atua\u00e7\u00e3o: Leonardo Netto<\/span><\/span><\/p>\n<p class=\"s9\"><span class=\"s10\"><span class=\"bumpedFont15\">Dire\u00e7\u00e3o: Dadado de Freitas<\/span><\/span><\/p>\n<p class=\"s9\"><span class=\"s10\"><span class=\"bumpedFont15\">Dire\u00e7\u00e3o de movimento: Marcia Rubin<\/span><\/span><\/p>\n<p class=\"s9\"><span class=\"s10\"><span class=\"bumpedFont15\">Ilumina\u00e7\u00e3o: Renato Machado<\/span><\/span><\/p>\n<p class=\"s9\"><span class=\"s10\"><span class=\"bumpedFont15\">Figurino: Luiza Fardin<\/span><\/span><\/p>\n<p class=\"s9\"><span class=\"s10\"><span class=\"bumpedFont15\">Cen\u00e1rio: Elsa Romero<\/span><\/span><\/p>\n<p class=\"s9\"><span class=\"s10\"><span class=\"bumpedFont15\">Visagismo: Marcio Mello<\/span><\/span><\/p>\n<p class=\"s9\"><span class=\"s10\"><span class=\"bumpedFont15\">Trilha sonora: Rodrigo Mar\u00e7al e Leonardo Netto<\/span><\/span><\/p>\n<p class=\"s9\"><span class=\"s10\"><span class=\"bumpedFont15\">Adapta\u00e7\u00e3o de luz: Kuka Batista e Leandro Barreto<\/span><\/span><\/p>\n<p class=\"s9\"><span class=\"s10\"><span class=\"bumpedFont15\">Dire\u00e7\u00e3o de produ\u00e7\u00e3o: Lu\u00edsa Barros e Amanda Cezarina<\/span><\/span><\/p>\n<p class=\"s9\"><span class=\"s10\"><span class=\"bumpedFont15\">Ger\u00eancia administrativa: Amanda Cezarina<\/span><\/span><\/p>\n<p class=\"s9\"><span class=\"s10\"><span class=\"bumpedFont15\">Produ\u00e7\u00e3o executiva: Tha\u00eds Pinheiro<\/span><\/span><\/p>\n<p class=\"s9\"><span class=\"s10\"><span class=\"bumpedFont15\">Produ\u00e7\u00e3o local: H Produ\u00e7\u00f5es<\/span><\/span><\/p>\n<p class=\"s9\"><span class=\"s10\"><span class=\"bumpedFont15\">Fotos: Rayane Mainara<\/span><\/span><\/p>\n<p class=\"s9\"><span class=\"s10\"><span class=\"bumpedFont15\">Identidade visual: L\u00ea Mascarenhas<\/span><\/span><\/p>\n<p class=\"s9\"><span class=\"s10\"><span class=\"bumpedFont15\">Design: Geraldo Oliveira<\/span><\/span><\/p>\n<p class=\"s9\"><span class=\"s10\"><span class=\"bumpedFont15\">Comunica\u00e7\u00e3o social: Lucas Sampaio<\/span><\/span><\/p>\n<p class=\"s9\"><span class=\"s10\"><span class=\"bumpedFont15\">M\u00eddias sociais: Ronny Werneck<\/span><\/span><\/p>\n<p class=\"s9\"><span class=\"s10\"><span class=\"bumpedFont15\">Assessoria de imprensa: Vanessa Fernandes e Juraci J\u00fanior<\/span><\/span><\/p>\n<p class=\"s9\"><span class=\"s10\"><span class=\"bumpedFont15\">Realiza\u00e7\u00e3o: Fulminante Produ\u00e7\u00f5es Culturais e Minist\u00e9rio da Cultura, Governo Federal &#8211; Brasil, Uni\u00e3o e Reconstru\u00e7\u00e3o<\/span><\/span><\/p>\n<p class=\"s9\">\n<p class=\"s9\"><span class=\"s8\"><span class=\"bumpedFont15\">M\u00cdDIAS SOCIAIS DO ESPET\u00c1CULO: <\/span><\/span><\/p>\n<p class=\"s9\"><span class=\"s10\"><span class=\"bumpedFont15\">@3maneirasteatro<\/span><\/span><\/p>\n<p class=\"s9\"><span class=\"s10\"><span class=\"bumpedFont15\">https:\/\/www.instagram.com\/3maneirasteatro\/<\/span><\/span><\/p>\n<p class=\"s9\"><span class=\"s10\"><span class=\"bumpedFont15\">https:\/\/www.facebook.com\/3maneirasteatro\/<\/span><\/span><\/p>\n<p class=\"s9\">\n<p class=\"s9\"><span class=\"s8\"><span class=\"bumpedFont15\">SERVI\u00c7O<\/span><\/span><\/p>\n<p class=\"s9\"><span class=\"s8\"><span class=\"bumpedFont15\">Data<\/span><\/span><span class=\"s10\"><span class=\"bumpedFont15\">: 03 e 04 de julho (quarta e quinta)<\/span><\/span><\/p>\n<p class=\"s9\"><span class=\"s8\"><span class=\"bumpedFont15\">Hor\u00e1rio<\/span><\/span><span class=\"s10\"><span class=\"bumpedFont15\">: 20h<\/span><\/span><\/p>\n<p class=\"s9\"><span class=\"s8\"><span class=\"bumpedFont15\">Local<\/span><\/span><span class=\"s10\"><span class=\"bumpedFont15\">: Teatro Guapor\u00e9 (Rua Tabajara, 148 &#8211; Olaria)<\/span><\/span><\/p>\n<p class=\"s9\"><span class=\"s8\"><span class=\"bumpedFont15\">Ingressos<\/span><\/span><span class=\"s10\"><span class=\"bumpedFont15\">: gratuitos<\/span><\/span><\/p>\n<p class=\"s9\"><span class=\"s8\"><span class=\"bumpedFont15\">Bilheteria<\/span><\/span><span class=\"s10\"><span class=\"bumpedFont15\">: retirada antecipada de ingressos j\u00e1 dispon\u00edvel em <\/span><\/span><a href=\"https:\/\/linktr.ee\/3maneirasteatro\"><span class=\"s11\"><span class=\"bumpedFont15\">https:\/\/linktr.ee\/3maneirasteatro <\/span><\/span><\/a><span class=\"s10\"><span class=\"bumpedFont15\">e tamb\u00e9m retirada presencial na bilheteria do teatro 1h antes da pe\u00e7a<\/span><\/span><\/p>\n<p class=\"s12\">\n","protected":false},"excerpt":{"rendered":"<p>O Minist\u00e9rio da Cultura e Instituto Cultural Vale apresentam: \u201c3 Maneiras de Tocar no Assunto\u201d, espet\u00e1culo que aborda a homofobia na sociedade moderna e que chega a Porto Velho para duas apresenta\u00e7\u00f5es gratuitas nos dias 03 e 04 de julho. Com dramaturgia e atua\u00e7\u00e3o de Leonardo Netto e dire\u00e7\u00e3o de Dadado de Freitas, a pe\u00e7a&#8230;<a class=\"more-link\" href=\"http:\/\/blogdalucianaoliveira.com.br\/blog\/2024\/07\/01\/teatro-espetaculo-que-aborda-preconceito-contra-o-homossexual-e-a-comunidade-lgbtqi-chega-a-porto-velho\/\">Continue a leitura <span class=\"meta-nav\">&raquo;<\/span><\/a><\/p>\n","protected":false},"author":1,"featured_media":0,"comment_status":"closed","ping_status":"open","sticky":false,"template":"","format":"standard","meta":{"_exactmetrics_skip_tracking":false,"_exactmetrics_sitenote_active":false,"_exactmetrics_sitenote_note":"","_exactmetrics_sitenote_category":0,"jetpack_post_was_ever_published":false,"_jetpack_newsletter_access":"","_jetpack_dont_email_post_to_subs":false,"_jetpack_newsletter_tier_id":0,"_jetpack_memberships_contains_paywalled_content":false,"_jetpack_memberships_contains_paid_content":false,"footnotes":"","jetpack_publicize_message":"","jetpack_publicize_feature_enabled":true,"jetpack_social_post_already_shared":true,"jetpack_social_options":{"image_generator_settings":{"template":"highway","enabled":false},"version":2}},"categories":[1],"tags":[],"class_list":["post-35419","post","type-post","status-publish","format-standard","hentry","category-notas"],"jetpack_publicize_connections":[],"jetpack_sharing_enabled":true,"jetpack_featured_media_url":"","jetpack_shortlink":"https:\/\/wp.me\/p7wKYW-9dh","jetpack-related-posts":[],"_links":{"self":[{"href":"http:\/\/blogdalucianaoliveira.com.br\/blog\/wp-json\/wp\/v2\/posts\/35419","targetHints":{"allow":["GET"]}}],"collection":[{"href":"http:\/\/blogdalucianaoliveira.com.br\/blog\/wp-json\/wp\/v2\/posts"}],"about":[{"href":"http:\/\/blogdalucianaoliveira.com.br\/blog\/wp-json\/wp\/v2\/types\/post"}],"author":[{"embeddable":true,"href":"http:\/\/blogdalucianaoliveira.com.br\/blog\/wp-json\/wp\/v2\/users\/1"}],"replies":[{"embeddable":true,"href":"http:\/\/blogdalucianaoliveira.com.br\/blog\/wp-json\/wp\/v2\/comments?post=35419"}],"version-history":[{"count":1,"href":"http:\/\/blogdalucianaoliveira.com.br\/blog\/wp-json\/wp\/v2\/posts\/35419\/revisions"}],"predecessor-version":[{"id":35421,"href":"http:\/\/blogdalucianaoliveira.com.br\/blog\/wp-json\/wp\/v2\/posts\/35419\/revisions\/35421"}],"wp:attachment":[{"href":"http:\/\/blogdalucianaoliveira.com.br\/blog\/wp-json\/wp\/v2\/media?parent=35419"}],"wp:term":[{"taxonomy":"category","embeddable":true,"href":"http:\/\/blogdalucianaoliveira.com.br\/blog\/wp-json\/wp\/v2\/categories?post=35419"},{"taxonomy":"post_tag","embeddable":true,"href":"http:\/\/blogdalucianaoliveira.com.br\/blog\/wp-json\/wp\/v2\/tags?post=35419"}],"curies":[{"name":"wp","href":"https:\/\/api.w.org\/{rel}","templated":true}]}}