{"id":35422,"date":"2024-07-01T16:03:50","date_gmt":"2024-07-01T20:03:50","guid":{"rendered":"http:\/\/blogdalucianaoliveira.com.br\/blog\/?p=35422"},"modified":"2024-07-01T16:03:50","modified_gmt":"2024-07-01T20:03:50","slug":"uniao-entre-forcas-democraticas-no-2o-turno-sera-fundamental-para-evitar-maioria-da-extrema-direita-na-franca-dizem-analistas","status":"publish","type":"post","link":"http:\/\/blogdalucianaoliveira.com.br\/blog\/2024\/07\/01\/uniao-entre-forcas-democraticas-no-2o-turno-sera-fundamental-para-evitar-maioria-da-extrema-direita-na-franca-dizem-analistas\/","title":{"rendered":"Uni\u00e3o entre for\u00e7as democr\u00e1ticas no 2\u00ba turno ser\u00e1 fundamental para evitar maioria da extrema direita na Fran\u00e7a, dizem analistas"},"content":{"rendered":"<h2><img data-recalc-dims=\"1\" loading=\"lazy\" decoding=\"async\" data-attachment-id=\"35423\" data-permalink=\"http:\/\/blogdalucianaoliveira.com.br\/blog\/2024\/07\/01\/uniao-entre-forcas-democraticas-no-2o-turno-sera-fundamental-para-evitar-maioria-da-extrema-direita-na-franca-dizem-analistas\/image_processing20240630-2131023-ipz6qa\/\" data-orig-file=\"https:\/\/i0.wp.com\/blogdalucianaoliveira.com.br\/blog\/wp-content\/uploads\/2024\/07\/image_processing20240630-2131023-ipz6qa.webp?fit=800%2C533\" data-orig-size=\"800,533\" data-comments-opened=\"0\" data-image-meta=\"{&quot;aperture&quot;:&quot;0&quot;,&quot;credit&quot;:&quot;&quot;,&quot;camera&quot;:&quot;&quot;,&quot;caption&quot;:&quot;&quot;,&quot;created_timestamp&quot;:&quot;0&quot;,&quot;copyright&quot;:&quot;&quot;,&quot;focal_length&quot;:&quot;0&quot;,&quot;iso&quot;:&quot;0&quot;,&quot;shutter_speed&quot;:&quot;0&quot;,&quot;title&quot;:&quot;&quot;,&quot;orientation&quot;:&quot;0&quot;}\" data-image-title=\"image_processing20240630-2131023-ipz6qa\" data-image-description=\"\" data-image-caption=\"\" data-medium-file=\"https:\/\/i0.wp.com\/blogdalucianaoliveira.com.br\/blog\/wp-content\/uploads\/2024\/07\/image_processing20240630-2131023-ipz6qa.webp?fit=300%2C200\" data-large-file=\"https:\/\/i0.wp.com\/blogdalucianaoliveira.com.br\/blog\/wp-content\/uploads\/2024\/07\/image_processing20240630-2131023-ipz6qa.webp?fit=600%2C400\" class=\"alignnone  wp-image-35423\" src=\"https:\/\/i0.wp.com\/blogdalucianaoliveira.com.br\/blog\/wp-content\/uploads\/2024\/07\/image_processing20240630-2131023-ipz6qa.webp?resize=446%2C297\" alt=\"\" width=\"446\" height=\"297\" srcset=\"https:\/\/i0.wp.com\/blogdalucianaoliveira.com.br\/blog\/wp-content\/uploads\/2024\/07\/image_processing20240630-2131023-ipz6qa.webp?resize=300%2C200 300w, https:\/\/i0.wp.com\/blogdalucianaoliveira.com.br\/blog\/wp-content\/uploads\/2024\/07\/image_processing20240630-2131023-ipz6qa.webp?resize=768%2C512 768w, https:\/\/i0.wp.com\/blogdalucianaoliveira.com.br\/blog\/wp-content\/uploads\/2024\/07\/image_processing20240630-2131023-ipz6qa.webp?resize=450%2C300 450w, https:\/\/i0.wp.com\/blogdalucianaoliveira.com.br\/blog\/wp-content\/uploads\/2024\/07\/image_processing20240630-2131023-ipz6qa.webp?w=800 800w\" sizes=\"auto, (max-width: 446px) 100vw, 446px\" \/><\/h2>\n<h2 class=\"description\">Esquerda promete retirar candidatos em 3\u00ba lugar para barrar extrema direita; governo coloca condi\u00e7\u00f5es para fazer o mesmo<\/h2>\n<p><!--more--><\/p>\n<div class=\"details-bar\">\n<div class=\"author-time\">\n<div class=\"author\">Reda\u00e7\u00e3o<\/div>\n<div class=\"place-and-time\">\n<div class=\"place\">Brasil de Fato<\/div>\n<\/div>\n<div>\n<p>Ap\u00f3s as primeiras proje\u00e7\u00f5es das\u00a0<a href=\"https:\/\/www.brasildefato.com.br\/2024\/06\/30\/eleicoes-legislativas-na-franca-extrema-direita-a-frente-esquerda-avanca-e-macron-afunda-dizem-projecoes\" target=\"_blank\" rel=\"noopener\">elei\u00e7\u00f5es legislativas na Fran\u00e7a deste domingo<\/a>\u00a0(30) indicarem uma vit\u00f3ria da extrema direita no primeiro turno, a uni\u00e3o entre for\u00e7as democr\u00e1ticas para o segundo turno do pleito ser\u00e1 fundamental. Essa \u00e9 a opini\u00e3o de analistas ouvidos pelo\u00a0<strong>Brasil de Fato<\/strong>, logo ap\u00f3s a divulga\u00e7\u00e3o de sondagens de bocas de urna.<\/p>\n<p>A cientista pol\u00edtica francesa Florence Poznanski explica que &#8220;a grande inc\u00f3gnita, que ser\u00e1 o eixo central desta semana antes do 2\u00ba turno, ser\u00e1 a possibilidade de candidatos desistirem da disputa&#8221; para a vota\u00e7\u00e3o que est\u00e1 marcada para o pr\u00f3ximo domingo (07).<\/p>\n<p>Isso porque, com o\u00a0<a href=\"https:\/\/www.brasildefato.com.br\/2024\/06\/30\/franceses-vao-as-urnas-em-eleicoes-legislativas-antecipadas-sob-ameaca-da-extrema-direita\" target=\"_blank\" rel=\"noopener\">sistema eleitoral de dois turnos<\/a>, \u00e9 poss\u00edvel que a segunda fase do pleito seja disputada entre tr\u00eas candidatos em alguns distritos franceses. Na maioria deles, a corrida dever\u00e1 se dar entre um candidato do Reagrupamento Nacional (RN), de extrema direita, da\u00a0<a href=\"https:\/\/www.brasildefato.com.br\/2024\/06\/17\/com-macron-em-risco-e-esquerda-unida-franca-inicia-campanha-para-eleicoes-legislativas\" target=\"_blank\" rel=\"noopener\">Nova Frente Popular (NFP)<\/a>, de esquerda, e da coaliz\u00e3o governista, apoiada pelo presidente Emmanuel Macron.<\/p>\n<p>&#8220;As esquerdas j\u00e1 anunciaram que caso cheguem em 3\u00ba lugar elas iriam desistir para apoiar o outro candidato no 2\u00ba turno contra a extrema direita. O que far\u00e1 a diferen\u00e7a ser\u00e1 a posi\u00e7\u00e3o do governo, ou seja, se o partido governista respeitar\u00e1 essa &#8216;Frente Republicana'&#8221;, afirma a analista, que \u00e9 membro do NFP.<\/p>\n<p>Segundo os n\u00fameros divulgados por proje\u00e7\u00f5es neste domingo,\u00a0o partido RN de Marine Le Pen e seus aliados obtiveram mais de 34% dos votos.\u00a0Em segundo lugar aparece a coaliz\u00e3o de esquerda NFP, que teria mais de 29% dos votos, enquanto a grande derrotada teria sido a alian\u00e7a de Macron, com pouco mais de 20%.<\/p>\n<p>Logo ap\u00f3s o resultado, o l\u00edder da coaliz\u00e3o de esquerda e do partido Fran\u00e7a Insubmissa, Jean Luc-M\u00e9l\u00e9nchon, reafirmou a disposi\u00e7\u00e3o da alian\u00e7a de desistir das disputas nas quais seus candidatos estejam em 3\u00ba lugar.\u00a0\u201cNossa diretriz \u00e9 simples e clara: nem mais um voto para o Reagrupamento Nacional&#8221;, disse.<\/p>\n<p>Momentos ap\u00f3s o pronunciamento de M\u00e9l\u00e9nchon, o primeiro-ministro Gabriel Attal, aliado de Macron, disse que &#8220;a li\u00e7\u00e3o desta tarde \u00e9 que a extrema direita est\u00e1 nas portas do poder&#8221; e que a &#8220;atitude respons\u00e1vel&#8221; seria a retirada de candidatos em terceiro lugar para &#8220;apoiar outros candidatos que defendem os valores da Rep\u00fablica&#8221;.<\/p>\n<p>Para\u00a0Poznanski, a decis\u00e3o do governo ainda gera d\u00favidas, j\u00e1 que Macron nas \u00faltimas semanas buscou &#8220;criminalizar a esquerda&#8221;. &#8220;Ele chamou a esquerda de extremista, o que n\u00e3o \u00e9 verdade. Ele tentou criminalizar [a esquerda], dizendo que ao lado da extrema direita, a extrema esquerda seria igual. Ele nunca se posicionou considerando que o bloco de esquerda era republicano&#8221;, diz.<\/p>\n<p>&#8220;Talvez considerando esse cen\u00e1rio, diante do risco do RN conquistar maioria absoluta, \u00e9 poss\u00edvel que sob influ\u00eancia de grande parte do seu campo ele tome essa decis\u00e3o&#8221;, afirma.<\/p>\n<p>O RN j\u00e1 anunciou que, se conseguir a maioria absoluta com seus aliados, ir\u00e1 indicar como primeiro-ministro o jovem l\u00edder Jordan Bardella, que aos 28 anos levou seu partido \u00e0 vit\u00f3ria nas elei\u00e7\u00f5es europeias.<\/p>\n<p>Fundado em 1972 como Frente Nacional, o partido foi liderado durante d\u00e9cadas pelo pol\u00edtico extremista Jean-Marie Le Pen, conhecido pelas suas posi\u00e7\u00f5es negacionistas em rela\u00e7\u00e3o ao Holocausto, por proferir discursos de \u00f3dio e ser pr\u00f3ximo de grupos fascistas. Sob a lideran\u00e7a de Marine Le Pen, filha de Jean-Marie Le Pen, o partido foi rebatizado como Reagrupamento Nacional em 2018, na tentativa de se afastar da imagem negativa associada ao seu fundador.<\/p>\n<p class=\"ckeditor-subtitle\">Participa\u00e7\u00e3o n\u00e3o garante vit\u00f3ria<\/p>\n<p>A unidade entre partidos e coaliz\u00f5es que apoiam a democracia tamb\u00e9m \u00e9 vista como essencial para o professor de Rela\u00e7\u00f5es Internacionais da UFABC Giorgio Romano. Ao\u00a0<strong>Brasil de Fato<\/strong>, ele afirma que a extrema direita j\u00e1 \u00e9 a gande vencedora das elei\u00e7\u00f5es e que o desafio agora para as outras coaliz\u00f5es ser\u00e1 evitar que o RN conquiste maioria absoluta no Legislativo.<\/p>\n<p>&#8220;O primeiro passo seria criar uma frente democr\u00e1tica, onde se juntariam todos os partidos que n\u00e3o s\u00e3o de extrema direita. Se isso realmente acontecer, precisamos ver se a popula\u00e7\u00e3o aceita. Porque a extrema direita surge quando h\u00e1 uma grande insatisfa\u00e7\u00e3o com Macron. Ent\u00e3o quem vota na esquerda, pode at\u00e9 estar disposto a votar na extrema direita tamb\u00e9m, mas votar em candidatos do Macron j\u00e1 \u00e9 mais dif\u00edcil&#8221;, diz.<\/p>\n<p>O professor ainda analisa a alta participa\u00e7\u00e3o eleitoral &#8211; mais de 59%, \u00edndice maior do que o do ano passado &#8211; e afirma que os n\u00edveis recorde se justificam pois &#8220;os dois lados entendem que esse \u00e9 a hora da verdade&#8221;. &#8220;A extrema direita pode finalmente ter a maioria e, do outro lado, as for\u00e7as democr\u00e1ticas querem evitar isso&#8221;.<\/p>\n<p>Romano, no entanto, destaca que a sa\u00edda de uma frente democr\u00e1rica n\u00e3o \u00e9 receita garantida, j\u00e1 que as manobras pol\u00edticas devem se refletir em apoio popular. &#8220;Primeiro passo: os partidos democr\u00e1ticos devem dar sinal claro para n\u00e3o votar na extrema direita, vote em qualquer candidato, e retirar 3\u00ba candidatos. Segundo passo: a popula\u00e7\u00e3o tem que aceitar isso.&#8221;<\/p>\n<p class=\"editor\">Edi\u00e7\u00e3o: Lucas Estanislau<\/p>\n<\/div>\n<\/div>\n<\/div>\n","protected":false},"excerpt":{"rendered":"<p>Esquerda promete retirar candidatos em 3\u00ba lugar para barrar extrema direita; governo coloca condi\u00e7\u00f5es para fazer o mesmo<\/p>\n","protected":false},"author":1,"featured_media":0,"comment_status":"closed","ping_status":"open","sticky":false,"template":"","format":"standard","meta":{"_exactmetrics_skip_tracking":false,"_exactmetrics_sitenote_active":false,"_exactmetrics_sitenote_note":"","_exactmetrics_sitenote_category":0,"jetpack_post_was_ever_published":false,"_jetpack_newsletter_access":"","_jetpack_dont_email_post_to_subs":false,"_jetpack_newsletter_tier_id":0,"_jetpack_memberships_contains_paywalled_content":false,"_jetpack_memberships_contains_paid_content":false,"footnotes":"","jetpack_publicize_message":"","jetpack_publicize_feature_enabled":true,"jetpack_social_post_already_shared":true,"jetpack_social_options":{"image_generator_settings":{"template":"highway","enabled":false},"version":2}},"categories":[1],"tags":[],"class_list":["post-35422","post","type-post","status-publish","format-standard","hentry","category-notas"],"jetpack_publicize_connections":[],"jetpack_sharing_enabled":true,"jetpack_featured_media_url":"","jetpack_shortlink":"https:\/\/wp.me\/p7wKYW-9dk","jetpack-related-posts":[],"_links":{"self":[{"href":"http:\/\/blogdalucianaoliveira.com.br\/blog\/wp-json\/wp\/v2\/posts\/35422","targetHints":{"allow":["GET"]}}],"collection":[{"href":"http:\/\/blogdalucianaoliveira.com.br\/blog\/wp-json\/wp\/v2\/posts"}],"about":[{"href":"http:\/\/blogdalucianaoliveira.com.br\/blog\/wp-json\/wp\/v2\/types\/post"}],"author":[{"embeddable":true,"href":"http:\/\/blogdalucianaoliveira.com.br\/blog\/wp-json\/wp\/v2\/users\/1"}],"replies":[{"embeddable":true,"href":"http:\/\/blogdalucianaoliveira.com.br\/blog\/wp-json\/wp\/v2\/comments?post=35422"}],"version-history":[{"count":2,"href":"http:\/\/blogdalucianaoliveira.com.br\/blog\/wp-json\/wp\/v2\/posts\/35422\/revisions"}],"predecessor-version":[{"id":35425,"href":"http:\/\/blogdalucianaoliveira.com.br\/blog\/wp-json\/wp\/v2\/posts\/35422\/revisions\/35425"}],"wp:attachment":[{"href":"http:\/\/blogdalucianaoliveira.com.br\/blog\/wp-json\/wp\/v2\/media?parent=35422"}],"wp:term":[{"taxonomy":"category","embeddable":true,"href":"http:\/\/blogdalucianaoliveira.com.br\/blog\/wp-json\/wp\/v2\/categories?post=35422"},{"taxonomy":"post_tag","embeddable":true,"href":"http:\/\/blogdalucianaoliveira.com.br\/blog\/wp-json\/wp\/v2\/tags?post=35422"}],"curies":[{"name":"wp","href":"https:\/\/api.w.org\/{rel}","templated":true}]}}