{"id":35437,"date":"2024-07-02T09:58:24","date_gmt":"2024-07-02T13:58:24","guid":{"rendered":"http:\/\/blogdalucianaoliveira.com.br\/blog\/?p=35437"},"modified":"2024-07-02T09:58:24","modified_gmt":"2024-07-02T13:58:24","slug":"por-que-a-bahia-comemora-a-independencia-em-2-de-julho","status":"publish","type":"post","link":"http:\/\/blogdalucianaoliveira.com.br\/blog\/2024\/07\/02\/por-que-a-bahia-comemora-a-independencia-em-2-de-julho\/","title":{"rendered":"Por que a Bahia comemora a Independ\u00eancia em 2 de julho"},"content":{"rendered":"<p><img data-recalc-dims=\"1\" loading=\"lazy\" decoding=\"async\" data-attachment-id=\"35438\" data-permalink=\"http:\/\/blogdalucianaoliveira.com.br\/blog\/2024\/07\/02\/por-que-a-bahia-comemora-a-independencia-em-2-de-julho\/img_6008\/\" data-orig-file=\"https:\/\/i0.wp.com\/blogdalucianaoliveira.com.br\/blog\/wp-content\/uploads\/2024\/07\/IMG_6008.jpeg?fit=425%2C230\" data-orig-size=\"425,230\" data-comments-opened=\"0\" data-image-meta=\"{&quot;aperture&quot;:&quot;0&quot;,&quot;credit&quot;:&quot;&quot;,&quot;camera&quot;:&quot;&quot;,&quot;caption&quot;:&quot;&quot;,&quot;created_timestamp&quot;:&quot;0&quot;,&quot;copyright&quot;:&quot;&quot;,&quot;focal_length&quot;:&quot;0&quot;,&quot;iso&quot;:&quot;0&quot;,&quot;shutter_speed&quot;:&quot;0&quot;,&quot;title&quot;:&quot;&quot;,&quot;orientation&quot;:&quot;0&quot;}\" data-image-title=\"IMG_6008\" data-image-description=\"\" data-image-caption=\"\" data-medium-file=\"https:\/\/i0.wp.com\/blogdalucianaoliveira.com.br\/blog\/wp-content\/uploads\/2024\/07\/IMG_6008.jpeg?fit=300%2C162\" data-large-file=\"https:\/\/i0.wp.com\/blogdalucianaoliveira.com.br\/blog\/wp-content\/uploads\/2024\/07\/IMG_6008.jpeg?fit=425%2C230\" class=\"alignnone size-full wp-image-35438\" src=\"https:\/\/i0.wp.com\/blogdalucianaoliveira.com.br\/blog\/wp-content\/uploads\/2024\/07\/IMG_6008.jpeg?resize=425%2C230\" alt=\"\" width=\"425\" height=\"230\" srcset=\"https:\/\/i0.wp.com\/blogdalucianaoliveira.com.br\/blog\/wp-content\/uploads\/2024\/07\/IMG_6008.jpeg?w=425 425w, https:\/\/i0.wp.com\/blogdalucianaoliveira.com.br\/blog\/wp-content\/uploads\/2024\/07\/IMG_6008.jpeg?resize=300%2C162 300w\" sizes=\"auto, (max-width: 425px) 100vw, 425px\" \/><\/p>\n<h2 class=\"bajada\">Data que marca atua\u00e7\u00e3o de baianos na expuls\u00e3o de portugueses em 1823 tem festa popular com cortejo c\u00edvico nas ruas de Cachoeira, no Rec\u00f4ncavo Baiano, todos os anos<\/h2>\n<p><!--more--><\/p>\n<p>A data simboliza a vit\u00f3ria ap\u00f3s um ano e cinco meses de uma guerra sangrenta que <strong>mobilizou entre 10 a 15 mil soldados de cada lado,<\/strong> resultando em mais de duas mil mortes em combate, embora sua relev\u00e2ncia regional ainda seja pouco conhecida em outras partes do Brasil. <strong>H\u00e1 201 anos<\/strong>, a Coroa Portuguesa foi expulsa de forma definitiva com a vit\u00f3ria do povo baiano, ap\u00f3s persistentes lutas que culminaram na primeira batalha em 28 de junho, quando cachoeiranos capturaram uma embarca\u00e7\u00e3o portuguesa \u00e0s margens do <strong>Rio Paragua\u00e7u<\/strong>.<\/p>\n<p>A<strong> Independ\u00eancia da Bahia <\/strong>\u00e9 comemorada em 2 de julho porque foi nessa data, em 1823, que as for\u00e7as brasileiras e a popula\u00e7\u00e3o baiana, lideradas por figuras como <a href=\"https:\/\/revistaforum.com.br\/brasil\/2023\/9\/6\/maria-quiteria-heroina-baiana-que-lutou-na-independncia-do-brasil-143691.html\">Maria Quit\u00e9ria<\/a>, conquistaram a vit\u00f3ria definitiva sobre as tropas portuguesas na Bahia. Em 25 de junho de 1822, a cidade de <strong>Cachoeira, no Rec\u00f4ncavo Baiano<\/strong>, iniciou levantes significativos e se tornou um ponto estrat\u00e9gico para a organiza\u00e7\u00e3o de ataques, abrigando l\u00edderes e tropas.<\/p>\n<p>Este papel fundamental na independ\u00eancia da Bahia a posicionou como um dos primeiros centros de resist\u00eancia contra o dom\u00ednio portugu\u00eas. <a href=\"https:\/\/revistaforum.com.br\/brasil\/2023\/9\/7\/de-setembro-mitos-sobre-independncia-do-brasil-143738.html\">Diversas regi\u00f5es do pa\u00eds continuaram sob controle das for\u00e7as portuguesas mesmo ap\u00f3s a Independ\u00eancia do Brasil, proclamada por Dom Pedro I em 7 de setembro de 1822<\/a>.<\/p>\n<p>A resist\u00eancia local, defendendo um governo composto por brasileiros, confrontou os lusitanos que buscavam manter a domina\u00e7\u00e3o colonial. As hostilidades perduraram at\u00e9 a batalha final em Salvador, em 2 de julho de 1823, ap\u00f3s o 7 de setembro de 1822, conhecido como &#8220;Dia da Independ\u00eancia do Brasil&#8221;.<\/p>\n<div class=\"content-banner\">\n<div class=\"amp-hidden\"><\/div>\n<p><iframe loading=\"lazy\" class=\"i-amphtml-fill-content\" title=\"Advertisement\" src=\"https:\/\/d-30855972251679877990.ampproject.net\/2406131415000\/frame.html\" name=\"{&quot;host&quot;:&quot;d-30855972251679877990.ampproject.net&quot;,&quot;bootstrap&quot;:&quot;https:\/\/3p.ampproject.net\/2406131415000\/vendor\/teads.mjs&quot;,&quot;type&quot;:&quot;teads&quot;,&quot;count&quot;:1,&quot;attributes&quot;:{&quot;pid&quot;:&quot;105492&quot;,&quot;ampSlotIndex&quot;:&quot;4&quot;,&quot;blockOnConsent&quot;:&quot;default&quot;,&quot;width&quot;:300,&quot;height&quot;:1,&quot;_context&quot;:{&quot;ampcontextVersion&quot;:&quot;2406131415000&quot;,&quot;ampcontextFilepath&quot;:&quot;https:\/\/3p.ampproject.net\/2406131415000\/ampcontext-v0.js&quot;,&quot;sourceUrl&quot;:&quot;https:\/\/revistaforum.com.br\/cultura\/2024\/7\/2\/por-que-bahia-comemora-independncia-em-de-julho-161433.html&quot;,&quot;referrer&quot;:&quot;https:\/\/revistaforum.com.br\/&quot;,&quot;canonicalUrl&quot;:&quot;https:\/\/revistaforum.com.br\/cultura\/2024\/7\/2\/por-que-bahia-comemora-independncia-em-de-julho-161433.html&quot;,&quot;pageViewId&quot;:&quot;8644&quot;,&quot;location&quot;:{&quot;href&quot;:&quot;https:\/\/revistaforum.com.br\/cultura\/2024\/7\/2\/por-que-bahia-comemora-independncia-em-de-julho-161433.html&quot;},&quot;startTime&quot;:1719928520463,&quot;tagName&quot;:&quot;AMP-AD&quot;,&quot;mode&quot;:{&quot;localDev&quot;:false,&quot;development&quot;:false,&quot;esm&quot;:true,&quot;test&quot;:false,&quot;rtvVersion&quot;:&quot;012406131415000&quot;},&quot;canary&quot;:false,&quot;hidden&quot;:false,&quot;initialLayoutRect&quot;:{&quot;left&quot;:0,&quot;top&quot;:3126,&quot;width&quot;:390,&quot;height&quot;:1},&quot;domFingerprint&quot;:&quot;2382742823&quot;,&quot;experimentToggles&quot;:{&quot;canary&quot;:false,&quot;a4aProfilingRate&quot;:false,&quot;doubleclickSraExp&quot;:false,&quot;doubleclickSraReportExcludedBlock&quot;:false,&quot;flexAdSlots&quot;:false,&quot;flexible-bitrate&quot;:false,&quot;ios-fixed-no-transfer&quot;:false,&quot;story-ad-placements&quot;:false,&quot;story-disable-animations-first-page&quot;:true,&quot;story-load-inactive-outside-viewport&quot;:true,&quot;amp-sticky-ad-to-amp-ad-v4&quot;:false,&quot;story-video-cache-apply-audio&quot;:false,&quot;amp-story-subscriptions&quot;:true,&quot;interaction-to-next-paint&quot;:true,&quot;esm&quot;:true,&quot;amp-story-first-page-max-bitrate&quot;:false,&quot;story-load-first-page-only&quot;:true,&quot;story-ad-page-outlink&quot;:false,&quot;amp-geo-ssr&quot;:true,&quot;story-remote-localization&quot;:true,&quot;attribution-reporting&quot;:false},&quot;sentinel&quot;:&quot;0-30018765553428094926&quot;,&quot;clientId&quot;:null,&quot;container&quot;:null,&quot;initialConsentState&quot;:3,&quot;consentSharedData&quot;:null,&quot;pageViewId64&quot;:&quot;E-7DSIzqXgcMGpxxuRZLlQ&quot;,&quot;initialIntersection&quot;:{&quot;time&quot;:81890,&quot;rootBounds&quot;:{&quot;left&quot;:0,&quot;top&quot;:0,&quot;width&quot;:390,&quot;height&quot;:675,&quot;bottom&quot;:675,&quot;right&quot;:390,&quot;x&quot;:0,&quot;y&quot;:0},&quot;boundingClientRect&quot;:{&quot;left&quot;:0,&quot;top&quot;:2440,&quot;width&quot;:390,&quot;height&quot;:1,&quot;bottom&quot;:2441,&quot;right&quot;:390,&quot;x&quot;:0,&quot;y&quot;:2440},&quot;intersectionRect&quot;:{&quot;left&quot;:0,&quot;top&quot;:0,&quot;width&quot;:0,&quot;height&quot;:0,&quot;bottom&quot;:0,&quot;right&quot;:0,&quot;x&quot;:0,&quot;y&quot;:0},&quot;intersectionRatio&quot;:0}},&quot;type&quot;:&quot;teads&quot;}}\" width=\"300\" height=\"1\" scrolling=\"no\" sandbox=\"allow-top-navigation-by-user-activation allow-popups-to-escape-sandbox allow-forms allow-modals allow-pointer-lock allow-popups allow-same-origin allow-scripts\" data-amp-3p-sentinel=\"0-30018765553428094926\" data-mce-fragment=\"1\"><\/iframe><\/div>\n<p>Um desfile, tombado como bem cultural pelo <strong>Instituto do Patrim\u00f4nio Art\u00edstico e Cultural da Bahia (IPAC)<\/strong>, \u00e9 realizado no estado desde 2006 para comemorar essa luta, manter viva a tradi\u00e7\u00e3o de dar voz ao povo e lembrar o papel crucial da popula\u00e7\u00e3o nas lutas por liberdade e autonomia, tornando a celebra\u00e7\u00e3o da Independ\u00eancia da Bahia um s\u00edmbolo da luta popular, incorporando tanto elementos hist\u00f3ricos quanto demandas contempor\u00e2neas por justi\u00e7a social e igualdade ao longo dos anos.<\/p>\n<p>Na festa da Independ\u00eancia da Bahia, que ocorre nesta ter\u00e7a-feira\u00a0(2) no munic\u00edpio de Cachoeira, a inclus\u00e3o e diversidade s\u00e3o destacadas com a participa\u00e7\u00e3o de sambas perseguidos no s\u00e9culo 19, express\u00f5es das popula\u00e7\u00f5es religiosas afro-brasileiras honrando seus ancestrais ind\u00edgenas com indument\u00e1rias tradicionais, e a presen\u00e7a de grupos ind\u00edgenas da Ilha de Itaparica, al\u00e9m de sertanejos vestindo suas roupas de couro t\u00edpicas.<\/p>\n<h2><strong>Maria Quit\u00e9ria &#8211; A hero\u00edna baiana que lutou na Independ\u00eancia\u00a0<\/strong><\/h2>\n<p><strong>Maria Quit\u00e9ria de Jesus<\/strong>, uma mulher parda com tra\u00e7os ind\u00edgenas, desafiou as expectativas da sociedade e as ordens de seu pai ao se alistar como soldado Medeiros para lutar na Guerra da Independ\u00eancia na prov\u00edncia da Bahia no ano de 1822. <a href=\"https:\/\/revistaforum.com.br\/brasil\/2023\/9\/6\/maria-quiteria-heroina-baiana-que-lutou-na-independncia-do-brasil-143691.html\">Maria Quit\u00e9ria foi a primeira mulher a lutar no Ex\u00e9rcito Brasileiro e \u00e9 considerada uma hero\u00edna da Independ\u00eancia<\/a>.<\/p>\n<p>Mesmo depois de ter sido descoberta, ela continuou a servir no batalh\u00e3o e foi pessoalmente condecorada por Dom Pedro I pela sua batalha. Hoje, sua hist\u00f3ria \u00e9 uma fonte de inspira\u00e7\u00e3o para mulheres que lutam por um pa\u00eds mais justo e igualit\u00e1rio. Vale lembrar que a Independ\u00eancia brasileira se tornou um <a href=\"https:\/\/revistaforum.com.br\/brasil\/2023\/9\/4\/de-setembro-saiba-que-mito-sobre-dia-da-independncia-143565.html\">movimento em defesa da chamada \u201cp\u00e1tria amada\u201d pelo lado conservador do pa\u00eds e que se consolidou como um palco de patriotismo e militariza\u00e7\u00e3o da direita<\/a>.<\/p>\n<p>Desde muito cedo, Maria Quit\u00e9ria enfrentou diversas responsabilidades. <strong>Em um s\u00e9culo em que as mulheres eram obrigadas a assumir trabalhos dom\u00e9sticos desde novas, Maria Quit\u00e9ria se destacou por sua determina\u00e7\u00e3o e quebra de tradi\u00e7\u00f5es<\/strong>. Maria Quit\u00e9ria teve que usar roupas emprestadas e se entrosar com as equipes de batalha. Sua jornada come\u00e7ou em Cachoeira, ber\u00e7o da Independ\u00eancia do Brasil no Rec\u00f4ncavo Baiano, e terminou em Salvador.<\/p>\n<p><em>&#8220;Ela recebeu esse ep\u00edteto de Soldado Medeiros visto que ela, al\u00e9m de tomar as roupas emprestadas do cunhado, que era Jos\u00e9 Medeiros, tamb\u00e9m tomou o sobrenome. A partir da\u00ed ela entrou no Batalh\u00e3o dos Periquitos, l\u00e1 em Cachoeira. Ela se entrosou mesmo com a tropa e participou de v\u00e1rias batalhas. Ela atravessou o Rio Paragua\u00e7u com a \u00e1gua quase no pesco\u00e7o, e teve uma grande vit\u00f3ria&#8221;,<\/em> disse a historiadora <strong>L\u00e9lia Fernandes<\/strong>.<\/p>\n<p>A C\u00e2mara Municipal de Salvador criou em 2016 uma medalha militar e uma comenda em homenagem a Maria Quit\u00e9ria, destacando sua import\u00e2ncia regional como combatente e a import\u00e2ncia da Bahia na hist\u00f3ria nacional. Em 2018, ela foi declarada Hero\u00edna da P\u00e1tria Brasileira pela <a href=\"https:\/\/www2.camara.leg.br\/legin\/fed\/lei\/2018\/lei-13697-26-julho-2018-786998-norma-pl.html#:~:text=EMENTA%3A%20Inscreve%20os%20nomes%20de,Her%C3%B3is%20e%20Hero%C3%ADnas%20da%20P%C3%A1tria.\">Lei Federal n\u00ba 13.697<\/a> e inclu\u00edda no <em>\u201cLivro de A\u00e7o das Hero\u00ednas e Her\u00f3is da P\u00e1tria\u201d<\/em>. Leia mais nesta <a href=\"https:\/\/revistaforum.com.br\/brasil\/2023\/9\/6\/maria-quiteria-heroina-baiana-que-lutou-na-independncia-do-brasil-143691.html\">reportagem da F\u00f3rum<\/a>.<\/p>\n","protected":false},"excerpt":{"rendered":"<p>Data que marca atua\u00e7\u00e3o de baianos na expuls\u00e3o de portugueses em 1823 tem festa popular com cortejo c\u00edvico nas ruas de Cachoeira, no Rec\u00f4ncavo Baiano, todos os anos<\/p>\n","protected":false},"author":1,"featured_media":0,"comment_status":"closed","ping_status":"open","sticky":false,"template":"","format":"standard","meta":{"_exactmetrics_skip_tracking":false,"_exactmetrics_sitenote_active":false,"_exactmetrics_sitenote_note":"","_exactmetrics_sitenote_category":0,"jetpack_post_was_ever_published":false,"_jetpack_newsletter_access":"","_jetpack_dont_email_post_to_subs":false,"_jetpack_newsletter_tier_id":0,"_jetpack_memberships_contains_paywalled_content":false,"_jetpack_memberships_contains_paid_content":false,"footnotes":"","jetpack_publicize_message":"","jetpack_publicize_feature_enabled":true,"jetpack_social_post_already_shared":true,"jetpack_social_options":{"image_generator_settings":{"template":"highway","enabled":false},"version":2}},"categories":[1],"tags":[],"class_list":["post-35437","post","type-post","status-publish","format-standard","hentry","category-notas"],"jetpack_publicize_connections":[],"jetpack_sharing_enabled":true,"jetpack_featured_media_url":"","jetpack_shortlink":"https:\/\/wp.me\/p7wKYW-9dz","jetpack-related-posts":[],"_links":{"self":[{"href":"http:\/\/blogdalucianaoliveira.com.br\/blog\/wp-json\/wp\/v2\/posts\/35437","targetHints":{"allow":["GET"]}}],"collection":[{"href":"http:\/\/blogdalucianaoliveira.com.br\/blog\/wp-json\/wp\/v2\/posts"}],"about":[{"href":"http:\/\/blogdalucianaoliveira.com.br\/blog\/wp-json\/wp\/v2\/types\/post"}],"author":[{"embeddable":true,"href":"http:\/\/blogdalucianaoliveira.com.br\/blog\/wp-json\/wp\/v2\/users\/1"}],"replies":[{"embeddable":true,"href":"http:\/\/blogdalucianaoliveira.com.br\/blog\/wp-json\/wp\/v2\/comments?post=35437"}],"version-history":[{"count":1,"href":"http:\/\/blogdalucianaoliveira.com.br\/blog\/wp-json\/wp\/v2\/posts\/35437\/revisions"}],"predecessor-version":[{"id":35439,"href":"http:\/\/blogdalucianaoliveira.com.br\/blog\/wp-json\/wp\/v2\/posts\/35437\/revisions\/35439"}],"wp:attachment":[{"href":"http:\/\/blogdalucianaoliveira.com.br\/blog\/wp-json\/wp\/v2\/media?parent=35437"}],"wp:term":[{"taxonomy":"category","embeddable":true,"href":"http:\/\/blogdalucianaoliveira.com.br\/blog\/wp-json\/wp\/v2\/categories?post=35437"},{"taxonomy":"post_tag","embeddable":true,"href":"http:\/\/blogdalucianaoliveira.com.br\/blog\/wp-json\/wp\/v2\/tags?post=35437"}],"curies":[{"name":"wp","href":"https:\/\/api.w.org\/{rel}","templated":true}]}}