{"id":35441,"date":"2024-07-03T10:37:34","date_gmt":"2024-07-03T14:37:34","guid":{"rendered":"http:\/\/blogdalucianaoliveira.com.br\/blog\/?p=35441"},"modified":"2024-07-03T10:37:34","modified_gmt":"2024-07-03T14:37:34","slug":"mpf-quer-o-tombamento-definitivo-de-bens-do-patrimonio-historico-de-rondonia","status":"publish","type":"post","link":"http:\/\/blogdalucianaoliveira.com.br\/blog\/2024\/07\/03\/mpf-quer-o-tombamento-definitivo-de-bens-do-patrimonio-historico-de-rondonia\/","title":{"rendered":"MPF quer o tombamento definitivo de bens do patrim\u00f4nio hist\u00f3rico de Rond\u00f4nia"},"content":{"rendered":"<p>&nbsp;<\/p>\n<div class=\"img\"><img loading=\"lazy\" decoding=\"async\" class=\"newsImage\" title=\"Arte: Comunica\u00e7\u00e3o\/MPF\" src=\"https:\/\/www.mpf.mp.br\/ro\/sala-de-imprensa\/noticias-ro\/mpf-quer-o-tombamento-definitivo-de-bens-do-patrimonio-historico-de-rondonia\/image_preview\" alt=\"Arte com fundo verde mostra silhuetas de pr\u00e9dios hist\u00f3ricos na cor preta. Tamb\u00e9m em letras pretas, se l\u00ea a express\u00e3o &quot;Patrim\u00f4nio Cultural&quot;.\" width=\"400\" height=\"266\" \/><\/div>\n<p>O Minist\u00e9rio P\u00fablico Federal (MPF) enviou \u00e0 Secretaria de Estado da Juventude, Cultura, Esporte e Lazer do Estado de Rond\u00f4nia (Sejucel) uma lista de bens do patrim\u00f4nio hist\u00f3rico-cultural que precisam ter tombamento definitivo pelo estado de Rond\u00f4nia. O MPF deu prazo de 45 dias para que a Secretaria apresente a comprova\u00e7\u00e3o de que instaurou procedimentos administrativos necess\u00e1rios aos tombamentos.<!--more--><\/p>\n<p>Os bens listados s\u00e3o: os s\u00edtios arqueol\u00f3gicos do Estado; a Estrada de Ferro Madeira-Mamor\u00e9 com todo o seu acervo; o Real Forte do Pr\u00edncipe da Beira; os postos telegr\u00e1ficos e demais acervos da Comiss\u00e3o Rondon; o local da antiga cidade de Santo Ant\u00f4nio do Alto Madeira; o Cemit\u00e9rio da Candel\u00e1ria; o Cemit\u00e9rio dos Inocentes; o Pr\u00e9dio da Cooperativa dos Seringalistas; e o marco das coordenadas geogr\u00e1ficas da cidade de Porto Velho.<\/p>\n<p>Na requisi\u00e7\u00e3o enviada \u00e0 Sejucel, o procurador da Rep\u00fablica Gabriel de Amorim ressalta que as informa\u00e7\u00f5es dispon\u00edveis at\u00e9 o momento demonstram a aus\u00eancia de tombamento definitivo pelo estado de Rond\u00f4nia. Ele esclarece que, embora a Constitui\u00e7\u00e3o do Estado de Rond\u00f4nia declare o tombamento da Estrada de Ferro Madeira Mamor\u00e9 e de outros bens, a jurisprud\u00eancia atual do Supremo Tribunal Federal entende que o tombamento realizado pelo Poder Legislativo possui car\u00e1ter provis\u00f3rio, com o intuito de incentivar o procedimento administrativo que deve ser conclu\u00eddo posteriormente pelo Poder Executivo.<\/p>\n<p>Esse entendimento \u00e9 aplicado no caso dos bens p\u00fablicos tombados pela Constitui\u00e7\u00e3o do Estado de Rond\u00f4nia. Portanto, a Sejucel deve promover a instaura\u00e7\u00e3o de procedimentos administrativos, procedendo com a notifica\u00e7\u00e3o da Uni\u00e3o, propriet\u00e1ria dos bens.<\/p>\n<p>A Sejucel deve informar em at\u00e9 20 dias se vai acatar a requisi\u00e7\u00e3o feita pelo MPF e encaminhar informa\u00e7\u00f5es acerca das medidas que ser\u00e3o tomadas para o tombamento definitivo do Patrim\u00f4nio Hist\u00f3rico elencado na Constitui\u00e7\u00e3o do Estado de Rond\u00f4nia. O poder de requisi\u00e7\u00e3o do MPF est\u00e1 previsto tanto na Constitui\u00e7\u00e3o da Rep\u00fablica, quanto na legisla\u00e7\u00e3o infraconstitucional e seu descumprimento pode implicar em responsabiliza\u00e7\u00e3o dos envolvidos.<\/p>\n<div>\n<p class=\"western\" align=\"justify\">Assessoria de Comunica\u00e7\u00e3o<\/p>\n<\/div>\n","protected":false},"excerpt":{"rendered":"<p>&nbsp; O Minist\u00e9rio P\u00fablico Federal (MPF) enviou \u00e0 Secretaria de Estado da Juventude, Cultura, Esporte e Lazer do Estado de Rond\u00f4nia (Sejucel) uma lista de bens do patrim\u00f4nio hist\u00f3rico-cultural que precisam ter tombamento definitivo pelo estado de Rond\u00f4nia. O MPF deu prazo de 45 dias para que a Secretaria apresente a comprova\u00e7\u00e3o de que instaurou&#8230;<a class=\"more-link\" href=\"http:\/\/blogdalucianaoliveira.com.br\/blog\/2024\/07\/03\/mpf-quer-o-tombamento-definitivo-de-bens-do-patrimonio-historico-de-rondonia\/\">Continue a leitura <span class=\"meta-nav\">&raquo;<\/span><\/a><\/p>\n","protected":false},"author":1,"featured_media":0,"comment_status":"closed","ping_status":"open","sticky":false,"template":"","format":"standard","meta":{"_exactmetrics_skip_tracking":false,"_exactmetrics_sitenote_active":false,"_exactmetrics_sitenote_note":"","_exactmetrics_sitenote_category":0,"jetpack_post_was_ever_published":false,"_jetpack_newsletter_access":"","_jetpack_dont_email_post_to_subs":false,"_jetpack_newsletter_tier_id":0,"_jetpack_memberships_contains_paywalled_content":false,"_jetpack_memberships_contains_paid_content":false,"footnotes":"","jetpack_publicize_message":"","jetpack_publicize_feature_enabled":true,"jetpack_social_post_already_shared":true,"jetpack_social_options":{"image_generator_settings":{"template":"highway","enabled":false},"version":2}},"categories":[1],"tags":[],"class_list":["post-35441","post","type-post","status-publish","format-standard","hentry","category-notas"],"jetpack_publicize_connections":[],"jetpack_sharing_enabled":true,"jetpack_featured_media_url":"","jetpack_shortlink":"https:\/\/wp.me\/p7wKYW-9dD","jetpack-related-posts":[],"_links":{"self":[{"href":"http:\/\/blogdalucianaoliveira.com.br\/blog\/wp-json\/wp\/v2\/posts\/35441","targetHints":{"allow":["GET"]}}],"collection":[{"href":"http:\/\/blogdalucianaoliveira.com.br\/blog\/wp-json\/wp\/v2\/posts"}],"about":[{"href":"http:\/\/blogdalucianaoliveira.com.br\/blog\/wp-json\/wp\/v2\/types\/post"}],"author":[{"embeddable":true,"href":"http:\/\/blogdalucianaoliveira.com.br\/blog\/wp-json\/wp\/v2\/users\/1"}],"replies":[{"embeddable":true,"href":"http:\/\/blogdalucianaoliveira.com.br\/blog\/wp-json\/wp\/v2\/comments?post=35441"}],"version-history":[{"count":1,"href":"http:\/\/blogdalucianaoliveira.com.br\/blog\/wp-json\/wp\/v2\/posts\/35441\/revisions"}],"predecessor-version":[{"id":35442,"href":"http:\/\/blogdalucianaoliveira.com.br\/blog\/wp-json\/wp\/v2\/posts\/35441\/revisions\/35442"}],"wp:attachment":[{"href":"http:\/\/blogdalucianaoliveira.com.br\/blog\/wp-json\/wp\/v2\/media?parent=35441"}],"wp:term":[{"taxonomy":"category","embeddable":true,"href":"http:\/\/blogdalucianaoliveira.com.br\/blog\/wp-json\/wp\/v2\/categories?post=35441"},{"taxonomy":"post_tag","embeddable":true,"href":"http:\/\/blogdalucianaoliveira.com.br\/blog\/wp-json\/wp\/v2\/tags?post=35441"}],"curies":[{"name":"wp","href":"https:\/\/api.w.org\/{rel}","templated":true}]}}