{"id":35451,"date":"2024-07-04T16:01:55","date_gmt":"2024-07-04T20:01:55","guid":{"rendered":"http:\/\/blogdalucianaoliveira.com.br\/blog\/?p=35451"},"modified":"2024-07-04T16:01:55","modified_gmt":"2024-07-04T20:01:55","slug":"le-monde-usa-bolsonaro-para-alertar-franceses-sobre-o-perigo-da-extrema-direita-no-poder","status":"publish","type":"post","link":"http:\/\/blogdalucianaoliveira.com.br\/blog\/2024\/07\/04\/le-monde-usa-bolsonaro-para-alertar-franceses-sobre-o-perigo-da-extrema-direita-no-poder\/","title":{"rendered":"Le Monde usa Bolsonaro para alertar franceses sobre o perigo da extrema direita no poder"},"content":{"rendered":"<p><img data-recalc-dims=\"1\" loading=\"lazy\" decoding=\"async\" data-attachment-id=\"35452\" data-permalink=\"http:\/\/blogdalucianaoliveira.com.br\/blog\/2024\/07\/04\/le-monde-usa-bolsonaro-para-alertar-franceses-sobre-o-perigo-da-extrema-direita-no-poder\/img_6060\/\" data-orig-file=\"https:\/\/i0.wp.com\/blogdalucianaoliveira.com.br\/blog\/wp-content\/uploads\/2024\/07\/IMG_6060.webp?fit=425%2C230\" data-orig-size=\"425,230\" data-comments-opened=\"0\" data-image-meta=\"{&quot;aperture&quot;:&quot;0&quot;,&quot;credit&quot;:&quot;&quot;,&quot;camera&quot;:&quot;&quot;,&quot;caption&quot;:&quot;&quot;,&quot;created_timestamp&quot;:&quot;0&quot;,&quot;copyright&quot;:&quot;&quot;,&quot;focal_length&quot;:&quot;0&quot;,&quot;iso&quot;:&quot;0&quot;,&quot;shutter_speed&quot;:&quot;0&quot;,&quot;title&quot;:&quot;&quot;,&quot;orientation&quot;:&quot;0&quot;}\" data-image-title=\"IMG_6060\" data-image-description=\"\" data-image-caption=\"\" data-medium-file=\"https:\/\/i0.wp.com\/blogdalucianaoliveira.com.br\/blog\/wp-content\/uploads\/2024\/07\/IMG_6060.webp?fit=300%2C162\" data-large-file=\"https:\/\/i0.wp.com\/blogdalucianaoliveira.com.br\/blog\/wp-content\/uploads\/2024\/07\/IMG_6060.webp?fit=425%2C230\" class=\"alignnone size-full wp-image-35452\" src=\"https:\/\/i0.wp.com\/blogdalucianaoliveira.com.br\/blog\/wp-content\/uploads\/2024\/07\/IMG_6060.webp?resize=425%2C230\" alt=\"\" width=\"425\" height=\"230\" srcset=\"https:\/\/i0.wp.com\/blogdalucianaoliveira.com.br\/blog\/wp-content\/uploads\/2024\/07\/IMG_6060.webp?w=425 425w, https:\/\/i0.wp.com\/blogdalucianaoliveira.com.br\/blog\/wp-content\/uploads\/2024\/07\/IMG_6060.webp?resize=300%2C162 300w\" sizes=\"auto, (max-width: 425px) 100vw, 425px\" \/><\/p>\n<h2 class=\"bajada\">Um dos principais jornais da Fran\u00e7a tamb\u00e9m coloca que, uma vez no poder, &#8220;ningu\u00e9m garante que a RN o deixar\u00e1&#8221;<\/h2>\n<p><!--more--><\/p>\n<p>Revista F\u00f3rum &#8211; O jornal Le Monde, um dos principais da Fran\u00e7a, publicou nesta quinta-feira (4) uma an\u00e1lise sobre o pleito franc\u00eas onde usa o ex-presidente <a href=\"https:\/\/revistaforum.com.br\/temas\/jair-bolsonaro-3080.html\" target=\"_blank\" rel=\"noopener\">Jair Bolsonaro<\/a> (2019-22) e sua gest\u00e3o no Brasil como forma de alertar para o perigo de eleger a extrema direita.<\/p>\n<p>No texto, o articulista afirma que a Fran\u00e7a de 2024 \u00e9 muito semelhante ao Brasil de 2018, quando Bolsonaro venceu o pleito presidencial. &#8220;Em muitos aspectos, a Fran\u00e7a de 2024 se assemelha ao Brasil de 2018, ano da vit\u00f3ria esmagadora de Jair Bolsonaro na elei\u00e7\u00e3o presidencial com 55,1% dos votos. V\u00e1rios fen\u00f4menos semelhantes est\u00e3o em a\u00e7\u00e3o nesses dois pa\u00edses muito distantes, que compartilham 730 quil\u00f4metros de fronteira na Guiana Francesa&#8221;, diz o texto.<\/p>\n<p>Al\u00e9m disso, a an\u00e1lise tamb\u00e9m afirma que o discurso antissistema, tanto usado por Bolsonaro quanto pela Reuni\u00e3o Nacional (RN), a sigla que abriga <a href=\"https:\/\/revistaforum.com.br\/temas\/marine-le-pen-partido-1952.html\" target=\"_blank\" rel=\"noopener\">Marine Le Pen<\/a>, \u00e9 falso. &#8220;O capit\u00e3o Bolsonaro, ent\u00e3o, teve facilidade em se apresentar como um novo homem, como um justiceiro, como um candidato antissistema, apesar de seus sete mandatos consecutivos como deputado.&#8221;<\/p>\n<p>Em seguida, o texto afirma que &#8220;a primeira li\u00e7\u00e3o \u00fatil para os franceses aprenderem com essa transi\u00e7\u00e3o da extrema direita para o poder pol\u00edtico nos tr\u00f3picos \u00e9 que, uma vez no poder, a extrema direita n\u00e3o se modera. Muito pelo contr\u00e1rio: no Brasil, ela aplicou o programa ponto a ponto.&#8221;<\/p>\n<p>&#8220;Pior ainda: uma vez no poder, a extrema direita est\u00e1 se tornando ainda mais radical e radicalizando a sociedade com ela. Esmagado por sua pr\u00f3pria incompet\u00eancia, diante de uma realidade complexa e da resist\u00eancia das institui\u00e7\u00f5es, Jair Bolsonaro jogou descaradamente o povo contra o &#8216;sistema&#8217;, assumindo o papel de defensor da democracia contra a &#8216;ditadura&#8217; dos ju\u00edzes ou da esquerda&#8221;, segue o texto do Le Monde.<\/p>\n<p>Por fim, o texto do Le Monde afirma que uma vez no poder, ningu\u00e9m garante que o RN o deixar\u00e1 de maneira volunt\u00e1ria: &#8220;A experi\u00eancia brasileira mostra que a vit\u00f3ria da extrema direita nunca \u00e9 insignificante e n\u00e3o pode ser resumida como um simples &#8216;teste&#8217; de uma nova pol\u00edtica ainda n\u00e3o experimentada. Sua transi\u00e7\u00e3o do poder deixa feridas que levar\u00e3o muitos anos para cicatrizar-se, se \u00e9 que ser\u00e3o cicatrizadas. Como Jair Bolsonaro, n\u00e3o h\u00e1 garantia de que o RN entregar\u00e1 voluntariamente as chaves do Estado.&#8221;<\/p>\n<p>Os franceses voltam \u00e0s urnas neste domingo (7). O resultado \u00e9 incerto, mas a extrema direita segue como favorita para vencer o pleito e colocar em xeque o governo do presidente Macron.<\/p>\n<p>A \u00edntegra do texto pode ser lida <a href=\"https:\/\/www.lemonde.fr\/idees\/article\/2024\/07\/04\/de-bolsonaro-a-bardella-les-lecons-de-l-experience-bresilienne_6246644_3232.html\" target=\"_blank\" rel=\"noopener\">aqui.\u00a0<\/a><\/p>\n<p>&nbsp;<\/p>\n","protected":false},"excerpt":{"rendered":"<p>Um dos principais jornais da Fran\u00e7a tamb\u00e9m coloca que, uma vez no poder, &#8220;ningu\u00e9m garante que a RN o deixar\u00e1&#8221;<\/p>\n","protected":false},"author":1,"featured_media":0,"comment_status":"closed","ping_status":"open","sticky":false,"template":"","format":"standard","meta":{"_exactmetrics_skip_tracking":false,"_exactmetrics_sitenote_active":false,"_exactmetrics_sitenote_note":"","_exactmetrics_sitenote_category":0,"jetpack_post_was_ever_published":false,"_jetpack_newsletter_access":"","_jetpack_dont_email_post_to_subs":false,"_jetpack_newsletter_tier_id":0,"_jetpack_memberships_contains_paywalled_content":false,"_jetpack_memberships_contains_paid_content":false,"footnotes":"","jetpack_publicize_message":"","jetpack_publicize_feature_enabled":true,"jetpack_social_post_already_shared":true,"jetpack_social_options":{"image_generator_settings":{"template":"highway","enabled":false},"version":2}},"categories":[1],"tags":[53,973,1031],"class_list":["post-35451","post","type-post","status-publish","format-standard","hentry","category-notas","tag-bolsonaro","tag-extrema-direita","tag-franca"],"jetpack_publicize_connections":[],"jetpack_sharing_enabled":true,"jetpack_featured_media_url":"","jetpack_shortlink":"https:\/\/wp.me\/p7wKYW-9dN","jetpack-related-posts":[],"_links":{"self":[{"href":"http:\/\/blogdalucianaoliveira.com.br\/blog\/wp-json\/wp\/v2\/posts\/35451","targetHints":{"allow":["GET"]}}],"collection":[{"href":"http:\/\/blogdalucianaoliveira.com.br\/blog\/wp-json\/wp\/v2\/posts"}],"about":[{"href":"http:\/\/blogdalucianaoliveira.com.br\/blog\/wp-json\/wp\/v2\/types\/post"}],"author":[{"embeddable":true,"href":"http:\/\/blogdalucianaoliveira.com.br\/blog\/wp-json\/wp\/v2\/users\/1"}],"replies":[{"embeddable":true,"href":"http:\/\/blogdalucianaoliveira.com.br\/blog\/wp-json\/wp\/v2\/comments?post=35451"}],"version-history":[{"count":1,"href":"http:\/\/blogdalucianaoliveira.com.br\/blog\/wp-json\/wp\/v2\/posts\/35451\/revisions"}],"predecessor-version":[{"id":35453,"href":"http:\/\/blogdalucianaoliveira.com.br\/blog\/wp-json\/wp\/v2\/posts\/35451\/revisions\/35453"}],"wp:attachment":[{"href":"http:\/\/blogdalucianaoliveira.com.br\/blog\/wp-json\/wp\/v2\/media?parent=35451"}],"wp:term":[{"taxonomy":"category","embeddable":true,"href":"http:\/\/blogdalucianaoliveira.com.br\/blog\/wp-json\/wp\/v2\/categories?post=35451"},{"taxonomy":"post_tag","embeddable":true,"href":"http:\/\/blogdalucianaoliveira.com.br\/blog\/wp-json\/wp\/v2\/tags?post=35451"}],"curies":[{"name":"wp","href":"https:\/\/api.w.org\/{rel}","templated":true}]}}