{"id":35456,"date":"2024-07-05T08:14:36","date_gmt":"2024-07-05T12:14:36","guid":{"rendered":"http:\/\/blogdalucianaoliveira.com.br\/blog\/?p=35456"},"modified":"2024-07-05T08:14:36","modified_gmt":"2024-07-05T12:14:36","slug":"o-remedio-inovador-contra-malaria-que-comecou-a-ser-distribuido-para-criancas-na-amazonia","status":"publish","type":"post","link":"http:\/\/blogdalucianaoliveira.com.br\/blog\/2024\/07\/05\/o-remedio-inovador-contra-malaria-que-comecou-a-ser-distribuido-para-criancas-na-amazonia\/","title":{"rendered":"O rem\u00e9dio inovador contra mal\u00e1ria que come\u00e7ou a ser distribu\u00eddo para crian\u00e7as na Amaz\u00f4nia"},"content":{"rendered":"<p><img data-recalc-dims=\"1\" loading=\"lazy\" decoding=\"async\" data-attachment-id=\"35457\" data-permalink=\"http:\/\/blogdalucianaoliveira.com.br\/blog\/2024\/07\/05\/o-remedio-inovador-contra-malaria-que-comecou-a-ser-distribuido-para-criancas-na-amazonia\/img_6081\/\" data-orig-file=\"https:\/\/i0.wp.com\/blogdalucianaoliveira.com.br\/blog\/wp-content\/uploads\/2024\/07\/IMG_6081.webp?fit=800%2C450\" data-orig-size=\"800,450\" data-comments-opened=\"0\" data-image-meta=\"{&quot;aperture&quot;:&quot;0&quot;,&quot;credit&quot;:&quot;&quot;,&quot;camera&quot;:&quot;&quot;,&quot;caption&quot;:&quot;&quot;,&quot;created_timestamp&quot;:&quot;0&quot;,&quot;copyright&quot;:&quot;&quot;,&quot;focal_length&quot;:&quot;0&quot;,&quot;iso&quot;:&quot;0&quot;,&quot;shutter_speed&quot;:&quot;0&quot;,&quot;title&quot;:&quot;&quot;,&quot;orientation&quot;:&quot;0&quot;}\" data-image-title=\"IMG_6081\" data-image-description=\"\" data-image-caption=\"\" data-medium-file=\"https:\/\/i0.wp.com\/blogdalucianaoliveira.com.br\/blog\/wp-content\/uploads\/2024\/07\/IMG_6081.webp?fit=300%2C169\" data-large-file=\"https:\/\/i0.wp.com\/blogdalucianaoliveira.com.br\/blog\/wp-content\/uploads\/2024\/07\/IMG_6081.webp?fit=600%2C338\" class=\"alignnone size-full wp-image-35457\" src=\"https:\/\/i0.wp.com\/blogdalucianaoliveira.com.br\/blog\/wp-content\/uploads\/2024\/07\/IMG_6081.webp?resize=600%2C338\" alt=\"\" width=\"600\" height=\"338\" srcset=\"https:\/\/i0.wp.com\/blogdalucianaoliveira.com.br\/blog\/wp-content\/uploads\/2024\/07\/IMG_6081.webp?w=800 800w, https:\/\/i0.wp.com\/blogdalucianaoliveira.com.br\/blog\/wp-content\/uploads\/2024\/07\/IMG_6081.webp?resize=300%2C169 300w, https:\/\/i0.wp.com\/blogdalucianaoliveira.com.br\/blog\/wp-content\/uploads\/2024\/07\/IMG_6081.webp?resize=768%2C432 768w, https:\/\/i0.wp.com\/blogdalucianaoliveira.com.br\/blog\/wp-content\/uploads\/2024\/07\/IMG_6081.webp?resize=533%2C300 533w\" sizes=\"auto, (max-width: 600px) 100vw, 600px\" \/><\/p>\n<div class=\"bbc-19j92fr ebmt73l0\" dir=\"ltr\">\n<p class=\"bbc-hhl7in e17g058b0\" dir=\"ltr\">BBC &#8211; Um rem\u00e9dio feito com base no conceito da <a class=\"focusIndicatorReducedWidth bbc-n8oauk e1p3sufg0\" href=\"https:\/\/www.bbc.com\/portuguese\/topics\/cr50y580rjxt\">ci\u00eancia<\/a>aberta, livre de patentes, sem fins lucrativos e pronto para virar gen\u00e9rico se tornou a primeira op\u00e7\u00e3o para tratar crian\u00e7as com <a class=\"focusIndicatorReducedWidth bbc-n8oauk e1p3sufg0\" href=\"https:\/\/www.bbc.com\/portuguese\/topics\/c340q4kjw7pt\">mal\u00e1ria<\/a> no Brasil.<\/p>\n<\/div>\n<p><!--more--><\/p>\n<div class=\"bbc-19j92fr ebmt73l0\" dir=\"ltr\">\n<p class=\"bbc-hhl7in e17g058b0\" dir=\"ltr\">O f\u00e1rmaco, que come\u00e7ou a ser distribu\u00eddo pelo <a class=\"focusIndicatorReducedWidth bbc-n8oauk e1p3sufg0\" href=\"https:\/\/www.bbc.com\/portuguese\/articles\/cq5ww8jryk0o\">Sistema \u00danico de Sa\u00fade (SUS)<\/a> no m\u00eas de junho em toda a <a class=\"focusIndicatorReducedWidth bbc-n8oauk e1p3sufg0\" href=\"https:\/\/www.bbc.com\/portuguese\/topics\/c2dwqd8g290t\">regi\u00e3o amaz\u00f4nica<\/a>, \u00e9 resultado de mais de duas d\u00e9cadas de pesquisas e muitos debates, que foram liderados pela ONG Iniciativa Medicamentos para Doen\u00e7as Negligenciadas (DNDi, na sigla em ingl\u00eas) e pelo Instituto de Tecnologia em F\u00e1rmacos da Funda\u00e7\u00e3o Oswaldo Cruz (Farmanguinhos-FioCruz).<\/p>\n<\/div>\n<div class=\"bbc-19j92fr ebmt73l0\" dir=\"ltr\">\n<p class=\"bbc-hhl7in e17g058b0\" dir=\"ltr\">Al\u00e9m da distribui\u00e7\u00e3o gratuita no Brasil, os respons\u00e1veis pela inova\u00e7\u00e3o se comprometeram a compartilhar a &#8220;receita&#8221; do f\u00e1rmaco com qualquer entidade que tenha interesse em produzi-lo para outras partes do mundo \u2014 uma empresa da <a class=\"focusIndicatorReducedWidth bbc-n8oauk e1p3sufg0\" href=\"https:\/\/www.bbc.com\/portuguese\/topics\/c8y94yx81qdt\">\u00cdndia<\/a>, inclusive, j\u00e1 passou por esse processo de transfer\u00eancia de tecnologia e fabrica o rem\u00e9dio para pa\u00edses asi\u00e1ticos onde a mal\u00e1ria tamb\u00e9m \u00e9 um problema.<\/p>\n<\/div>\n<div class=\"bbc-19j92fr ebmt73l0\" dir=\"ltr\">\n<p class=\"bbc-hhl7in e17g058b0\" dir=\"ltr\">Vale lembrar que essa doen\u00e7a \u00e9 causada pelo protozo\u00e1rio <i class=\"bbc-h1y5j7 eih42320\">Plasmodium<\/i>, transmitido pela picada de mosquitos <i class=\"bbc-h1y5j7 eih42320\">Anopheles<\/i>, popularmente conhecido no Brasil como carapan\u00e3, muri\u00e7oca ou mosquito-prego.<\/p>\n<\/div>\n<p dir=\"ltr\">Os principais sintomas da infec\u00e7\u00e3o v\u00e3o de febre alta, calafrios, tremores, sudorese e dor de cabe\u00e7a a convuls\u00f5es, altera\u00e7\u00e3o da consci\u00eancia e hemorragias. As crian\u00e7as s\u00e3o um dos grupos mais atingidos pela mol\u00e9stia.<\/p>\n<div class=\"bbc-19j92fr ebmt73l0\" dir=\"ltr\">\n<p class=\"bbc-hhl7in e17g058b0\" dir=\"ltr\">Entre as vantagens da nova terapia, especialistas ouvidos pela BBC News Brasil citam o tempo reduzido de tratamento, as doses padronizadas, feitas especificamente para o p\u00fablico infantil, e o menor risco de desenvolvimento de uma resist\u00eancia do agente causador da mal\u00e1ria ao esquema terap\u00eautico <i class=\"bbc-h1y5j7 eih42320\">(entenda mais a seguir)<\/i>.<\/p>\n<\/div>\n<div class=\"bbc-19j92fr ebmt73l0\" dir=\"ltr\">\n<h2 id=\"Uma-grande-preocupa\u00e7\u00e3o-na-virada-do-s\u00e9culo\" class=\"bbc-1f03ibc eglt09e0\" tabindex=\"-1\">Uma grande preocupa\u00e7\u00e3o na virada do s\u00e9culo<\/h2>\n<\/div>\n<div class=\"bbc-19j92fr ebmt73l0\" dir=\"ltr\">\n<p class=\"bbc-hhl7in e17g058b0\" dir=\"ltr\">O m\u00e9dico Andr\u00e9 Siqueira, do Instituto Nacional de Infectologia Evandro Chagas (INI-Fiocruz), explica que, em meados da d\u00e9cada de 1950, a <a class=\"focusIndicatorReducedWidth bbc-n8oauk e1p3sufg0\" href=\"https:\/\/www.bbc.com\/portuguese\/brasil-57366729\">cloroquina<\/a>era o principal tratamento dispon\u00edvel contra a mal\u00e1ria.<\/p>\n<div class=\"bbc-19j92fr ebmt73l0\" dir=\"ltr\">\n<p class=\"bbc-hhl7in e17g058b0\" dir=\"ltr\">\u201cEla era uma medica\u00e7\u00e3o muito potente e eficiente, que permanecia na corrente sangu\u00ednea por tr\u00eas a quatro semanas e protegia as pessoas de uma nova infec\u00e7\u00e3o com esse protozo\u00e1rio&#8221;, caracteriza ele.<\/p>\n<\/div>\n<div class=\"bbc-19j92fr ebmt73l0\" dir=\"ltr\">\n<p class=\"bbc-hhl7in e17g058b0\" dir=\"ltr\">Mas j\u00e1 nos anos 1960 os especialistas come\u00e7aram a notar em v\u00e1rias partes do mundo que algumas esp\u00e9cies de <i class=\"bbc-h1y5j7 eih42320\">Plasmodium <\/i>desenvolveram uma resist\u00eancia \u00e0 medica\u00e7\u00e3o. Com isso, esse produto deixou de ser usado como primeira linha terap\u00eautica, j\u00e1 que sua efetividade baixou.<\/p>\n<div class=\"bbc-19j92fr ebmt73l0\" dir=\"ltr\">\n<p class=\"bbc-hhl7in e17g058b0\" dir=\"ltr\">Nesse meio tempo, outros f\u00e1rmacos (como os quininos) entraram em cena \u2014 mas os pat\u00f3genos por tr\u00e1s da mal\u00e1ria logo tamb\u00e9m encontraram maneiras de &#8220;driblar&#8221; a a\u00e7\u00e3o desses medicamentos.<\/p>\n<\/div>\n<div class=\"bbc-19j92fr ebmt73l0\" dir=\"ltr\">\n<p class=\"bbc-hhl7in e17g058b0\" dir=\"ltr\">&#8220;Na d\u00e9cada de 1990, houve uma retomada do uso dos derivados de artemisinina, uma classe farmac\u00eautica que havia sido descoberta em meados dos anos 1960 e 70&#8221;, lembra Siqueira.<\/p>\n<\/div>\n<div class=\"bbc-19j92fr ebmt73l0\" dir=\"ltr\">\n<p class=\"bbc-hhl7in e17g058b0\" dir=\"ltr\">Ali\u00e1s, a descoberta da artemisinina rendeu o Pr\u00eamio Nobel de Medicina de 2015 para a farmacologista chinesa Tu Youyou.<\/p>\n<\/div>\n<div class=\"bbc-19j92fr ebmt73l0\" dir=\"ltr\">\n<p class=\"bbc-hhl7in e17g058b0\" dir=\"ltr\">&#8220;A artemisinina \u00e9 muito potente, mas ela tem uma meia-vida muito curta, o que exige ampliar o tratamento para mais dias&#8221;, pontua o infectologista.<\/p>\n<\/div>\n<div class=\"bbc-19j92fr ebmt73l0\" dir=\"ltr\">\n<p class=\"bbc-hhl7in e17g058b0\" dir=\"ltr\">&#8220;E isso dificulta a ades\u00e3o ao tratamento, pois a maioria das \u00e1reas atingidas pela mal\u00e1ria t\u00eam um baixo n\u00edvel educacional, problemas socioecon\u00f4micos e sistemas de sa\u00fade fr\u00e1geis&#8221;, complementa ele.<\/p>\n<\/div>\n<div class=\"bbc-19j92fr ebmt73l0\" dir=\"ltr\">\n<p class=\"bbc-hhl7in e17g058b0\" dir=\"ltr\">Todo esse cen\u00e1rio fez com que a Organiza\u00e7\u00e3o Mundial da Sa\u00fade (OMS) soasse o alarme no come\u00e7o dos anos 2000: havia uma necessidade urgente de desenvolver novas solu\u00e7\u00f5es para lidar com a mal\u00e1ria e a crescente resist\u00eancia dos protozo\u00e1rios aos tratamentos dispon\u00edveis.<\/p>\n<\/div>\n<div class=\"bbc-19j92fr ebmt73l0\" dir=\"ltr\">\n<p class=\"bbc-hhl7in e17g058b0\" dir=\"ltr\">Foi nesse contexto que o projeto para desenvolver uma nova medica\u00e7\u00e3o teve in\u00edcio.<\/p>\n<\/div>\n<div class=\"bbc-19j92fr ebmt73l0\" dir=\"ltr\">\n<p class=\"bbc-hhl7in e17g058b0\" dir=\"ltr\">&#8220;Partindo da orienta\u00e7\u00e3o da OMS, a ideia era usar dois f\u00e1rmacos diferentes, cada um com um mecanismo de a\u00e7\u00e3o sobre o parasita, para evitar o surgimento de cepas resistentes&#8221;, conta o farmac\u00eautico Jorge Mendon\u00e7a, diretor do Farmanguinhos.<\/p>\n<\/div>\n<div class=\"bbc-19j92fr ebmt73l0\" dir=\"ltr\">\n<p class=\"bbc-hhl7in e17g058b0\" dir=\"ltr\">&#8220;Ao mesmo tempo, pensamos em fazer um estudo para diminuir a concentra\u00e7\u00e3o de cada um desses f\u00e1rmacos, para reduzir poss\u00edveis eventos adversos, como v\u00f4mitos&#8221;, complementa ele.<\/p>\n<\/div>\n<figure class=\"bbc-1qn0xuy\">\n<div class=\"bbc-18ywsw9\"><img data-recalc-dims=\"1\" loading=\"lazy\" decoding=\"async\" class=\"bbc-139onq\" src=\"https:\/\/i0.wp.com\/ichef.bbci.co.uk\/ace\/ws\/640\/cpsprodpb\/f323\/live\/bd6d7320-3a0c-11ef-9b98-a3b521d836c3.jpg.webp?resize=594%2C334&#038;ssl=1\" sizes=\"auto, (min-width: 1008px) 760px, 100vw\" srcset=\"https:\/\/ichef.bbci.co.uk\/ace\/ws\/240\/cpsprodpb\/f323\/live\/bd6d7320-3a0c-11ef-9b98-a3b521d836c3.jpg.webp 240w, https:\/\/ichef.bbci.co.uk\/ace\/ws\/320\/cpsprodpb\/f323\/live\/bd6d7320-3a0c-11ef-9b98-a3b521d836c3.jpg.webp 320w, https:\/\/ichef.bbci.co.uk\/ace\/ws\/480\/cpsprodpb\/f323\/live\/bd6d7320-3a0c-11ef-9b98-a3b521d836c3.jpg.webp 480w, https:\/\/ichef.bbci.co.uk\/ace\/ws\/594\/cpsprodpb\/f323\/live\/bd6d7320-3a0c-11ef-9b98-a3b521d836c3.jpg.webp 594w\" alt=\"Mosquito Anopheles\" width=\"594\" height=\"334\" \/><\/p>\n<p class=\"bbc-by8ykd\" role=\"text\"><span class=\"bbc-m04vo2\">CR\u00c9DITO, <\/span><span lang=\"en-GB\">GETTY IMAGES<\/span><\/p>\n<\/div><figcaption class=\"bbc-1jsyunq e6i104o0\" dir=\"ltr\"><span role=\"text\"><span class=\"bbc-m04vo2\">Legenda da foto, <\/span><span data-testid=\"caption-paragraph\">O mosquito Anopheles \u00e9 o transmissor do protozo\u00e1rio que provoca a mal\u00e1ria<\/span><\/span><\/figcaption><\/figure>\n<div class=\"bbc-19j92fr ebmt73l0\" dir=\"ltr\">\n<p class=\"bbc-hhl7in e17g058b0\" dir=\"ltr\">Com base nesses trabalhos, os pesquisadores chegaram \u00e0 f\u00f3rmula do artesunato + mefloquina, tamb\u00e9m conhecido pela sigla ASMQ, o tratamento que chegou h\u00e1 pouco \u00e0s crian\u00e7as dos Estados amaz\u00f4nicos.<\/p>\n<\/div>\n<div class=\"bbc-19j92fr ebmt73l0\" dir=\"ltr\">\n<p class=\"bbc-hhl7in e17g058b0\" dir=\"ltr\">O artesunato deriva da artemisinina que, por sua vez, \u00e9 uma subst\u00e2ncia encontrada na planta <i class=\"bbc-h1y5j7 eih42320\">Artemisia annua<\/i>, que cresce no Sudeste Asi\u00e1tico e \u00e9 tradicionalmente utilizada na medicina de China e \u00cdndia.<\/p>\n<\/div>\n<div class=\"bbc-19j92fr ebmt73l0\" dir=\"ltr\">\n<p class=\"bbc-hhl7in e17g058b0\" dir=\"ltr\">J\u00e1 a mefloquina \u00e9 uma vers\u00e3o sint\u00e9tica dos quininos, um elemento da planta quina ou cinchona, t\u00edpica da Am\u00e9rica do Sul.<\/p>\n<\/div>\n<div class=\"bbc-19j92fr ebmt73l0\" dir=\"ltr\">\n<p class=\"bbc-hhl7in e17g058b0\" dir=\"ltr\">Ou seja: o ASMQ traz princ\u00edpios ativos que j\u00e1 eram conhecidos e utilizados pelos m\u00e9dicos. No entanto, ele combina as mol\u00e9culas de maneira a garantir a recupera\u00e7\u00e3o do paciente com o menor n\u00famero de doses poss\u00edvel para facilitar o tratamento e evitar a resist\u00eancia do protozo\u00e1rio no futuro.<\/p>\n<\/div>\n<div class=\"bbc-19j92fr ebmt73l0\" dir=\"ltr\">\n<p class=\"bbc-hhl7in e17g058b0\" dir=\"ltr\">O novo rem\u00e9dio tem uma vers\u00e3o para adultos (que traz 100 miligramas do artesunato e 200 mg da mefloquina) e outra criada especificamente para o p\u00fablico infantil (artesunato 25 mg e mefloquina 50 mg).<\/p>\n<\/div>\n<div class=\"bbc-19j92fr ebmt73l0\" dir=\"ltr\">\n<p class=\"bbc-hhl7in e17g058b0\" dir=\"ltr\">Os testes cl\u00ednicos mostraram que as doses s\u00e3o seguras e eficazes, al\u00e9m de estarem adaptadas \u00e0s condi\u00e7\u00f5es tropicais (n\u00e3o perdem o princ\u00edpio ativo por causa do calor, por exemplo). A vers\u00e3o pedi\u00e1trica est\u00e1 liberada para uso em crian\u00e7as acima dos 6 meses de vida.<\/p>\n<\/div>\n<div class=\"bbc-19j92fr ebmt73l0\" dir=\"ltr\">\n<p class=\"bbc-hhl7in e17g058b0\" dir=\"ltr\">&#8220;O tratamento consiste em um comprimido di\u00e1rio, durante tr\u00eas dias, sem necessidade de ajustar a dose segundo o peso do paciente&#8221;, diz o m\u00e9dico Sergio Sosa-Estani, diretor da DNDi na Am\u00e9rica Latina.<\/p>\n<\/div>\n<div class=\"bbc-19j92fr ebmt73l0\" dir=\"ltr\">\n<p class=\"bbc-hhl7in e17g058b0\" dir=\"ltr\">Para crian\u00e7as muito pequenas, que ainda n\u00e3o conseguem deglutir adequadamente, h\u00e1 a possibilidade de amassar o comprimido e dilu\u00ed-lo com um pouco de \u00e1gua.<\/p>\n<\/div>\n<div class=\"bbc-19j92fr ebmt73l0\" dir=\"ltr\">\n<p class=\"bbc-hhl7in e17g058b0\" dir=\"ltr\">&#8220;Os pacientes j\u00e1 se sentem melhor no primeiro dia de tratamento&#8221;, destaca Mendon\u00e7a. Na opini\u00e3o do especialista, o ASMQ representa &#8220;o maior avan\u00e7o no tratamento da mal\u00e1ria dos \u00faltimos 15 anos&#8221;.<\/p>\n<\/div>\n<div class=\"bbc-19j92fr ebmt73l0\" dir=\"ltr\">\n<p class=\"bbc-hhl7in e17g058b0\" dir=\"ltr\">Segundo os pesquisadores, as duas mol\u00e9culas que comp\u00f5em o f\u00e1rmaco atuam em diferentes fases da replica\u00e7\u00e3o do protozo\u00e1rio dentro das c\u00e9lulas humanas. Com isso, a doen\u00e7a deixa de progredir e, por consequ\u00eancia, a pessoa sente um al\u00edvio nos sintomas.<\/p>\n<\/div>\n<div class=\"bbc-19j92fr ebmt73l0\" dir=\"ltr\">\n<p class=\"bbc-hhl7in e17g058b0\" dir=\"ltr\">Ainda de acordo com os respons\u00e1veis pela inova\u00e7\u00e3o, todos esses atributos s\u00e3o vitais no contexto em que a maioria dos casos de mal\u00e1ria s\u00e3o detectados.<\/p>\n<\/div>\n<div class=\"bbc-19j92fr ebmt73l0\" dir=\"ltr\">\n<p class=\"bbc-hhl7in e17g058b0\" dir=\"ltr\">Em primeiro lugar, um tratamento curto, de apenas tr\u00eas dias, garante que o paciente complete o esquema terap\u00eautico preconizado \u2014 algo essencial para eliminar os parasitas e evitar o desenvolvimento de resist\u00eancia.<\/p>\n<\/div>\n<div class=\"bbc-19j92fr ebmt73l0\" dir=\"ltr\">\n<p class=\"bbc-hhl7in e17g058b0\" dir=\"ltr\">Segundo, a padroniza\u00e7\u00e3o das doses tamb\u00e9m facilita a vida dos m\u00e9dicos e cria protocolos mais f\u00e1ceis de seguir.<\/p>\n<\/div>\n<div class=\"bbc-19j92fr ebmt73l0\" dir=\"ltr\">\n<p class=\"bbc-hhl7in e17g058b0\" dir=\"ltr\">E, terceiro, ele supre uma demanda urgente e n\u00e3o atendida h\u00e1 d\u00e9cadas \u2014 como voc\u00ea entende a seguir.<\/p>\n<\/div>\n<figure class=\"bbc-1qn0xuy\">\n<div class=\"bbc-18ywsw9\"><img data-recalc-dims=\"1\" loading=\"lazy\" decoding=\"async\" class=\"bbc-139onq\" src=\"https:\/\/i0.wp.com\/ichef.bbci.co.uk\/ace\/ws\/640\/cpsprodpb\/d0e3\/live\/124ff2f0-3a0d-11ef-9b98-a3b521d836c3.jpg.webp?resize=600%2C338&#038;ssl=1\" sizes=\"auto, (min-width: 1008px) 760px, 100vw\" srcset=\"https:\/\/ichef.bbci.co.uk\/ace\/ws\/240\/cpsprodpb\/d0e3\/live\/124ff2f0-3a0d-11ef-9b98-a3b521d836c3.jpg.webp 240w, https:\/\/ichef.bbci.co.uk\/ace\/ws\/320\/cpsprodpb\/d0e3\/live\/124ff2f0-3a0d-11ef-9b98-a3b521d836c3.jpg.webp 320w, https:\/\/ichef.bbci.co.uk\/ace\/ws\/480\/cpsprodpb\/d0e3\/live\/124ff2f0-3a0d-11ef-9b98-a3b521d836c3.jpg.webp 480w, https:\/\/ichef.bbci.co.uk\/ace\/ws\/624\/cpsprodpb\/d0e3\/live\/124ff2f0-3a0d-11ef-9b98-a3b521d836c3.jpg.webp 624w, https:\/\/ichef.bbci.co.uk\/ace\/ws\/800\/cpsprodpb\/d0e3\/live\/124ff2f0-3a0d-11ef-9b98-a3b521d836c3.jpg.webp 800w\" alt=\"Crian\u00e7a Yanomami com problemas de sa\u00fade\" width=\"600\" height=\"338\" \/><\/p>\n<p class=\"bbc-by8ykd\" role=\"text\"><span class=\"bbc-m04vo2\">CR\u00c9DITO, <\/span><span lang=\"en-GB\">REUTERS<\/span><\/p>\n<\/div><figcaption class=\"bbc-1jsyunq e6i104o0\" dir=\"ltr\"><span role=\"text\"><span class=\"bbc-m04vo2\">Legenda da foto, <\/span><span data-testid=\"caption-paragraph\">Aumento dos casos de mal\u00e1ria entre os Yanomami foi um dos motivos que levou o governo a declarar uma emerg\u00eancia de sa\u00fade p\u00fablica neste territ\u00f3rio ind\u00edgena<\/span><\/span><\/figcaption><\/figure>\n<div class=\"bbc-19j92fr ebmt73l0\" dir=\"ltr\">\n<h2 id=\"Mais-negligenciados-entre-os-j\u00e1-negligenciados\" class=\"bbc-1f03ibc eglt09e0\" tabindex=\"-1\">Mais negligenciados entre os j\u00e1 negligenciados<\/h2>\n<\/div>\n<div class=\"bbc-19j92fr ebmt73l0\" dir=\"ltr\">\n<p class=\"bbc-hhl7in e17g058b0\" dir=\"ltr\">Dados compilados pelo Minist\u00e9rio da Sa\u00fade mostram que cerca de 130 mil casos e 62 mortes por mal\u00e1ria foram registrados no pa\u00eds em 2022 \u2014 e 99% das infec\u00e7\u00f5es se concentram na regi\u00e3o amaz\u00f4nica.<\/p>\n<\/div>\n<div class=\"bbc-19j92fr ebmt73l0\" dir=\"ltr\">\n<p class=\"bbc-hhl7in e17g058b0\" dir=\"ltr\">Entre 2013 e 2022, mais de 1,5 milh\u00e3o de brasileiros tiveram a doen\u00e7a. Desses, 29% (ou quase um ter\u00e7o) tinham at\u00e9 12 anos.<\/p>\n<\/div>\n<div class=\"bbc-19j92fr ebmt73l0\" dir=\"ltr\">\n<p class=\"bbc-hhl7in e17g058b0\" dir=\"ltr\">Mais recentemente, em janeiro de 2023, o Governo Federal <a class=\"focusIndicatorReducedWidth bbc-n8oauk e1p3sufg0\" href=\"https:\/\/www.bbc.com\/portuguese\/brasil-64370804\">declarou uma situa\u00e7\u00e3o de emerg\u00eancia de sa\u00fade p\u00fablica em territ\u00f3rio Yanomami<\/a>.<\/p>\n<\/div>\n<div class=\"bbc-19j92fr ebmt73l0\" dir=\"ltr\">\n<p class=\"bbc-hhl7in e17g058b0\" dir=\"ltr\">E, junto com o desmatamento, a minera\u00e7\u00e3o ilegal e a desnutri\u00e7\u00e3o, a mal\u00e1ria tamb\u00e9m foi um dos fatores que motivou essa decis\u00e3o. A doen\u00e7a segue at\u00e9 hoje como uma das grandes causas de hospitaliza\u00e7\u00f5es e \u00f3bitos entre membros desse povo ind\u00edgena.<\/p>\n<\/div>\n<div class=\"bbc-19j92fr ebmt73l0\" dir=\"ltr\">\n<p class=\"bbc-hhl7in e17g058b0\" dir=\"ltr\">Como se os dados sobre os impactos dessa doen\u00e7a no p\u00fablico infantil j\u00e1 n\u00e3o fossem suficientemente relevantes, algumas pesquisas revelam como essa popula\u00e7\u00e3o mais jovem \u00e9 &#8220;ignorada&#8221; no desenvolvimento e na disponibilidade de tratamentos para muitas <a class=\"focusIndicatorReducedWidth bbc-n8oauk e1p3sufg0\" href=\"https:\/\/www.bbc.com\/portuguese\/articles\/c25qy2yn9evo\">doen\u00e7as negligenciadas \u2014 grupo que inclui quadros como mal\u00e1ria, dengue, esquistossomose e micoses profundas, entre outros.<\/a><\/p>\n<\/div>\n<div class=\"bbc-19j92fr ebmt73l0\" dir=\"ltr\">\n<p class=\"bbc-hhl7in e17g058b0\" dir=\"ltr\">Um levantamento realizado em 2019 aponta que, de 360 testes cl\u00ednicos com novos tratamentos contra doen\u00e7as negligenciadas, apenas 17% incluem pacientes com menos de 18 anos.<\/p>\n<\/div>\n<div class=\"bbc-19j92fr ebmt73l0\" dir=\"ltr\">\n<p class=\"bbc-hhl7in e17g058b0\" dir=\"ltr\">A DNDi ainda destaca que, dos 47 rem\u00e9dios indicados pela OMS no tratamento dessas enfermidades &#8220;esquecidas&#8221;, somente sete possuem formula\u00e7\u00f5es elaboradas para os mais jovens.<\/p>\n<\/div>\n<div class=\"bbc-19j92fr ebmt73l0\" dir=\"ltr\">\n<p class=\"bbc-hhl7in e17g058b0\" dir=\"ltr\">Dentro desse contexto, o ASMQ na vers\u00e3o pedi\u00e1trica come\u00e7ou a ser distribu\u00eddo para diminuir essa disparidade e garantir uma op\u00e7\u00e3o para os casos mais graves de mal\u00e1ria, causados pelo <i class=\"bbc-h1y5j7 eih42320\">Plasmodium falciparum<\/i>.<\/p>\n<\/div>\n<div class=\"bbc-19j92fr ebmt73l0\" dir=\"ltr\">\n<p class=\"bbc-hhl7in e17g058b0\" dir=\"ltr\">Essa esp\u00e9cie espec\u00edfica de <i class=\"bbc-h1y5j7 eih42320\">Plasmodium <\/i>\u00e9 respons\u00e1vel por cerca de 25% dos casos da enfermidade na Am\u00e9rica Latina, segundo a FioCruz. A DNDi lembra que o <i class=\"bbc-h1y5j7 eih42320\">falciparum <\/i>\u00e9 o principal causador de casos severos de mal\u00e1ria no Brasil.<\/p>\n<\/div>\n<div class=\"bbc-19j92fr ebmt73l0\" dir=\"ltr\">\n<p class=\"bbc-hhl7in e17g058b0\" dir=\"ltr\">Mas a chegada do novo rem\u00e9dio at\u00e9 a ponta, nos servi\u00e7os de sa\u00fade, foi precedida por uma grande discuss\u00e3o entre os especialistas da \u00e1rea.<\/p>\n<\/div>\n<div class=\"bbc-19j92fr ebmt73l0\" dir=\"ltr\">\n<p class=\"bbc-hhl7in e17g058b0\" dir=\"ltr\">Mendon\u00e7a diz que o processo de desenvolvimento do f\u00e1rmaco e a aprova\u00e7\u00e3o dele pelas ag\u00eancias regulat\u00f3rias (como \u00e9 o caso da Anvisa no Brasil) foi conclu\u00eddo em meados de 2008. Em 2009, o rem\u00e9dio foi incorporado ao Programa Nacional de Preven\u00e7\u00e3o e Controle da Mal\u00e1ria.<\/p>\n<\/div>\n<div class=\"bbc-19j92fr ebmt73l0\" dir=\"ltr\">\n<p class=\"bbc-hhl7in e17g058b0\" dir=\"ltr\">&#8220;Mas \u00e0 \u00e9poca existia um certo receio dos infectologistas de que a introdu\u00e7\u00e3o ampla desse rem\u00e9dio levaria ao surgimento de novas cepas resistentes do parasita&#8221;, lembra o diretor do Farmanguinhos.<\/p>\n<\/div>\n<div class=\"bbc-19j92fr ebmt73l0\" dir=\"ltr\">\n<p class=\"bbc-hhl7in e17g058b0\" dir=\"ltr\">Essa d\u00favida gerou uma certa cautela na ado\u00e7\u00e3o do novo esquema terap\u00eautico \u2014 e exigiu a realiza\u00e7\u00e3o de novos estudos.<\/p>\n<\/div>\n<div class=\"bbc-19j92fr ebmt73l0\" dir=\"ltr\">\n<p class=\"bbc-hhl7in e17g058b0\" dir=\"ltr\">&#8220;Al\u00e9m disso, a experi\u00eancia de outros pa\u00edses, especialmente no Sudeste Asi\u00e1tico, mostraram que a combina\u00e7\u00e3o de artesunato + mefloquina at\u00e9 agora n\u00e3o esteve associada \u00e0 resist\u00eancia e o tratamento continua a ser efetivo por um tempo prolongado&#8221;, acrescenta Siqueira.<\/p>\n<\/div>\n<figure class=\"bbc-1qn0xuy\">\n<div class=\"bbc-18ywsw9\"><img data-recalc-dims=\"1\" loading=\"lazy\" decoding=\"async\" class=\"bbc-139onq\" src=\"https:\/\/i0.wp.com\/ichef.bbci.co.uk\/ace\/ws\/640\/cpsprodpb\/28aa\/live\/4646b6c0-3a0d-11ef-9b98-a3b521d836c3.jpg.webp?resize=600%2C338&#038;ssl=1\" sizes=\"auto, (min-width: 1008px) 760px, 100vw\" srcset=\"https:\/\/ichef.bbci.co.uk\/ace\/ws\/240\/cpsprodpb\/28aa\/live\/4646b6c0-3a0d-11ef-9b98-a3b521d836c3.jpg.webp 240w, https:\/\/ichef.bbci.co.uk\/ace\/ws\/320\/cpsprodpb\/28aa\/live\/4646b6c0-3a0d-11ef-9b98-a3b521d836c3.jpg.webp 320w, https:\/\/ichef.bbci.co.uk\/ace\/ws\/480\/cpsprodpb\/28aa\/live\/4646b6c0-3a0d-11ef-9b98-a3b521d836c3.jpg.webp 480w, https:\/\/ichef.bbci.co.uk\/ace\/ws\/624\/cpsprodpb\/28aa\/live\/4646b6c0-3a0d-11ef-9b98-a3b521d836c3.jpg.webp 624w, https:\/\/ichef.bbci.co.uk\/ace\/ws\/800\/cpsprodpb\/28aa\/live\/4646b6c0-3a0d-11ef-9b98-a3b521d836c3.jpg.webp 800w\" alt=\"Crian\u00e7a ind\u00edgena sendo carregada pela m\u00e3e\" width=\"600\" height=\"338\" \/><\/p>\n<p class=\"bbc-by8ykd\" role=\"text\"><span class=\"bbc-m04vo2\">CR\u00c9DITO, <\/span><span lang=\"en-GB\">EPA-EFE\/REX\/SHUTTERSTOCK<\/span><\/p>\n<\/div><figcaption class=\"bbc-1jsyunq e6i104o0\" dir=\"ltr\"><span role=\"text\"><span class=\"bbc-m04vo2\">Legenda da foto, <\/span><span data-testid=\"caption-paragraph\">Levantamentos mostram que crian\u00e7as s\u00e3o grupo negligenciado dentro de doen\u00e7as que j\u00e1 n\u00e3o recebem aten\u00e7\u00e3o e investimento<\/span><\/span><\/figcaption><\/figure>\n<div class=\"bbc-19j92fr ebmt73l0\" dir=\"ltr\">\n<p class=\"bbc-hhl7in e17g058b0\" dir=\"ltr\">Com essas informa\u00e7\u00f5es em m\u00e3os, a partir de 2019, criou-se um consenso entre especialistas e tomadores de decis\u00e3o de que o novo medicamento poderia ser amplamente adotado no Brasil como a primeira op\u00e7\u00e3o de tratamento.<\/p>\n<\/div>\n<div class=\"bbc-19j92fr ebmt73l0\" dir=\"ltr\">\n<p class=\"bbc-hhl7in e17g058b0\" dir=\"ltr\">&#8220;Mas logo depois, em 2020, veio a pandemia de covid-19 e n\u00e3o conseguimos iniciar a distribui\u00e7\u00e3o ampla do ASMQ para crian\u00e7as&#8221;, justifica Mendon\u00e7a.<\/p>\n<\/div>\n<div class=\"bbc-19j92fr ebmt73l0\" dir=\"ltr\">\n<p class=\"bbc-hhl7in e17g058b0\" dir=\"ltr\">A situa\u00e7\u00e3o s\u00f3 se normalizou a partir de 2023 \u2014 e, como mencionado no in\u00edcio da reportagem, os primeiros lotes da vers\u00e3o pedi\u00e1trica do rem\u00e9dio passaram a ser distribu\u00eddos em junho deste ano.<\/p>\n<\/div>\n<div class=\"bbc-19j92fr ebmt73l0\" dir=\"ltr\">\n<p class=\"bbc-hhl7in e17g058b0\" dir=\"ltr\">Segundo a Farmanguinhos, foram enviadas cerca de 360 mil unidades do medicamento para o territ\u00f3rio Yanomami, que enfrenta a emerg\u00eancia de sa\u00fade p\u00fablica desde o ano passado.<\/p>\n<\/div>\n<div class=\"bbc-19j92fr ebmt73l0\" dir=\"ltr\">\n<p class=\"bbc-hhl7in e17g058b0\" dir=\"ltr\">Al\u00e9m disso, outros 259 mil comprimidos \u2014 metade de uso adulto, metade na vers\u00e3o pedi\u00e1trica \u2014 ser\u00e3o fornecidos \u00e0s secretarias estaduais de Sa\u00fade dos Estados amaz\u00f4nicos (Acre, Amazonas, Amap\u00e1, Par\u00e1, Rond\u00f4nia, Roraima, Tocantins, Mato Grosso e Maranh\u00e3o).<\/p>\n<\/div>\n<div class=\"bbc-19j92fr ebmt73l0\" dir=\"ltr\">\n<p class=\"bbc-hhl7in e17g058b0\" dir=\"ltr\">Ainda segundo o instituto da FioCruz, a cria\u00e7\u00e3o do medicamento custou 7,8 milh\u00f5es de euros (R$ 46 milh\u00f5es na cota\u00e7\u00e3o atual), valor que foi financiado em conjunto por Uni\u00e3o Europeia, Reino Unido, Espanha, Fran\u00e7a e Holanda.<\/p>\n<\/div>\n<div class=\"bbc-19j92fr ebmt73l0\" dir=\"ltr\">\n<p class=\"bbc-hhl7in e17g058b0\" dir=\"ltr\">Por fim, Sosa-Estani acredita que o sistema colaborativo utilizado para criar essa medica\u00e7\u00e3o pode servir de inspira\u00e7\u00e3o na busca por solu\u00e7\u00f5es contra outras doen\u00e7as negligenciadas.<\/p>\n<\/div>\n<div class=\"bbc-19j92fr ebmt73l0\" dir=\"ltr\">\n<p class=\"bbc-hhl7in e17g058b0\" dir=\"ltr\">&#8220;Esse modelo bem-sucedido de desenvolvimento farmac\u00eautico colaborativo sem fins lucrativos nos ensinou muitas li\u00e7\u00f5es valiosas sobre o desenvolvimento de novos tratamentos para outras doen\u00e7as que requerem aten\u00e7\u00e3o urgente, como \u00e9 o caso da pr\u00f3pria <a class=\"focusIndicatorReducedWidth bbc-n8oauk e1p3sufg0\" href=\"https:\/\/www.bbc.com\/portuguese\/articles\/ce7x6yn0r90o#:~:text=De%20janeiro%20de%202024%20at%C3%A9,doen%C3%A7a%20no%20ano%20passado%20inteiro.\">epidemia de dengue<\/a>&#8220;, conclui ele.<\/p>\n<\/div>\n<\/div>\n<\/div>\n","protected":false},"excerpt":{"rendered":"<p>BBC &#8211; Um rem\u00e9dio feito com base no conceito da ci\u00eanciaaberta, livre de patentes, sem fins lucrativos e pronto para virar gen\u00e9rico se tornou a primeira op\u00e7\u00e3o para tratar crian\u00e7as com mal\u00e1ria no Brasil.<\/p>\n","protected":false},"author":1,"featured_media":0,"comment_status":"closed","ping_status":"open","sticky":false,"template":"","format":"standard","meta":{"_exactmetrics_skip_tracking":false,"_exactmetrics_sitenote_active":false,"_exactmetrics_sitenote_note":"","_exactmetrics_sitenote_category":0,"jetpack_post_was_ever_published":false,"_jetpack_newsletter_access":"","_jetpack_dont_email_post_to_subs":false,"_jetpack_newsletter_tier_id":0,"_jetpack_memberships_contains_paywalled_content":false,"_jetpack_memberships_contains_paid_content":false,"footnotes":"","jetpack_publicize_message":"","jetpack_publicize_feature_enabled":true,"jetpack_social_post_already_shared":true,"jetpack_social_options":{"image_generator_settings":{"template":"highway","enabled":false},"version":2}},"categories":[1],"tags":[],"class_list":["post-35456","post","type-post","status-publish","format-standard","hentry","category-notas"],"jetpack_publicize_connections":[],"jetpack_sharing_enabled":true,"jetpack_featured_media_url":"","jetpack_shortlink":"https:\/\/wp.me\/p7wKYW-9dS","jetpack-related-posts":[],"_links":{"self":[{"href":"http:\/\/blogdalucianaoliveira.com.br\/blog\/wp-json\/wp\/v2\/posts\/35456","targetHints":{"allow":["GET"]}}],"collection":[{"href":"http:\/\/blogdalucianaoliveira.com.br\/blog\/wp-json\/wp\/v2\/posts"}],"about":[{"href":"http:\/\/blogdalucianaoliveira.com.br\/blog\/wp-json\/wp\/v2\/types\/post"}],"author":[{"embeddable":true,"href":"http:\/\/blogdalucianaoliveira.com.br\/blog\/wp-json\/wp\/v2\/users\/1"}],"replies":[{"embeddable":true,"href":"http:\/\/blogdalucianaoliveira.com.br\/blog\/wp-json\/wp\/v2\/comments?post=35456"}],"version-history":[{"count":1,"href":"http:\/\/blogdalucianaoliveira.com.br\/blog\/wp-json\/wp\/v2\/posts\/35456\/revisions"}],"predecessor-version":[{"id":35458,"href":"http:\/\/blogdalucianaoliveira.com.br\/blog\/wp-json\/wp\/v2\/posts\/35456\/revisions\/35458"}],"wp:attachment":[{"href":"http:\/\/blogdalucianaoliveira.com.br\/blog\/wp-json\/wp\/v2\/media?parent=35456"}],"wp:term":[{"taxonomy":"category","embeddable":true,"href":"http:\/\/blogdalucianaoliveira.com.br\/blog\/wp-json\/wp\/v2\/categories?post=35456"},{"taxonomy":"post_tag","embeddable":true,"href":"http:\/\/blogdalucianaoliveira.com.br\/blog\/wp-json\/wp\/v2\/tags?post=35456"}],"curies":[{"name":"wp","href":"https:\/\/api.w.org\/{rel}","templated":true}]}}