{"id":35461,"date":"2024-07-07T21:49:58","date_gmt":"2024-07-08T01:49:58","guid":{"rendered":"http:\/\/blogdalucianaoliveira.com.br\/blog\/?p=35461"},"modified":"2024-07-07T21:49:58","modified_gmt":"2024-07-08T01:49:58","slug":"8blogprog-algoritmos-das-big-techs-sao-como-uma-constituicao-a-qual-so-seus-donos-tem-acesso","status":"publish","type":"post","link":"http:\/\/blogdalucianaoliveira.com.br\/blog\/2024\/07\/07\/8blogprog-algoritmos-das-big-techs-sao-como-uma-constituicao-a-qual-so-seus-donos-tem-acesso\/","title":{"rendered":"#8BlogProg: Algoritmos das big techs s\u00e3o como uma Constitui\u00e7\u00e3o \u00e0 qual s\u00f3 seus donos t\u00eam acesso"},"content":{"rendered":"<p><img data-recalc-dims=\"1\" loading=\"lazy\" decoding=\"async\" data-attachment-id=\"35462\" data-permalink=\"http:\/\/blogdalucianaoliveira.com.br\/blog\/2024\/07\/07\/8blogprog-algoritmos-das-big-techs-sao-como-uma-constituicao-a-qual-so-seus-donos-tem-acesso\/img_6312\/\" data-orig-file=\"https:\/\/i0.wp.com\/blogdalucianaoliveira.com.br\/blog\/wp-content\/uploads\/2024\/07\/IMG_6312.jpeg?fit=1320%2C879\" data-orig-size=\"1320,879\" data-comments-opened=\"0\" data-image-meta=\"{&quot;aperture&quot;:&quot;0&quot;,&quot;credit&quot;:&quot;&quot;,&quot;camera&quot;:&quot;&quot;,&quot;caption&quot;:&quot;&quot;,&quot;created_timestamp&quot;:&quot;0&quot;,&quot;copyright&quot;:&quot;&quot;,&quot;focal_length&quot;:&quot;0&quot;,&quot;iso&quot;:&quot;0&quot;,&quot;shutter_speed&quot;:&quot;0&quot;,&quot;title&quot;:&quot;&quot;,&quot;orientation&quot;:&quot;0&quot;}\" data-image-title=\"IMG_6312\" data-image-description=\"\" data-image-caption=\"\" data-medium-file=\"https:\/\/i0.wp.com\/blogdalucianaoliveira.com.br\/blog\/wp-content\/uploads\/2024\/07\/IMG_6312.jpeg?fit=300%2C200\" data-large-file=\"https:\/\/i0.wp.com\/blogdalucianaoliveira.com.br\/blog\/wp-content\/uploads\/2024\/07\/IMG_6312.jpeg?fit=600%2C400\" class=\"alignnone size-full wp-image-35462\" src=\"https:\/\/i0.wp.com\/blogdalucianaoliveira.com.br\/blog\/wp-content\/uploads\/2024\/07\/IMG_6312.jpeg?resize=600%2C400\" alt=\"\" width=\"600\" height=\"400\" srcset=\"https:\/\/i0.wp.com\/blogdalucianaoliveira.com.br\/blog\/wp-content\/uploads\/2024\/07\/IMG_6312.jpeg?w=1320 1320w, https:\/\/i0.wp.com\/blogdalucianaoliveira.com.br\/blog\/wp-content\/uploads\/2024\/07\/IMG_6312.jpeg?resize=300%2C200 300w, https:\/\/i0.wp.com\/blogdalucianaoliveira.com.br\/blog\/wp-content\/uploads\/2024\/07\/IMG_6312.jpeg?resize=1024%2C682 1024w, https:\/\/i0.wp.com\/blogdalucianaoliveira.com.br\/blog\/wp-content\/uploads\/2024\/07\/IMG_6312.jpeg?resize=768%2C511 768w, https:\/\/i0.wp.com\/blogdalucianaoliveira.com.br\/blog\/wp-content\/uploads\/2024\/07\/IMG_6312.jpeg?resize=451%2C300 451w, https:\/\/i0.wp.com\/blogdalucianaoliveira.com.br\/blog\/wp-content\/uploads\/2024\/07\/IMG_6312.jpeg?w=1200 1200w\" sizes=\"auto, (max-width: 600px) 100vw, 600px\" \/><\/p>\n<p><i>A defini\u00e7\u00e3o do pesquisador Ergon Cugler deu o tom de debate ocorrido nesta sexta-feira (5), em S\u00e3o Paulo, durante o 8\u00ba Encontro Nacional de Comunicadores e Ativistas Digitais; Ana Mielke e Julie Ricard denunciaram o vi\u00e9s racista e de g\u00eanero da Intelig\u00eancia Artificial<\/i><!--more--><\/p>\n<p><i>Felipe Bianchi<\/i><\/p>\n<p>A regula\u00e7\u00e3o das plataformas e da Intelig\u00eancia Artificial \u00e9 um dos temas mais urgentes em todo o planeta para barrar o avan\u00e7o do fascismo e a destrui\u00e7\u00e3o das democracias. Os pesquisadores Ergon Cugler, Julie Ricard e Ana Mielke aprofundaram o assunto em debate ocorrido nesta sexta-feira (5), em S\u00e3o Paulo, durante o 8\u00ba Encontro Nacional de Comunicadores e Ativistas Digitais.<\/p>\n<p>O evento reuniu mais de 150 jornalistas, comunicadores populares, ativistas digitais e estudantes para discutir as pautas mais relevantes na luta pela democratiza\u00e7\u00e3o da comunica\u00e7\u00e3o no pa\u00eds.<\/p>\n<figure id=\"attachment_6970\" class=\"wp-caption alignright\" aria-describedby=\"caption-attachment-6970\"><img data-recalc-dims=\"1\" loading=\"lazy\" decoding=\"async\" class=\" wp-image-6970\" src=\"https:\/\/i0.wp.com\/baraodeitarare.org.br\/wp-content\/uploads\/2024\/07\/fotoanamielkemesa2-1024x682.jpg?resize=374%2C249&#038;ssl=1\" sizes=\"auto, (max-width: 374px) 100vw, 374px\" srcset=\"https:\/\/baraodeitarare.org.br\/wp-content\/uploads\/2024\/07\/fotoanamielkemesa2-1024x682.jpg 1024w, https:\/\/baraodeitarare.org.br\/wp-content\/uploads\/2024\/07\/fotoanamielkemesa2-300x200.jpg 300w, https:\/\/baraodeitarare.org.br\/wp-content\/uploads\/2024\/07\/fotoanamielkemesa2-768x512.jpg 768w, https:\/\/baraodeitarare.org.br\/wp-content\/uploads\/2024\/07\/fotoanamielkemesa2-1536x1023.jpg 1536w, https:\/\/baraodeitarare.org.br\/wp-content\/uploads\/2024\/07\/fotoanamielkemesa2-1320x879.jpg 1320w, https:\/\/baraodeitarare.org.br\/wp-content\/uploads\/2024\/07\/fotoanamielkemesa2.jpg 1600w\" alt=\"\" width=\"374\" height=\"249\" \/><figcaption id=\"caption-attachment-6970\" class=\"wp-caption-text\">Foto: Guilherme Gandolfi (@guifrodu)<\/figcaption><\/figure>\n<p>De acordo com a jornalista Ana Mielke, conhecer minimamente a dimens\u00e3o t\u00e9cnica do debate em torno das plataformas e da IA \u00e9 fundamental para incidir politicamente em seus rumos. \u201cPor que as sociedades atuais t\u00eam naturalizado que as novas tecnologias de informa\u00e7\u00e3o s\u00e3o obrigatoriamente, exclusivamente, necessariamente produtos da iniciativa privada?\u201d, questionou a coordenadora do Intervozes.<\/p>\n<p>\u201cCom a imposi\u00e7\u00e3o do neoliberalismo em nosso pa\u00edses, o Estado deixou de ser provedor de servi\u00e7os e direitos fundamentais \u00e0 popula\u00e7\u00e3o para ser mediador entre os consumidores e as empresas privadas que passaram a explorar esse espa\u00e7o\u201d, explicou, citando o caso da privatiza\u00e7\u00e3o do setor de telefonia durante o governo Fernando Henrique Cardoso (FHC) no Brasil.<\/p>\n<p>A partir dessa l\u00f3gica, Mielke avalia que h\u00e1 uma ideia dominante de que s\u00f3 o setor privado \u00e9 capaz de produzir e fornecer plataformas digitais: \u201cTemos de desnaturalizar a suposta hegemonia intelectual das big techs como \u00fanicas e exclusivas produtoras de conhecimento e tecnologia\u201d.<\/p>\n<p>\u201cBoa parte do setor da Educa\u00e7\u00e3o no Brasil \u00e9 dominado por essas plataformas. O debate p\u00fablico tamb\u00e9m \u00e9 dominado por elas. \u00c9 preciso pensar a IA, as plataformas e as tecnologias para al\u00e9m do lugar do usu\u00e1rio\u201d, pontuou. \u201cN\u00e3o se trata de uma dicotomia entre combater ou aderir \u00e0 IA, mas pensar como fazer o uso dessas tecnologias para al\u00e9m da submiss\u00e3o aos mecanismos e plataformas que nos s\u00e3o vendidos pela iniciativa privada\u201d.<\/p>\n<p>O que est\u00e1 em jogo, segundo Mielke, s\u00e3o os nossos dados e, em \u00faltima inst\u00e2ncia, a soberania de nossas pr\u00f3prias vidas. \u201cConglomerados privados de tecnologia dominam a economia do mundo. Ser\u00e3o eles os mediadores da esfera p\u00fablica? Ser\u00e3o eles os determinadores da nossa democracia?\u201d, provocou.<\/p>\n<p>Sobre a disputa pol\u00edtica em curso no Brasil, a jornalista convoca \u00e0 luta pelo Projeto de Lei 2338, que busca criar par\u00e2metros b\u00e1sicos de regula\u00e7\u00e3o das plataformas. \u201cO PL 2338 responde \u00e0 necessidade de criar regras para o ambiente das IA no Brasil. As big techs incidem de forma agressiva no Congresso brasileiro. O lobby \u00e9 escancarado\u201d, denunciou.<\/p>\n<p><b>IA \u00e9 coisa de rob\u00f4s?<\/b><\/p>\n<figure id=\"attachment_6971\" class=\"wp-caption alignright\" aria-describedby=\"caption-attachment-6971\"><img data-recalc-dims=\"1\" loading=\"lazy\" decoding=\"async\" data-attachment-id=\"6971\" data-permalink=\"http:\/\/blogdalucianaoliveira.com.br\/blog\/2016\/12\/15\/a-desgraca-do-superempoderamento-do-judiciario\/img_9384\/\" data-orig-file=\"https:\/\/i0.wp.com\/blogdalucianaoliveira.com.br\/blog\/wp-content\/uploads\/2016\/12\/IMG_9384.jpg?fit=443%2C332\" data-orig-size=\"443,332\" data-comments-opened=\"0\" data-image-meta=\"{&quot;aperture&quot;:&quot;0&quot;,&quot;credit&quot;:&quot;&quot;,&quot;camera&quot;:&quot;&quot;,&quot;caption&quot;:&quot;&quot;,&quot;created_timestamp&quot;:&quot;0&quot;,&quot;copyright&quot;:&quot;&quot;,&quot;focal_length&quot;:&quot;0&quot;,&quot;iso&quot;:&quot;0&quot;,&quot;shutter_speed&quot;:&quot;0&quot;,&quot;title&quot;:&quot;&quot;,&quot;orientation&quot;:&quot;0&quot;}\" data-image-title=\"img_9384\" data-image-description=\"\" data-image-caption=\"\" data-medium-file=\"https:\/\/i0.wp.com\/blogdalucianaoliveira.com.br\/blog\/wp-content\/uploads\/2016\/12\/IMG_9384.jpg?fit=300%2C225\" data-large-file=\"https:\/\/i0.wp.com\/blogdalucianaoliveira.com.br\/blog\/wp-content\/uploads\/2016\/12\/IMG_9384.jpg?fit=443%2C332\" class=\" wp-image-6971\" src=\"https:\/\/i0.wp.com\/baraodeitarare.org.br\/wp-content\/uploads\/2024\/07\/ergonfotomesa2-1024x682.jpg?resize=492%2C328&#038;ssl=1\" sizes=\"auto, (max-width: 492px) 100vw, 492px\" srcset=\"https:\/\/baraodeitarare.org.br\/wp-content\/uploads\/2024\/07\/ergonfotomesa2-1024x682.jpg 1024w, https:\/\/baraodeitarare.org.br\/wp-content\/uploads\/2024\/07\/ergonfotomesa2-300x200.jpg 300w, https:\/\/baraodeitarare.org.br\/wp-content\/uploads\/2024\/07\/ergonfotomesa2-768x512.jpg 768w, https:\/\/baraodeitarare.org.br\/wp-content\/uploads\/2024\/07\/ergonfotomesa2-1536x1023.jpg 1536w, https:\/\/baraodeitarare.org.br\/wp-content\/uploads\/2024\/07\/ergonfotomesa2-1320x879.jpg 1320w, https:\/\/baraodeitarare.org.br\/wp-content\/uploads\/2024\/07\/ergonfotomesa2.jpg 1600w\" alt=\"\" width=\"492\" height=\"328\" \/><figcaption id=\"caption-attachment-6971\" class=\"wp-caption-text\">Foto: Guilherme Gandolfi (@guifrodu)<\/figcaption><\/figure>\n<p>Pesquisador em Pol\u00edticas P\u00fablicas, Desinforma\u00e7\u00e3o &amp; Tecnologias, Ergon Cugler alerta que \u00e9 preciso desmitificar o senso comum de que a Intelig\u00eancia Artificial diz respeito \u00e0 figura de um rob\u00f4. \u201cIA n\u00e3o \u00e9 um robozinho trabalhando para as pessoas, mas uma tabela. Por tr\u00e1s dela, est\u00e3o processos de aprendizagem onde par\u00e2metros passam por decis\u00e3o de quem desenvolveu a tecnologia\u201d, sublinhou.<\/p>\n<p>Quem desenha a tecnologia, afirmou Cugler, \u00e9 quem define como o \u201crob\u00f4\u201d vai funcionar. N\u00e3o \u00e9 por acaso que valores com vi\u00e9s racista ou de g\u00eanero se reproduzem nessas tecnologias, como as de reconhecimento facial.<\/p>\n<p>\u201cA IA n\u00e3o \u00e9 inteligente. O que a galera do Vale do Sil\u00edcio tem a ver com o rosto da galera do Brasil? Reconhecimento facial constru\u00eddo sob algoritmos racistas podem prender inocentes por uma quest\u00e3o de soma e subtra\u00e7\u00e3o que deu errado no algoritmo\u201d, afirmou.<\/p>\n<p>O tema \u00e9 urgente pois, segundo o pesquisador, as plataformas s\u00e3o c\u00famplices desses processos. Para cumprir seus objetivos comerciais, elas optam por ampliar a dissemina\u00e7\u00e3o de desinforma\u00e7\u00e3o e discurso de \u00f3dio do que ajudar a barrar esses conte\u00fados.<\/p>\n<p>\u201cN\u00e3o \u00e9 uma quest\u00e3o de opini\u00e3o\u201d, pontuou. \u201cEstudo do NetLab mostra que o algoritmo do YouTube tem ajudado a radicalizar brasileiros no debate sobre crise clim\u00e1tica. O objetivo da plataforma \u00e9 te manter o m\u00e1ximo de tempo poss\u00edvel dentro dela, n\u00e3o importa se \u00e9 um conte\u00fado violento ou falso. Outro estudo mostra que o TikTok privilegia conte\u00fados violentos para adolescentes, que t\u00eam mais tend\u00eancia a consumir esse tipo de material\u201d.<\/p>\n<p>No fim, os algoritmos das big techs s\u00e3o como uma Constitui\u00e7\u00e3o \u00e0 qual s\u00f3 os donos delas t\u00eam acesso. \u201cSe as leis s\u00e3o definidas pelo Vale do Sil\u00edcio, significa que s\u00e3o eles que regem nossa soberania\u201d, argumentou.<\/p>\n<p><b>Intelig\u00eancia enviesada?<\/b><\/p>\n<p>Um dos principais problemas das IA, segundo Julie Ricard, s\u00e3o os vieses que elas reproduzem. \u201cRedes sociais, plataformas de streamings, sistemas de navega\u00e7\u00e3o e mapas, sistemas de recomenda\u00e7\u00e3o das plataformas, ferramentas de tradu\u00e7\u00e3o. Tudo \u00e9 intelig\u00eancia artificial\u201d, disse.<\/p>\n<p><img data-recalc-dims=\"1\" loading=\"lazy\" decoding=\"async\" class=\" wp-image-6972 alignleft\" src=\"https:\/\/i0.wp.com\/baraodeitarare.org.br\/wp-content\/uploads\/2024\/07\/fotomesa3_mesa2-1024x682.jpg?resize=412%2C274&#038;ssl=1\" sizes=\"auto, (max-width: 412px) 100vw, 412px\" srcset=\"https:\/\/baraodeitarare.org.br\/wp-content\/uploads\/2024\/07\/fotomesa3_mesa2-1024x682.jpg 1024w, https:\/\/baraodeitarare.org.br\/wp-content\/uploads\/2024\/07\/fotomesa3_mesa2-300x200.jpg 300w, https:\/\/baraodeitarare.org.br\/wp-content\/uploads\/2024\/07\/fotomesa3_mesa2-768x512.jpg 768w, https:\/\/baraodeitarare.org.br\/wp-content\/uploads\/2024\/07\/fotomesa3_mesa2-1536x1023.jpg 1536w, https:\/\/baraodeitarare.org.br\/wp-content\/uploads\/2024\/07\/fotomesa3_mesa2-1320x879.jpg 1320w, https:\/\/baraodeitarare.org.br\/wp-content\/uploads\/2024\/07\/fotomesa3_mesa2.jpg 1600w\" alt=\"\" width=\"412\" height=\"274\" \/>Consultora da Unesco, da Secretaria de Comunica\u00e7\u00e3o Social da Presid\u00eancia da Rep\u00fablica (Secom) e diretora da Data-Pop Alliance, Ricard tra\u00e7ou um panorama sobre alguns dos problemas mais vis\u00edveis da IA.<\/p>\n<p>Ela menciona o document\u00e1rio Coded Bias (2020), dirigido por Shalini Kantayaa, que conta a hist\u00f3ria da pesquisadora negra Joy Buolamwini no famoso Instituto de Tecnologia de Massachusetts (MIS), nos Estados Unidos.<\/p>\n<p>\u201cA cientista haitiana trabalhou com algoritmos de reconhecimento facial. Ela percebeu que o algoritmo n\u00e3o reconhecia o rosto dela. Dos colegas brancos, funcionava. Ao usar uma m\u00e1scara branca, o algoritmo enfim funcionou\u201d, relatou. \u201cOu seja, os algoritmos desse tipo apresentaram uma margem de erro muito elevada com mulheres e pessoas negras\u201d.<\/p>\n<p>Como experi\u00eancia, ela sugere acessar alguma IA de gera\u00e7\u00e3o de imagens. Em seu exemplo, Ricard deu dois comandos: a cria\u00e7\u00e3o de uma imagem com a defini\u00e7\u00e3o \u201crepresenta\u00e7\u00e3o de uma figura presidencial poderosa\u201d e a de uma \u201cpessoa executando tarefas dom\u00e9sticas\u201d \u2013 no caso, uma faxina. O resultado foi este:<\/p>\n<p><img data-recalc-dims=\"1\" loading=\"lazy\" decoding=\"async\" data-attachment-id=\"6978\" data-permalink=\"http:\/\/blogdalucianaoliveira.com.br\/blog\/2016\/12\/15\/tiradas-metidas-6\/img_9392\/\" data-orig-file=\"https:\/\/i0.wp.com\/blogdalucianaoliveira.com.br\/blog\/wp-content\/uploads\/2016\/12\/IMG_9392.jpg?fit=750%2C499\" data-orig-size=\"750,499\" data-comments-opened=\"0\" data-image-meta=\"{&quot;aperture&quot;:&quot;0&quot;,&quot;credit&quot;:&quot;&quot;,&quot;camera&quot;:&quot;&quot;,&quot;caption&quot;:&quot;&quot;,&quot;created_timestamp&quot;:&quot;0&quot;,&quot;copyright&quot;:&quot;&quot;,&quot;focal_length&quot;:&quot;0&quot;,&quot;iso&quot;:&quot;0&quot;,&quot;shutter_speed&quot;:&quot;0&quot;,&quot;title&quot;:&quot;&quot;,&quot;orientation&quot;:&quot;0&quot;}\" data-image-title=\"img_9392\" data-image-description=\"\" data-image-caption=\"\" data-medium-file=\"https:\/\/i0.wp.com\/blogdalucianaoliveira.com.br\/blog\/wp-content\/uploads\/2016\/12\/IMG_9392.jpg?fit=300%2C200\" data-large-file=\"https:\/\/i0.wp.com\/blogdalucianaoliveira.com.br\/blog\/wp-content\/uploads\/2016\/12\/IMG_9392.jpg?fit=600%2C399\" class=\"aligncenter  wp-image-6978\" src=\"https:\/\/i0.wp.com\/baraodeitarare.org.br\/wp-content\/uploads\/2024\/07\/IMG-20240705-WA01932-1024x564.jpg?resize=600%2C331&#038;ssl=1\" sizes=\"auto, (max-width: 677px) 100vw, 677px\" srcset=\"https:\/\/baraodeitarare.org.br\/wp-content\/uploads\/2024\/07\/IMG-20240705-WA01932-1024x564.jpg 1024w, https:\/\/baraodeitarare.org.br\/wp-content\/uploads\/2024\/07\/IMG-20240705-WA01932-300x165.jpg 300w, https:\/\/baraodeitarare.org.br\/wp-content\/uploads\/2024\/07\/IMG-20240705-WA01932-768x423.jpg 768w, https:\/\/baraodeitarare.org.br\/wp-content\/uploads\/2024\/07\/IMG-20240705-WA01932.jpg 1064w\" alt=\"\" width=\"600\" height=\"331\" \/><\/p>\n<p>O emprego de algoritmos de reconhecimento facial em institui\u00e7\u00f5es de seguran\u00e7a p\u00fablica reproduzem o racismo pelo banco de dados gerado por uma decis\u00e3o supostamente automatizada.<\/p>\n<p>O vi\u00e9s machista n\u00e3o p\u00e1ra por a\u00ed. Ricard instiga a reflex\u00e3o sobre por que as vozes de representa\u00e7\u00e3o de dispositivos, como Alexa, Google Now, Siri e Cortana. s\u00e3o quase sempre femininas. \u201cSer\u00e1 que isso n\u00e3o \u00e9 um problema?\u201d, questionou, mencionando tamb\u00e9m como essas IA podem turbinar a produ\u00e7\u00e3o de desinforma\u00e7\u00e3o com fins pol\u00edticos e a de sexualiza\u00e7\u00e3o de pessoas.<\/p>\n<p><b>Sobre o #8BogProg<\/b><\/p>\n<p>Jornalistas, ativistas digitais, comunicadores populares, pesquisadores e estudantes se re\u00fanem nos dias 5 e 6 de julho, no audit\u00f3rio do Sindicato dos Jornalistas de S\u00e3o Paulo, para a 8\u00aa edi\u00e7\u00e3o do Encontro Nacional de Comunicadores e Ativistas Digitais.<\/p>\n<p>A programa\u00e7\u00e3o traz especialistas para debaterem temas como o fortalecimento da comunica\u00e7\u00e3o p\u00fablica, das m\u00eddias alternativas e comunit\u00e1rias, a rela\u00e7\u00e3o da juventude com a comunica\u00e7\u00e3o, os desafios colocados pela intelig\u00eancia artificial e a regula\u00e7\u00e3o das plataformas.<\/p>\n<p>O evento \u00e9 organizado pelo Centro de Estudos da M\u00eddia Alternativa Bar\u00e3o de Itarar\u00e9 com o patroc\u00ednio do N\u00facleo de Informa\u00e7\u00e3o e Coordena\u00e7\u00e3o do Ponto BR (NIC.br), atrav\u00e9s do Comit\u00ea Gestor da Internet no Brasil (CGI.br).<\/p>\n<p>Todos os debates tiveram transmiss\u00e3o ao vivo pelo canal do Bar\u00e3o de Itarar\u00e9 no YouTube e por canais parceiros. Inscreva-se e assista na \u00edntegra!<\/p>\n","protected":false},"excerpt":{"rendered":"<p>A defini\u00e7\u00e3o do pesquisador Ergon Cugler deu o tom de debate ocorrido nesta sexta-feira (5), em S\u00e3o Paulo, durante o 8\u00ba Encontro Nacional de Comunicadores e Ativistas Digitais; Ana Mielke e Julie Ricard denunciaram o vi\u00e9s racista e de g\u00eanero da Intelig\u00eancia Artificial<\/p>\n","protected":false},"author":1,"featured_media":0,"comment_status":"closed","ping_status":"open","sticky":false,"template":"","format":"standard","meta":{"_exactmetrics_skip_tracking":false,"_exactmetrics_sitenote_active":false,"_exactmetrics_sitenote_note":"","_exactmetrics_sitenote_category":0,"jetpack_post_was_ever_published":false,"_jetpack_newsletter_access":"","_jetpack_dont_email_post_to_subs":false,"_jetpack_newsletter_tier_id":0,"_jetpack_memberships_contains_paywalled_content":false,"_jetpack_memberships_contains_paid_content":false,"footnotes":"","jetpack_publicize_message":"","jetpack_publicize_feature_enabled":true,"jetpack_social_post_already_shared":true,"jetpack_social_options":{"image_generator_settings":{"template":"highway","enabled":false},"version":2}},"categories":[1],"tags":[],"class_list":["post-35461","post","type-post","status-publish","format-standard","hentry","category-notas"],"jetpack_publicize_connections":[],"jetpack_sharing_enabled":true,"jetpack_featured_media_url":"","jetpack_shortlink":"https:\/\/wp.me\/p7wKYW-9dX","jetpack-related-posts":[],"_links":{"self":[{"href":"http:\/\/blogdalucianaoliveira.com.br\/blog\/wp-json\/wp\/v2\/posts\/35461","targetHints":{"allow":["GET"]}}],"collection":[{"href":"http:\/\/blogdalucianaoliveira.com.br\/blog\/wp-json\/wp\/v2\/posts"}],"about":[{"href":"http:\/\/blogdalucianaoliveira.com.br\/blog\/wp-json\/wp\/v2\/types\/post"}],"author":[{"embeddable":true,"href":"http:\/\/blogdalucianaoliveira.com.br\/blog\/wp-json\/wp\/v2\/users\/1"}],"replies":[{"embeddable":true,"href":"http:\/\/blogdalucianaoliveira.com.br\/blog\/wp-json\/wp\/v2\/comments?post=35461"}],"version-history":[{"count":1,"href":"http:\/\/blogdalucianaoliveira.com.br\/blog\/wp-json\/wp\/v2\/posts\/35461\/revisions"}],"predecessor-version":[{"id":35463,"href":"http:\/\/blogdalucianaoliveira.com.br\/blog\/wp-json\/wp\/v2\/posts\/35461\/revisions\/35463"}],"wp:attachment":[{"href":"http:\/\/blogdalucianaoliveira.com.br\/blog\/wp-json\/wp\/v2\/media?parent=35461"}],"wp:term":[{"taxonomy":"category","embeddable":true,"href":"http:\/\/blogdalucianaoliveira.com.br\/blog\/wp-json\/wp\/v2\/categories?post=35461"},{"taxonomy":"post_tag","embeddable":true,"href":"http:\/\/blogdalucianaoliveira.com.br\/blog\/wp-json\/wp\/v2\/tags?post=35461"}],"curies":[{"name":"wp","href":"https:\/\/api.w.org\/{rel}","templated":true}]}}