{"id":35473,"date":"2024-07-09T10:42:30","date_gmt":"2024-07-09T14:42:30","guid":{"rendered":"http:\/\/blogdalucianaoliveira.com.br\/blog\/?p=35473"},"modified":"2024-07-09T10:42:30","modified_gmt":"2024-07-09T14:42:30","slug":"por-que-amazonia-virou-barril-de-polvora-e-queimadas-batem-recordes","status":"publish","type":"post","link":"http:\/\/blogdalucianaoliveira.com.br\/blog\/2024\/07\/09\/por-que-amazonia-virou-barril-de-polvora-e-queimadas-batem-recordes\/","title":{"rendered":"Por que Amaz\u00f4nia virou &#8216;barril de p\u00f3lvora&#8217; e queimadas batem recordes"},"content":{"rendered":"<p><img data-recalc-dims=\"1\" loading=\"lazy\" decoding=\"async\" data-attachment-id=\"35476\" data-permalink=\"http:\/\/blogdalucianaoliveira.com.br\/blog\/2024\/07\/09\/por-que-amazonia-virou-barril-de-polvora-e-queimadas-batem-recordes\/dddc07a0-3b03-11ef-84be-65f643df882e-jpg-1\/\" data-orig-file=\"https:\/\/i0.wp.com\/blogdalucianaoliveira.com.br\/blog\/wp-content\/uploads\/2024\/07\/dddc07a0-3b03-11ef-84be-65f643df882e.jpg-1.webp?fit=800%2C450\" data-orig-size=\"800,450\" data-comments-opened=\"0\" data-image-meta=\"{&quot;aperture&quot;:&quot;0&quot;,&quot;credit&quot;:&quot;&quot;,&quot;camera&quot;:&quot;&quot;,&quot;caption&quot;:&quot;&quot;,&quot;created_timestamp&quot;:&quot;0&quot;,&quot;copyright&quot;:&quot;&quot;,&quot;focal_length&quot;:&quot;0&quot;,&quot;iso&quot;:&quot;0&quot;,&quot;shutter_speed&quot;:&quot;0&quot;,&quot;title&quot;:&quot;&quot;,&quot;orientation&quot;:&quot;0&quot;}\" data-image-title=\"dddc07a0-3b03-11ef-84be-65f643df882e.jpg (1)\" data-image-description=\"\" data-image-caption=\"\" data-medium-file=\"https:\/\/i0.wp.com\/blogdalucianaoliveira.com.br\/blog\/wp-content\/uploads\/2024\/07\/dddc07a0-3b03-11ef-84be-65f643df882e.jpg-1.webp?fit=300%2C169\" data-large-file=\"https:\/\/i0.wp.com\/blogdalucianaoliveira.com.br\/blog\/wp-content\/uploads\/2024\/07\/dddc07a0-3b03-11ef-84be-65f643df882e.jpg-1.webp?fit=600%2C338\" class=\"alignnone  wp-image-35476\" src=\"https:\/\/i0.wp.com\/blogdalucianaoliveira.com.br\/blog\/wp-content\/uploads\/2024\/07\/dddc07a0-3b03-11ef-84be-65f643df882e.jpg-1.webp?resize=453%2C272\" alt=\"\" width=\"453\" height=\"272\" \/><\/p>\n<div class=\"bbc-19j92fr ebmt73l0\" dir=\"ltr\">\n<p class=\"bbc-hhl7in e17g058b0\" dir=\"ltr\">BBC, por Marina Rossi &#8211; Depois do Pantanal\u00a0e do Cerrado, a Amaz\u00f4nia tamb\u00e9m bate recorde de queimadas no primeiro semestre deste ano.<\/p>\n<\/div>\n<div class=\"bbc-19j92fr ebmt73l0\" dir=\"ltr\">\n<p class=\"bbc-hhl7in e17g058b0\" dir=\"ltr\">At\u00e9 domingo (07\/07), foram detectados pelo\u00a0Programa Queimadas, do Instituto Nacional de Pesquisas Espaciais (Inpe), 14.250 focos de calor no bioma.<\/p>\n<\/div>\n<div class=\"bbc-19j92fr ebmt73l0\" dir=\"ltr\">\n<p class=\"bbc-hhl7in e17g058b0\" dir=\"ltr\">\u00c9 o maior n\u00famero em duas d\u00e9cadas para o primeiro semestre, e um aumento de 60% em rela\u00e7\u00e3o ao mesmo per\u00edodo do ano passado.<\/p>\n<\/div>\n<p><!--more--><\/p>\n<div class=\"bbc-19j92fr ebmt73l0\" dir=\"ltr\">\n<p class=\"bbc-hhl7in e17g058b0\" dir=\"ltr\">O presidente do Instituto Brasileiro do Meio Ambiente e dos Recursos Naturais Renov\u00e1veis (Ibama), Rodrigo Agostinho, explica que os focos de calor geram um alerta, mas, para mensurar o estrago, \u00e9 preciso saber o tamanho da \u00e1rea queimada.<\/p>\n<\/div>\n<section class=\"bbc-geybui\" role=\"region\" aria-label=\"Publicidade 2\" aria-hidden=\"true\" data-e2e=\"advertisement\"><\/section>\n<div class=\"bbc-19j92fr ebmt73l0\" dir=\"ltr\">\n<p class=\"bbc-hhl7in e17g058b0\" dir=\"ltr\">\u201c\u00c0s vezes, o mesmo inc\u00eandio gera para o sat\u00e9lite centenas de focos de calor\u201d, diz Agostinho \u00e0 BBC News Brasil.<\/p>\n<div class=\"bbc-19j92fr ebmt73l0\" dir=\"ltr\">\n<p class=\"bbc-hhl7in e17g058b0\" dir=\"ltr\">Ainda assim, alguns Estados est\u00e3o sob alerta maior. Roraima, de acordo com Agostinho, \u00e9 o que se encontra em situa\u00e7\u00e3o mais cr\u00edtica dentro do bioma amaz\u00f4nico hoje.<\/p>\n<\/div>\n<div class=\"bbc-19j92fr ebmt73l0\" dir=\"ltr\">\n<p class=\"bbc-hhl7in e17g058b0\" dir=\"ltr\">Das detec\u00e7\u00f5es de fogo por sat\u00e9lites, 33% est\u00e3o ali, ou 4.627 focos, o maior n\u00famero desde o in\u00edcio da s\u00e9rie hist\u00f3rica medida pelo Inpe, em 1998.<\/p>\n<p><main class=\"bbc-fa0wmp\" role=\"main\"><\/p>\n<div class=\"bbc-19j92fr ebmt73l0\" dir=\"ltr\">\n<p class=\"bbc-hhl7in e17g058b0\" dir=\"ltr\">\u201cA temporada seca l\u00e1 ocorre em novembro e dezembro, mas se arrastou at\u00e9 mar\u00e7o deste ano\u201d, explica o presidente do Ibama.<\/p>\n<\/div>\n<div class=\"bbc-19j92fr ebmt73l0\" dir=\"ltr\">\n<p class=\"bbc-hhl7in e17g058b0\" dir=\"ltr\">Na mesma esteira, o Mato Grosso, que abriga os biomas da Amaz\u00f4nia, Cerrado e Pantanal, apresentou o maior n\u00famero de focos de inc\u00eandio de todo o pa\u00eds, batendo um recorde de vinte anos.<\/p>\n<\/div>\n<div class=\"bbc-19j92fr ebmt73l0\" dir=\"ltr\">\n<p class=\"bbc-hhl7in e17g058b0\" dir=\"ltr\">A Secretaria do Meio Ambiente do Mato Grosso (Sema-MT) afirmou em nota que &#8220;o Estado sofre com estiagem severa e baixa umidade desde o fim do ano passado e, com isso, o material org\u00e2nico seco oriundo da vegeta\u00e7\u00e3o se acumula, o que tem facilitado a combust\u00e3o&#8221;.<\/p>\n<\/div>\n<div class=\"bbc-19j92fr ebmt73l0\" dir=\"ltr\">\n<p class=\"bbc-hhl7in e17g058b0\" dir=\"ltr\">A secretaria tamb\u00e9m apontou que o governo do Estado investe, neste ano, R$ 74 milh\u00f5es na execu\u00e7\u00e3o do Plano de A\u00e7\u00e3o de Combate ao Desmatamento Ilegal e Inc\u00eandios Florestais.<\/p>\n<\/div>\n<div class=\"bbc-19j92fr ebmt73l0\" dir=\"ltr\">\n<p class=\"bbc-hhl7in e17g058b0\" dir=\"ltr\">A capacita\u00e7\u00e3o de brigadistas e bombeiros, monitoramento em tempo real dos focos de queimadas, a constru\u00e7\u00e3o de a\u00e7udes e perfura\u00e7\u00f5es de po\u00e7os, assim como a substitui\u00e7\u00e3o de pontes de madeira por concreto, s\u00e3o parte das a\u00e7\u00f5es do plano.<\/p>\n<\/div>\n<div class=\"bbc-19j92fr ebmt73l0\" dir=\"ltr\">\n<p class=\"bbc-hhl7in e17g058b0\" dir=\"ltr\">A BBC News Brasil procurou tamb\u00e9m a Funda\u00e7\u00e3o Estadual do Meio Ambiente e Recursos H\u00eddricos (FEMARH) de Roraima, mas n\u00e3o recebeu resposta at\u00e9 o fechamento desta reportagem.<\/p>\n<\/div>\n<div class=\"bbc-19j92fr ebmt73l0\" dir=\"ltr\">\n<p class=\"bbc-hhl7in e17g058b0\" dir=\"ltr\">Ane Alencar, diretora de Ci\u00eancia do Instituto de Pesquisa Ambiental da Amaz\u00f4nia (Ipam), explica que o d\u00e9ficit h\u00eddrico do ano passado no bioma junto \u00e0 antecipa\u00e7\u00e3o da esta\u00e7\u00e3o seca ocorrida neste ano deixaram a vegeta\u00e7\u00e3o muito inflam\u00e1vel.<\/p>\n<\/div>\n<div class=\"bbc-19j92fr ebmt73l0\" dir=\"ltr\">\n<p class=\"bbc-hhl7in e17g058b0\" dir=\"ltr\">&#8220;Passei por algumas regi\u00f5es do Mato Grosso recentemente e pude perceber que a vegeta\u00e7\u00e3o j\u00e1 formou aquela cama de folhas secas no ch\u00e3o, algo que costuma ocorrer no final de julho, in\u00edcio de agosto&#8221;, explica Alencar.<\/p>\n<\/div>\n<div class=\"bbc-19j92fr ebmt73l0\" dir=\"ltr\">\n<p class=\"bbc-hhl7in e17g058b0\" dir=\"ltr\">&#8220;A regi\u00e3o de Santar\u00e9m [no Par\u00e1] tamb\u00e9m. E ali come\u00e7a a secar geralmente em setembro, outubro&#8221;.<\/p>\n<\/div>\n<div class=\"bbc-19j92fr ebmt73l0\" dir=\"ltr\">\n<p class=\"bbc-hhl7in e17g058b0\" dir=\"ltr\">Diante do cen\u00e1rio de antecipa\u00e7\u00e3o da seca, Agostinho afirma que as opera\u00e7\u00f5es para o segundo semestre est\u00e3o sendo intensificadas.<\/p>\n<\/div>\n<div class=\"bbc-19j92fr ebmt73l0\" dir=\"ltr\">\n<p class=\"bbc-hhl7in e17g058b0\" dir=\"ltr\">No caso da Amaz\u00f4nia, de acordo com o presidente do Ibama, as a\u00e7\u00f5es ser\u00e3o voltadas principalmente para o cintur\u00e3o do desmatamento, &#8220;onde a \u00e1rea degradada \u00e9 prop\u00edcia para os inc\u00eandios&#8221;.<\/p>\n<\/div>\n<div class=\"bbc-19j92fr ebmt73l0\" dir=\"ltr\">\n<p class=\"bbc-hhl7in e17g058b0\" dir=\"ltr\">O cintur\u00e3o (ou arco) do desmatamento \u00e9 o nome dado a uma extens\u00e3o de cerca de 500 km2 de terras que v\u00e3o desde o leste e o sul do Par\u00e1 em dire\u00e7\u00e3o a oeste, passando pelo Mato Grosso, Rond\u00f4nia e Acre.<\/p>\n<\/div>\n<div class=\"bbc-19j92fr ebmt73l0\" dir=\"ltr\">\n<p class=\"bbc-hhl7in e17g058b0\" dir=\"ltr\">\u00c9 nesta regi\u00e3o onde ocorre a maioria do desmatamento na Amaz\u00f4nia.<\/p>\n<\/div>\n<figure class=\"bbc-1qn0xuy\">\n<div class=\"bbc-18ywsw9\"><img data-recalc-dims=\"1\" loading=\"lazy\" decoding=\"async\" class=\"bbc-139onq\" src=\"https:\/\/i0.wp.com\/ichef.bbci.co.uk\/ace\/ws\/640\/cpsprodpb\/e9d3\/live\/9ae86450-3d3f-11ef-b4a6-3b1b50d91225.jpg.webp?resize=600%2C338&#038;ssl=1\" sizes=\"auto, (min-width: 1008px) 760px, 100vw\" srcset=\"https:\/\/ichef.bbci.co.uk\/ace\/ws\/240\/cpsprodpb\/e9d3\/live\/9ae86450-3d3f-11ef-b4a6-3b1b50d91225.jpg.webp 240w, https:\/\/ichef.bbci.co.uk\/ace\/ws\/320\/cpsprodpb\/e9d3\/live\/9ae86450-3d3f-11ef-b4a6-3b1b50d91225.jpg.webp 320w, https:\/\/ichef.bbci.co.uk\/ace\/ws\/480\/cpsprodpb\/e9d3\/live\/9ae86450-3d3f-11ef-b4a6-3b1b50d91225.jpg.webp 480w, https:\/\/ichef.bbci.co.uk\/ace\/ws\/624\/cpsprodpb\/e9d3\/live\/9ae86450-3d3f-11ef-b4a6-3b1b50d91225.jpg.webp 624w, https:\/\/ichef.bbci.co.uk\/ace\/ws\/800\/cpsprodpb\/e9d3\/live\/9ae86450-3d3f-11ef-b4a6-3b1b50d91225.jpg.webp 800w\" alt=\"Imagem feita de drone mostra uma grande \u00e1rea pegando fogo durante a noite.\" width=\"600\" height=\"338\" \/><\/p>\n<p class=\"bbc-by8ykd\" role=\"text\"><span class=\"bbc-m04vo2\">CR\u00c9DITO,<\/span><span lang=\"en-GB\">UESLEI MARCELINO\/REUTERS<\/span><\/p>\n<\/div><figcaption class=\"bbc-1jsyunq e6i104o0\" dir=\"ltr\"><span role=\"text\"><span class=\"bbc-m04vo2\">Legenda da foto,<\/span><span data-testid=\"caption-paragraph\">A seca fez com que o Pantanal perdesse somente neste ano 5% da sua \u00e1rea, segundo Agostinho<\/span><\/span><\/figcaption><\/figure>\n<div class=\"bbc-19j92fr ebmt73l0\" dir=\"ltr\">\n<p class=\"bbc-hhl7in e17g058b0\" dir=\"ltr\">O governo federal anunciou na semana passada uma queda de 38% no desmatamento da Amaz\u00f4nia no primeiro semestre deste ano.<\/p>\n<\/div>\n<div class=\"bbc-19j92fr ebmt73l0\" dir=\"ltr\">\n<p class=\"bbc-hhl7in e17g058b0\" dir=\"ltr\">Entre 2022 e 2023, a redu\u00e7\u00e3o havia sido ainda mais significativa, de 50%, segundo dados oficiais.<\/p>\n<\/div>\n<div class=\"bbc-19j92fr ebmt73l0\" dir=\"ltr\">\n<p class=\"bbc-hhl7in e17g058b0\" dir=\"ltr\">Ao fazer o an\u00fancio, na quarta-feira (4\/7), a ministra do Meio Ambiente, Marina Silva (Rede), disse ter \u201cesperan\u00e7a\u201d de chegar ao desmatamento zero no bioma at\u00e9 2030, uma promessa feita pelo presidente Luiz In\u00e1cio Lula da Silva (PT).<\/p>\n<\/div>\n<div class=\"bbc-19j92fr ebmt73l0\" dir=\"ltr\">\n<p class=\"bbc-hhl7in e17g058b0\" dir=\"ltr\">A preserva\u00e7\u00e3o da floresta \u00e9 fundamental para mitigar os estragos causados pelo fogo, de acordo com Ane Alencar.<\/p>\n<\/div>\n<div class=\"bbc-19j92fr ebmt73l0\" dir=\"ltr\">\n<p class=\"bbc-hhl7in e17g058b0\" dir=\"ltr\">\u201cPercebemos que, onde houve a redu\u00e7\u00e3o do desmatamento tamb\u00e9m houve queda nas queimadas e nos inc\u00eandios no ano passado\u201d, diz a diretora do Ipam.<\/p>\n<\/div>\n<div class=\"bbc-19j92fr ebmt73l0\" dir=\"ltr\">\n<p class=\"bbc-hhl7in e17g058b0\" dir=\"ltr\">\u201cAinda bem que houve um esfor\u00e7o forte para reduzir o desmatamento no ano passado. Essa redu\u00e7\u00e3o impediu que a \u00e1rea afetada por inc\u00eandios fosse muito maior.\u201d<\/p>\n<\/div>\n<div class=\"bbc-19j92fr ebmt73l0\" dir=\"ltr\">\n<p class=\"bbc-hhl7in e17g058b0\" dir=\"ltr\">Al\u00e9m das quest\u00f5es clim\u00e1ticas, que podem ser incontrol\u00e1veis, mas j\u00e1 podem ser, em grande parte, previstas, o desmatamento \u00e9 considerado pelos ambientalistas pe\u00e7a fundamental para o alastramento do fogo.<\/p>\n<\/div>\n<div class=\"bbc-19j92fr ebmt73l0\" dir=\"ltr\">\n<p class=\"bbc-hhl7in e17g058b0\" dir=\"ltr\">\u201cQuando algu\u00e9m derruba uma floresta, na sequ\u00eancia p\u00f5e fogo\u201d, diz Agostinho.<\/p>\n<\/div>\n<div class=\"bbc-19j92fr ebmt73l0\" dir=\"ltr\">\n<p class=\"bbc-hhl7in e17g058b0\" dir=\"ltr\">\u201cMas, muitas vezes, o sujeito derruba 100 hectares, p\u00f5e fogo, mas o fogo se alastra e queima outros 500 hectares.\u201d<\/p>\n<\/div>\n<div class=\"bbc-19j92fr ebmt73l0\" dir=\"ltr\">\n<p class=\"bbc-hhl7in e17g058b0\" dir=\"ltr\">Al\u00e9m disso, a \u00e1rea desmatada, muitas vezes, \u00e9 uma terra p\u00fablica, o que dificulta a identifica\u00e7\u00e3o e puni\u00e7\u00e3o dos respons\u00e1veis do local, segundo o presidente do Ibama<\/p>\n<\/div>\n<div class=\"bbc-19j92fr ebmt73l0\" dir=\"ltr\">\n<h2 id=\"A-rela\u00e7\u00e3o-do-El-Ni\u00f1o-com-o-fogo-\" class=\"bbc-1f03ibc eglt09e0\" tabindex=\"-1\">A rela\u00e7\u00e3o do El Ni\u00f1o com o fogo<\/h2>\n<\/div>\n<div class=\"bbc-19j92fr ebmt73l0\" dir=\"ltr\">\n<p class=\"bbc-hhl7in e17g058b0\" dir=\"ltr\">No ano passado, a Amaz\u00f4nia sofreu uma seca hist\u00f3rica, em decorr\u00eancia das mudan\u00e7as clim\u00e1ticas em um ano de El Ni\u00f1o, fen\u00f4meno caracterizado pelo aquecimento anormal e persistente das \u00e1guas do Pac\u00edfico na linha do Equador.<\/p>\n<\/div>\n<div class=\"bbc-19j92fr ebmt73l0\" dir=\"ltr\">\n<p class=\"bbc-hhl7in e17g058b0\" dir=\"ltr\">\u201cA mudan\u00e7a na temperatura do oceano Pac\u00edfico Equatorial acarreta efeitos globais nos padr\u00f5es de circula\u00e7\u00e3o atmosf\u00e9rica, transporte de umidade, temperatura e precipita\u00e7\u00e3o\u201d, disse\u00a0o Inpe em um comunicado.<\/p>\n<\/div>\n<div class=\"bbc-19j92fr ebmt73l0\" dir=\"ltr\">\n<p class=\"bbc-hhl7in e17g058b0\" dir=\"ltr\">Ou seja, seus impactos s\u00e3o diferentes para cada regi\u00e3o do pa\u00eds: no Rio Grande do Sul, causou altos volumes de chuva. Na Amaz\u00f4nia, foi o contr\u00e1rio.<\/p>\n<\/div>\n<div class=\"bbc-19j92fr ebmt73l0\" dir=\"ltr\">\n<p class=\"bbc-hhl7in e17g058b0\" dir=\"ltr\">\u201c\u00c9 importante destacar que n\u00e3o tivemos s\u00f3 o El Ni\u00f1o\u201d, lembra Alencar.<\/p>\n<\/div>\n<div class=\"bbc-19j92fr ebmt73l0\" dir=\"ltr\">\n<p class=\"bbc-hhl7in e17g058b0\" dir=\"ltr\">\u201cO El Ni\u00f1o foi potencializado por uma onda de aquecimento do globo que tamb\u00e9m impactou o oceano Atl\u00e2ntico e potencializou seus efeitos.\u201d<\/p>\n<\/div>\n<div class=\"bbc-19j92fr ebmt73l0\" dir=\"ltr\">\n<p class=\"bbc-hhl7in e17g058b0\" dir=\"ltr\">Neste cen\u00e1rio, a seca do ano passado j\u00e1 havia deixado a regi\u00e3o vulner\u00e1vel aos inc\u00eandios.<\/p>\n<\/div>\n<div class=\"bbc-19j92fr ebmt73l0\" dir=\"ltr\">\n<p class=\"bbc-hhl7in e17g058b0\" dir=\"ltr\">Em 2023, o bioma perdeu para o fogo uma \u00e1rea de extens\u00e3o pouco maior que Portugal.<\/p>\n<\/div>\n<div class=\"bbc-19j92fr ebmt73l0\" dir=\"ltr\">\n<p class=\"bbc-hhl7in e17g058b0\" dir=\"ltr\">No total, foram queimados 10,7 milh\u00f5es de hectares, um aumento de 35% em rela\u00e7\u00e3o a 2022, de acordo com os dados da plataforma do Inpe.<\/p>\n<\/div>\n<div class=\"bbc-19j92fr ebmt73l0\" dir=\"ltr\">\n<p class=\"bbc-hhl7in e17g058b0\" dir=\"ltr\">A Ag\u00eancia Nacional Atmosf\u00e9rica e Oce\u00e2nica dos Estados Unidos\u00a0previa que o El Ni\u00f1o terminaria em junho\u00a0deste ano, j\u00e1 que, normalmente, o fen\u00f4meno dura entre 9 e 12 meses.<\/p>\n<\/div>\n<div class=\"bbc-19j92fr ebmt73l0\" dir=\"ltr\">\n<p class=\"bbc-hhl7in e17g058b0\" dir=\"ltr\">Suas consequ\u00eancias, no entanto, devem se estender na Amaz\u00f4nia, j\u00e1 que ele termina quando a esta\u00e7\u00e3o seca, de fato, deveria come\u00e7ar.<\/p>\n<\/div>\n<div class=\"bbc-19j92fr ebmt73l0\" dir=\"ltr\">\n<p class=\"bbc-hhl7in e17g058b0\" dir=\"ltr\">Alencar lembra que, embora a mistura das mudan\u00e7as clim\u00e1ticas com o El Ni\u00f1o contribuam para a condi\u00e7\u00e3o de um solo altamente inflam\u00e1vel, a Amaz\u00f4nia n\u00e3o \u00e9 um bioma que queima naturalmente.<\/p>\n<\/div>\n<div class=\"bbc-19j92fr ebmt73l0\" dir=\"ltr\">\n<p class=\"bbc-hhl7in e17g058b0\" dir=\"ltr\">\u201cA resposta do fogo, principalmente na Amaz\u00f4nia, onde o fogo deveria ser algo raro, deve-se a uma fonte de igni\u00e7\u00e3o primordialmente humana\u201d, explica.<\/p>\n<\/div>\n<div class=\"bbc-19j92fr ebmt73l0\" dir=\"ltr\">\n<p class=\"bbc-hhl7in e17g058b0\" dir=\"ltr\">\u201cE, para combat\u00ea-la \u00e9 preciso estabelecer uma estrat\u00e9gia de comando e controle, com opera\u00e7\u00f5es conjuntas de v\u00e1rios \u00f3rg\u00e3os, institui\u00e7\u00f5es, e multas e responsabiliza\u00e7\u00f5es cada vez mais sofisticadas.&#8221;<\/p>\n<\/div>\n<div class=\"bbc-19j92fr ebmt73l0\" dir=\"ltr\">\n<h2 id=\"Crime-ambiental-\" class=\"bbc-1f03ibc eglt09e0\" tabindex=\"-1\">Crime ambiental<\/h2>\n<\/div>\n<div class=\"bbc-19j92fr ebmt73l0\" dir=\"ltr\">\n<p class=\"bbc-hhl7in e17g058b0\" dir=\"ltr\">De acordo com o C\u00f3digo Florestal, o uso do fogo \u00e9 permitido em situa\u00e7\u00f5es bem espec\u00edficas.<\/p>\n<\/div>\n<div class=\"bbc-19j92fr ebmt73l0\" dir=\"ltr\">\n<p class=\"bbc-hhl7in e17g058b0\" dir=\"ltr\">Dentre elas, est\u00e3o a agricultura de subsist\u00eancia exercida por popula\u00e7\u00f5es tradicionais e ind\u00edgenas, as atividades de pesquisas cient\u00edficas ou de produ\u00e7\u00e3o e manejo em atividades agropastoris ou florestais.<\/p>\n<\/div>\n<div class=\"bbc-19j92fr ebmt73l0\" dir=\"ltr\">\n<p class=\"bbc-hhl7in e17g058b0\" dir=\"ltr\">Neste caso, a pr\u00e1tica \u00e9 chamada de queima controlada e requer autoriza\u00e7\u00e3o pr\u00e9via, al\u00e9m de exigir uma s\u00e9rie de requisitos, como a delimita\u00e7\u00e3o da \u00e1rea que ser\u00e1 queimada e do acompanhamento por uma equipe treinada.<\/p>\n<\/div>\n<div class=\"bbc-19j92fr ebmt73l0\" dir=\"ltr\">\n<p class=\"bbc-hhl7in e17g058b0\" dir=\"ltr\">Cabe aos Estados emitir a autoriza\u00e7\u00e3o e, se necess\u00e1rio, determinar um per\u00edodo proibitivo para a pr\u00e1tica, considerando fatores que favorecem a dissemina\u00e7\u00e3o do fogo, como umidade do ar, temperatura e ventos.<\/p>\n<\/div>\n<div class=\"bbc-19j92fr ebmt73l0\" dir=\"ltr\">\n<p class=\"bbc-hhl7in e17g058b0\" dir=\"ltr\">No Mato Grosso do Sul, por exemplo, onde est\u00e1 presente 65% do Pantanal, as queimas controladas est\u00e3o proibidas desde o in\u00edcio de junho.<\/p>\n<\/div>\n<div class=\"bbc-19j92fr ebmt73l0\" dir=\"ltr\">\n<p class=\"bbc-hhl7in e17g058b0\" dir=\"ltr\">Por meio de uma portaria, o Instituto de Meio Ambiente de Mato Grosso do Sul (Imasul), vinculado ao governo estadual, tornou sem efeito todas as autoriza\u00e7\u00f5es emitidas e ainda n\u00e3o executadas para queima controlada.<\/p>\n<\/div>\n<div class=\"bbc-19j92fr ebmt73l0\" dir=\"ltr\">\n<p class=\"bbc-hhl7in e17g058b0\" dir=\"ltr\">A tramita\u00e7\u00e3o de processos de licenciamento e a emiss\u00e3o de novas autoriza\u00e7\u00f5es do g\u00eanero tamb\u00e9m foram suspensas.<\/p>\n<\/div>\n<div class=\"bbc-19j92fr ebmt73l0\" dir=\"ltr\">\n<p class=\"bbc-hhl7in e17g058b0\" dir=\"ltr\">J\u00e1 o inc\u00eandio florestal \u00e9 caracterizado pelo fogo descontrolado que avan\u00e7a sobre qualquer forma de vegeta\u00e7\u00e3o e pode resultar em autua\u00e7\u00f5es, caso os respons\u00e1veis sejam identificados.<\/p>\n<\/div>\n<div class=\"bbc-19j92fr ebmt73l0\" dir=\"ltr\">\n<p class=\"bbc-hhl7in e17g058b0\" dir=\"ltr\">De acordo com a Lei dos Crimes Ambientais, as queimadas e inc\u00eandios florestais podem render uma multa de at\u00e9 R$ 7,5 mil por hectare queimado e at\u00e9 seis anos de pris\u00e3o.<\/p>\n<\/div>\n<div class=\"bbc-19j92fr ebmt73l0\" dir=\"ltr\">\n<p class=\"bbc-hhl7in e17g058b0\" dir=\"ltr\">Al\u00e9m de conter o fogo, identificar os criminosos \u00e9 um ponto nevr\u00e1lgico da crise que se instalou no Pantanal.<\/p>\n<\/div>\n<div class=\"bbc-19j92fr ebmt73l0\" dir=\"ltr\">\n<p class=\"bbc-hhl7in e17g058b0\" dir=\"ltr\">O bioma tem enfrentado inc\u00eandios em propor\u00e7\u00f5es recordes nos \u00faltimos anos, incluindo em 2024. De acordo com o presidente do Ibama, ao menos 5% do bioma foi queimado at\u00e9 o momento, em um ano de seca e inc\u00eandios hist\u00f3ricos.<\/p>\n<\/div>\n<div class=\"bbc-19j92fr ebmt73l0\" dir=\"ltr\">\n<p class=\"bbc-hhl7in e17g058b0\" dir=\"ltr\">Na semana passada, o Minist\u00e9rio P\u00fablico do Mato Grosso do Sul anunciou que doze fazendeiros s\u00e3o alvo de um inqu\u00e9rito por serem propriet\u00e1rios de im\u00f3veis rurais onde podem ter iniciado focos de inc\u00eandio no Pantanal.<\/p>\n<\/div>\n<div class=\"bbc-19j92fr ebmt73l0\" dir=\"ltr\">\n<p class=\"bbc-hhl7in e17g058b0\" dir=\"ltr\">&#8220;Mas identificar os agentes causadores de um inc\u00eandio \u00e9 muito dif\u00edcil&#8221;, reconhece Agostinho.<\/p>\n<\/div>\n<div class=\"bbc-19j92fr ebmt73l0\" dir=\"ltr\">\n<p class=\"bbc-hhl7in e17g058b0\" dir=\"ltr\">Isso porque, como apontam especialistas, \u00e9 preciso identificar onde o inc\u00eandio teve in\u00edcio e o respons\u00e1vel por aquela terra que, muitas vezes, \u00e9 p\u00fablica e est\u00e1 sendo ilegalmente ocupada.<\/p>\n<\/div>\n<div class=\"bbc-19j92fr ebmt73l0\" dir=\"ltr\">\n<p class=\"bbc-hhl7in e17g058b0\" dir=\"ltr\">&#8220;Esse tipo de desmatamento [com fogo], feito com base na ilegalidade, na explora\u00e7\u00e3o de recursos, \u00e9 muito mais dif\u00edcil de combater&#8221;, completa Ane Alencar.<\/p>\n<\/div>\n<div class=\"bbc-19j92fr ebmt73l0\" dir=\"ltr\">\n<p class=\"bbc-hhl7in e17g058b0\" dir=\"ltr\">Entre 2019 e 2021, mais da metade (51%) do desmatamento da Amaz\u00f4nia ocorreu em terras p\u00fablicas, as chamadas Florestas P\u00fablicas n\u00e3o Destinadas (FPNDs).<\/p>\n<\/div>\n<div class=\"bbc-19j92fr ebmt73l0\" dir=\"ltr\">\n<p class=\"bbc-hhl7in e17g058b0\" dir=\"ltr\">S\u00e3o \u00e1reas que ainda aguardam destina\u00e7\u00e3o do Estado para conserva\u00e7\u00e3o ou uso sustent\u00e1vel.<\/p>\n<\/div>\n<div class=\"bbc-19j92fr ebmt73l0\" dir=\"ltr\">\n<p class=\"bbc-hhl7in e17g058b0\" dir=\"ltr\">Os n\u00fameros foram levantados pelo Projeto Amaz\u00f4nia 2030, uma iniciativa do Instituto do Homem e do Meio Ambiente da Amaz\u00f4nia, do Centro de Empreendedorismo da Amaz\u00f4nia, da Climate Policy Initiative (CPI) e do Departamento de Economia da Pontif\u00edcia Universidade Cat\u00f3lica do Rio.<\/p>\n<\/div>\n<div class=\"bbc-19j92fr ebmt73l0\" dir=\"ltr\">\n<p class=\"bbc-hhl7in e17g058b0\" dir=\"ltr\">Por isso, as mudan\u00e7as clim\u00e1ticas, o El Ni\u00f1o e a criminalidade tornam a Amaz\u00f4nia um lugar bastante prop\u00edcio a inc\u00eandios neste momento.<\/p>\n<\/div>\n<div class=\"bbc-19j92fr ebmt73l0\" dir=\"ltr\">\n<p class=\"bbc-hhl7in e17g058b0\" dir=\"ltr\">&#8220;A Amaz\u00f4nia est\u00e1 um barril de p\u00f3lvora por causa da seca, politicamente em alvoro\u00e7o por causa das elei\u00e7\u00f5es municipais e, al\u00e9m disso, est\u00e1 dominada pelo crime&#8221;, resume Alencar.<\/p>\n<\/div>\n<div class=\"bbc-19j92fr ebmt73l0\" dir=\"ltr\">\n<p class=\"bbc-hhl7in e17g058b0\" dir=\"ltr\">&#8220;Os esfor\u00e7os e as etrat\u00e9gias para combater o desmatamento, portanto, t\u00eam que ser muito mais inovadores do que antes&#8221;.<\/p>\n<\/div>\n<div class=\"bbc-19j92fr ebmt73l0\" dir=\"ltr\">\n<p class=\"bbc-hhl7in e17g058b0\" dir=\"ltr\">Para Agostinho, o inc\u00eandio ainda \u00e9 tratado como um crime de menor potencial ofensivo. &#8220;Precisamos aperfei\u00e7oar isso&#8221;, diz.<\/p>\n<\/div>\n<div class=\"bbc-19j92fr ebmt73l0\" dir=\"ltr\">\n<p class=\"bbc-hhl7in e17g058b0\" dir=\"ltr\">Ele aponta a obrigatoriedade de brigadas pr\u00f3prias de combate imediato nas propriedades em \u00e1reas sens\u00edveis, revis\u00e3o de atos normativos, preparo da comunidade para uma pronta resposta e maior controle dos Estados como parte desse aperfei\u00e7oamento.<\/p>\n<\/div>\n<div class=\"bbc-19j92fr ebmt73l0\" dir=\"ltr\">\n<p class=\"bbc-hhl7in e17g058b0\" dir=\"ltr\">Para Ane Alencar, do Ipam, al\u00e9m de seguir com a redu\u00e7\u00e3o do desmatamento, diminuir o uso de fogo e controlar mais as queimadas s\u00e3o medidas que deveriam ser tomadas imediatamente.<\/p>\n<\/div>\n<p><\/main><\/p>\n<aside class=\"bbc-1l5nxv5 e5jcirq1\" role=\"complementary\" aria-labelledby=\"related-topics\">\n<div class=\"e5jcirq0 bbc-1f2ds04 e1m6nvxw1\">\n<h2 class=\"bbc-1xclg2i e1m6nvxw0\"><\/h2>\n<\/div>\n<\/aside>\n<\/div>\n<\/div>\n","protected":false},"excerpt":{"rendered":"<p>BBC, por Marina Rossi &#8211; Depois do Pantanal\u00a0e do Cerrado, a Amaz\u00f4nia tamb\u00e9m bate recorde de queimadas no primeiro semestre deste ano. At\u00e9 domingo (07\/07), foram detectados pelo\u00a0Programa Queimadas, do Instituto Nacional de Pesquisas Espaciais (Inpe), 14.250 focos de calor no bioma. \u00c9 o maior n\u00famero em duas d\u00e9cadas para o primeiro semestre, e um&#8230;<a class=\"more-link\" href=\"http:\/\/blogdalucianaoliveira.com.br\/blog\/2024\/07\/09\/por-que-amazonia-virou-barril-de-polvora-e-queimadas-batem-recordes\/\">Continue a leitura <span class=\"meta-nav\">&raquo;<\/span><\/a><\/p>\n","protected":false},"author":1,"featured_media":0,"comment_status":"closed","ping_status":"open","sticky":false,"template":"","format":"standard","meta":{"_exactmetrics_skip_tracking":false,"_exactmetrics_sitenote_active":false,"_exactmetrics_sitenote_note":"","_exactmetrics_sitenote_category":0,"jetpack_post_was_ever_published":false,"_jetpack_newsletter_access":"","_jetpack_dont_email_post_to_subs":false,"_jetpack_newsletter_tier_id":0,"_jetpack_memberships_contains_paywalled_content":false,"_jetpack_memberships_contains_paid_content":false,"footnotes":"","jetpack_publicize_message":"","jetpack_publicize_feature_enabled":true,"jetpack_social_post_already_shared":true,"jetpack_social_options":{"image_generator_settings":{"template":"highway","enabled":false},"version":2}},"categories":[1],"tags":[252,295,864],"class_list":["post-35473","post","type-post","status-publish","format-standard","hentry","category-notas","tag-amazonia","tag-queimadas","tag-seca"],"jetpack_publicize_connections":[],"jetpack_sharing_enabled":true,"jetpack_featured_media_url":"","jetpack_shortlink":"https:\/\/wp.me\/p7wKYW-9e9","jetpack-related-posts":[],"_links":{"self":[{"href":"http:\/\/blogdalucianaoliveira.com.br\/blog\/wp-json\/wp\/v2\/posts\/35473","targetHints":{"allow":["GET"]}}],"collection":[{"href":"http:\/\/blogdalucianaoliveira.com.br\/blog\/wp-json\/wp\/v2\/posts"}],"about":[{"href":"http:\/\/blogdalucianaoliveira.com.br\/blog\/wp-json\/wp\/v2\/types\/post"}],"author":[{"embeddable":true,"href":"http:\/\/blogdalucianaoliveira.com.br\/blog\/wp-json\/wp\/v2\/users\/1"}],"replies":[{"embeddable":true,"href":"http:\/\/blogdalucianaoliveira.com.br\/blog\/wp-json\/wp\/v2\/comments?post=35473"}],"version-history":[{"count":3,"href":"http:\/\/blogdalucianaoliveira.com.br\/blog\/wp-json\/wp\/v2\/posts\/35473\/revisions"}],"predecessor-version":[{"id":35477,"href":"http:\/\/blogdalucianaoliveira.com.br\/blog\/wp-json\/wp\/v2\/posts\/35473\/revisions\/35477"}],"wp:attachment":[{"href":"http:\/\/blogdalucianaoliveira.com.br\/blog\/wp-json\/wp\/v2\/media?parent=35473"}],"wp:term":[{"taxonomy":"category","embeddable":true,"href":"http:\/\/blogdalucianaoliveira.com.br\/blog\/wp-json\/wp\/v2\/categories?post=35473"},{"taxonomy":"post_tag","embeddable":true,"href":"http:\/\/blogdalucianaoliveira.com.br\/blog\/wp-json\/wp\/v2\/tags?post=35473"}],"curies":[{"name":"wp","href":"https:\/\/api.w.org\/{rel}","templated":true}]}}