{"id":35479,"date":"2024-07-09T16:00:40","date_gmt":"2024-07-09T20:00:40","guid":{"rendered":"http:\/\/blogdalucianaoliveira.com.br\/blog\/?p=35479"},"modified":"2024-07-09T16:00:40","modified_gmt":"2024-07-09T20:00:40","slug":"uma-vida-rasa-ou-a-busca-do-conhecimento","status":"publish","type":"post","link":"http:\/\/blogdalucianaoliveira.com.br\/blog\/2024\/07\/09\/uma-vida-rasa-ou-a-busca-do-conhecimento\/","title":{"rendered":"Uma vida rasa ou a busca do conhecimento"},"content":{"rendered":"<p><img data-recalc-dims=\"1\" loading=\"lazy\" decoding=\"async\" data-attachment-id=\"35480\" data-permalink=\"http:\/\/blogdalucianaoliveira.com.br\/blog\/2024\/07\/09\/uma-vida-rasa-ou-a-busca-do-conhecimento\/img_6371\/\" data-orig-file=\"https:\/\/i0.wp.com\/blogdalucianaoliveira.com.br\/blog\/wp-content\/uploads\/2024\/07\/IMG_6371.jpeg?fit=1170%2C1091\" data-orig-size=\"1170,1091\" data-comments-opened=\"0\" data-image-meta=\"{&quot;aperture&quot;:&quot;0&quot;,&quot;credit&quot;:&quot;&quot;,&quot;camera&quot;:&quot;&quot;,&quot;caption&quot;:&quot;&quot;,&quot;created_timestamp&quot;:&quot;0&quot;,&quot;copyright&quot;:&quot;&quot;,&quot;focal_length&quot;:&quot;0&quot;,&quot;iso&quot;:&quot;0&quot;,&quot;shutter_speed&quot;:&quot;0&quot;,&quot;title&quot;:&quot;&quot;,&quot;orientation&quot;:&quot;1&quot;}\" data-image-title=\"IMG_6371\" data-image-description=\"\" data-image-caption=\"\" data-medium-file=\"https:\/\/i0.wp.com\/blogdalucianaoliveira.com.br\/blog\/wp-content\/uploads\/2024\/07\/IMG_6371.jpeg?fit=300%2C280\" data-large-file=\"https:\/\/i0.wp.com\/blogdalucianaoliveira.com.br\/blog\/wp-content\/uploads\/2024\/07\/IMG_6371.jpeg?fit=600%2C560\" class=\"alignnone size-full wp-image-35480\" src=\"https:\/\/i0.wp.com\/blogdalucianaoliveira.com.br\/blog\/wp-content\/uploads\/2024\/07\/IMG_6371.jpeg?resize=600%2C559\" alt=\"\" width=\"600\" height=\"559\" srcset=\"https:\/\/i0.wp.com\/blogdalucianaoliveira.com.br\/blog\/wp-content\/uploads\/2024\/07\/IMG_6371.jpeg?w=1170 1170w, https:\/\/i0.wp.com\/blogdalucianaoliveira.com.br\/blog\/wp-content\/uploads\/2024\/07\/IMG_6371.jpeg?resize=300%2C280 300w, https:\/\/i0.wp.com\/blogdalucianaoliveira.com.br\/blog\/wp-content\/uploads\/2024\/07\/IMG_6371.jpeg?resize=1024%2C955 1024w, https:\/\/i0.wp.com\/blogdalucianaoliveira.com.br\/blog\/wp-content\/uploads\/2024\/07\/IMG_6371.jpeg?resize=768%2C716 768w, https:\/\/i0.wp.com\/blogdalucianaoliveira.com.br\/blog\/wp-content\/uploads\/2024\/07\/IMG_6371.jpeg?resize=322%2C300 322w\" sizes=\"auto, (max-width: 600px) 100vw, 600px\" \/><\/p>\n<p class=\"s2\"><span class=\"s5\"><span class=\"bumpedFont15\"><strong>Por <span class=\"s7\">Toninho <\/span><\/strong><span class=\"s7\"><strong>Tavernard<\/strong> &#8211; <\/span>Perguntas que acompanham a humanidade desde o in\u00edcio dos tempos: De onde vim? Para onde vou? O que vim fazer aqui?<br \/>\n<\/span><\/span><!--more--><\/p>\n<p class=\"s2\"><span class=\"s5\"><span class=\"bumpedFont15\">Estas quest\u00f5es deveriam estar no centro das nossas vidas, dada a profundidade e import\u00e2ncia que representam para nossa exist\u00eancia breve. No entanto, observamos que tais reflex\u00f5es n\u00e3o ocupam a mente da maioria das pessoas. Vivemos numa sociedade <\/span><\/span><span class=\"s5\"><span class=\"bumpedFont15\">rasa, <\/span><\/span><span class=\"s5\"><span class=\"bumpedFont15\">superficial, onde a correnteza tecnol\u00f3gica\u2014celular, internet, redes sociais\u2014domina o pensamento humano, moldando valores, tend\u00eancias e ideias que s\u00e3o prontamente aceitos sem questionamento, transformando-nos em prisioneiros de uma cultura instant\u00e2nea.<\/span><\/span><\/p>\n<p class=\"s2\"><span class=\"s5\"><span class=\"bumpedFont15\">Uma an\u00e1lise superficial j\u00e1 revela <\/span><\/span><span class=\"s5\"><span class=\"bumpedFont15\">o <\/span><\/span><span class=\"s5\"><span class=\"bumpedFont15\">absurd<\/span><\/span><span class=\"s5\"><span class=\"bumpedFont15\">o que \u00e9<\/span><\/span><span class=\"s5\"><span class=\"bumpedFont15\">atravessarmos a vida, do ber\u00e7o ao t\u00famulo, sem refletirmos sobre nosso papel no mundo, na sociedade, na fam\u00edlia. Perguntas como &#8220;De onde vim? Para qu\u00ea? Qual minha miss\u00e3o na terra? Deus existe? O que Ele quer de n\u00f3s? Por que sofremos? S\u00f3 vivemos uma vida? Existe reencarna\u00e7\u00e3o?&#8221; s\u00e3o fundamentais. Religi\u00f5es, filosofia, esoterismo, parapsicologia, e diversas outras \u00e1reas t\u00eam se debru\u00e7ado sobre essas quest\u00f5es por mil\u00eanios, produzindo uma infinidade de obras que <\/span><\/span><span class=\"s5\"><span class=\"bumpedFont15\">lan\u00e7am luz<\/span><\/span><span class=\"s5\"><span class=\"bumpedFont15\">es <\/span><\/span><span class=\"s5\"><span class=\"bumpedFont15\">sobre esses <\/span><\/span><span class=\"s5\"><span class=\"bumpedFont15\">mist\u00e9rios.<\/span><\/span><\/p>\n<p class=\"s2\"><span class=\"s5\"><span class=\"bumpedFont15\">Textos sagrados como a B\u00edblia (Jesus), o <\/span><\/span><span class=\"s5\"><span class=\"bumpedFont15\">Baghavad<\/span><\/span><span class=\"s5\"><span class=\"bumpedFont15\"> Gita (Krishna), o Cor\u00e3o (Maom\u00e9), o <\/span><\/span><span class=\"s5\"><span class=\"bumpedFont15\">Dhammapada<\/span><\/span><span class=\"s5\"><span class=\"bumpedFont15\"> (Buda), e pensamentos de grandes fil\u00f3sofos como Plat\u00e3o, S\u00f3crates, Arist\u00f3teles, Hermes Trismegisto, Helena <\/span><\/span><span class=\"s5\"><span class=\"bumpedFont15\">Blavatsky<\/span><\/span><span class=\"s5\"><span class=\"bumpedFont15\">, entre outros, nos legaram verdadeiros roteiros para n\u00edveis espirituais e morais mais elevados. No entanto, dados do IBGE de 2022 indicam que apenas 16% dos brasileiros leem. A produ\u00e7\u00e3o de conhecimento e a busca pelo autoaperfei\u00e7oamento n\u00e3o t\u00eam sido prioridades em nossa sociedade.<\/span><\/span><\/p>\n<p class=\"s2\"><span class=\"s5\"><span class=\"bumpedFont15\">A evolu\u00e7\u00e3o da humanidade est\u00e1 intrinsecamente ligada ao crescimento individual de cada ser humano. Uma sociedade s\u00f3 avan\u00e7a na senda do progresso com o avan\u00e7o do seu povo. Uma vida sem crescimento \u00e9 uma vida desperdi\u00e7ada, e a vida \u00e9 uma d\u00e1diva divina que dever\u00edamos valorizar e multiplicar em a\u00e7\u00f5es, conhecimento e aprimoramento. O ser humano evolui e cresce ao aprimorar a moral, a verdade, a honestidade, a \u00e9tica, o respeito pela vida dos outros e do planeta. <\/span><\/span><span class=\"s5\"><span class=\"bumpedFont15\">O ser humano e<\/span><\/span><span class=\"s5\"><span class=\"bumpedFont15\">volui quando estuda, aprende, l\u00ea, exercita a toler\u00e2ncia, a paci\u00eancia, pratica o bem, e se prop\u00f5e ser melhor hoje do que foi ontem.<\/span><\/span><\/p>\n<p class=\"s2\"><span class=\"s5\"><span class=\"bumpedFont15\">S\u00f3crates dizia que <\/span><\/span><span class=\"s6\"><span class=\"bumpedFont15\">&#8220;S\u00f3 \u00e9 \u00fatil o conhecimento que me torna melhor&#8221;<\/span><\/span><span class=\"s5\"><span class=\"bumpedFont15\">. Para ele, o simples ac\u00famulo de conhecimento, sem sua aplica\u00e7\u00e3o pr\u00e1tica e sem o aprimoramento moral e \u00e9tico, de nada serve. \u00c1gua parada apodrece. Vida estagnada adoece o corpo e o esp\u00edrito. Questione-se! Busque a verdade! Jesus dizia que ela tem o poder de nos libertar, sobretudo das amarras da ignor\u00e2ncia.<\/span><\/span><\/p>\n<p class=\"s8\">\n","protected":false},"excerpt":{"rendered":"<p>Por Toninho Tavernard &#8211; Perguntas que acompanham a humanidade desde o in\u00edcio dos tempos: De onde vim? Para onde vou? O que vim fazer aqui?<\/p>\n","protected":false},"author":1,"featured_media":0,"comment_status":"closed","ping_status":"open","sticky":false,"template":"","format":"standard","meta":{"_exactmetrics_skip_tracking":false,"_exactmetrics_sitenote_active":false,"_exactmetrics_sitenote_note":"","_exactmetrics_sitenote_category":0,"jetpack_post_was_ever_published":false,"_jetpack_newsletter_access":"","_jetpack_dont_email_post_to_subs":false,"_jetpack_newsletter_tier_id":0,"_jetpack_memberships_contains_paywalled_content":false,"_jetpack_memberships_contains_paid_content":false,"footnotes":"","jetpack_publicize_message":"","jetpack_publicize_feature_enabled":true,"jetpack_social_post_already_shared":true,"jetpack_social_options":{"image_generator_settings":{"template":"highway","enabled":false},"version":2}},"categories":[1],"tags":[],"class_list":["post-35479","post","type-post","status-publish","format-standard","hentry","category-notas"],"jetpack_publicize_connections":[],"jetpack_sharing_enabled":true,"jetpack_featured_media_url":"","jetpack_shortlink":"https:\/\/wp.me\/p7wKYW-9ef","jetpack-related-posts":[],"_links":{"self":[{"href":"http:\/\/blogdalucianaoliveira.com.br\/blog\/wp-json\/wp\/v2\/posts\/35479","targetHints":{"allow":["GET"]}}],"collection":[{"href":"http:\/\/blogdalucianaoliveira.com.br\/blog\/wp-json\/wp\/v2\/posts"}],"about":[{"href":"http:\/\/blogdalucianaoliveira.com.br\/blog\/wp-json\/wp\/v2\/types\/post"}],"author":[{"embeddable":true,"href":"http:\/\/blogdalucianaoliveira.com.br\/blog\/wp-json\/wp\/v2\/users\/1"}],"replies":[{"embeddable":true,"href":"http:\/\/blogdalucianaoliveira.com.br\/blog\/wp-json\/wp\/v2\/comments?post=35479"}],"version-history":[{"count":1,"href":"http:\/\/blogdalucianaoliveira.com.br\/blog\/wp-json\/wp\/v2\/posts\/35479\/revisions"}],"predecessor-version":[{"id":35481,"href":"http:\/\/blogdalucianaoliveira.com.br\/blog\/wp-json\/wp\/v2\/posts\/35479\/revisions\/35481"}],"wp:attachment":[{"href":"http:\/\/blogdalucianaoliveira.com.br\/blog\/wp-json\/wp\/v2\/media?parent=35479"}],"wp:term":[{"taxonomy":"category","embeddable":true,"href":"http:\/\/blogdalucianaoliveira.com.br\/blog\/wp-json\/wp\/v2\/categories?post=35479"},{"taxonomy":"post_tag","embeddable":true,"href":"http:\/\/blogdalucianaoliveira.com.br\/blog\/wp-json\/wp\/v2\/tags?post=35479"}],"curies":[{"name":"wp","href":"https:\/\/api.w.org\/{rel}","templated":true}]}}