{"id":35483,"date":"2024-07-10T11:58:03","date_gmt":"2024-07-10T15:58:03","guid":{"rendered":"http:\/\/blogdalucianaoliveira.com.br\/blog\/?p=35483"},"modified":"2024-07-10T11:58:03","modified_gmt":"2024-07-10T15:58:03","slug":"airbnb-as-cidades-que-decidiram-banir-os-alugueis-de-curto-prazo-para-turistas","status":"publish","type":"post","link":"http:\/\/blogdalucianaoliveira.com.br\/blog\/2024\/07\/10\/airbnb-as-cidades-que-decidiram-banir-os-alugueis-de-curto-prazo-para-turistas\/","title":{"rendered":"Airbnb: as cidades que decidiram banir os alugueis de curto prazo para turistas"},"content":{"rendered":"<p><img data-recalc-dims=\"1\" loading=\"lazy\" decoding=\"async\" data-attachment-id=\"35487\" data-permalink=\"http:\/\/blogdalucianaoliveira.com.br\/blog\/2024\/07\/10\/airbnb-as-cidades-que-decidiram-banir-os-alugueis-de-curto-prazo-para-turistas\/img_6390\/\" data-orig-file=\"https:\/\/i0.wp.com\/blogdalucianaoliveira.com.br\/blog\/wp-content\/uploads\/2024\/07\/IMG_6390.jpeg?fit=1170%2C649\" data-orig-size=\"1170,649\" data-comments-opened=\"0\" data-image-meta=\"{&quot;aperture&quot;:&quot;0&quot;,&quot;credit&quot;:&quot;&quot;,&quot;camera&quot;:&quot;&quot;,&quot;caption&quot;:&quot;&quot;,&quot;created_timestamp&quot;:&quot;0&quot;,&quot;copyright&quot;:&quot;&quot;,&quot;focal_length&quot;:&quot;0&quot;,&quot;iso&quot;:&quot;0&quot;,&quot;shutter_speed&quot;:&quot;0&quot;,&quot;title&quot;:&quot;&quot;,&quot;orientation&quot;:&quot;1&quot;}\" data-image-title=\"IMG_6390\" data-image-description=\"\" data-image-caption=\"\" data-medium-file=\"https:\/\/i0.wp.com\/blogdalucianaoliveira.com.br\/blog\/wp-content\/uploads\/2024\/07\/IMG_6390.jpeg?fit=300%2C166\" data-large-file=\"https:\/\/i0.wp.com\/blogdalucianaoliveira.com.br\/blog\/wp-content\/uploads\/2024\/07\/IMG_6390.jpeg?fit=600%2C333\" class=\"alignnone size-full wp-image-35487\" src=\"https:\/\/i0.wp.com\/blogdalucianaoliveira.com.br\/blog\/wp-content\/uploads\/2024\/07\/IMG_6390.jpeg?resize=600%2C333\" alt=\"\" width=\"600\" height=\"333\" srcset=\"https:\/\/i0.wp.com\/blogdalucianaoliveira.com.br\/blog\/wp-content\/uploads\/2024\/07\/IMG_6390.jpeg?w=1170 1170w, https:\/\/i0.wp.com\/blogdalucianaoliveira.com.br\/blog\/wp-content\/uploads\/2024\/07\/IMG_6390.jpeg?resize=300%2C166 300w, https:\/\/i0.wp.com\/blogdalucianaoliveira.com.br\/blog\/wp-content\/uploads\/2024\/07\/IMG_6390.jpeg?resize=1024%2C568 1024w, https:\/\/i0.wp.com\/blogdalucianaoliveira.com.br\/blog\/wp-content\/uploads\/2024\/07\/IMG_6390.jpeg?resize=768%2C426 768w, https:\/\/i0.wp.com\/blogdalucianaoliveira.com.br\/blog\/wp-content\/uploads\/2024\/07\/IMG_6390.jpeg?resize=541%2C300 541w\" sizes=\"auto, (max-width: 600px) 100vw, 600px\" \/><\/p>\n<div class=\"bbc-19j92fr ebmt73l0\" dir=\"ltr\" data-pf_style_display=\"block\" data-pf_style_visibility=\"visible\">\n<p class=\"bbc-hhl7in e17g058b0 added-to-list1\" dir=\"ltr\" data-pf_style_display=\"block\" data-pf_style_visibility=\"visible\"><span class=\"text-node\">BBC &#8211; No \u00faltimo dia 21 de junho, o prefeito de Barcelona, na <\/span><span class=\"text-node\">Espanha<\/span><span class=\"text-node\">, Jaume Collboni, anunciou seus <\/span><span class=\"text-node\">planos de proibir alugu\u00e9is de im\u00f3veis de curto prazo na cidade<\/span><span class=\"text-node\">, a partir de novembro de 2028.<\/span><\/p>\n<\/div>\n<p><!--more--><\/p>\n<div class=\"bbc-19j92fr ebmt73l0\" dir=\"ltr\" data-pf_style_display=\"block\" data-pf_style_visibility=\"visible\">\n<p class=\"bbc-hhl7in e17g058b0 added-to-list1\" dir=\"ltr\" style=\"text-align: left;\" data-pf_style_display=\"block\" data-pf_style_visibility=\"visible\"><span class=\"text-node\">A decis\u00e3o pretende solucionar o que Collboni descreve como &#8220;o maior problema de Barcelona&#8221; \u2014 a crise de moradia que retirou moradores e trabalhadores do mercado habitacional, devido aos altos <\/span><span class=\"text-node\">pre\u00e7os dos im\u00f3veis<\/span><span class=\"text-node\">. A medida ir\u00e1 devolver ao mercado de moradia os 10 mil apartamentos destinados atualmente a aluguel de curto prazo no Airbnb e em outras plataformas similares.<\/span><\/p>\n<\/div>\n<div class=\"bbc-19j92fr ebmt73l0\" dir=\"ltr\" data-pf_style_display=\"block\" data-pf_style_visibility=\"visible\">\n<p class=\"bbc-hhl7in e17g058b0 added-to-list1\" dir=\"ltr\" data-pf_style_display=\"block\" data-pf_style_visibility=\"visible\"><span class=\"text-node\">Barcelona n\u00e3o \u00e9 a \u00fanica cidade a criar regulamenta\u00e7\u00f5es rigorosas \u2014 ou at\u00e9 proibir \u2014 os alugu\u00e9is de curto prazo.<\/span><\/p>\n<\/div>\n<div class=\"bbc-19j92fr ebmt73l0\" dir=\"ltr\" data-pf_style_display=\"block\" data-pf_style_visibility=\"visible\">\n<p class=\"bbc-hhl7in e17g058b0 added-to-list1\" dir=\"ltr\" data-pf_style_display=\"block\" data-pf_style_visibility=\"visible\"><a class=\"focusIndicatorReducedWidth bbc-n8oauk e1p3sufg0\" href=\"https:\/\/www.theguardian.com\/us-news\/2024\/apr\/25\/new-york-airbnb-short-term-rentals-sublets\" aria-label=\"Desde setembro de 2023, externo\" data-pf_style_display=\"inline\" data-pf_style_visibility=\"visible\"><span class=\"text-node\">Desde setembro de 2023<\/span><\/a><span class=\"text-node\">, \u00e9 ilegal alugar apartamentos por curto prazo em Nova York, nos <\/span><span class=\"text-node\">Estados Unidos<\/span><span class=\"text-node\">, a menos que o propriet\u00e1rio tenha domic\u00edlio na cidade e esteja presente no im\u00f3vel quando ele for alugado. Esta medida tamb\u00e9m foi tomada para reduzir a crise habitacional da cidade.<\/span><\/p>\n<\/div>\n<section class=\"bbc-geybui\" role=\"region\" aria-label=\"Publicidade 2\" aria-hidden=\"true\" data-e2e=\"advertisement\" data-pf_style_display=\"block\" data-pf_style_visibility=\"visible\"><\/section>\n<div class=\"bbc-19j92fr ebmt73l0\" dir=\"ltr\" data-pf_style_display=\"block\" data-pf_style_visibility=\"visible\">\n<p class=\"bbc-hhl7in e17g058b0 added-to-list1\" dir=\"ltr\" data-pf_style_display=\"block\" data-pf_style_visibility=\"visible\"><span class=\"text-node\">A capital <\/span><span class=\"text-node\">alem\u00e3<\/span><span class=\"text-node\">, Berlim, proibiu os Airbnbs e alugu\u00e9is de curto prazo j\u00e1 em 2014. Eles retornaram em 2018, com <\/span><span class=\"text-node\">s\u00e9rias restri\u00e7\u00f5es<\/span><span class=\"text-node\">. E muitas cidades litor\u00e2neas da <\/span><span class=\"text-node\">Calif\u00f3rnia<\/span><span class=\"text-node\">, nos Estados Unidos, incluindo Santa M\u00f4nica, pro\u00edbem ou imp\u00f5em fortes restri\u00e7\u00f5es aos alugu\u00e9is de curto prazo.<\/span><\/p>\n<\/div>\n<div class=\"bbc-19j92fr ebmt73l0\" dir=\"ltr\" data-pf_style_display=\"block\" data-pf_style_visibility=\"visible\">\n<p class=\"bbc-hhl7in e17g058b0 added-to-list1\" dir=\"ltr\" data-pf_style_display=\"block\" data-pf_style_visibility=\"visible\"><span class=\"text-node\">Todo este movimento faz parte de uma quest\u00e3o mais ampla.<\/span><\/p>\n<\/div>\n<div class=\"bbc-19j92fr ebmt73l0\" dir=\"ltr\" data-pf_style_display=\"block\" data-pf_style_visibility=\"visible\">\n<p class=\"bbc-hhl7in e17g058b0 added-to-list1\" dir=\"ltr\" data-pf_style_display=\"block\" data-pf_style_visibility=\"visible\"><span class=\"text-node\">O Airbnb domina o mercado de aluguel de curto prazo, com mais de 50% de todas as reservas online. Ele e outras plataformas, como VRBO, Booking.com e Expedia.com, est\u00e3o sendo questionados, com o surgimento de quest\u00f5es paralelas como quem se beneficia com o turismo \u2014 e onde fica o equil\u00edbrio entre os benef\u00edcios para os turistas e para os moradores locais.<\/span><\/p>\n<\/div>\n<div class=\"bbc-19j92fr ebmt73l0\" dir=\"ltr\" data-pf_style_display=\"block\" data-pf_style_visibility=\"visible\">\n<p class=\"bbc-hhl7in e17g058b0 added-to-list1\" dir=\"ltr\" data-pf_style_display=\"block\" data-pf_style_visibility=\"visible\"><span class=\"text-node\">Desde que foi lan\u00e7ado, em 2007, o Airbnb desregulou enormemente o setor do turismo. Ele oferece acomoda\u00e7\u00f5es flex\u00edveis em cidades de todo o mundo, com a promessa de &#8220;morar como um habitante local&#8221;, que os hot\u00e9is n\u00e3o conseguem atender.<\/span><\/p>\n<\/div>\n<div class=\"bbc-19j92fr ebmt73l0\" dir=\"ltr\" data-pf_style_display=\"block\" data-pf_style_visibility=\"visible\">\n<p class=\"bbc-hhl7in e17g058b0 added-to-list1\" dir=\"ltr\" data-pf_style_display=\"block\" data-pf_style_visibility=\"visible\"><span class=\"text-node\">Os \u00faltimos anos presenciaram retalia\u00e7\u00f5es contra a marca. Ela \u00e9 acusada de fazer aumentar os custos de moradia e prejudicar os moradores locais, que se sentem for\u00e7ados a morar ao lado de hot\u00e9is sem regulamenta\u00e7\u00e3o.<\/span><\/p>\n<\/div>\n<div class=\"bbc-19j92fr ebmt73l0\" dir=\"ltr\" data-pf_style_display=\"block\" data-pf_style_visibility=\"visible\">\n<p class=\"bbc-hhl7in e17g058b0 added-to-list1\" dir=\"ltr\" data-pf_style_display=\"block\" data-pf_style_visibility=\"visible\"><span class=\"text-node\">Mas o que ganhamos e o que perdemos sem o mercado de aluguel de curto prazo para turistas?<\/span><\/p>\n<\/div>\n<figure class=\"bbc-1qn0xuy pf-caption added-to-list1 flex-width mediumImage pf-size-full\" data-pf_style_display=\"block\" data-pf_style_visibility=\"visible\">\n<div class=\"bbc-j1srjl\" data-pf_style_display=\"block\" data-pf_style_visibility=\"visible\"><img data-recalc-dims=\"1\" decoding=\"async\" class=\"bbc-139onq pf-large-image caption-img flex-width pf-size-full mediumImage\" src=\"https:\/\/i0.wp.com\/ichef.bbci.co.uk\/ace\/ws\/640\/cpsprodpb\/2e36\/live\/4f600380-3d5d-11ef-96a8-e710c6bfc866.jpg.webp?w=600&#038;ssl=1\" sizes=\"(min-width: 1008px) 760px, 100vw\" srcset=\"\" alt=\"cama em casa\"  data-pf_style_display=\"inline\" data-pf_style_visibility=\"visible\" data-pf_rect_width=\"104.828125\" data-pf_rect_height=\"18\" \/><\/div>\n<\/figure>\n<div class=\"bbc-4quw3x e1rfboeq7\" dir=\"ltr\" data-pf_style_display=\"block\" data-pf_style_visibility=\"visible\">\n<div class=\"bbc-19j92fr ebmt73l0\" dir=\"ltr\" data-pf_style_display=\"block\" data-pf_style_visibility=\"visible\">\n<p class=\"bbc-hhl7in e17g058b0 added-to-list1\" dir=\"ltr\" data-pf_style_display=\"block\" data-pf_style_visibility=\"visible\"><span class=\"text-node\">&#8220;Os alugu\u00e9is de curto prazo oferecem a possibilidade de ficar em um local um pouco mais aut\u00eantico&#8221;, afirma a editora respons\u00e1vel de viagens e especialista em hot\u00e9is do jornal brit\u00e2nico The Times, Lucy Perrin.<\/span><\/p>\n<\/div>\n<div class=\"bbc-19j92fr ebmt73l0\" dir=\"ltr\" data-pf_style_display=\"block\" data-pf_style_visibility=\"visible\">\n<p class=\"bbc-hhl7in e17g058b0 added-to-list1\" dir=\"ltr\" data-pf_style_display=\"block\" data-pf_style_visibility=\"visible\"><span class=\"text-node\">&#8220;\u00c9 uma experi\u00eancia menos impessoal, mais local e, obviamente, os pre\u00e7os podem ser melhores&#8221;, explica ela. &#8220;Eles tendem a funcionar bem com fam\u00edlias, grupos e viajantes mais aventureiros. Pessoas que procuram um cobertor de seguran\u00e7a, onde eles sabem exatamente o que ir\u00e3o receber, costumam ficar em hot\u00e9is.&#8221;<\/span><\/p>\n<\/div>\n<div class=\"bbc-19j92fr ebmt73l0\" dir=\"ltr\" data-pf_style_display=\"block\" data-pf_style_visibility=\"visible\">\n<p class=\"bbc-hhl7in e17g058b0 added-to-list1\" dir=\"ltr\" data-pf_style_display=\"block\" data-pf_style_visibility=\"visible\"><span class=\"text-node\">Parece claro que retirar os alugu\u00e9is de curto prazo do mercado de viagens ir\u00e1 resultar em <\/span><span class=\"text-node\">pre\u00e7os de acomoda\u00e7\u00e3o mais altos para os turistas<\/span><span class=\"text-node\">.<\/span><\/p>\n<\/div>\n<div class=\"bbc-19j92fr ebmt73l0\" dir=\"ltr\" data-pf_style_display=\"block\" data-pf_style_visibility=\"visible\">\n<p class=\"bbc-hhl7in e17g058b0 added-to-list1\" dir=\"ltr\" data-pf_style_display=\"block\" data-pf_style_visibility=\"visible\"><span class=\"text-node\">&#8220;Eu ficaria surpresa se os hot\u00e9is n\u00e3o se aproveitassem desta situa\u00e7\u00e3o&#8221;, afirma Perrin.<\/span><\/p>\n<\/div>\n<div class=\"bbc-19j92fr ebmt73l0\" dir=\"ltr\" data-pf_style_display=\"block\" data-pf_style_visibility=\"visible\">\n<p class=\"bbc-hhl7in e17g058b0 added-to-list1\" dir=\"ltr\" data-pf_style_display=\"block\" data-pf_style_visibility=\"visible\"><span class=\"text-node\">Para Caitlin Ramsdale, da plataforma de viagens em fam\u00edlia <\/span><a class=\"focusIndicatorReducedWidth bbc-n8oauk e1p3sufg0\" href=\"https:\/\/www.kidandcoe.com\/\" aria-label=\"Kid &amp; Coe, externo\" data-pf_style_display=\"inline\" data-pf_style_visibility=\"visible\"><span class=\"text-node\">Kid &amp; Coe<\/span><\/a><span class=\"text-node\">, quem obviamente ir\u00e1 perder s\u00e3o as fam\u00edlias.<\/span><\/p>\n<\/div>\n<div class=\"bbc-19j92fr ebmt73l0\" dir=\"ltr\" data-pf_style_display=\"block\" data-pf_style_visibility=\"visible\">\n<p class=\"bbc-hhl7in e17g058b0 added-to-list1\" dir=\"ltr\" data-pf_style_display=\"block\" data-pf_style_visibility=\"visible\"><span class=\"text-node\">&#8220;Existem muitos grupos para os quais ter os hot\u00e9is como \u00fanica op\u00e7\u00e3o simplesmente n\u00e3o funciona&#8221;, segundo ela.<\/span><\/p>\n<\/div>\n<div class=\"bbc-19j92fr ebmt73l0\" dir=\"ltr\" data-pf_style_display=\"block\" data-pf_style_visibility=\"visible\">\n<p class=\"bbc-hhl7in e17g058b0 added-to-list1\" dir=\"ltr\" data-pf_style_display=\"block\" data-pf_style_visibility=\"visible\"><span class=\"text-node\">&#8220;Embora o setor de hot\u00e9is tenha concentrado muitos esfor\u00e7os para acomodar fam\u00edlias, a configura\u00e7\u00e3o e os pre\u00e7os dos quartos n\u00e3o funcionam para a maioria das fam\u00edlias que procuram viagens curtas, especialmente as que t\u00eam dois ou mais filhos. \u00c9 preciso ter uma forma de conciliar os objetivos da cidade com o atendimento a este segmento de viajantes \u2013 \u00e9 uma imensa perda para os pais que querem apresentar o mundo aos seus filhos.&#8221;<\/span><\/p>\n<\/div>\n<div class=\"bbc-19j92fr ebmt73l0\" dir=\"ltr\" data-pf_style_display=\"block\" data-pf_style_visibility=\"visible\">\n<p class=\"bbc-hhl7in e17g058b0 added-to-list1\" dir=\"ltr\" data-pf_style_display=\"block\" data-pf_style_visibility=\"visible\"><span class=\"text-node\">A quest\u00e3o \u00e9: proibir ou restringir os alugu\u00e9is de curto prazo realmente reduz o custo da moradia ou influencia a quantidade de im\u00f3veis dispon\u00edveis?<\/span><\/p>\n<\/div>\n<div class=\"bbc-19j92fr ebmt73l0\" dir=\"ltr\" data-pf_style_display=\"block\" data-pf_style_visibility=\"visible\">\n<p class=\"bbc-hhl7in e17g058b0 added-to-list1\" dir=\"ltr\" data-pf_style_display=\"block\" data-pf_style_visibility=\"visible\"><span class=\"text-node\">Um estudo da revista Harvard Business Review sobre o impacto da proibi\u00e7\u00e3o em Nova York, publicado no in\u00edcio deste ano, concluiu que, neste caso, os alugu\u00e9is de curto prazo n\u00e3o s\u00e3o o fator mais importante para a alta dos alugu\u00e9is. O estudo tamb\u00e9m indicou que a cria\u00e7\u00e3o de regulamenta\u00e7\u00f5es, em vez de proibi\u00e7\u00f5es, ofereceria melhores benef\u00edcios para a cidade e para os moradores locais.<\/span><\/p>\n<\/div>\n<div class=\"bbc-19j92fr ebmt73l0\" dir=\"ltr\" data-pf_style_display=\"block\" data-pf_style_visibility=\"visible\">\n<p class=\"bbc-hhl7in e17g058b0 added-to-list1\" dir=\"ltr\" data-pf_style_display=\"block\" data-pf_style_visibility=\"visible\"><span class=\"text-node\">Um resultado claro da proibi\u00e7\u00e3o foi o aumento das tarifas dos quartos de hot\u00e9is em Nova York, que atingiram a m\u00e9dia recorde de US$ 300 (cerca de R$ 1.650) por noite.<\/span><\/p>\n<\/div>\n<figure class=\"bbc-1qn0xuy pf-caption added-to-list1 flex-width mediumImage pf-size-full\" data-pf_style_display=\"block\" data-pf_style_visibility=\"visible\">\n<div class=\"bbc-j1srjl\" data-pf_style_display=\"block\" data-pf_style_visibility=\"visible\"><img data-recalc-dims=\"1\" decoding=\"async\" class=\"bbc-139onq pf-large-image caption-img flex-width pf-size-full mediumImage\" src=\"https:\/\/i0.wp.com\/ichef.bbci.co.uk\/ace\/ws\/640\/cpsprodpb\/ca27\/live\/0b028770-3d5e-11ef-96a8-e710c6bfc866.jpg.webp?w=600&#038;ssl=1\" sizes=\"(min-width: 1008px) 760px, 100vw\" srcset=\"\" alt=\"protesto em Berlim\"  data-pf_style_display=\"inline\" data-pf_style_visibility=\"visible\" data-pf_rect_width=\"139.53125\" data-pf_rect_height=\"18\" \/><\/div>\n<\/figure>\n<\/div>\n<div data-pf_style_display=\"block\" data-pf_style_visibility=\"visible\">\n<div class=\"bbc-19j92fr ebmt73l0\" dir=\"ltr\" data-pf_style_display=\"block\" data-pf_style_visibility=\"visible\">\n<p class=\"bbc-hhl7in e17g058b0 added-to-list1\" dir=\"ltr\" data-pf_style_display=\"block\" data-pf_style_visibility=\"visible\"><span class=\"text-node\">Mas por que os respons\u00e1veis pelo turismo e os conselhos municipais recorrem a proibi\u00e7\u00f5es? O real motivo talvez n\u00e3o seja apenas quest\u00e3o de n\u00fameros, mas a forma como os moradores locais se sentem em rela\u00e7\u00e3o ao turismo.<\/span><\/p>\n<\/div>\n<div class=\"bbc-19j92fr ebmt73l0\" dir=\"ltr\" data-pf_style_display=\"block\" data-pf_style_visibility=\"visible\">\n<p class=\"bbc-hhl7in e17g058b0 added-to-list1\" dir=\"ltr\" data-pf_style_display=\"block\" data-pf_style_visibility=\"visible\"><span class=\"text-node\">A Espanha, por exemplo, \u00e9 o <\/span><a class=\"focusIndicatorReducedWidth bbc-n8oauk e1p3sufg0\" href=\"https:\/\/www.responsibletravel.com\/copy\/overtourism-in-barcelona\" aria-label=\"epicentro da crise do turismo em massa, externo\" data-pf_style_display=\"inline\" data-pf_style_visibility=\"visible\"><span class=\"text-node\">epicentro da crise do turismo em massa<\/span><\/a><span class=\"text-node\"> na Europa. Os moradores locais expressam forte oposi\u00e7\u00e3o ao turismo, que eles percebem como uma ind\u00fastria que n\u00e3o os beneficia. Este movimento vem ocorrendo em destinos tradicionais como M\u00e1laga, Maiorca e nas <\/span><a class=\"focusIndicatorReducedWidth bbc-n8oauk e1p3sufg0\" href=\"https:\/\/www.bbc.com\/portuguese\/articles\/c0jj3wlkd11o\" data-pf_style_display=\"inline\" data-pf_style_visibility=\"visible\"><span class=\"text-node\">ilhas Can\u00e1rias<\/span><\/a><span class=\"text-node\">, al\u00e9m da pr\u00f3pria cidade de Barcelona.<\/span><\/p>\n<\/div>\n<div class=\"bbc-19j92fr ebmt73l0\" dir=\"ltr\" data-pf_style_display=\"block\" data-pf_style_visibility=\"visible\">\n<p class=\"bbc-hhl7in e17g058b0 added-to-list1\" dir=\"ltr\" data-pf_style_display=\"block\" data-pf_style_visibility=\"visible\"><span class=\"text-node\">De muitas formas, este parece ser a progress\u00e3o do debate sobre a &#8220;segunda casa&#8221;, que vem enfurecendo certos lugares h\u00e1 d\u00e9cadas, como a <\/span><a class=\"focusIndicatorReducedWidth bbc-n8oauk e1p3sufg0\" href=\"https:\/\/www.bbc.com\/news\/articles\/c0dd4kdpp3po\" data-pf_style_display=\"inline\" data-pf_style_visibility=\"visible\"><span class=\"text-node\">Cornualha<\/span><\/a><span class=\"text-node\">, no Reino Unido.<\/span><\/p>\n<\/div>\n<div class=\"bbc-19j92fr ebmt73l0\" dir=\"ltr\" data-pf_style_display=\"block\" data-pf_style_visibility=\"visible\">\n<p class=\"bbc-hhl7in e17g058b0 added-to-list1\" dir=\"ltr\" data-pf_style_display=\"block\" data-pf_style_visibility=\"visible\"><span class=\"text-node\">Em cidades lotadas de turistas, os moradores locais s\u00e3o rotineiramente exclu\u00eddos do mercado habitacional, devido aos altos pre\u00e7os. Eles s\u00e3o for\u00e7ados a morar em carros ou enfrentar horas de transporte para trabalhar todos os dias.<\/span><\/p>\n<\/div>\n<div class=\"bbc-19j92fr ebmt73l0\" dir=\"ltr\" data-pf_style_display=\"block\" data-pf_style_visibility=\"visible\">\n<p class=\"bbc-hhl7in e17g058b0 added-to-list1\" dir=\"ltr\" data-pf_style_display=\"block\" data-pf_style_visibility=\"visible\"><span class=\"text-node\">Nesta situa\u00e7\u00e3o, parece imensamente injusto encontrar cidades tomadas por im\u00f3veis para aluguel de temporada, que permanecem fechados na maior parte do ano e poderiam beneficiar os moradores locais.<\/span><\/p>\n<\/div>\n<div class=\"bbc-19j92fr ebmt73l0\" dir=\"ltr\" data-pf_style_display=\"block\" data-pf_style_visibility=\"visible\">\n<p class=\"bbc-hhl7in e17g058b0 added-to-list1\" dir=\"ltr\" data-pf_style_display=\"block\" data-pf_style_visibility=\"visible\"><span class=\"text-node\">Esta n\u00e3o \u00e9 \u00fanica causa da crise habitacional. A estagna\u00e7\u00e3o dos sal\u00e1rios, especialmente dos funcion\u00e1rios p\u00fablicos, e programas habitacionais limitados tamb\u00e9m t\u00eam influ\u00eancia. Mas, certamente, este \u00e9 o motivo mais vis\u00edvel.<\/span><\/p>\n<\/div>\n<div class=\"bbc-19j92fr ebmt73l0\" dir=\"ltr\" data-pf_style_display=\"block\" data-pf_style_visibility=\"visible\">\n<p class=\"bbc-hhl7in e17g058b0 added-to-list1\" dir=\"ltr\" data-pf_style_display=\"block\" data-pf_style_visibility=\"visible\"><span class=\"text-node\">Na Col\u00fambia Brit\u00e2nica, no Canad\u00e1, o primeiro-ministro local David Eby definiu a quest\u00e3o de forma sucinta, ao expor as novas normas de aluguel de curto prazo da prov\u00edncia:<\/span><\/p>\n<\/div>\n<div class=\"bbc-19j92fr ebmt73l0\" dir=\"ltr\" data-pf_style_display=\"block\" data-pf_style_visibility=\"visible\">\n<p class=\"bbc-hhl7in e17g058b0 added-to-list1\" dir=\"ltr\" data-pf_style_display=\"block\" data-pf_style_visibility=\"visible\"><span class=\"text-node\">&#8220;Se voc\u00ea estiver alternando casas, se estiver comprando locais para aluguel de curto prazo, se estiver comprando uma casa para deix\u00e1-la vazia, n\u00f3s enviamos esta mensagem de forma consistente, p\u00fablica e repetida: n\u00e3o deixe que fam\u00edlias e indiv\u00edduos que est\u00e3o procurando um lugar para morar concorram com os seus d\u00f3lares de investimento.&#8221;<\/span><\/p>\n<\/div>\n<div class=\"bbc-19j92fr ebmt73l0\" dir=\"ltr\" data-pf_style_display=\"block\" data-pf_style_visibility=\"visible\">\n<p class=\"bbc-hhl7in e17g058b0 added-to-list1\" dir=\"ltr\" data-pf_style_display=\"block\" data-pf_style_visibility=\"visible\"><span class=\"text-node\">Bem sucedidas ou n\u00e3o, as proibi\u00e7\u00f5es enviam um sinal para os moradores locais: que os pol\u00edticos est\u00e3o ouvindo suas preocupa\u00e7\u00f5es e ir\u00e3o prioriz\u00e1-los em rela\u00e7\u00e3o aos turistas. Mas existe uma alternativa \u00e0 proibi\u00e7\u00e3o total.<\/span><\/p>\n<\/div>\n<div class=\"bbc-19j92fr ebmt73l0\" dir=\"ltr\" data-pf_style_display=\"block\" data-pf_style_visibility=\"visible\">\n<p class=\"bbc-hhl7in e17g058b0 added-to-list1\" dir=\"ltr\" data-pf_style_display=\"block\" data-pf_style_visibility=\"visible\"><span class=\"text-node\">Muitos destinos, como Berlim, restringem os ocupantes propriet\u00e1rios a um per\u00edodo m\u00e1ximo de aluguel de 90 dias por ano. Esta limita\u00e7\u00e3o permite que os anfitri\u00f5es tempor\u00e1rios continuem a ganhar uma renda extra, mas evita que profissionais comprem im\u00f3veis para transform\u00e1-los em locais de aluguel de curto prazo em tempo integral.<\/span><\/p>\n<\/div>\n<div class=\"bbc-19j92fr ebmt73l0\" dir=\"ltr\" data-pf_style_display=\"block\" data-pf_style_visibility=\"visible\">\n<p class=\"bbc-hhl7in e17g058b0 added-to-list1\" dir=\"ltr\" data-pf_style_display=\"block\" data-pf_style_visibility=\"visible\"><span class=\"text-node\">A discuss\u00e3o em todos os pa\u00edses que est\u00e3o seguindo este caminho \u2013 incluindo o Reino Unido, que apresentou uma proposta similar \u2013 \u00e9 a regulamenta\u00e7\u00e3o. Como e quanto custa regulamentar esta situa\u00e7\u00e3o?<\/span><\/p>\n<\/div>\n<figure class=\"bbc-1qn0xuy pf-caption added-to-list1 flex-width mediumImage pf-size-full\" data-pf_style_display=\"block\" data-pf_style_visibility=\"visible\">\n<div class=\"bbc-j1srjl\" data-pf_style_display=\"block\" data-pf_style_visibility=\"visible\"><img data-recalc-dims=\"1\" decoding=\"async\" class=\"bbc-139onq pf-large-image caption-img flex-width pf-size-full mediumImage\" src=\"https:\/\/i0.wp.com\/ichef.bbci.co.uk\/ace\/ws\/640\/cpsprodpb\/2537\/live\/807b0220-3d5e-11ef-9e1c-3b4a473456a6.jpg.webp?w=600&#038;ssl=1\" sizes=\"(min-width: 1008px) 760px, 100vw\" srcset=\"\" alt=\"turistas andando com malas perto de aeroporto\"  data-pf_style_display=\"inline\" data-pf_style_visibility=\"visible\" data-pf_rect_width=\"314.578125\" data-pf_rect_height=\"18\" \/><\/div>\n<\/figure>\n<div data-pf_style_display=\"block\" data-pf_style_visibility=\"visible\">\n<div class=\"bbc-19j92fr ebmt73l0\" dir=\"ltr\" data-pf_style_display=\"block\" data-pf_style_visibility=\"visible\">\n<p class=\"bbc-hhl7in e17g058b0 added-to-list1\" dir=\"ltr\" data-pf_style_display=\"block\" data-pf_style_visibility=\"visible\"><span class=\"text-node\">Para os turistas, as not\u00edcias parecem ser predominantemente negativas. Quando o assunto \u00e9 a limita\u00e7\u00e3o dos alugu\u00e9is de curto prazo, os hot\u00e9is e Airbnbs parecem ser provavelmente os principais ganhadores. A demanda supera a oferta e eles podem cobrar o quanto quiserem, sem grande concorr\u00eancia.<\/span><\/p>\n<\/div>\n<div class=\"bbc-19j92fr ebmt73l0\" dir=\"ltr\" data-pf_style_display=\"block\" data-pf_style_visibility=\"visible\">\n<p class=\"bbc-hhl7in e17g058b0 added-to-list1\" dir=\"ltr\" data-pf_style_display=\"block\" data-pf_style_visibility=\"visible\"><span class=\"text-node\">Mas Perrin observa os benef\u00edcios em rela\u00e7\u00e3o \u00e0 experi\u00eancia dos turistas.<\/span><\/p>\n<\/div>\n<div class=\"bbc-19j92fr ebmt73l0\" dir=\"ltr\" data-pf_style_display=\"block\" data-pf_style_visibility=\"visible\">\n<p class=\"bbc-hhl7in e17g058b0 added-to-list1\" dir=\"ltr\" data-pf_style_display=\"block\" data-pf_style_visibility=\"visible\"><span class=\"text-node\">&#8220;Acho que a proibi\u00e7\u00e3o dos alugu\u00e9is de curto prazo ir\u00e1 fazer com que as viagens para cidades como Barcelona sejam mais aut\u00eanticas&#8221;, segundo ela. &#8220;Quando os moradores s\u00e3o retirados do centro da cidade, pode faltar vibra\u00e7\u00e3o e cultura. Isso ir\u00e1 trazer melhor experi\u00eancia.&#8221;<\/span><\/p>\n<\/div>\n<div class=\"bbc-19j92fr ebmt73l0\" dir=\"ltr\" data-pf_style_display=\"block\" data-pf_style_visibility=\"visible\">\n<p class=\"bbc-hhl7in e17g058b0 added-to-list1\" dir=\"ltr\" data-pf_style_display=\"block\" data-pf_style_visibility=\"visible\"><span class=\"text-node\">&#8220;Acho que os turistas precisar\u00e3o ser mais criativos sobre os lugares onde ir\u00e3o ficar e talvez sejam conduzidos para cidades onde podem alternar locais diferentes.&#8221;<\/span><\/p>\n<\/div>\n<div class=\"bbc-19j92fr ebmt73l0\" dir=\"ltr\" data-pf_style_display=\"block\" data-pf_style_visibility=\"visible\">\n<p class=\"bbc-hhl7in e17g058b0 added-to-list1\" dir=\"ltr\" data-pf_style_display=\"block\" data-pf_style_visibility=\"visible\"><span class=\"text-node\">&#8220;No longo prazo, acho que a proibi\u00e7\u00e3o ir\u00e1 oferecer uma experi\u00eancia mais rica para os turistas e menos animosidade com os moradores locais, o que, em \u00faltima an\u00e1lise, \u00e9 algo bom&#8221;, conclui Lucy Perrin.<\/span><\/p>\n<\/div>\n<div class=\"bbc-19j92fr ebmt73l0\" dir=\"ltr\" data-pf_style_display=\"block\" data-pf_style_visibility=\"visible\">\n<p>&nbsp;<\/p>\n<\/div>\n<\/div>\n<\/div>\n","protected":false},"excerpt":{"rendered":"<p>BBC &#8211; No \u00faltimo dia 21 de junho, o prefeito de Barcelona, na Espanha, Jaume Collboni, anunciou seus planos de proibir alugu\u00e9is de im\u00f3veis de curto prazo na cidade, a partir de novembro de 2028.<\/p>\n","protected":false},"author":1,"featured_media":0,"comment_status":"closed","ping_status":"open","sticky":false,"template":"","format":"standard","meta":{"_exactmetrics_skip_tracking":false,"_exactmetrics_sitenote_active":false,"_exactmetrics_sitenote_note":"","_exactmetrics_sitenote_category":0,"jetpack_post_was_ever_published":false,"_jetpack_newsletter_access":"","_jetpack_dont_email_post_to_subs":false,"_jetpack_newsletter_tier_id":0,"_jetpack_memberships_contains_paywalled_content":false,"_jetpack_memberships_contains_paid_content":false,"footnotes":"","jetpack_publicize_message":"","jetpack_publicize_feature_enabled":true,"jetpack_social_post_already_shared":true,"jetpack_social_options":{"image_generator_settings":{"template":"highway","enabled":false},"version":2}},"categories":[1],"tags":[1034,1035,1036],"class_list":["post-35483","post","type-post","status-publish","format-standard","hentry","category-notas","tag-airbnb","tag-aluguel","tag-banimento"],"jetpack_publicize_connections":[],"jetpack_sharing_enabled":true,"jetpack_featured_media_url":"","jetpack_shortlink":"https:\/\/wp.me\/p7wKYW-9ej","jetpack-related-posts":[],"_links":{"self":[{"href":"http:\/\/blogdalucianaoliveira.com.br\/blog\/wp-json\/wp\/v2\/posts\/35483","targetHints":{"allow":["GET"]}}],"collection":[{"href":"http:\/\/blogdalucianaoliveira.com.br\/blog\/wp-json\/wp\/v2\/posts"}],"about":[{"href":"http:\/\/blogdalucianaoliveira.com.br\/blog\/wp-json\/wp\/v2\/types\/post"}],"author":[{"embeddable":true,"href":"http:\/\/blogdalucianaoliveira.com.br\/blog\/wp-json\/wp\/v2\/users\/1"}],"replies":[{"embeddable":true,"href":"http:\/\/blogdalucianaoliveira.com.br\/blog\/wp-json\/wp\/v2\/comments?post=35483"}],"version-history":[{"count":3,"href":"http:\/\/blogdalucianaoliveira.com.br\/blog\/wp-json\/wp\/v2\/posts\/35483\/revisions"}],"predecessor-version":[{"id":35488,"href":"http:\/\/blogdalucianaoliveira.com.br\/blog\/wp-json\/wp\/v2\/posts\/35483\/revisions\/35488"}],"wp:attachment":[{"href":"http:\/\/blogdalucianaoliveira.com.br\/blog\/wp-json\/wp\/v2\/media?parent=35483"}],"wp:term":[{"taxonomy":"category","embeddable":true,"href":"http:\/\/blogdalucianaoliveira.com.br\/blog\/wp-json\/wp\/v2\/categories?post=35483"},{"taxonomy":"post_tag","embeddable":true,"href":"http:\/\/blogdalucianaoliveira.com.br\/blog\/wp-json\/wp\/v2\/tags?post=35483"}],"curies":[{"name":"wp","href":"https:\/\/api.w.org\/{rel}","templated":true}]}}