{"id":35492,"date":"2024-07-11T11:51:06","date_gmt":"2024-07-11T15:51:06","guid":{"rendered":"http:\/\/blogdalucianaoliveira.com.br\/blog\/?p=35492"},"modified":"2024-07-11T11:51:06","modified_gmt":"2024-07-11T15:51:06","slug":"camara-aprova-projeto-de-regulamentacao-da-reforma-tributaria-com-carne-isenta-de-imposto","status":"publish","type":"post","link":"http:\/\/blogdalucianaoliveira.com.br\/blog\/2024\/07\/11\/camara-aprova-projeto-de-regulamentacao-da-reforma-tributaria-com-carne-isenta-de-imposto\/","title":{"rendered":"C\u00e2mara aprova projeto de regulamenta\u00e7\u00e3o da reforma tribut\u00e1ria com carne isenta de imposto"},"content":{"rendered":"<div class=\"row content-head mc-column non-featured \">\n<div class=\"medium-centered subtitle\">\n<h2><img data-recalc-dims=\"1\" loading=\"lazy\" decoding=\"async\" data-attachment-id=\"35493\" data-permalink=\"http:\/\/blogdalucianaoliveira.com.br\/blog\/2024\/07\/11\/camara-aprova-projeto-de-regulamentacao-da-reforma-tributaria-com-carne-isenta-de-imposto\/download-4\/\" data-orig-file=\"https:\/\/i0.wp.com\/blogdalucianaoliveira.com.br\/blog\/wp-content\/uploads\/2024\/07\/download.jpeg?fit=300%2C168\" data-orig-size=\"300,168\" data-comments-opened=\"0\" data-image-meta=\"{&quot;aperture&quot;:&quot;0&quot;,&quot;credit&quot;:&quot;&quot;,&quot;camera&quot;:&quot;&quot;,&quot;caption&quot;:&quot;&quot;,&quot;created_timestamp&quot;:&quot;0&quot;,&quot;copyright&quot;:&quot;&quot;,&quot;focal_length&quot;:&quot;0&quot;,&quot;iso&quot;:&quot;0&quot;,&quot;shutter_speed&quot;:&quot;0&quot;,&quot;title&quot;:&quot;&quot;,&quot;orientation&quot;:&quot;0&quot;}\" data-image-title=\"download\" data-image-description=\"\" data-image-caption=\"\" data-medium-file=\"https:\/\/i0.wp.com\/blogdalucianaoliveira.com.br\/blog\/wp-content\/uploads\/2024\/07\/download.jpeg?fit=300%2C168\" data-large-file=\"https:\/\/i0.wp.com\/blogdalucianaoliveira.com.br\/blog\/wp-content\/uploads\/2024\/07\/download.jpeg?fit=300%2C168\" class=\"alignnone size-full wp-image-35493\" src=\"https:\/\/i0.wp.com\/blogdalucianaoliveira.com.br\/blog\/wp-content\/uploads\/2024\/07\/download.jpeg?resize=300%2C168\" alt=\"\" width=\"300\" height=\"168\" \/><\/h2>\n<h2 class=\"content-head__subtitle\">Deputados decidiram ainda n\u00e3o submeter armas e muni\u00e7\u00f5es ao imposto seletivo, que taxar\u00e1 itens prejudiciais \u00e0 sa\u00fade ou \u00e0 natureza. Projeto agora vai para o Senado.<\/h2>\n<\/div>\n<\/div>\n<p><!--more--><\/p>\n<div class=\"content__signa-share mc-column\">\n<div class=\"content__signature\">\n<div class=\"content-publication-data\">\n<div class=\"content-publication-data__text\">\n<p class=\"content-publication-data__from\" title=\"Luiz Felipe Barbi\u00e9ri, Kevin Lima, Paloma Rodrigues\" data-mrf-recirculation=\"Autor\">Por\u00a0Luiz Felipe Barbi\u00e9ri,\u00a0Kevin Lima,\u00a0Paloma Rodrigues, g1 e TV Globo\u00a0\u2014 Bras\u00edlia<\/p>\n<div class=\"row content-head mc-column non-featured \">\n<div class=\"medium-centered subtitle\"><\/div>\n<\/div>\n<div class=\"content__signa-share mc-column\">\n<div class=\"content__signature\">\n<div class=\"content-publication-data\">\n<div class=\"content-publication-data__text\">\n<div id=\"chunk-73lqs\">\n<div class=\"mc-column content-text active-extra-styles \" data-block-type=\"unstyled\" data-block-weight=\"18\" data-block-id=\"2\">\n<p class=\" content-text__container \" data-track-category=\"Link no Texto\" data-track-links=\"\" data-mrf-recirculation=\"Article links\">A\u00a0C\u00e2mara dos Deputados\u00a0aprovou nesta quarta-feira (10) o primeiro projeto que regulamenta a reforma tribut\u00e1ria.<\/p>\n<\/div>\n<\/div>\n<div class=\"wall protected-content\">\n<div id=\"chunk-6s2d5\">\n<div class=\"mc-column content-text active-extra-styles \" data-block-type=\"unstyled\" data-block-weight=\"12\" data-block-id=\"4\">\n<p class=\" content-text__container \" data-track-category=\"Link no Texto\" data-track-links=\"\" data-mrf-recirculation=\"Article links\">Mais abaixo, voc\u00ea pode ver o que o projeto aprovado diz sobre:<\/p>\n<\/div>\n<\/div>\n<div id=\"chunk-e4d8g\">\n<div class=\"mc-column content-text active-extra-styles\" data-block-type=\"raw\" data-block-weight=\"41\" data-block-id=\"5\">\n<p class=\"content-text__container\" data-mrf-recirculation=\"Article links\">\n<ul class=\"content-unordered-list\" data-mrf-recirculation=\"Recomendado\">\n<li><a class=\"\" href=\"https:\/\/g1.globo.com\/economia\/noticia\/2024\/07\/10\/camara-aprova-texto-base-do-primeiro-projeto-de-regulamentacao-da-reforma-tributaria.ghtml\/1\" data-mrf-link=\"https:\/\/g1.globo.com\/economia\/noticia\/2024\/07\/10\/camara-aprova-texto-base-do-primeiro-projeto-de-regulamentacao-da-reforma-tributaria.ghtml\/1\">Alimentos que ser\u00e3o isentos<\/a><a class=\"\" href=\"https:\/\/g1.globo.com\/economia\/noticia\/2024\/07\/10\/camara-aprova-texto-base-do-primeiro-projeto-de-regulamentacao-da-reforma-tributaria.ghtml#1\" data-mrf-link=\"https:\/\/g1.globo.com\/economia\/noticia\/2024\/07\/10\/camara-aprova-texto-base-do-primeiro-projeto-de-regulamentacao-da-reforma-tributaria.ghtml\">\u00a0<\/a><a class=\"\" href=\"https:\/\/g1.globo.com\/economia\/noticia\/2024\/07\/10\/camara-aprova-texto-base-do-primeiro-projeto-de-regulamentacao-da-reforma-tributaria.ghtml\/1\" data-mrf-link=\"https:\/\/g1.globo.com\/economia\/noticia\/2024\/07\/10\/camara-aprova-texto-base-do-primeiro-projeto-de-regulamentacao-da-reforma-tributaria.ghtml\/1\">de impostos<\/a><\/li>\n<li><a class=\"\" href=\"https:\/\/g1.globo.com\/economia\/noticia\/2024\/07\/10\/camara-aprova-texto-base-do-primeiro-projeto-de-regulamentacao-da-reforma-tributaria.ghtml#2\" data-mrf-link=\"https:\/\/g1.globo.com\/economia\/noticia\/2024\/07\/10\/camara-aprova-texto-base-do-primeiro-projeto-de-regulamentacao-da-reforma-tributaria.ghtml\">Como ser\u00e1 o &#8216;cashback&#8217; de impostos para fam\u00edlias carentes<\/a><\/li>\n<li><a class=\"\" href=\"https:\/\/g1.globo.com\/economia\/noticia\/2024\/07\/10\/camara-aprova-texto-base-do-primeiro-projeto-de-regulamentacao-da-reforma-tributaria.ghtml#3\" data-mrf-link=\"https:\/\/g1.globo.com\/economia\/noticia\/2024\/07\/10\/camara-aprova-texto-base-do-primeiro-projeto-de-regulamentacao-da-reforma-tributaria.ghtml\">Quais produtos pagar\u00e3o imposto seletivo, por fazerem mal \u00e0 sa\u00fade ou \u00e0 natureza<\/a><\/li>\n<li><a class=\"\" href=\"https:\/\/g1.globo.com\/economia\/noticia\/2024\/07\/10\/camara-aprova-texto-base-do-primeiro-projeto-de-regulamentacao-da-reforma-tributaria.ghtml#4\" data-mrf-link=\"https:\/\/g1.globo.com\/economia\/noticia\/2024\/07\/10\/camara-aprova-texto-base-do-primeiro-projeto-de-regulamentacao-da-reforma-tributaria.ghtml\">Redu\u00e7\u00e3o de impostos para rem\u00e9dios<\/a><\/li>\n<li><a class=\"\" href=\"https:\/\/g1.globo.com\/economia\/noticia\/2024\/07\/10\/camara-aprova-texto-base-do-primeiro-projeto-de-regulamentacao-da-reforma-tributaria.ghtml\" data-mrf-link=\"https:\/\/g1.globo.com\/economia\/noticia\/2024\/07\/10\/camara-aprova-texto-base-do-primeiro-projeto-de-regulamentacao-da-reforma-tributaria.ghtml\">Regras para im\u00f3veis<\/a><\/li>\n<li><a class=\"\" href=\"https:\/\/g1.globo.com\/economia\/noticia\/2024\/07\/10\/camara-aprova-texto-base-do-primeiro-projeto-de-regulamentacao-da-reforma-tributaria.ghtml#5\" data-mrf-link=\"https:\/\/g1.globo.com\/economia\/noticia\/2024\/07\/10\/camara-aprova-texto-base-do-primeiro-projeto-de-regulamentacao-da-reforma-tributaria.ghtml\">Regras para gastos com pets<\/a><\/li>\n<\/ul>\n<p>&nbsp;<\/p>\n<\/div>\n<\/div>\n<div id=\"chunk-f1l2a\">\n<div class=\"mc-column content-text active-extra-styles \" data-block-type=\"unstyled\" data-block-weight=\"45\" data-block-id=\"6\">\n<p class=\" content-text__container \" data-track-category=\"Link no Texto\" data-track-links=\"\" data-mrf-recirculation=\"Article links\">A vota\u00e7\u00e3o teve 336 votos a favor e 142 contr\u00e1rios. O texto ainda vai para o Senado. \u00c9 importante lembrar que as regras da reforma tribut\u00e1ria ser\u00e3o aplicadas de forma escalonada nos pr\u00f3ximos anos, e todos seus efeitos ser\u00e3o sentidos ao longo do tempo.<\/p>\n<\/div>\n<\/div>\n<div id=\"chunk-3ajvt\">\n<div class=\"content-ads content-ads--reveal\" data-block-type=\"ads\" data-block-id=\"7\"><\/div>\n<\/div>\n<div id=\"chunk-2unlt\">\n<div class=\"mc-column content-text active-extra-styles \" data-block-type=\"unstyled\" data-block-weight=\"59\" data-block-id=\"8\">\n<p class=\" content-text__container \" data-track-category=\"Link no Texto\" data-track-links=\"\" data-mrf-recirculation=\"Article links\">Depois de votar o texto-base, os deputados analisaram os chamados destaques \u2014 sugest\u00f5es de altera\u00e7\u00e3o no texto. A principal discuss\u00e3o dessa etapa foi a tributa\u00e7\u00e3o zero da carne bovina e do frango,\u00a0<a class=\"\" href=\"https:\/\/g1.globo.com\/economia\/noticia\/2024\/07\/10\/governistas-cedem-e-decidem-colocar-carne-no-grupo-de-itens-isentos-de-impostos.ghtml\" data-mrf-link=\"https:\/\/g1.globo.com\/economia\/noticia\/2024\/07\/10\/governistas-cedem-e-decidem-colocar-carne-no-grupo-de-itens-isentos-de-impostos.ghtml\">uma demanda do presidente Luiz In\u00e1cio Lula da Silva que foi defendida tamb\u00e9m pela oposi\u00e7\u00e3o<\/a>, mas que n\u00e3o era bem vista pela equipe econ\u00f4mica do governo.<\/p>\n<\/div>\n<\/div>\n<div id=\"chunk-da1v3\">\n<div class=\"mc-column content-text active-extra-styles \" data-block-type=\"unstyled\" data-block-weight=\"21\" data-block-id=\"9\">\n<p class=\" content-text__container \" data-track-category=\"Link no Texto\" data-track-links=\"\" data-mrf-recirculation=\"Article links\">E esse destaque foi aprovado. Ou seja, a carne vermelha entra na cesta b\u00e1sica e n\u00e3o pagar\u00e1 imposto sobre consumo.<\/p>\n<\/div>\n<\/div>\n<div id=\"chunk-6q4t4\">\n<div class=\"mc-column content-text active-extra-styles \" data-block-type=\"unstyled\" data-block-weight=\"40\" data-block-id=\"10\">\n<p class=\" content-text__container \" data-track-category=\"Link no Texto\" data-track-links=\"\" data-mrf-recirculation=\"Article links\">Mas um destaque que foi rejeitado pedia cobran\u00e7a do chamado imposto seletivo (ou imposto do pecado) para armas. Com a rejei\u00e7\u00e3o, armas n\u00e3o ser\u00e3o submetidas a esse imposto, que busca taxar itens nocivos \u00e0 sa\u00fade ou ao meio ambiente.<\/p>\n<\/div>\n<\/div>\n<div id=\"chunk-c0uub\">\n<div class=\"mc-column content-text active-extra-styles\" data-block-type=\"raw\" data-block-weight=\"12\" data-block-id=\"11\">\n<p class=\"content-text__container\" data-mrf-recirculation=\"Article links\">\n<div class=\"content-intertitle\">\n<h2>Como foi a negocia\u00e7\u00e3o para a carne entrar na isen\u00e7\u00e3o de imposto?<\/h2>\n<\/div>\n<p>&nbsp;<\/p>\n<\/div>\n<\/div>\n<div id=\"chunk-b5nqb\">\n<div class=\"mc-column content-text active-extra-styles \" data-block-type=\"unstyled\" data-block-weight=\"33\" data-block-id=\"12\">\n<p class=\" content-text__container \" data-track-category=\"Link no Texto\" data-track-links=\"\" data-mrf-recirculation=\"Article links\">Durante a vota\u00e7\u00e3o dos destaques, o relator, deputado Reginaldo Lopes (PT-MG),\u00a0<a class=\"\" href=\"https:\/\/g1.globo.com\/economia\/noticia\/2024\/07\/10\/governistas-cedem-e-decidem-colocar-carne-no-grupo-de-itens-isentos-de-impostos.ghtml\" data-mrf-link=\"https:\/\/g1.globo.com\/economia\/noticia\/2024\/07\/10\/governistas-cedem-e-decidem-colocar-carne-no-grupo-de-itens-isentos-de-impostos.ghtml\">costurou um acordo para a aprova\u00e7\u00e3o da emenda<\/a>\u00a0que isenta carnes, sal, peixes e queijos de tributa\u00e7\u00e3o de impostos sobre consumo.<\/p>\n<\/div>\n<\/div>\n<div id=\"chunk-c6fc\">\n<div class=\"mc-column content-text active-extra-styles \" data-block-type=\"unstyled\" data-block-weight=\"12\" data-block-id=\"13\">\n<p class=\" content-text__container \" data-track-category=\"Link no Texto\" data-track-links=\"\" data-mrf-recirculation=\"Article links\">Esse foi o ponto que mais mobilizou os deputados nos \u00faltimos dias.<\/p>\n<\/div>\n<\/div>\n<div id=\"chunk-7fcio\">\n<div class=\"mc-column content-text active-extra-styles \" data-block-type=\"unstyled\" data-block-weight=\"45\" data-block-id=\"14\">\n<p class=\" content-text__container \" data-track-category=\"Link no Texto\" data-track-links=\"\" data-mrf-recirculation=\"Article links\">Apesar do pedido ser de Lula, foi o PL, maior partido da oposi\u00e7\u00e3o, o autor da emenda aprovada. Politicamente, \u00e9 uma medida que rende resultados. \u00c9 boa para o consumidor de carne, que comprar\u00e1 sem imposto, e para o produtor, que vender\u00e1 sem imposto.<\/p>\n<\/div>\n<\/div>\n<div id=\"chunk-2rlhl\">\n<div class=\"content-ads content-ads--reveal\" data-block-type=\"ads\" data-block-id=\"15\"><\/div>\n<\/div>\n<div id=\"chunk-9ip2s\">\n<div class=\"mc-column content-text active-extra-styles \" data-block-type=\"unstyled\" data-block-weight=\"18\" data-block-id=\"16\">\n<p class=\" content-text__container \" data-track-category=\"Link no Texto\" data-track-links=\"\" data-mrf-recirculation=\"Article links\">Pelo relat\u00f3rio anterior de Lopes, a carne teria redu\u00e7\u00e3o de 60% no imposto, mas n\u00e3o estaria isenta.<\/p>\n<\/div>\n<\/div>\n<div id=\"chunk-96jj1\">\n<div class=\"mc-column content-text active-extra-styles \" data-block-type=\"unstyled\" data-block-weight=\"24\" data-block-id=\"17\">\n<p class=\" content-text__container \" data-track-category=\"Link no Texto\" data-track-links=\"\" data-mrf-recirculation=\"Article links\">Por isso, ap\u00f3s a aprova\u00e7\u00e3o do texto, base e oposi\u00e7\u00e3o disputaram no plen\u00e1rio a &#8220;paternidade&#8221; sobre a inclus\u00e3o das carnes na cesta b\u00e1sica nacional.<\/p>\n<\/div>\n<\/div>\n<div id=\"chunk-7sqqo\">\n<div class=\"mc-column content-text active-extra-styles \" data-block-type=\"unstyled\" data-block-weight=\"50\" data-block-id=\"18\">\n<p class=\" content-text__container \" data-track-category=\"Link no Texto\" data-track-links=\"\" data-mrf-recirculation=\"Article links\">A isen\u00e7\u00e3o das prote\u00ednas animais representa uma derrota do presidente da C\u00e2mara,\u00a0<a class=\"\" href=\"https:\/\/g1.globo.com\/politica\/politico\/arthur-lira\/\" data-mrf-link=\"https:\/\/g1.globo.com\/politica\/politico\/arthur-lira\/\">Arthur Lira<\/a>\u00a0(PP-AL), que se posicionou contrariamente a proposta nos \u00faltimos dias. A interlocutores, ele chegou a classificar a medida como &#8220;insanidade&#8221;. A equipe econ\u00f4mica do governo tamb\u00e9m n\u00e3o queria a isen\u00e7\u00e3o, por considerar o impacto na arrecada\u00e7\u00e3o.<\/p>\n<\/div>\n<\/div>\n<div id=\"chunk-fvuvn\">\n<div class=\"mc-column content-text active-extra-styles \" data-block-type=\"unstyled\" data-block-weight=\"35\" data-block-id=\"19\">\n<p class=\" content-text__container \" data-track-category=\"Link no Texto\" data-track-links=\"\" data-mrf-recirculation=\"Article links\">O c\u00e1lculo \u00e9 que a isen\u00e7\u00e3o das carnes aumentar\u00e1 em cerca de 0,53 ponto percentual a al\u00edquota do imposto \u00fanico que incidir\u00e1 sobre os demais produtos, para manter a arrecada\u00e7\u00e3o tribut\u00e1ria como est\u00e1 hoje.<\/p>\n<\/div>\n<\/div>\n<div id=\"chunk-9b6q6\">\n<div class=\"mc-column content-text active-extra-styles \" data-block-type=\"unstyled\" data-block-weight=\"46\" data-block-id=\"20\">\n<p class=\" content-text__container \" data-track-category=\"Link no Texto\" data-track-links=\"\" data-mrf-recirculation=\"Article links\">A C\u00e2mara n\u00e3o esclareceu que medida de compensa\u00e7\u00e3o ser\u00e1 feita para a inclus\u00e3o das prote\u00ednas animais nos alimentos isentos. Isso porque a reforma tribut\u00e1ria estabeleceu a al\u00edquota geral de 26,5% como teto, com direito a uma trava que \u00e9 acionada quando esse limite for atingido.<\/p>\n<\/div>\n<\/div>\n<div id=\"chunk-1fljh\">\n<div class=\"mc-column content-text active-extra-styles \" data-block-type=\"unstyled\" data-block-weight=\"20\" data-block-id=\"21\">\n<p class=\" content-text__container \" data-track-category=\"Link no Texto\" data-track-links=\"\" data-mrf-recirculation=\"Article links\">Caso a trava seja acionada, o governo precisa enviar um novo projeto ao Congresso com a revis\u00e3o das al\u00edquotas.<\/p>\n<\/div>\n<\/div>\n<div id=\"chunk-ca6j6\">\n<div class=\"mc-column content-text active-extra-styles\" data-block-type=\"raw\" data-block-weight=\"6\" data-block-id=\"22\">\n<p class=\"content-text__container\" data-mrf-recirculation=\"Article links\">\n<div class=\"content-intertitle\">\n<h2>O que foi votado nesta quarta?<\/h2>\n<\/div>\n<p>&nbsp;<\/p>\n<\/div>\n<\/div>\n<div id=\"chunk-7m8pf\">\n<div class=\"mc-column content-text active-extra-styles \" data-block-type=\"unstyled\" data-block-weight=\"34\" data-block-id=\"23\">\n<p class=\" content-text__container \" data-track-category=\"Link no Texto\" data-track-links=\"\" data-mrf-recirculation=\"Article links\">Este primeiro projeto estabelece regras e guias para as cobran\u00e7as dos tr\u00eas impostos sobre o consumo (IBS, CBS e Imposto Seletivo) criados pela reformula\u00e7\u00e3o do sistema tribut\u00e1rio, aprovada e promulgada pelo Congresso em 2023.<\/p>\n<\/div>\n<\/div>\n<div id=\"chunk-cmddp\">\n<div class=\"content-ads content-ads--reveal\" data-block-type=\"ads\" data-block-id=\"24\"><\/div>\n<\/div>\n<div id=\"chunk-5v6ed\">\n<div class=\"mc-column content-text active-extra-styles \" data-block-type=\"unstyled\" data-block-weight=\"15\" data-block-id=\"25\">\n<p class=\" content-text__container \" data-track-category=\"Link no Texto\" data-track-links=\"\" data-mrf-recirculation=\"Article links\">Esses impostos substituir\u00e3o cinco tributos que atualmente incidem sobre consumo: PIS, Cofins, IPI, ICMS, ISS.<\/p>\n<\/div>\n<\/div>\n<div id=\"chunk-eror5\">\n<div class=\"mc-column content-text active-extra-styles \" data-block-type=\"unstyled\" data-block-weight=\"43\" data-block-id=\"26\">\n<p class=\" content-text__container \" data-track-category=\"Link no Texto\" data-track-links=\"\" data-mrf-recirculation=\"Article links\">As bases da reforma j\u00e1 foram aprovadas, no ano passado, mas ainda falta detalhar regras sobre a cobran\u00e7a dos impostos. As mudan\u00e7as n\u00e3o s\u00e3o imediatas \u2013 haver\u00e1 um per\u00edodo de transi\u00e7\u00e3o, e o novo sistema s\u00f3 entra em vigor por completo em 2033.<\/p>\n<\/div>\n<\/div>\n<div id=\"chunk-f8vnb\">\n<div class=\"mc-column content-text active-extra-styles \" data-block-type=\"unstyled\" data-block-weight=\"49\" data-block-id=\"27\">\n<p class=\" content-text__container \" data-track-category=\"Link no Texto\" data-track-links=\"\" data-mrf-recirculation=\"Article links\">Discutida desde maio por um grupo de trabalho, a proposta principal de regulamenta\u00e7\u00e3o do novo sistema tribut\u00e1rio brasileiro foi alvo de pedidos de diversos setores e parlamentares. Sete deputados que integraram o colegiado se dividiram para propor modifica\u00e7\u00f5es e incluir mudan\u00e7as no texto enviado originalmente pelo governo federal.<\/p>\n<\/div>\n<\/div>\n<div id=\"chunk-3cqce\">\n<div class=\"mc-column content-text active-extra-styles \" data-block-type=\"unstyled\" data-block-weight=\"34\" data-block-id=\"28\">\n<p class=\" content-text__container \" data-track-category=\"Link no Texto\" data-track-links=\"\" data-mrf-recirculation=\"Article links\">O objetivo central do grupo, segundo os pr\u00f3prios membros, foi equilibrar os pedidos e manter a estimativa de al\u00edquota dos futuros impostos sobre o consumo. O Minist\u00e9rio da Fazenda projeta um patamar de 26,5%.<\/p>\n<\/div>\n<\/div>\n<div id=\"chunk-6fauh\">\n<div class=\"mc-column content-text active-extra-styles \" data-block-type=\"unstyled\" data-block-weight=\"2\" data-block-id=\"29\">\n<div id=\"chunk-2ovce\">\n<div class=\"mc-column content-text active-extra-styles\" data-block-type=\"raw\" data-block-weight=\"4\" data-block-id=\"33\">\n<div class=\"content-intertitle\">\n<h2>Impostos n\u00e3o devem aumentar<\/h2>\n<\/div>\n<p>&nbsp;<\/p>\n<\/div>\n<\/div>\n<div id=\"chunk-d28dh\">\n<div class=\"mc-column content-text active-extra-styles \" data-block-type=\"unstyled\" data-block-weight=\"11\" data-block-id=\"34\">\n<p class=\" content-text__container \" data-track-category=\"Link no Texto\" data-track-links=\"\" data-mrf-recirculation=\"Article links\">A oposi\u00e7\u00e3o est\u00e1 argumentando que a reforma vai aumentar impostos.<\/p>\n<\/div>\n<\/div>\n<div id=\"chunk-5v50u\">\n<div class=\"mc-column content-text active-extra-styles \" data-block-type=\"unstyled\" data-block-weight=\"14\" data-block-id=\"35\">\n<p class=\" content-text__container \" data-track-category=\"Link no Texto\" data-track-links=\"\" data-mrf-recirculation=\"Article links\">Mas o governo diz que esse argumento do aumento de impostos n\u00e3o \u00e9 verdadeiro.<\/p>\n<\/div>\n<\/div>\n<div id=\"chunk-8kcs\">\n<div class=\"mc-column content-text active-extra-styles \" data-block-type=\"unstyled\" data-block-weight=\"17\" data-block-id=\"36\">\n<p class=\" content-text__container \" data-track-category=\"Link no Texto\" data-track-links=\"\" data-mrf-recirculation=\"Article links\">O governo sustenta que a carga de impostos n\u00e3o vai aumentar na reforma tribut\u00e1ria. A explica\u00e7\u00e3o \u00e9:<\/p>\n<\/div>\n<\/div>\n<div id=\"chunk-8fs6h\">\n<div class=\"mc-column content-text active-extra-styles \" data-block-type=\"unstyled\" data-block-weight=\"14\" data-block-id=\"37\">\n<p class=\" content-text__container \" data-track-category=\"Link no Texto\" data-track-links=\"\" data-mrf-recirculation=\"Article links\">\u25b6\ufe0f Haver\u00e1 uma al\u00edquota \u00fanica para os impostos sobre consumo, de cerca de 26,5%.<\/p>\n<\/div>\n<\/div>\n<div id=\"chunk-brelg\">\n<div class=\"mc-column content-text active-extra-styles \" data-block-type=\"unstyled\" data-block-weight=\"25\" data-block-id=\"38\">\n<p class=\" content-text__container \" data-track-category=\"Link no Texto\" data-track-links=\"\" data-mrf-recirculation=\"Article links\">\u25b6\ufe0fCom isso, alguns produtos pagar\u00e3o menos que hoje, e outros pagar\u00e3o mais. O somat\u00f3rio ser\u00e1 o mesmo, para n\u00e3o aumentar nem diminuir a carga tribut\u00e1ria.<\/p>\n<\/div>\n<\/div>\n<div id=\"chunk-kntr\">\n<div class=\"mc-column content-text active-extra-styles \" data-block-type=\"unstyled\" data-block-weight=\"17\" data-block-id=\"39\">\n<p class=\" content-text__container \" data-track-category=\"Link no Texto\" data-track-links=\"\" data-mrf-recirculation=\"Article links\">\u25b6\ufe0fMas o essencial, segundo o governo, \u00e9 que os impostos n\u00e3o ser\u00e3o mais cumulativos, como s\u00e3o hoje.<\/p>\n<\/div>\n<\/div>\n<div id=\"chunk-6s09q\">\n<div class=\"mc-column content-text active-extra-styles \" data-block-type=\"unstyled\" data-block-weight=\"21\" data-block-id=\"40\">\n<p class=\" content-text__container \" data-track-category=\"Link no Texto\" data-track-links=\"\" data-mrf-recirculation=\"Article links\">\u25b6\ufe0fIsso significa que o pagamento de tributo vai incidir apenas uma vez na cadeia de produ\u00e7\u00e3o e venda de um item.<\/p>\n<\/div>\n<\/div>\n<div id=\"chunk-e2pag\">\n<div class=\"mc-column content-text active-extra-styles \" data-block-type=\"unstyled\" data-block-weight=\"27\" data-block-id=\"41\">\n<p class=\" content-text__container \" data-track-category=\"Link no Texto\" data-track-links=\"\" data-mrf-recirculation=\"Article links\">\u25b6\ufe0fSem a cumulatividade (sem o pagamento de tributo sobre tributo), custos baixam, a efici\u00eancia produtiva aumenta, e os produtos podem at\u00e9 baixar de pre\u00e7o, argumenta o governo.<\/p>\n<\/div>\n<\/div>\n<div id=\"chunk-chfd3\">\n<div class=\"mc-column content-text active-extra-styles\" data-block-type=\"raw\" data-block-weight=\"2\" data-block-id=\"42\">\n<p class=\"content-text__container\" data-mrf-recirculation=\"Article links\">\n<div class=\"content-intertitle\">\n<h2>Cesta b\u00e1sica<\/h2>\n<\/div>\n<p>&nbsp;<\/p>\n<\/div>\n<\/div>\n<div id=\"chunk-75din\">\n<div id=\"chunk-9bql3\">\n<div class=\"mc-column content-text active-extra-styles \" data-block-type=\"unstyled\" data-block-weight=\"18\" data-block-id=\"44\">\n<p class=\" content-text__container \" data-track-category=\"Link no Texto\" data-track-links=\"\" data-mrf-recirculation=\"Article links\">A proposta lista alimentos da chamada cesta b\u00e1sica nacional, que ter\u00e3o al\u00edquota zero dos novos tributos. S\u00e3o eles:<\/p>\n<\/div>\n<\/div>\n<div id=\"chunk-f4st7\">\n<div class=\"mc-column content-text active-extra-styles\" data-block-type=\"raw\" data-block-weight=\"96\" data-block-id=\"45\">\n<p class=\"content-text__container\" data-mrf-recirculation=\"Article links\">\n<ul class=\"content-unordered-list\" data-mrf-recirculation=\"Recomendado\">\n<li>Carne vermelha<\/li>\n<li>Arroz<\/li>\n<li>Leite fluido pasteurizado ou industrializado, na forma de ultrapasteurizado, leite em p\u00f3, integral, semidesnatado ou desnatado; e f\u00f3rmulas infantis definidas por previs\u00e3o legal espec\u00edfica<\/li>\n<li>Manteiga<\/li>\n<li>Margarina<\/li>\n<li>Feij\u00f5es<\/li>\n<li>Ra\u00edzes e tub\u00e9rculos<\/li>\n<li>Cocos<\/li>\n<li>Caf\u00e9<\/li>\n<li>\u00d3leo de soja<\/li>\n<li>Farinha de mandioca<\/li>\n<li>Farinha, grumos e s\u00eamolas, de milho, e gr\u00e3os esmagados ou em flocos, de milho<\/li>\n<li>Farinha de trigo<\/li>\n<li>Aveia<\/li>\n<li>A\u00e7\u00facar<\/li>\n<li>Massas aliment\u00edcias<\/li>\n<li>P\u00e3o do tipo comum (contendo apenas farinha de cereais, fermento biol\u00f3gico, \u00e1gua e sal)<\/li>\n<li>Ovos<\/li>\n<li>Produtos hort\u00edcolas, com exce\u00e7\u00e3o de cogumelos e trufas<\/li>\n<li>Frutas frescas ou refrigeradas e frutas congeladas sem adi\u00e7\u00e3o de a\u00e7\u00facar<\/li>\n<\/ul>\n<p>&nbsp;<\/p>\n<\/div>\n<\/div>\n<div id=\"chunk-5enmu\">\n<div class=\"mc-column content-text active-extra-styles \" data-block-type=\"unstyled\" data-block-weight=\"17\" data-block-id=\"46\">\n<p class=\" content-text__container \" data-track-category=\"Link no Texto\" data-track-links=\"\" data-mrf-recirculation=\"Article links\">H\u00e1 ainda uma lista de produtos que ter\u00e3o desconto de 60% sobre a al\u00edquota dos futuros impostos.<\/p>\n<\/div>\n<\/div>\n<div id=\"chunk-7e0f\">\n<div class=\"mc-column content-text active-extra-styles \" data-block-type=\"unstyled\" data-block-weight=\"2\" data-block-id=\"47\">\n<p class=\" content-text__container \" data-track-category=\"Link no Texto\" data-track-links=\"\" data-mrf-recirculation=\"Article links\">S\u00e3o eles:<\/p>\n<\/div>\n<\/div>\n<div id=\"chunk-ako1t\">\n<div class=\"mc-column content-text active-extra-styles\" data-block-type=\"raw\" data-block-weight=\"153\" data-block-id=\"48\">\n<p class=\"content-text__container\" data-mrf-recirculation=\"Article links\">\n<ul class=\"content-unordered-list\" data-mrf-recirculation=\"Recomendado\">\n<li>Carnes bovina, su\u00edna, ovina, caprina e de aves e produtos de origem animal (exceto foies gras) e miudezas comest\u00edveis de ovinos e caprinos<\/li>\n<li>Peixes e carnes de peixes (exceto salmon\u00eddeos, atuns; bacalhaus, hadoque, saithe e ovas e outros subprodutos)<\/li>\n<li>Crust\u00e1ceos (exceto lagostas e lagostim)<\/li>\n<li>Leite fermentado, bebidas e compostos l\u00e1cteos;<\/li>\n<li>Plantas e produtos de floricultura relativos \u00e0 horticultura e cultivados para fins alimentares, ornamentais ou medicinais ;<\/li>\n<li>Queijos tipo mozarela, minas, prato, queijo de coalho, ricota, requeij\u00e3o, queijo provolone, queijo parmes\u00e3o, queijo fresco n\u00e3o maturado e queijo do reino;<\/li>\n<li>Mel natural<\/li>\n<li>Mate<\/li>\n<li>Farinha, grumos e s\u00eamolas, de cerais; gr\u00e3os esmagados ou em flocos, de cereais<\/li>\n<li>Tapioca e seus suced\u00e2neos<\/li>\n<li>Massas aliment\u00edcias<\/li>\n<li>Sal de mesa iodado<\/li>\n<li>Sucos naturais de fruta ou de produtos hort\u00edcolas sem adi\u00e7\u00e3o de a\u00e7\u00facar ou de outros edulcorantes e sem conservantes<\/li>\n<li>Polpas de frutas sem adi\u00e7\u00e3o de a\u00e7\u00facar ou de outros edulcorantes e sem conservantes<\/li>\n<li>\u00d3leos de milho, aveia, farinhas<\/li>\n<\/ul>\n<p>&nbsp;<\/p>\n<\/div>\n<\/div>\n<div id=\"chunk-6upud\">\n<div class=\"content-ads content-ads--reveal\" data-block-type=\"ads\" data-block-id=\"49\">\n<div id=\"banner_materia__c7952595-87f0-4f3f-bcb7-43207031b999\" class=\"tag-manager-publicidade-container mc-has-reveal mc-has-ad-lazyload tag-manager-publicidade-banner_materia__c7952595-87f0-4f3f-bcb7-43207031b999 tag-manager-publicidade-container--carregado tag-manager-publicidade-container--visivel\" data-id=\"banner_materia__c7952595-87f0-4f3f-bcb7-43207031b999\" data-google-query-id=\"COb_zsWqn4cDFZgduQYdAy0MAw\">\n<div id=\"chunk-85i8c\">\n<div class=\"mc-column content-text active-extra-styles \" data-block-type=\"unstyled\" data-block-weight=\"17\" data-block-id=\"50\">\n<p class=\" content-text__container \" data-track-category=\"Link no Texto\" data-track-links=\"\" data-mrf-recirculation=\"Article links\">O projeto prev\u00ea que as duas listas poder\u00e3o ser revisadas a cada cinco anos, pelo governo federal.<\/p>\n<\/div>\n<\/div>\n<div id=\"chunk-ara8l\">\n<div class=\"mc-column content-text active-extra-styles\" data-block-type=\"raw\" data-block-weight=\"1\" data-block-id=\"51\">\n<p class=\"content-text__container\" data-mrf-recirculation=\"Article links\">\n<div class=\"content-intertitle\">\n<h2>\u2018Cashback&#8217;<\/h2>\n<\/div>\n<p>&nbsp;<\/p>\n<\/div>\n<\/div>\n<div id=\"chunk-76ev\">\n<div id=\"2\" class=\"anchor-position\"><\/div>\n<\/div>\n<div id=\"chunk-8k0oc\">\n<div class=\"mc-column content-text active-extra-styles \" data-block-type=\"unstyled\" data-block-weight=\"46\" data-block-id=\"52\">\n<p class=\" content-text__container \" data-track-category=\"Link no Texto\" data-track-links=\"\" data-mrf-recirculation=\"Article links\">O texto prop\u00f5e mudan\u00e7as em rela\u00e7\u00e3o ao mecanismo de devolu\u00e7\u00e3o de imposto para popula\u00e7\u00e3o inscrita no Cadastro \u00danico (CadUnico) do governo federal \u2013\u00a0<a class=\"\" href=\"https:\/\/g1.globo.com\/economia\/noticia\/2024\/07\/10\/reforma-tributaria-o-que-se-sabe-ate-agora-sobre-o-cashback-para-compras-das-familias-de-baixa-renda.ghtml\" data-mrf-link=\"https:\/\/g1.globo.com\/economia\/noticia\/2024\/07\/10\/reforma-tributaria-o-que-se-sabe-ate-agora-sobre-o-cashback-para-compras-das-familias-de-baixa-renda.ghtml\">o chamado \u201ccashback\u201d<\/a>. Pela proposta, o \u201ccashback\u201d ser\u00e1 destinado \u00e0s fam\u00edlias com renda per capita de at\u00e9 meio sal\u00e1rio-m\u00ednimo e inscritas no Cad\u00danico.<\/p>\n<\/div>\n<\/div>\n<div id=\"chunk-eklmf\">\n<div class=\"mc-column content-text active-extra-styles \" data-block-type=\"unstyled\" data-block-weight=\"27\" data-block-id=\"53\">\n<p class=\" content-text__container \" data-track-category=\"Link no Texto\" data-track-links=\"\" data-mrf-recirculation=\"Article links\">O texto aumenta o percentual de devolu\u00e7\u00e3o da CBS \u2014 o imposto sobre consumo de compet\u00eancia federal \u2014 para energia el\u00e9trica, \u00e1gua, esgoto e g\u00e1s natural.<\/p>\n<\/div>\n<\/div>\n<div id=\"chunk-3jre3\">\n<div class=\"mc-column content-text active-extra-styles \" data-block-type=\"unstyled\" data-block-weight=\"31\" data-block-id=\"54\">\n<p class=\" content-text__container \" data-track-category=\"Link no Texto\" data-track-links=\"\" data-mrf-recirculation=\"Article links\">Originalmente, seriam devolvidos 50% dos tributos pagos. Pela nova vers\u00e3o, ser\u00e1 devolvido 100% da CBS. Foi mantido, no entanto, o percentual de devolu\u00e7\u00e3o do IBS, compartilhado entre estados e munic\u00edpios.<\/p>\n<\/div>\n<\/div>\n<div id=\"chunk-4etlv\">\n<div class=\"content-ads content-ads--reveal\" data-block-type=\"ads\" data-block-id=\"55\"><\/div>\n<\/div>\n<div id=\"chunk-ff775\">\n<div class=\"mc-column content-text active-extra-styles \" data-block-type=\"unstyled\" data-block-weight=\"67\" data-block-id=\"56\">\n<p class=\" content-text__container \" data-track-category=\"Link no Texto\" data-track-links=\"\" data-mrf-recirculation=\"Article links\">O &#8220;cashback&#8221; ser\u00e1 de 20%. Pelo parecer atual, haver\u00e1 devolu\u00e7\u00e3o de: 100% para do imposto pago no caso da CBS (IVA federal) e de 20% para o IBS (IVA estadual e municipal), no caso do g\u00e1s de cozinha 100% para a CBS e 20% para o IBS, no caso de energia el\u00e9trica, \u00e1gua e esgoto; 20% para a CBS e para o IBS, nos demais casos.<\/p>\n<\/div>\n<\/div>\n<div id=\"chunk-9sghn\">\n<div class=\"mc-column content-text active-extra-styles \" data-block-type=\"unstyled\" data-block-weight=\"20\" data-block-id=\"57\">\n<p class=\" content-text__container \" data-track-category=\"Link no Texto\" data-track-links=\"\" data-mrf-recirculation=\"Article links\">Para o c\u00e1lculo do &#8220;cashback&#8221;, ser\u00e3o consideradas as compras feitas por todos os membros da fam\u00edlia inscrita no Cad\u00danico.<\/p>\n<\/div>\n<\/div>\n<div id=\"chunk-47qkc\">\n<div class=\"mc-column content-text active-extra-styles \" data-block-type=\"unstyled\" data-block-weight=\"30\" data-block-id=\"58\">\n<p class=\" content-text__container \" data-track-category=\"Link no Texto\" data-track-links=\"\" data-mrf-recirculation=\"Article links\">A devolu\u00e7\u00e3o de tributos pagos em faturas energia e \u00e1gua, por exemplo, ser\u00e1 feita diretamente na conta. Uma outra regulamenta\u00e7\u00e3o definir\u00e1 como ser\u00e1 feito o &#8220;cashback&#8221; para as outras \u00e1reas.<\/p>\n<\/div>\n<\/div>\n<div id=\"chunk-ehist\">\n<div class=\"mc-column content-text active-extra-styles\" data-block-type=\"raw\" data-block-weight=\"2\" data-block-id=\"59\">\n<p class=\"content-text__container\" data-mrf-recirculation=\"Article links\">\n<div class=\"content-intertitle\">\n<h2>Imposto seletivo<\/h2>\n<\/div>\n<p>&nbsp;<\/p>\n<\/div>\n<\/div>\n<div id=\"chunk-3rji6\">\n<div id=\"3\" class=\"anchor-position\"><\/div>\n<\/div>\n<div id=\"chunk-72qjp\">\n<div class=\"content-ads content-ads--reveal\" data-block-type=\"ads\" data-block-id=\"60\">\n<div id=\"banner_materia__a1689721-83ca-4d4d-bb1e-9f4c1c7d6b2a\" class=\"tag-manager-publicidade-container mc-has-reveal mc-has-ad-lazyload tag-manager-publicidade-banner_materia__a1689721-83ca-4d4d-bb1e-9f4c1c7d6b2a tag-manager-publicidade-container--carregado tag-manager-publicidade-container--visivel\" data-id=\"banner_materia__a1689721-83ca-4d4d-bb1e-9f4c1c7d6b2a\" data-google-query-id=\"CMOg7Muqn4cDFfQHuQYdHqUAaw\">\n<div id=\"chunk-383s\">\n<div class=\"mc-column content-text active-extra-styles \" data-block-type=\"unstyled\" data-block-weight=\"15\" data-block-id=\"61\">\n<p class=\" content-text__container \" data-track-category=\"Link no Texto\" data-track-links=\"\" data-mrf-recirculation=\"Article links\">A proposta estabelece quais os produtos sofrer\u00e3o com a tributa\u00e7\u00e3o do chamado \u201cimposto do pecado\u201d.<\/p>\n<\/div>\n<\/div>\n<div id=\"chunk-1sc3r\">\n<div class=\"mc-column content-text active-extra-styles \" data-block-type=\"unstyled\" data-block-weight=\"24\" data-block-id=\"62\">\n<p class=\" content-text__container \" data-track-category=\"Link no Texto\" data-track-links=\"\" data-mrf-recirculation=\"Article links\">O Imposto Seletivo \u2014 que recebeu o apelido de \u201cimposto do pecado\u201d \u2014 foi criado pela emenda constitucional que reformulou a tributa\u00e7\u00e3o sobre consumo.<\/p>\n<\/div>\n<\/div>\n<div id=\"chunk-bur77\">\n<div class=\"mc-column content-text active-extra-styles \" data-block-type=\"unstyled\" data-block-weight=\"32\" data-block-id=\"63\">\n<p class=\" content-text__container \" data-track-category=\"Link no Texto\" data-track-links=\"\" data-mrf-recirculation=\"Article links\">O tributo \u00e9 aplicado sobre produtos considerados prejudiciais \u00e0 sa\u00fade ou ao meio ambiente. Na pr\u00e1tica, essa categoria ter\u00e1 uma al\u00edquota maior do que a padr\u00e3o \u2014 estimada em cerca de 26%.<\/p>\n<\/div>\n<\/div>\n<div id=\"chunk-ba3gj\">\n<div class=\"mc-column content-text active-extra-styles \" data-block-type=\"unstyled\" data-block-weight=\"15\" data-block-id=\"64\">\n<p class=\" content-text__container \" data-track-category=\"Link no Texto\" data-track-links=\"\" data-mrf-recirculation=\"Article links\">O objetivo \u00e9 desestimular, por meio da cobran\u00e7a extra, o consumo desses tipos de produto.<\/p>\n<\/div>\n<\/div>\n<div id=\"chunk-4h856\">\n<div class=\"mc-column content-text active-extra-styles \" data-block-type=\"unstyled\" data-block-weight=\"32\" data-block-id=\"65\">\n<p class=\" content-text__container \" data-track-category=\"Link no Texto\" data-track-links=\"\" data-mrf-recirculation=\"Article links\">Parlamentares do grupo de trabalho do projeto chegaram a avaliar a inclus\u00e3o de armas e muni\u00e7\u00f5es no rol de itens sujeitos ao Imposto Seletivo. N\u00e3o houve, por\u00e9m, inclus\u00e3o desses itens na lista.<\/p>\n<\/div>\n<\/div>\n<div id=\"chunk-f5901\">\n<div class=\"mc-column content-text active-extra-styles \" data-block-type=\"unstyled\" data-block-weight=\"32\" data-block-id=\"66\">\n<p class=\" content-text__container \" data-track-category=\"Link no Texto\" data-track-links=\"\" data-mrf-recirculation=\"Article links\">A vers\u00e3o mais recente do parecer de Lopes mant\u00e9m a lista enviada pelo governo e a inclus\u00e3o, feita pelo GT na \u00faltima semana, de carros el\u00e9tricos e apostas. Portanto, est\u00e3o na lista:<\/p>\n<\/div>\n<\/div>\n<div id=\"chunk-8toq2\">\n<div class=\"mc-column content-text active-extra-styles\" data-block-type=\"raw\" data-block-weight=\"24\" data-block-id=\"67\">\n<p class=\"content-text__container\" data-mrf-recirculation=\"Article links\">\n<ul class=\"content-unordered-list\" data-mrf-recirculation=\"Recomendado\">\n<li>cigarros;<\/li>\n<li>bebidas alco\u00f3licas;<\/li>\n<li>bebidas a\u00e7ucaradas;<\/li>\n<li>embarca\u00e7\u00f5es e aeronaves<\/li>\n<li>extra\u00e7\u00e3o de min\u00e9rio de ferro, de petr\u00f3leo e de g\u00e1s natural<\/li>\n<li>apostas<\/li>\n<li>carros, incluindo os el\u00e9tricos<\/li>\n<\/ul>\n<p>&nbsp;<\/p>\n<\/div>\n<\/div>\n<div id=\"chunk-b24ue\">\n<div class=\"mc-column content-text active-extra-styles \" data-block-type=\"unstyled\" data-block-weight=\"23\" data-block-id=\"68\">\n<p class=\" content-text__container \" data-track-category=\"Link no Texto\" data-track-links=\"\" data-mrf-recirculation=\"Article links\">No caso das apostas, a cobran\u00e7a valer\u00e1 para as realizadas nas modalidades f\u00edsicas e online, como as &#8220;bets&#8221; e os chamados fantasy games.<\/p>\n<\/div>\n<\/div>\n<div id=\"chunk-3eqad\">\n<div class=\"mc-column content-text active-extra-styles \" data-block-type=\"unstyled\" data-block-weight=\"31\" data-block-id=\"69\">\n<p class=\" content-text__container \" data-track-category=\"Link no Texto\" data-track-links=\"\" data-mrf-recirculation=\"Article links\">Apesar de manter a lista, duas mudan\u00e7as foram introduzidas por Lopes nesta quarta. A primeira prev\u00ea limitar a al\u00edquota do Imposto Seletivo a ser aplicada sobre min\u00e9rios de ferro em 0,25%.<\/p>\n<\/div>\n<\/div>\n<div id=\"chunk-b6nq9\">\n<div class=\"content-ads content-ads--reveal\" data-block-type=\"ads\" data-block-id=\"70\"><\/div>\n<\/div>\n<div id=\"chunk-3gc0b\">\n<div class=\"mc-column content-text active-extra-styles \" data-block-type=\"unstyled\" data-block-weight=\"21\" data-block-id=\"71\">\n<p class=\" content-text__container \" data-track-category=\"Link no Texto\" data-track-links=\"\" data-mrf-recirculation=\"Article links\">A segunda estabelece um regime de transi\u00e7\u00e3o, com escalonamento de al\u00edquotas at\u00e9 2033, para o \u201cimposto do pecado\u201d sobre bebidas alco\u00f3licas.<\/p>\n<\/div>\n<\/div>\n<div id=\"chunk-3ggeb\">\n<div class=\"mc-column content-text active-extra-styles\" data-block-type=\"raw\" data-block-weight=\"1\" data-block-id=\"72\">\n<p class=\"content-text__container\" data-mrf-recirculation=\"Article links\">\n<div class=\"content-intertitle\">\n<h2>Rem\u00e9dios<\/h2>\n<\/div>\n<p>&nbsp;<\/p>\n<\/div>\n<\/div>\n<div id=\"chunk-5bgk3\">\n<div id=\"4\" class=\"anchor-position\"><\/div>\n<\/div>\n<div id=\"chunk-6gkvq\">\n<div class=\"mc-column content-text active-extra-styles \" data-block-type=\"unstyled\" data-block-weight=\"30\" data-block-id=\"73\">\n<p class=\" content-text__container \" data-track-category=\"Link no Texto\" data-track-links=\"\" data-mrf-recirculation=\"Article links\">A nova vers\u00e3o apresentada por Reginaldo Lopes estabelece uma redu\u00e7\u00e3o de 60% de impostos para todos os medicamentos registrados na Ag\u00eancia Nacional de Vigil\u00e2ncia Sanit\u00e1ria (Anvisa) ou fabricados por manipula\u00e7\u00e3o.<\/p>\n<\/div>\n<\/div>\n<div id=\"chunk-ce1hp\">\n<div class=\"mc-column content-text active-extra-styles \" data-block-type=\"unstyled\" data-block-weight=\"5\" data-block-id=\"74\">\n<p class=\" content-text__container \" data-track-category=\"Link no Texto\" data-track-links=\"\" data-mrf-recirculation=\"Article links\">Originalmente, esse regime n\u00e3o existia.<\/p>\n<\/div>\n<\/div>\n<div id=\"chunk-cfjqv\">\n<div class=\"mc-column content-text active-extra-styles \" data-block-type=\"unstyled\" data-block-weight=\"12\" data-block-id=\"75\">\n<p class=\" content-text__container \" data-track-category=\"Link no Texto\" data-track-links=\"\" data-mrf-recirculation=\"Article links\">O parecer prev\u00ea apenas duas categorias de rem\u00e9dios para orientar a tributa\u00e7\u00e3o:<\/p>\n<\/div>\n<\/div>\n<div id=\"chunk-9m2na\">\n<div class=\"mc-column content-text active-extra-styles\" data-block-type=\"raw\" data-block-weight=\"41\" data-block-id=\"76\">\n<p class=\"content-text__container\" data-mrf-recirculation=\"Article links\">\n<ul class=\"content-unordered-list\" data-mrf-recirculation=\"Recomendado\">\n<li>uma lista com 383 rem\u00e9dios isentos (imposto zero), mantida em rela\u00e7\u00e3o \u00e0 vers\u00e3o anterior;<\/li>\n<li>imposto reduzido (correspondente a 40% da al\u00edquota geral) para todos os outros medicamentos registrados na Ag\u00eancia Nacional de Vigil\u00e2ncia Sanit\u00e1ria (Anvisa) ou produzidos por farm\u00e1cias de manipula\u00e7\u00e3o<\/li>\n<\/ul>\n<p>&nbsp;<\/p>\n<\/div>\n<\/div>\n<div id=\"chunk-b3rt4\">\n<div class=\"content-ads content-ads--reveal\" data-block-type=\"ads\" data-block-id=\"77\"><\/div>\n<\/div>\n<div id=\"chunk-7facr\">\n<div class=\"mc-column content-text active-extra-styles \" data-block-type=\"unstyled\" data-block-weight=\"31\" data-block-id=\"78\">\n<p class=\" content-text__container \" data-track-category=\"Link no Texto\" data-track-links=\"\" data-mrf-recirculation=\"Article links\">As vers\u00f5es anteriores do texto previam que esse imposto reduzido fosse aplicado apenas a uma lista de 850 medicamentos \u2013 que chegou a incluir rem\u00e9dios para disfun\u00e7\u00e3o er\u00e9til, vacinas e ansiol\u00edticos.<\/p>\n<\/div>\n<\/div>\n<div id=\"chunk-5lhfc\">\n<div class=\"mc-column content-text active-extra-styles \" data-block-type=\"unstyled\" data-block-weight=\"35\" data-block-id=\"79\">\n<p class=\" content-text__container \" data-track-category=\"Link no Texto\" data-track-links=\"\" data-mrf-recirculation=\"Article links\">O parecer do deputado Reginaldo Lopes (PT-MG), na pr\u00e1tica, aplica a todos os medicamentos n\u00e3o isentos esse corte de 60% do IBS e do CBS \u2013 impostos que v\u00e3o agregar e substituir os pagos atualmente.<\/p>\n<\/div>\n<\/div>\n<div id=\"chunk-7hguv\">\n<div class=\"mc-column content-text active-extra-styles \" data-block-type=\"unstyled\" data-block-weight=\"13\" data-block-id=\"80\">\n<p class=\" content-text__container \" data-track-category=\"Link no Texto\" data-track-links=\"\" data-mrf-recirculation=\"Article links\">Tamb\u00e9m foi mantida a isen\u00e7\u00e3o total a produtos para sa\u00fade menstrual, como absorventes.<\/p>\n<\/div>\n<\/div>\n<div id=\"chunk-2rfjn\">\n<div class=\"mc-column content-text active-extra-styles \" data-block-type=\"unstyled\" data-block-weight=\"18\" data-block-id=\"81\">\n<p class=\" content-text__container \" data-track-category=\"Link no Texto\" data-track-links=\"\" data-mrf-recirculation=\"Article links\">Produtos de higiene pessoal e limpeza ter\u00e3o al\u00edquota reduzida de 40%, como papel higi\u00eanico e escova de dentes.<\/p>\n<\/div>\n<\/div>\n<div id=\"chunk-8eeup\">\n<div class=\"mc-column content-text active-extra-styles\" data-block-type=\"raw\" data-block-weight=\"3\" data-block-id=\"82\">\n<p class=\"content-text__container\" data-mrf-recirculation=\"Article links\">\n<div class=\"content-intertitle\">\n<h2>Regras para im\u00f3veis<\/h2>\n<\/div>\n<p>&nbsp;<\/p>\n<\/div>\n<\/div>\n<div id=\"chunk-7vr83\">\n<div id=\"6\" class=\"anchor-position\"><\/div>\n<\/div>\n<div id=\"chunk-4du90\">\n<div class=\"content-ads content-ads--reveal\" data-block-type=\"ads\" data-block-id=\"83\"><\/div>\n<\/div>\n<div id=\"chunk-eouvp\">\n<div class=\"mc-column content-text active-extra-styles \" data-block-type=\"unstyled\" data-block-weight=\"18\" data-block-id=\"84\">\n<p class=\" content-text__container \" data-track-category=\"Link no Texto\" data-track-links=\"\" data-mrf-recirculation=\"Article links\">No texto aprovado, opera\u00e7\u00f5es com im\u00f3veis tamb\u00e9m estar\u00e3o sujeitas \u00e0 al\u00edquota de 26,5%, mas com os seguintes descontos:<\/p>\n<\/div>\n<\/div>\n<div id=\"chunk-bo578\">\n<div class=\"mc-column content-text active-extra-styles\" data-block-type=\"raw\" data-block-weight=\"28\" data-block-id=\"85\">\n<p class=\"content-text__container\" data-mrf-recirculation=\"Article links\">\n<ul class=\"content-unordered-list\" data-mrf-recirculation=\"Recomendado\">\n<li>Opera\u00e7\u00f5es com bens im\u00f3veis ter\u00e3o redu\u00e7\u00e3o de 40% do IBS e CBS.<\/li>\n<li>Se forem opera\u00e7\u00f5es de loca\u00e7\u00e3o, cess\u00e3o onerosa e arrendamento de bens im\u00f3veis ficam reduzidas em 60%.<\/li>\n<\/ul>\n<p>&nbsp;<\/p>\n<\/div>\n<\/div>\n<div id=\"chunk-8bk59\">\n<div class=\"mc-column content-text active-extra-styles\" data-block-type=\"raw\" data-block-weight=\"1\" data-block-id=\"86\">\n<p class=\"content-text__container\" data-mrf-recirculation=\"Article links\">\n<div class=\"content-intertitle\">\n<h2>Pets<\/h2>\n<\/div>\n<p>&nbsp;<\/p>\n<\/div>\n<\/div>\n<div id=\"chunk-fcc9t\">\n<div id=\"5\" class=\"anchor-position\"><\/div>\n<\/div>\n<div id=\"chunk-6d3s2\">\n<div class=\"mc-column content-text active-extra-styles \" data-block-type=\"unstyled\" data-block-weight=\"29\" data-block-id=\"87\">\n<p class=\" content-text__container \" data-track-category=\"Link no Texto\" data-track-links=\"\" data-mrf-recirculation=\"Article links\">A proposta de regulamenta\u00e7\u00e3o da reforma tribut\u00e1ria estabelece uma redu\u00e7\u00e3o de 60% da al\u00edquota geral dos novos tributos sobre consumo para medicamentos, vacinas e soros de uso veterin\u00e1rio.<\/p>\n<\/div>\n<\/div>\n<div id=\"chunk-9s4j5\">\n<div class=\"mc-column content-text active-extra-styles \" data-block-type=\"unstyled\" data-block-weight=\"14\" data-block-id=\"88\">\n<p class=\" content-text__container \" data-track-category=\"Link no Texto\" data-track-links=\"\" data-mrf-recirculation=\"Article links\">Na pr\u00e1tica, esses itens pagar\u00e3o somente 40% da al\u00edquota da CBS e do IBS.<\/p>\n<\/div>\n<\/div>\n<div id=\"chunk-at3er\">\n<div class=\"mc-column content-text active-extra-styles \" data-block-type=\"unstyled\" data-block-weight=\"23\" data-block-id=\"89\">\n<p class=\" content-text__container \" data-track-category=\"Link no Texto\" data-track-links=\"\" data-mrf-recirculation=\"Article links\">Nesta quarta, em mudan\u00e7a introduzida pelo novo parecer de Lopes, os planos de sa\u00fade para pets tamb\u00e9m foram beneficiados com uma al\u00edquota reduzida.<\/p>\n<\/div>\n<\/div>\n<div id=\"chunk-2vs9b\">\n<div class=\"content-ads content-ads--reveal\" data-block-type=\"ads\" data-block-id=\"90\"><\/div>\n<\/div>\n<div id=\"chunk-fpnbp\">\n<div class=\"mc-column content-text active-extra-styles \" data-block-type=\"unstyled\" data-block-weight=\"25\" data-block-id=\"91\">\n<p class=\" content-text__container \" data-track-category=\"Link no Texto\" data-track-links=\"\" data-mrf-recirculation=\"Article links\">Pela proposta, os tributos aplicados a esse servi\u00e7o ser\u00e3o reduzidos em 30% \u2014 ou seja, ser\u00e1 cobrada uma al\u00edquota correspondente a 70% do valor padr\u00e3o.<\/p>\n<\/div>\n<\/div>\n<div data-track-category=\"multicontent\" data-track-action=\"multicontent\" data-track-noninteraction=\"false\" data-track-scroll=\"ultimo chunk conteudo\" data-track-value=\"view\">\n<div id=\"chunk-20pcm\">\n<div class=\"mc-column content-text active-extra-styles \" data-block-type=\"unstyled\" data-block-weight=\"34\" data-block-id=\"92\">\n<p class=\" content-text__container \" data-track-category=\"Link no Texto\" data-track-links=\"\" data-mrf-recirculation=\"Article links\">A mudan\u00e7a \u00e9 uma vit\u00f3ria da chamada &#8220;bancada animal&#8221;, composta por deputados cuja principal bandeira \u00e9 a defesa da causa animal, que conseguiu incluir no relat\u00f3rio o desconto para itens relacionados aos animais dom\u00e9sticos.<\/p>\n<\/div>\n<\/div>\n<\/div>\n<\/div>\n<\/div>\n<\/div>\n<\/div>\n<\/div>\n<\/div>\n<\/div>\n<\/div>\n<\/div>\n<\/div>\n<\/div>\n<\/div>\n<\/div>\n<\/div>\n<\/div>\n<\/div>\n<\/div>\n<\/div>\n","protected":false},"excerpt":{"rendered":"<p>Deputados decidiram ainda n\u00e3o submeter armas e muni\u00e7\u00f5es ao imposto seletivo, que taxar\u00e1 itens prejudiciais \u00e0 sa\u00fade ou \u00e0 natureza. Projeto agora vai para o Senado.<\/p>\n","protected":false},"author":1,"featured_media":0,"comment_status":"closed","ping_status":"open","sticky":false,"template":"","format":"standard","meta":{"_exactmetrics_skip_tracking":false,"_exactmetrics_sitenote_active":false,"_exactmetrics_sitenote_note":"","_exactmetrics_sitenote_category":0,"jetpack_post_was_ever_published":false,"_jetpack_newsletter_access":"","_jetpack_dont_email_post_to_subs":false,"_jetpack_newsletter_tier_id":0,"_jetpack_memberships_contains_paywalled_content":false,"_jetpack_memberships_contains_paid_content":false,"footnotes":"","jetpack_publicize_message":"","jetpack_publicize_feature_enabled":true,"jetpack_social_post_already_shared":true,"jetpack_social_options":{"image_generator_settings":{"template":"highway","enabled":false},"version":2}},"categories":[1],"tags":[1039,1038],"class_list":["post-35492","post","type-post","status-publish","format-standard","hentry","category-notas","tag-carne","tag-reforma-tributaria"],"jetpack_publicize_connections":[],"jetpack_sharing_enabled":true,"jetpack_featured_media_url":"","jetpack_shortlink":"https:\/\/wp.me\/p7wKYW-9es","jetpack-related-posts":[],"_links":{"self":[{"href":"http:\/\/blogdalucianaoliveira.com.br\/blog\/wp-json\/wp\/v2\/posts\/35492","targetHints":{"allow":["GET"]}}],"collection":[{"href":"http:\/\/blogdalucianaoliveira.com.br\/blog\/wp-json\/wp\/v2\/posts"}],"about":[{"href":"http:\/\/blogdalucianaoliveira.com.br\/blog\/wp-json\/wp\/v2\/types\/post"}],"author":[{"embeddable":true,"href":"http:\/\/blogdalucianaoliveira.com.br\/blog\/wp-json\/wp\/v2\/users\/1"}],"replies":[{"embeddable":true,"href":"http:\/\/blogdalucianaoliveira.com.br\/blog\/wp-json\/wp\/v2\/comments?post=35492"}],"version-history":[{"count":2,"href":"http:\/\/blogdalucianaoliveira.com.br\/blog\/wp-json\/wp\/v2\/posts\/35492\/revisions"}],"predecessor-version":[{"id":35495,"href":"http:\/\/blogdalucianaoliveira.com.br\/blog\/wp-json\/wp\/v2\/posts\/35492\/revisions\/35495"}],"wp:attachment":[{"href":"http:\/\/blogdalucianaoliveira.com.br\/blog\/wp-json\/wp\/v2\/media?parent=35492"}],"wp:term":[{"taxonomy":"category","embeddable":true,"href":"http:\/\/blogdalucianaoliveira.com.br\/blog\/wp-json\/wp\/v2\/categories?post=35492"},{"taxonomy":"post_tag","embeddable":true,"href":"http:\/\/blogdalucianaoliveira.com.br\/blog\/wp-json\/wp\/v2\/tags?post=35492"}],"curies":[{"name":"wp","href":"https:\/\/api.w.org\/{rel}","templated":true}]}}