{"id":35496,"date":"2024-07-11T12:06:31","date_gmt":"2024-07-11T16:06:31","guid":{"rendered":"http:\/\/blogdalucianaoliveira.com.br\/blog\/?p=35496"},"modified":"2024-07-11T12:06:31","modified_gmt":"2024-07-11T16:06:31","slug":"contra-fatos-nao-ha-argumentos-o-brasil-teve-um-ladrao-na-presidencia-da-republica","status":"publish","type":"post","link":"http:\/\/blogdalucianaoliveira.com.br\/blog\/2024\/07\/11\/contra-fatos-nao-ha-argumentos-o-brasil-teve-um-ladrao-na-presidencia-da-republica\/","title":{"rendered":"Contra fatos n\u00e3o h\u00e1 argumentos: o Brasil teve um ladr\u00e3o na presid\u00eancia da Rep\u00fablica"},"content":{"rendered":"<p><img decoding=\"async\" src=\"https:\/\/www.brasil247.com\/_next\/image?url=https%3A%2F%2Fcdn.brasil247.com%2Fpb-b247gcp%2Fswp%2Fjtjeq9%2Fmedia%2F20240709050736_96a5a2864399666fa4f8a39fe970d12aafcc3cbbe29cb6948724792ce7268407.webp&amp;w=3840&amp;q=75\" alt=\"Jair Bolsonaro\" \/><\/p>\n<h2 class=\"article__lead\">\u00c9 hora dos bolsonaristas aceitarem a realidade e fazerem como alem\u00e3es na era p\u00f3s-Hitler<\/h2>\n<p><!--more--><\/p>\n<div class=\"article__info\">\n<p><strong>247, por Joaquim de Carvalho<\/strong> &#8211; Em 7 de dezembro de 1970, o ent\u00e3o chanceler alem\u00e3o, Willy Brandt, se ajoelhou diante do Memorial aos Her\u00f3is do Gueto de Vars\u00f3via. Era mais do que um pedido de perd\u00e3o. Era o reconhecimento de que Adolf Hitler fez mal n\u00e3o apenas aos judeus e a outras minorias como prejudicou os pr\u00f3prios alem\u00e3es.<\/p>\n<p>Brandt era social-democrata desde a juventude e foi perseguido pelos nazistas, a ponto de exilar na Noruega e perder a cidadania alem\u00e3. Mas a recuperou com a derrota de Hitler e se tornou um dos pol\u00edticos mais populares de seu pa\u00eds, o que demonstra que muitos alem\u00e3es que haviam apoiado o nazismo reviram sua posi\u00e7\u00e3o.<\/p>\n<p>No Brasil, o bolsonarismo foi respons\u00e1vel pela gest\u00e3o criminosa da sa\u00fade durante a pandemia, que resultou em mais de 700 mil mortes, muito acima da m\u00e9dia mundial, e a incompet\u00eancia nas demais \u00e1reas, aliada a um discurso de \u00f3dio que gerou um ambiente de viol\u00eancia e inseguran\u00e7a.<\/p>\n<p>Agora, v\u00eam \u00e0 tona as provas de que, por tr\u00e1s do discurso ideol\u00f3gico, baseado em ideias anacr\u00f4nicas como anticomunismo, sempre existiu uma organiza\u00e7\u00e3o corrupta. Pelo que demonstra o inqu\u00e9rito das joias, Bolsonaro \u00e9 um ladr\u00e3o que ocupou o Pal\u00e1cio do Planalto.<\/p>\n<p><mark id=\"Ad1\"><\/mark>A desonestidade dele j\u00e1 estava comprovada no inqu\u00e9rito conduzido pelo Minist\u00e9rio P\u00fablico do Rio de Janeiro que mostrou o desvio de bem p\u00fablico atrav\u00e9s da apropria\u00e7\u00e3o de sal\u00e1rios de assessores pagos com o dinheiro dos impostos.<\/p>\n<p>Tamb\u00e9m se soube que era ladr\u00e3o com as informa\u00e7\u00f5es levadas pela segunda ex-mulher, Ana Cristina Siqueira do Valle, a um processo de div\u00f3rcio, em 2008. Entre outros delitos, Bolsonaro foi acusado de roubar um cofre em nome dela, no Banco do Brasil, que teria sido contratado por ele mesmo.<\/p>\n<p>S\u00f3 eles podem dizer o que guardavam l\u00e1, mas pouco coisa n\u00e3o deve ser. Ana Cristina tamb\u00e9m acusou o ex-marido de comprar uma casa no condom\u00ednio Vivendas da Barra por pre\u00e7o subfaturado, por n\u00e3o ter condi\u00e7\u00f5es de pagar com dinheiro de fonte l\u00edcita.<\/p>\n<p><mark id=\"Ad2\"><\/mark>Ela tamb\u00e9m disse que a renda de Bolsonaro era quatro vezes o valor de seu sal\u00e1rio como deputado federal, somado aos proventos da aposentadoria proporcional do Ex\u00e9rcito, que obteve aos 33 anos de idade, quando iniciou sua carreira pol\u00edtica.<\/p>\n<p>Os sinais veementes de desonestidade de Bolsonaro eram p\u00fablicos quando se candidatou a presidente. Mas a m\u00eddia corporativa deu pouca \u00eanfase, num ambiente altamente polarizado e com uma campanha antipetista em curso.<\/p>\n<p>Na v\u00e9spera da elei\u00e7\u00e3o de 2018, o jornal O Estado de S. Paulo publicou editorial cujo t\u00edtulo era \u201cUma escolha muito dif\u00edcil\u201d, equiparando a biografia de um ladr\u00e3o \u00e0 de um professor universit\u00e1rio, com forma\u00e7\u00e3o em direito, economia e ci\u00eancia pol\u00edtica.<\/p>\n<p><mark id=\"Ad3\"><\/mark>Certamente n\u00e3o h\u00e1 57 milh\u00f5es de fascistas no Brasil. Portanto, nem todos que votaram em Bolsonaro em 2018 s\u00e3o politicamente engajados na ideologia que ele expressa. Talvez tenham acreditado na mentira de que era um homem simples, que comia p\u00e3o com margarina no caf\u00e9 da manh\u00e3 e tomava uma x\u00edcara de caf\u00e9.<\/p>\n<p>Agora, quando se sabe que ele desviou bens p\u00fablicos de alto valor para fazer caixa pessoal, os brasileiros de boa-f\u00e9 podem rever sua posi\u00e7\u00e3o e mostrar ao mundo que, definitivamente, um ladr\u00e3o n\u00e3o pode ser um dos l\u00edderes pol\u00edticos. O Brasil \u00e9 muito melhor do que isso, \u00e9 uma na\u00e7\u00e3o decente.<\/p>\n<p>Lugar de ladr\u00e3o \u00e9 na cadeia.<\/p>\n<\/div>\n","protected":false},"excerpt":{"rendered":"<p>\u00c9 hora dos bolsonaristas aceitarem a realidade e fazerem como alem\u00e3es na era p\u00f3s-Hitler<\/p>\n","protected":false},"author":1,"featured_media":0,"comment_status":"closed","ping_status":"open","sticky":false,"template":"","format":"standard","meta":{"_exactmetrics_skip_tracking":false,"_exactmetrics_sitenote_active":false,"_exactmetrics_sitenote_note":"","_exactmetrics_sitenote_category":0,"jetpack_post_was_ever_published":false,"_jetpack_newsletter_access":"","_jetpack_dont_email_post_to_subs":false,"_jetpack_newsletter_tier_id":0,"_jetpack_memberships_contains_paywalled_content":false,"_jetpack_memberships_contains_paid_content":false,"footnotes":"","jetpack_publicize_message":"","jetpack_publicize_feature_enabled":true,"jetpack_social_post_already_shared":true,"jetpack_social_options":{"image_generator_settings":{"template":"highway","enabled":false},"version":2}},"categories":[1],"tags":[53,1040,1041,1042],"class_list":["post-35496","post","type-post","status-publish","format-standard","hentry","category-notas","tag-bolsonaro","tag-joias","tag-roubo","tag-venda"],"jetpack_publicize_connections":[],"jetpack_sharing_enabled":true,"jetpack_featured_media_url":"","jetpack_shortlink":"https:\/\/wp.me\/p7wKYW-9ew","jetpack-related-posts":[],"_links":{"self":[{"href":"http:\/\/blogdalucianaoliveira.com.br\/blog\/wp-json\/wp\/v2\/posts\/35496","targetHints":{"allow":["GET"]}}],"collection":[{"href":"http:\/\/blogdalucianaoliveira.com.br\/blog\/wp-json\/wp\/v2\/posts"}],"about":[{"href":"http:\/\/blogdalucianaoliveira.com.br\/blog\/wp-json\/wp\/v2\/types\/post"}],"author":[{"embeddable":true,"href":"http:\/\/blogdalucianaoliveira.com.br\/blog\/wp-json\/wp\/v2\/users\/1"}],"replies":[{"embeddable":true,"href":"http:\/\/blogdalucianaoliveira.com.br\/blog\/wp-json\/wp\/v2\/comments?post=35496"}],"version-history":[{"count":1,"href":"http:\/\/blogdalucianaoliveira.com.br\/blog\/wp-json\/wp\/v2\/posts\/35496\/revisions"}],"predecessor-version":[{"id":35497,"href":"http:\/\/blogdalucianaoliveira.com.br\/blog\/wp-json\/wp\/v2\/posts\/35496\/revisions\/35497"}],"wp:attachment":[{"href":"http:\/\/blogdalucianaoliveira.com.br\/blog\/wp-json\/wp\/v2\/media?parent=35496"}],"wp:term":[{"taxonomy":"category","embeddable":true,"href":"http:\/\/blogdalucianaoliveira.com.br\/blog\/wp-json\/wp\/v2\/categories?post=35496"},{"taxonomy":"post_tag","embeddable":true,"href":"http:\/\/blogdalucianaoliveira.com.br\/blog\/wp-json\/wp\/v2\/tags?post=35496"}],"curies":[{"name":"wp","href":"https:\/\/api.w.org\/{rel}","templated":true}]}}