{"id":35511,"date":"2024-07-15T09:58:15","date_gmt":"2024-07-15T13:58:15","guid":{"rendered":"http:\/\/blogdalucianaoliveira.com.br\/blog\/?p=35511"},"modified":"2024-07-15T09:58:15","modified_gmt":"2024-07-15T13:58:15","slug":"efeito-lula-brasil-deixa-a-lista-de-paises-com-piores-indices-de-vacinacao-infantil-do-mundo","status":"publish","type":"post","link":"http:\/\/blogdalucianaoliveira.com.br\/blog\/2024\/07\/15\/efeito-lula-brasil-deixa-a-lista-de-paises-com-piores-indices-de-vacinacao-infantil-do-mundo\/","title":{"rendered":"Efeito Lula: Brasil deixa a lista de pa\u00edses com piores \u00edndices de vacina\u00e7\u00e3o infantil do mundo"},"content":{"rendered":"<header class=\"main-article--header\">\n<h2><img data-recalc-dims=\"1\" decoding=\"async\" src=\"https:\/\/i0.wp.com\/revistaforum.com.br\/u\/fotografias\/m\/2024\/7\/15\/f960x540-132786_206861_4835.jpeg?w=600&#038;ssl=1\" \/><\/h2>\n<h2 class=\"bajada\">Pa\u00eds vai na contram\u00e3o da tend\u00eancia global e aumenta cobertura vacinal de crian\u00e7as, aponta relat\u00f3rio da Unicef e OMS<\/h2>\n<\/header>\n<p><!--more--><\/p>\n<div class=\"main-article--body\">\n<p>Em relat\u00f3rio global divulgado neste domingo (14), a\u00a0<a href=\"https:\/\/revistaforum.com.br\/temas\/oms-641.html\" target=\"_blank\" rel=\"noopener\">Organiza\u00e7\u00e3o Mundial da Sa\u00fade (OMS)<\/a>\u00a0e do\u00a0<a href=\"https:\/\/revistaforum.com.br\/temas\/unicef-230.html\" target=\"_blank\" rel=\"noopener\">Fundo das Na\u00e7\u00f5es Unidas para Inf\u00e2ncia (Unicef)<\/a>\u00a0apontam que\u00a0<strong>o Brasil, diferentemente do restante do mundo, aumentou sua cobertura vacinal entre crian\u00e7as<\/strong>\u00a0e conseguiu\u00a0<strong>deixar a lista dos 20 pa\u00edses com piores \u00edndices de imuniza\u00e7\u00e3o infantil<\/strong>.<\/p>\n<p>De acordo com o documento, em 2023, primeiro ano do governo do presidente\u00a0<a href=\"https:\/\/revistaforum.com.br\/temas\/lula-558.html\" target=\"_blank\" rel=\"noopener\">Luiz In\u00e1cio Lula da Silva<\/a>, o Brasil diminuiu para 103 mil o n\u00famero de crian\u00e7as que n\u00e3o receberam nenhuma dose da vacina DTP1, uma imunizante contra\u00a0difteria, t\u00e9tano e coqueluche. Em 2021, este n\u00famero era de 687 mil.\u00a0Al\u00e9m disso, o n\u00famero de crian\u00e7as que n\u00e3o foram imunizadas com a terceira dose caiu de 846 mil para 257 mil no mesmo per\u00edodo.<\/p>\n<p>A melhora no \u00edndice \u00e9 resultado direto da retomada das campanhas de vacina\u00e7\u00e3o feitas pelo governo Lula atrav\u00e9s do Sistema \u00danico de Sa\u00fade (SUS). Ap\u00f3s quatro anos marcados pelo negacionismo cient\u00edfico de Jair Bolsonaro, que em plena pandemia do coronav\u00edrus pregava contra as vacinas, o atual presidente colocou a vacina\u00e7\u00e3o em massa entre as prioridades de seu mandato.<\/p>\n<div class=\"content-banner\">\n<h2><strong>Vacina\u00e7\u00e3o infantil no mundo\u00a0<\/strong><\/h2>\n<p>Apesar do Brasil ter aumentado a cobertura vacinal infantil, o restante do mundo vem seguindo o caminho contr\u00e1rio, segundo o relat\u00f3rio da OMS e Unicef.<\/p>\n<p>A cobertura global de imuniza\u00e7\u00e3o de crian\u00e7as ficou estagnada em 2023 \u2013\u00a0\u00a0em rela\u00e7\u00e3o aos n\u00edveis pr\u00e9-pandemia de 2019, 2,7 milh\u00f5es de crian\u00e7as a mais n\u00e3o\u00a0 foram vacinadas ou ficaram com imuniza\u00e7\u00e3o incompleta.<\/p>\n<p>\u201cAs \u00faltimas tend\u00eancias demonstram que muitos pa\u00edses continuam deixando de\u00a0vacinar muitas crian\u00e7as. Fechar a lacuna de imuniza\u00e7\u00e3o requer um esfor\u00e7o global, com governos, parceiros e l\u00edderes locais investindo em assist\u00eancia m\u00e9dica prim\u00e1ria e trabalhadores comunit\u00e1rios para garantir que todas as crian\u00e7as sejam vacinadas e que a assist\u00eancia m\u00e9dica geral seja fortalecida&#8221;, afirmou a Diretora Executiva da Unicef, Catherine Russell.<\/p>\n<p>&#8220;Essas tend\u00eancias, que mostram que a cobertura global de imuniza\u00e7\u00e3o permaneceu praticamente inalterada desde 2022 e \u2013 mais alarmantemente \u2013 ainda n\u00e3o retornou aos n\u00edveis de 2019, refletem desafios cont\u00ednuos com interrup\u00e7\u00f5es nos servi\u00e7os de sa\u00fade, desafios log\u00edsticos, hesita\u00e7\u00e3o em rela\u00e7\u00e3o \u00e0 vacina\u00e7\u00e3o e desigualdades no acesso aos servi\u00e7os&#8221;, diz trecho do relat\u00f3rio.<\/p>\n<p>Confira os dados completos\u00a0<a href=\"https:\/\/www.unicef.org\/press-releases\/global-childhood-immunization-levels-stalled-2023-leaving-many-without-life-saving\" target=\"_blank\" rel=\"noopener\">aqui<\/a>.<\/p>\n<\/div>\n<\/div>\n","protected":false},"excerpt":{"rendered":"<p>Pa\u00eds vai na contram\u00e3o da tend\u00eancia global e aumenta cobertura vacinal de crian\u00e7as, aponta relat\u00f3rio da Unicef e OMS<\/p>\n","protected":false},"author":1,"featured_media":0,"comment_status":"closed","ping_status":"open","sticky":false,"template":"","format":"standard","meta":{"_exactmetrics_skip_tracking":false,"_exactmetrics_sitenote_active":false,"_exactmetrics_sitenote_note":"","_exactmetrics_sitenote_category":0,"jetpack_post_was_ever_published":false,"_jetpack_newsletter_access":"","_jetpack_dont_email_post_to_subs":false,"_jetpack_newsletter_tier_id":0,"_jetpack_memberships_contains_paywalled_content":false,"_jetpack_memberships_contains_paid_content":false,"footnotes":"","jetpack_publicize_message":"","jetpack_publicize_feature_enabled":true,"jetpack_social_post_already_shared":true,"jetpack_social_options":{"image_generator_settings":{"template":"highway","enabled":false},"version":2}},"categories":[1],"tags":[78,671,490],"class_list":["post-35511","post","type-post","status-publish","format-standard","hentry","category-notas","tag-lula","tag-oms","tag-vacinacao"],"jetpack_publicize_connections":[],"jetpack_sharing_enabled":true,"jetpack_featured_media_url":"","jetpack_shortlink":"https:\/\/wp.me\/p7wKYW-9eL","jetpack-related-posts":[],"_links":{"self":[{"href":"http:\/\/blogdalucianaoliveira.com.br\/blog\/wp-json\/wp\/v2\/posts\/35511","targetHints":{"allow":["GET"]}}],"collection":[{"href":"http:\/\/blogdalucianaoliveira.com.br\/blog\/wp-json\/wp\/v2\/posts"}],"about":[{"href":"http:\/\/blogdalucianaoliveira.com.br\/blog\/wp-json\/wp\/v2\/types\/post"}],"author":[{"embeddable":true,"href":"http:\/\/blogdalucianaoliveira.com.br\/blog\/wp-json\/wp\/v2\/users\/1"}],"replies":[{"embeddable":true,"href":"http:\/\/blogdalucianaoliveira.com.br\/blog\/wp-json\/wp\/v2\/comments?post=35511"}],"version-history":[{"count":1,"href":"http:\/\/blogdalucianaoliveira.com.br\/blog\/wp-json\/wp\/v2\/posts\/35511\/revisions"}],"predecessor-version":[{"id":35512,"href":"http:\/\/blogdalucianaoliveira.com.br\/blog\/wp-json\/wp\/v2\/posts\/35511\/revisions\/35512"}],"wp:attachment":[{"href":"http:\/\/blogdalucianaoliveira.com.br\/blog\/wp-json\/wp\/v2\/media?parent=35511"}],"wp:term":[{"taxonomy":"category","embeddable":true,"href":"http:\/\/blogdalucianaoliveira.com.br\/blog\/wp-json\/wp\/v2\/categories?post=35511"},{"taxonomy":"post_tag","embeddable":true,"href":"http:\/\/blogdalucianaoliveira.com.br\/blog\/wp-json\/wp\/v2\/tags?post=35511"}],"curies":[{"name":"wp","href":"https:\/\/api.w.org\/{rel}","templated":true}]}}