{"id":35536,"date":"2024-07-15T10:33:01","date_gmt":"2024-07-15T14:33:01","guid":{"rendered":"http:\/\/blogdalucianaoliveira.com.br\/blog\/?p=35536"},"modified":"2024-07-15T10:33:01","modified_gmt":"2024-07-15T14:33:01","slug":"museus-europeus-tem-outros-dez-mantos-de-pena-tupinambas","status":"publish","type":"post","link":"http:\/\/blogdalucianaoliveira.com.br\/blog\/2024\/07\/15\/museus-europeus-tem-outros-dez-mantos-de-pena-tupinambas\/","title":{"rendered":"Museus europeus t\u00eam outros dez mantos de pena tupinamb\u00e1s"},"content":{"rendered":"<h2><img data-recalc-dims=\"1\" decoding=\"async\" src=\"https:\/\/i0.wp.com\/static.dw.com\/image\/66070132_904.webp?w=600&#038;ssl=1\" alt=\"Que Brasil vai receber manto tupinamb\u00e1? \u2013 DW \u2013 29\/06\/2023\" \/><\/h2>\n<h2 class=\"description\">Informa\u00e7\u00e3o \u00e9 da pesquisadora Amy Buono, da Universidade de Chapman<\/h2>\n<p><!--more--><\/p>\n<div class=\"details-bar\">\n<div class=\"author-time\">\n<div class=\"author\">Vitor Abdala\u00a0<span class=\"article-source\"><a href=\"https:\/\/agenciabrasil.ebc.com.br\/geral\/noticia\/2024-07\/museus-europeus-tem-outros-dez-mantos-de-pena-tupinambas\" target=\"_blank\" rel=\"noopener\">Ag\u00eancia Brasil &#8211; <\/a><\/span>O retorno de um\u00a0<a href=\"https:\/\/www.brasildefato.com.br\/2023\/05\/20\/vestimentas-incriveis-mantos-resgatam-historia-do-povo-tubinamba-em-pernambuco\" target=\"_blank\" rel=\"noopener\">manto tupinamb\u00e1<\/a>, feito com penas vermelhas de ave guar\u00e1, para o Brasil, depois de mais de tr\u00eas s\u00e9culos guardado na Dinamarca foi motivo de celebra\u00e7\u00e3o para o povo ind\u00edgena, que vive no sul da Bahia. O artefato foi doado pelo Museu Nacional dinamarqu\u00eas para o Museu Nacional do Rio de Janeiro.<\/div>\n<\/div>\n<\/div>\n<div class=\"ads-googletag article_1\">\n<p>No entanto, outros dez mantos semelhantes, tamb\u00e9m confeccionados com penas de guar\u00e1, continuam expatriados em museus europeus, segundo levantamento feito pela pesquisadora norte-americana Amy Buono, da Universidade de Chapman. Apenas no Museu Nacional da Dinamarca, existem<a href=\"https:\/\/www.brasildefato.com.br\/2023\/05\/20\/vestimentas-incriveis-mantos-resgatam-historia-do-povo-tubinamba-em-pernambuco\" target=\"_blank\" rel=\"noopener\">\u00a0outros quatro<\/a>\u00a0al\u00e9m do que foi devolvido ao Brasil.<\/p>\n<div class=\"ads-googletag article_2\">\n<p>No Museu de Hist\u00f3ria Natural da Universidade de Floren\u00e7a (na It\u00e1lia), existem outros dois. H\u00e1 tamb\u00e9m mantos tupinamb\u00e1s guardados no Museu das Culturas, em Basileia (na Su\u00ed\u00e7a); no Museu Real de Arte e Hist\u00f3ria, em Bruxelas (na B\u00e9lgica); Museu du Quai Branly, em Paris (na Fran\u00e7a); e na Biblioteca Ambrosiana de Mil\u00e3o (na It\u00e1lia).<\/p>\n<p>Segundo o Museu Nacional do Rio de Janeiro, no entanto, n\u00e3o h\u00e1 negocia\u00e7\u00f5es em andamento para trazer esses outros mantos de volta ao pa\u00eds.<\/p>\n<div class=\"ads-googletag article_4\">\n<p>L\u00edder dos tupinamb\u00e1s de Oliven\u00e7a, na Bahia, a cacique Jamopoty, considera importante reaver esses mantos que est\u00e3o fora do pa\u00eds. \u201cAcho que eles precisam devolver o que n\u00e3o \u00e9 deles. Eles precisam devolver o que nos pertence. O\u00a0<a href=\"https:\/\/www.brasildefato.com.br\/2023\/04\/29\/primeira-rede-audiovisual-de-mulheres-indigenas-do-brasil-estreia-com-transmissao-ao-vivo\" target=\"_blank\" rel=\"noopener\">pertencimento\u00a0<\/a>\u00e9 o que faz a gente ser mais forte\u201d, afirma a lideran\u00e7a ind\u00edgena.<\/p>\n<p>A devolu\u00e7\u00e3o do manto ind\u00edgena que retornou recentemente ao Brasil \u00e9 uma luta antiga do povo de Jamopoty, iniciada em 2000, quando a lideran\u00e7a tupinamb\u00e1 Amotara viu a pe\u00e7a em uma exibi\u00e7\u00e3o especial, em S\u00e3o Paulo, sobre os 500 anos da chegada dos portugueses ao Brasil.<\/p>\n<p>\u201cEla fez um documento, junto com o Conselho [Tupinamb\u00e1], pedindo que o manto ficasse no Brasil, porque ele precisava vir para o seu povo. Amotara queria que o manto viesse para Oliven\u00e7a\u201d, conta Jamopoty.<\/p>\n<p>Apesar do apelo de Amotara, o manto retornou \u00e0 Dinamarca depois do fim da exposi\u00e7\u00e3o. Seriam precisos mais 24 anos para que finalmente a vestimenta retornasse ao Brasil, desta vez para ficar.<\/p>\n<p>De acordo com a pesquisa feita por Amy Buono, os mantos tupinamb\u00e1s, chamados de assojaba\u00a0ou guara-abucu, na antiga l\u00edngua tupi, foram todos confeccionados entre os s\u00e9culos XVI e XVII. As vestimentas eram usadas em rituais religiosos nas comunidades ind\u00edgenas, mas tamb\u00e9m em assentamentos mission\u00e1rios, nos dois primeiros s\u00e9culos de coloniza\u00e7\u00e3o.<\/p>\n<p>Artefatos plum\u00e1rios, inclusive panos feitos com penas coloridas j\u00e1 eram usados pelos tupis antes mesmo da chegada dos portugueses, tendo sido inclusive descritos por Pero Vaz de Caminha, em sua famosa carta ao Rei Dom Manuel de Portugal.<\/p>\n<p>Desde a primeira viagem portuguesa ao Brasil, artefatos tupis j\u00e1 foram levados \u00e0 Europa e continuaram sendo ao longo das d\u00e9cadas seguintes, como evid\u00eancias da \u201cdescoberta\u201d do novo territ\u00f3rio e como itens valiosos para cole\u00e7\u00f5es europeias.<\/p>\n<p>O governo brasileiro tem feito esfor\u00e7os para repatriar artefatos ind\u00edgenas. Na \u00faltima quarta-feira (10), 585 pe\u00e7as que estavam no Museu de Hist\u00f3ria Natural de Lille (MHN), na Fran\u00e7a, retornaram ao Brasil. O conjunto de objetos prov\u00e9m de mais de 40 povos diferentes, segundo a Funda\u00e7\u00e3o Nacional dos Povos Ind\u00edgenas (Funai).<\/p>\n<p>Edi\u00e7\u00e3o: Val\u00e9ria Aguiar<\/p>\n<\/div>\n<\/div>\n<\/div>\n","protected":false},"excerpt":{"rendered":"<p>Informa\u00e7\u00e3o \u00e9 da pesquisadora Amy Buono, da Universidade de Chapman<\/p>\n","protected":false},"author":1,"featured_media":0,"comment_status":"closed","ping_status":"open","sticky":false,"template":"","format":"standard","meta":{"_exactmetrics_skip_tracking":false,"_exactmetrics_sitenote_active":false,"_exactmetrics_sitenote_note":"","_exactmetrics_sitenote_category":0,"jetpack_post_was_ever_published":false,"_jetpack_newsletter_access":"","_jetpack_dont_email_post_to_subs":false,"_jetpack_newsletter_tier_id":0,"_jetpack_memberships_contains_paywalled_content":false,"_jetpack_memberships_contains_paid_content":false,"footnotes":"","jetpack_publicize_message":"","jetpack_publicize_feature_enabled":true,"jetpack_social_post_already_shared":true,"jetpack_social_options":{"image_generator_settings":{"template":"highway","enabled":false},"version":2}},"categories":[1],"tags":[1045,1047,1046],"class_list":["post-35536","post","type-post","status-publish","format-standard","hentry","category-notas","tag-manto","tag-museus","tag-tupinamba"],"jetpack_publicize_connections":[],"jetpack_sharing_enabled":true,"jetpack_featured_media_url":"","jetpack_shortlink":"https:\/\/wp.me\/p7wKYW-9fa","jetpack-related-posts":[],"_links":{"self":[{"href":"http:\/\/blogdalucianaoliveira.com.br\/blog\/wp-json\/wp\/v2\/posts\/35536","targetHints":{"allow":["GET"]}}],"collection":[{"href":"http:\/\/blogdalucianaoliveira.com.br\/blog\/wp-json\/wp\/v2\/posts"}],"about":[{"href":"http:\/\/blogdalucianaoliveira.com.br\/blog\/wp-json\/wp\/v2\/types\/post"}],"author":[{"embeddable":true,"href":"http:\/\/blogdalucianaoliveira.com.br\/blog\/wp-json\/wp\/v2\/users\/1"}],"replies":[{"embeddable":true,"href":"http:\/\/blogdalucianaoliveira.com.br\/blog\/wp-json\/wp\/v2\/comments?post=35536"}],"version-history":[{"count":4,"href":"http:\/\/blogdalucianaoliveira.com.br\/blog\/wp-json\/wp\/v2\/posts\/35536\/revisions"}],"predecessor-version":[{"id":35541,"href":"http:\/\/blogdalucianaoliveira.com.br\/blog\/wp-json\/wp\/v2\/posts\/35536\/revisions\/35541"}],"wp:attachment":[{"href":"http:\/\/blogdalucianaoliveira.com.br\/blog\/wp-json\/wp\/v2\/media?parent=35536"}],"wp:term":[{"taxonomy":"category","embeddable":true,"href":"http:\/\/blogdalucianaoliveira.com.br\/blog\/wp-json\/wp\/v2\/categories?post=35536"},{"taxonomy":"post_tag","embeddable":true,"href":"http:\/\/blogdalucianaoliveira.com.br\/blog\/wp-json\/wp\/v2\/tags?post=35536"}],"curies":[{"name":"wp","href":"https:\/\/api.w.org\/{rel}","templated":true}]}}