{"id":35549,"date":"2024-07-16T09:05:39","date_gmt":"2024-07-16T13:05:39","guid":{"rendered":"http:\/\/blogdalucianaoliveira.com.br\/blog\/?p=35549"},"modified":"2024-07-16T09:05:39","modified_gmt":"2024-07-16T13:05:39","slug":"com-ritmo-atual-universalizacao-do-saneamento-ocorrera-em-2070","status":"publish","type":"post","link":"http:\/\/blogdalucianaoliveira.com.br\/blog\/2024\/07\/16\/com-ritmo-atual-universalizacao-do-saneamento-ocorrera-em-2070\/","title":{"rendered":"Com ritmo atual, universaliza\u00e7\u00e3o do saneamento ocorrer\u00e1 em 2070"},"content":{"rendered":"<p><img data-recalc-dims=\"1\" loading=\"lazy\" decoding=\"async\" data-attachment-id=\"35550\" data-permalink=\"http:\/\/blogdalucianaoliveira.com.br\/blog\/2024\/07\/16\/com-ritmo-atual-universalizacao-do-saneamento-ocorrera-em-2070\/img_6607\/\" data-orig-file=\"https:\/\/i0.wp.com\/blogdalucianaoliveira.com.br\/blog\/wp-content\/uploads\/2024\/07\/IMG_6607.webp?fit=1170%2C700\" data-orig-size=\"1170,700\" data-comments-opened=\"0\" data-image-meta=\"{&quot;aperture&quot;:&quot;0&quot;,&quot;credit&quot;:&quot;&quot;,&quot;camera&quot;:&quot;&quot;,&quot;caption&quot;:&quot;&quot;,&quot;created_timestamp&quot;:&quot;0&quot;,&quot;copyright&quot;:&quot;&quot;,&quot;focal_length&quot;:&quot;0&quot;,&quot;iso&quot;:&quot;0&quot;,&quot;shutter_speed&quot;:&quot;0&quot;,&quot;title&quot;:&quot;&quot;,&quot;orientation&quot;:&quot;0&quot;}\" data-image-title=\"IMG_6607\" data-image-description=\"\" data-image-caption=\"\" data-medium-file=\"https:\/\/i0.wp.com\/blogdalucianaoliveira.com.br\/blog\/wp-content\/uploads\/2024\/07\/IMG_6607.webp?fit=300%2C179\" data-large-file=\"https:\/\/i0.wp.com\/blogdalucianaoliveira.com.br\/blog\/wp-content\/uploads\/2024\/07\/IMG_6607.webp?fit=600%2C359\" class=\"alignnone size-full wp-image-35550\" src=\"https:\/\/i0.wp.com\/blogdalucianaoliveira.com.br\/blog\/wp-content\/uploads\/2024\/07\/IMG_6607.webp?resize=600%2C359\" alt=\"\" width=\"600\" height=\"359\" srcset=\"https:\/\/i0.wp.com\/blogdalucianaoliveira.com.br\/blog\/wp-content\/uploads\/2024\/07\/IMG_6607.webp?w=1170 1170w, https:\/\/i0.wp.com\/blogdalucianaoliveira.com.br\/blog\/wp-content\/uploads\/2024\/07\/IMG_6607.webp?resize=300%2C179 300w, https:\/\/i0.wp.com\/blogdalucianaoliveira.com.br\/blog\/wp-content\/uploads\/2024\/07\/IMG_6607.webp?resize=1024%2C613 1024w, https:\/\/i0.wp.com\/blogdalucianaoliveira.com.br\/blog\/wp-content\/uploads\/2024\/07\/IMG_6607.webp?resize=768%2C459 768w, https:\/\/i0.wp.com\/blogdalucianaoliveira.com.br\/blog\/wp-content\/uploads\/2024\/07\/IMG_6607.webp?resize=501%2C300 501w\" sizes=\"auto, (max-width: 600px) 100vw, 600px\" \/><\/p>\n<p>Ag\u00eancia Brasil &#8211; Pesquisa do Instituto Trata Brasil, divulgada nesta segunda-feira (15), mostra que a universaliza\u00e7\u00e3o do saneamento no Brasil s\u00f3 acontecer\u00e1 em 2070, considerando o ritmo atual de melhorias no setor. A previs\u00e3o representa um atraso de 37 anos em rela\u00e7\u00e3o \u00e0 data limite estabelecida na Lei 14.026, de 15 de julho de 2020, conhecida como Novo Marco Legal do Saneamento B\u00e1sico.<!--more--><\/p>\n<p>\u201cO cen\u00e1rio atual \u00e9 prec\u00e1rio: cerca de 32 milh\u00f5es de brasileiros vivem sem acesso \u00e0 \u00e1gua pot\u00e1vel e mais de 90 milh\u00f5es n\u00e3o t\u00eam coleta de esgoto. A lei estabeleceu que todas as localidades brasileiras devem atender a 99% da popula\u00e7\u00e3o com abastecimento de \u00e1gua e 90% com esgotamento sanit\u00e1rio at\u00e9 2033\u201d, destaca o texto da pesquisa.<\/p>\n<p>O levantamento mostra ainda que ser\u00e3o necess\u00e1rios mais R$ 509 bilh\u00f5es de investimentos pelas operadoras de saneamento para o pa\u00eds atingir a universaliza\u00e7\u00e3o. Ou seja, R$ 46,3 bilh\u00f5es anuais a partir de 2023, \u00faltimo ano com dados dispon\u00edveis.<\/p>\n<p>\u201cA pre\u00e7os de junho de 2022, [o investimento anual atual] \u00e9 de aproximadamente R$ 20,9 bilh\u00f5es, indicando que o investimento precisaria mais do que dobrar, n\u00e3o somente em 2023, mas em todos os anos subsequentes, para que a universaliza\u00e7\u00e3o seja poss\u00edvel at\u00e9 31 de dezembro de 2033, conforme previsto em lei\u201d, diz a pesquisa.<\/p>\n<p>Segundo o documento do Instituto Trata Brasil, aproximadamente 10 milh\u00f5es de pessoas vivem em munic\u00edpios sem contratos de saneamento regulares. S\u00e3o 579 cidades nessa situa\u00e7\u00e3o.<\/p>\n<p>\u201cA sa\u00fade p\u00fablica come\u00e7a pelo saneamento, e \u00e0 medida que as elei\u00e7\u00f5es municipais se aproximam, os candidatos devem destacar o tema em seus planos e se comprometer para que o acesso \u00e0 \u00e1gua e ao esgotamento sanit\u00e1rio seja uma realidade num futuro pr\u00f3ximo, e n\u00e3o cada vez mais distante\u201d, destacou a Presidente-Executiva do Trata Brasil, Luana Pretto.<\/p>\n<p>A responsabilidade pelo saneamento b\u00e1sico \u00e9 local: estados e munic\u00edpios devem prestar os servi\u00e7os e cabe ao governo federal coordenar e implementar as pol\u00edticas p\u00fablicas.<\/p>\n","protected":false},"excerpt":{"rendered":"<p>Ag\u00eancia Brasil &#8211; Pesquisa do Instituto Trata Brasil, divulgada nesta segunda-feira (15), mostra que a universaliza\u00e7\u00e3o do saneamento no Brasil s\u00f3 acontecer\u00e1 em 2070, considerando o ritmo atual de melhorias no setor. A previs\u00e3o representa um atraso de 37 anos em rela\u00e7\u00e3o \u00e0 data limite estabelecida na Lei 14.026, de 15 de julho de 2020,&#8230;<a class=\"more-link\" href=\"http:\/\/blogdalucianaoliveira.com.br\/blog\/2024\/07\/16\/com-ritmo-atual-universalizacao-do-saneamento-ocorrera-em-2070\/\">Continue a leitura <span class=\"meta-nav\">&raquo;<\/span><\/a><\/p>\n","protected":false},"author":1,"featured_media":0,"comment_status":"closed","ping_status":"open","sticky":false,"template":"","format":"standard","meta":{"_exactmetrics_skip_tracking":false,"_exactmetrics_sitenote_active":false,"_exactmetrics_sitenote_note":"","_exactmetrics_sitenote_category":0,"jetpack_post_was_ever_published":false,"_jetpack_newsletter_access":"","_jetpack_dont_email_post_to_subs":false,"_jetpack_newsletter_tier_id":0,"_jetpack_memberships_contains_paywalled_content":false,"_jetpack_memberships_contains_paid_content":false,"footnotes":"","jetpack_publicize_message":"","jetpack_publicize_feature_enabled":true,"jetpack_social_post_already_shared":true,"jetpack_social_options":{"image_generator_settings":{"template":"highway","enabled":false},"version":2}},"categories":[1],"tags":[1051,1052,873],"class_list":["post-35549","post","type-post","status-publish","format-standard","hentry","category-notas","tag-deficit","tag-marco-legal","tag-saneamento"],"jetpack_publicize_connections":[],"jetpack_sharing_enabled":true,"jetpack_featured_media_url":"","jetpack_shortlink":"https:\/\/wp.me\/p7wKYW-9fn","jetpack-related-posts":[],"_links":{"self":[{"href":"http:\/\/blogdalucianaoliveira.com.br\/blog\/wp-json\/wp\/v2\/posts\/35549","targetHints":{"allow":["GET"]}}],"collection":[{"href":"http:\/\/blogdalucianaoliveira.com.br\/blog\/wp-json\/wp\/v2\/posts"}],"about":[{"href":"http:\/\/blogdalucianaoliveira.com.br\/blog\/wp-json\/wp\/v2\/types\/post"}],"author":[{"embeddable":true,"href":"http:\/\/blogdalucianaoliveira.com.br\/blog\/wp-json\/wp\/v2\/users\/1"}],"replies":[{"embeddable":true,"href":"http:\/\/blogdalucianaoliveira.com.br\/blog\/wp-json\/wp\/v2\/comments?post=35549"}],"version-history":[{"count":1,"href":"http:\/\/blogdalucianaoliveira.com.br\/blog\/wp-json\/wp\/v2\/posts\/35549\/revisions"}],"predecessor-version":[{"id":35551,"href":"http:\/\/blogdalucianaoliveira.com.br\/blog\/wp-json\/wp\/v2\/posts\/35549\/revisions\/35551"}],"wp:attachment":[{"href":"http:\/\/blogdalucianaoliveira.com.br\/blog\/wp-json\/wp\/v2\/media?parent=35549"}],"wp:term":[{"taxonomy":"category","embeddable":true,"href":"http:\/\/blogdalucianaoliveira.com.br\/blog\/wp-json\/wp\/v2\/categories?post=35549"},{"taxonomy":"post_tag","embeddable":true,"href":"http:\/\/blogdalucianaoliveira.com.br\/blog\/wp-json\/wp\/v2\/tags?post=35549"}],"curies":[{"name":"wp","href":"https:\/\/api.w.org\/{rel}","templated":true}]}}