{"id":35552,"date":"2024-07-16T09:10:45","date_gmt":"2024-07-16T13:10:45","guid":{"rendered":"http:\/\/blogdalucianaoliveira.com.br\/blog\/?p=35552"},"modified":"2024-07-16T09:10:45","modified_gmt":"2024-07-16T13:10:45","slug":"regina-duarte-e-obrigada-a-se-retratar-apos-burrice-historica-e-ma-fe-contra-leila-diniz","status":"publish","type":"post","link":"http:\/\/blogdalucianaoliveira.com.br\/blog\/2024\/07\/16\/regina-duarte-e-obrigada-a-se-retratar-apos-burrice-historica-e-ma-fe-contra-leila-diniz\/","title":{"rendered":"Regina Duarte \u00e9 obrigada a se retratar ap\u00f3s burrice hist\u00f3rica e m\u00e1-f\u00e9 contra Leila Diniz"},"content":{"rendered":"<p><img data-recalc-dims=\"1\" loading=\"lazy\" decoding=\"async\" data-attachment-id=\"35553\" data-permalink=\"http:\/\/blogdalucianaoliveira.com.br\/blog\/2024\/07\/16\/regina-duarte-e-obrigada-a-se-retratar-apos-burrice-historica-e-ma-fe-contra-leila-diniz\/img_6608\/\" data-orig-file=\"https:\/\/i0.wp.com\/blogdalucianaoliveira.com.br\/blog\/wp-content\/uploads\/2024\/07\/IMG_6608.webp?fit=425%2C230\" data-orig-size=\"425,230\" data-comments-opened=\"0\" data-image-meta=\"{&quot;aperture&quot;:&quot;0&quot;,&quot;credit&quot;:&quot;&quot;,&quot;camera&quot;:&quot;&quot;,&quot;caption&quot;:&quot;&quot;,&quot;created_timestamp&quot;:&quot;0&quot;,&quot;copyright&quot;:&quot;&quot;,&quot;focal_length&quot;:&quot;0&quot;,&quot;iso&quot;:&quot;0&quot;,&quot;shutter_speed&quot;:&quot;0&quot;,&quot;title&quot;:&quot;&quot;,&quot;orientation&quot;:&quot;0&quot;}\" data-image-title=\"IMG_6608\" data-image-description=\"\" data-image-caption=\"\" data-medium-file=\"https:\/\/i0.wp.com\/blogdalucianaoliveira.com.br\/blog\/wp-content\/uploads\/2024\/07\/IMG_6608.webp?fit=300%2C162\" data-large-file=\"https:\/\/i0.wp.com\/blogdalucianaoliveira.com.br\/blog\/wp-content\/uploads\/2024\/07\/IMG_6608.webp?fit=425%2C230\" class=\"alignnone size-full wp-image-35553\" src=\"https:\/\/i0.wp.com\/blogdalucianaoliveira.com.br\/blog\/wp-content\/uploads\/2024\/07\/IMG_6608.webp?resize=425%2C230\" alt=\"\" width=\"425\" height=\"230\" srcset=\"https:\/\/i0.wp.com\/blogdalucianaoliveira.com.br\/blog\/wp-content\/uploads\/2024\/07\/IMG_6608.webp?w=425 425w, https:\/\/i0.wp.com\/blogdalucianaoliveira.com.br\/blog\/wp-content\/uploads\/2024\/07\/IMG_6608.webp?resize=300%2C162 300w\" sizes=\"auto, (max-width: 425px) 100vw, 425px\" \/><\/p>\n<h2 class=\"bajada\">Atriz bolsonarista usou imagem da colega como se ela estivesse em uma manifesta\u00e7\u00e3o pela interven\u00e7\u00e3o militar; foi processada e condenada<\/h2>\n<p><!--more--><\/p>\n<p>Revista F\u00f3rum &#8211; Regina Duarte, a ex-atriz da <a href=\"https:\/\/revistaforum.com.br\/temas\/tv-globo-1235.html\" target=\"_blank\" rel=\"noopener\">Globo <\/a>e ex-secret\u00e1ria de Cultura do ex-presidente <strong>Jair Bolsonaro (PL)<\/strong>, foi obrigada a ir \u00e0s redes nesta segunda-feira (15), e se retratar, ap\u00f3s usar de <strong>m\u00e1-f\u00e9<\/strong>, al\u00e9m de cometer uma <strong>burrice hist\u00f3rica<\/strong> contra a colega <a href=\"https:\/\/revistaforum.com.br\/temas\/leila-diniz-22305.html\" target=\"_blank\" rel=\"noopener\">Leila Diniz<\/a>.<\/p>\n<p>\u201cPreciso partilhar com voc\u00eas a condena\u00e7\u00e3o que sofri em 07 de mar\u00e7o de 2024, pelo <strong>Juizado de Pequenas Causas do Foro do Rio de Janeiro<\/strong>. Retrato-me aqui agora, em consequ\u00eancia de uma publica\u00e7\u00e3o que fiz no Instagram\u201d, afirmou.<\/p>\n<p>\u201cO v\u00eddeo inclu\u00eda a emblem\u00e1tica foto em que aparece minha amiga Leila Diniz, uma das mais queridas atrizes deste pa\u00eds, que nos deixou aos 27 anos em 14 de junho de 1972. Eu era sua f\u00e3 e amiga!\u201d, disse ainda.<\/p>\n<p>\u201cAo publicar, em 23 de dezembro de 2022, a mat\u00e9ria\/v\u00eddeo, que inclu\u00eda, entre outras, uma foto de dom\u00ednio p\u00fablico j\u00e1 amplamente divulgada em jornais, livros e internet, eu pensava estar ressaltando o valor e a for\u00e7a da mulher, atrav\u00e9s daquele grupo de atrizes que eu amava, respeitava e eram para mim um exemplo: lutavam por seus direitos democr\u00e1ticos e liberdade de express\u00e3o\u201d, dissimulou.<\/p>\n<p>Sempre obrigada por uma senten\u00e7a judicial, ela prossegue:<\/p>\n<p>\u201cO que fiz foi na maior boa-f\u00e9. Jamais imaginei que algu\u00e9m pudesse interpretar meu post de forma diferente ou sentir-se prejudicado\u201d, declarou. \u201cApaguei o v\u00eddeo em 10 de mar\u00e7o de 2024 e, hoje, aqui e agora, penitencio-me por ter usado uma imagem captada em 1968 referindo-se, no v\u00eddeo, a um movimento das brasileiras em 1964\u201d.<\/p>\n<p>No final, ela divulga a senten\u00e7a: \u201cSegue, ent\u00e3o, de forma integral, a senten\u00e7a dada por juiz leigo e homologada pela ju\u00edza Keyla Blank, do 6\u00ba Juizado Especial C\u00edvel-RJ\u201d, encerrou.<\/p>\n<h2>Relembre o caso<\/h2>\n<p>Regina Duarte foi condenada a indenizar a diretora Jana\u00edna Diniz, herdeira da atriz Leila Diniz. Ela tem at\u00e9 o dia 13 de junho para pagar R$ 74 mil por ter cometido, no m\u00ednimo, uma burrice hist\u00f3rica. No m\u00e1ximo um erro de muita m\u00e1 f\u00e9.<\/p>\n<p>Duarte simplesmente usou a foto hist\u00f3rica de 1968 em que aparecem as atrizes Leila Diniz, <strong>Eva Todor, T\u00f4nia Carrero, Eva Wilma, Odete Lara e Norma Bengell<\/strong>protestando contra a <a href=\"https:\/\/revistaforum.com.br\/temas\/golpe-militar-1008.html\" target=\"_blank\" rel=\"noopener\">ditadura militar<\/a> e inverteu o sentido. Sim, ela colocou as colegas na imagem como se estivessem em uma manifesta\u00e7\u00e3o de apoio o golpe militar de 1964.<\/p>\n<p>Leila Diniz foi uma das mulheres mais modernas do seu tempo, que desafiou costumes e sempre teve uma postura progressista. Jamais apoiou e nem apoiaria a ditadura. O mesmo ocorre com as outras atrizes da foto \u2013 espera-se que suas fam\u00edlias fa\u00e7am o mesmo.<\/p>\n<p>Jana\u00edna Diniz nasceu em 1971 e perdeu a m\u00e3e aos 7 meses de vida para um acidente a\u00e9reo, ocorrido em 1972.<\/p>\n","protected":false},"excerpt":{"rendered":"<p>Atriz bolsonarista usou imagem da colega como se ela estivesse em uma manifesta\u00e7\u00e3o pela interven\u00e7\u00e3o militar; foi processada e condenada<\/p>\n","protected":false},"author":1,"featured_media":0,"comment_status":"closed","ping_status":"open","sticky":false,"template":"","format":"standard","meta":{"_exactmetrics_skip_tracking":false,"_exactmetrics_sitenote_active":false,"_exactmetrics_sitenote_note":"","_exactmetrics_sitenote_category":0,"jetpack_post_was_ever_published":false,"_jetpack_newsletter_access":"","_jetpack_dont_email_post_to_subs":false,"_jetpack_newsletter_tier_id":0,"_jetpack_memberships_contains_paywalled_content":false,"_jetpack_memberships_contains_paid_content":false,"footnotes":"","jetpack_publicize_message":"","jetpack_publicize_feature_enabled":true,"jetpack_social_post_already_shared":true,"jetpack_social_options":{"image_generator_settings":{"template":"highway","enabled":false},"version":2}},"categories":[1],"tags":[909,1054,1053],"class_list":["post-35552","post","type-post","status-publish","format-standard","hentry","category-notas","tag-condenacao","tag-leila-diniz","tag-regina-duarte"],"jetpack_publicize_connections":[],"jetpack_sharing_enabled":true,"jetpack_featured_media_url":"","jetpack_shortlink":"https:\/\/wp.me\/p7wKYW-9fq","jetpack-related-posts":[],"_links":{"self":[{"href":"http:\/\/blogdalucianaoliveira.com.br\/blog\/wp-json\/wp\/v2\/posts\/35552","targetHints":{"allow":["GET"]}}],"collection":[{"href":"http:\/\/blogdalucianaoliveira.com.br\/blog\/wp-json\/wp\/v2\/posts"}],"about":[{"href":"http:\/\/blogdalucianaoliveira.com.br\/blog\/wp-json\/wp\/v2\/types\/post"}],"author":[{"embeddable":true,"href":"http:\/\/blogdalucianaoliveira.com.br\/blog\/wp-json\/wp\/v2\/users\/1"}],"replies":[{"embeddable":true,"href":"http:\/\/blogdalucianaoliveira.com.br\/blog\/wp-json\/wp\/v2\/comments?post=35552"}],"version-history":[{"count":1,"href":"http:\/\/blogdalucianaoliveira.com.br\/blog\/wp-json\/wp\/v2\/posts\/35552\/revisions"}],"predecessor-version":[{"id":35554,"href":"http:\/\/blogdalucianaoliveira.com.br\/blog\/wp-json\/wp\/v2\/posts\/35552\/revisions\/35554"}],"wp:attachment":[{"href":"http:\/\/blogdalucianaoliveira.com.br\/blog\/wp-json\/wp\/v2\/media?parent=35552"}],"wp:term":[{"taxonomy":"category","embeddable":true,"href":"http:\/\/blogdalucianaoliveira.com.br\/blog\/wp-json\/wp\/v2\/categories?post=35552"},{"taxonomy":"post_tag","embeddable":true,"href":"http:\/\/blogdalucianaoliveira.com.br\/blog\/wp-json\/wp\/v2\/tags?post=35552"}],"curies":[{"name":"wp","href":"https:\/\/api.w.org\/{rel}","templated":true}]}}