{"id":35558,"date":"2024-07-17T08:31:29","date_gmt":"2024-07-17T12:31:29","guid":{"rendered":"http:\/\/blogdalucianaoliveira.com.br\/blog\/?p=35558"},"modified":"2024-07-17T08:31:29","modified_gmt":"2024-07-17T12:31:29","slug":"ibge-sob-ataque-como-orgao-se-tornou-alvo-da-direita-e-bolsonaristas-nas-redes","status":"publish","type":"post","link":"http:\/\/blogdalucianaoliveira.com.br\/blog\/2024\/07\/17\/ibge-sob-ataque-como-orgao-se-tornou-alvo-da-direita-e-bolsonaristas-nas-redes\/","title":{"rendered":"IBGE sob ataque: como \u00f3rg\u00e3o se tornou alvo da direita e bolsonaristas nas redes"},"content":{"rendered":"<p style=\"text-align: center;\"><img data-recalc-dims=\"1\" loading=\"lazy\" decoding=\"async\" data-attachment-id=\"35559\" data-permalink=\"http:\/\/blogdalucianaoliveira.com.br\/blog\/2024\/07\/17\/ibge-sob-ataque-como-orgao-se-tornou-alvo-da-direita-e-bolsonaristas-nas-redes\/img_6626\/\" data-orig-file=\"https:\/\/i0.wp.com\/blogdalucianaoliveira.com.br\/blog\/wp-content\/uploads\/2024\/07\/IMG_6626.webp?fit=800%2C450\" data-orig-size=\"800,450\" data-comments-opened=\"0\" data-image-meta=\"{&quot;aperture&quot;:&quot;0&quot;,&quot;credit&quot;:&quot;&quot;,&quot;camera&quot;:&quot;&quot;,&quot;caption&quot;:&quot;&quot;,&quot;created_timestamp&quot;:&quot;0&quot;,&quot;copyright&quot;:&quot;&quot;,&quot;focal_length&quot;:&quot;0&quot;,&quot;iso&quot;:&quot;0&quot;,&quot;shutter_speed&quot;:&quot;0&quot;,&quot;title&quot;:&quot;&quot;,&quot;orientation&quot;:&quot;0&quot;}\" data-image-title=\"IMG_6626\" data-image-description=\"\" data-image-caption=\"\" data-medium-file=\"https:\/\/i0.wp.com\/blogdalucianaoliveira.com.br\/blog\/wp-content\/uploads\/2024\/07\/IMG_6626.webp?fit=300%2C169\" data-large-file=\"https:\/\/i0.wp.com\/blogdalucianaoliveira.com.br\/blog\/wp-content\/uploads\/2024\/07\/IMG_6626.webp?fit=600%2C338\" class=\"alignnone size-full wp-image-35559\" src=\"https:\/\/i0.wp.com\/blogdalucianaoliveira.com.br\/blog\/wp-content\/uploads\/2024\/07\/IMG_6626.webp?resize=600%2C338\" alt=\"\" width=\"600\" height=\"338\" srcset=\"https:\/\/i0.wp.com\/blogdalucianaoliveira.com.br\/blog\/wp-content\/uploads\/2024\/07\/IMG_6626.webp?w=800 800w, https:\/\/i0.wp.com\/blogdalucianaoliveira.com.br\/blog\/wp-content\/uploads\/2024\/07\/IMG_6626.webp?resize=300%2C169 300w, https:\/\/i0.wp.com\/blogdalucianaoliveira.com.br\/blog\/wp-content\/uploads\/2024\/07\/IMG_6626.webp?resize=768%2C432 768w, https:\/\/i0.wp.com\/blogdalucianaoliveira.com.br\/blog\/wp-content\/uploads\/2024\/07\/IMG_6626.webp?resize=533%2C300 533w\" sizes=\"auto, (max-width: 600px) 100vw, 600px\" \/><\/p>\n<div class=\"bbc-19j92fr ebmt73l0\" dir=\"ltr\">\n<p><span role=\"text\"><span class=\"bbc-1ypcc2\">Vitor Tavares, <\/span><\/span><span role=\"text\"><span class=\"bbc-m04vo2\">Role, <\/span><span class=\"bbc-1y5sx98\">Da BBC News Brasil em S\u00e3o Paulo &#8211; <\/span><\/span>O estat\u00edstico baiano M\u00e1rio Augusto Teixeira de Freitas defendia j\u00e1 nos anos 1930 que o Brasil precisava &#8220;<a class=\"focusIndicatorReducedWidth bbc-n8oauk e1p3sufg0\" href=\"https:\/\/obrasraras.museunacional.ufrj.br\/o\/Rev_Nac_Edu_01\/15-%20FREITAS.pdf\" aria-label=\"se conhecer para tornar-se senhor de seu destino, externo\">se conhecer para tornar-se senhor de seu destino<\/a>&#8220;. O pa\u00eds, dizia ele, &#8220;ignorava quase tudo de si mesmo&#8221;.<\/p>\n<\/div>\n<p><!--more--><\/p>\n<div class=\"bbc-19j92fr ebmt73l0\" dir=\"ltr\">\n<p class=\"bbc-hhl7in e17g058b0\" dir=\"ltr\">Os argumentos de Teixeira de Freitas, que hoje \u00e9 nome de uma das maiores cidades do interior da <a class=\"focusIndicatorReducedWidth bbc-n8oauk e1p3sufg0\" href=\"https:\/\/www.bbc.com\/portuguese\/topics\/cxnyknq3904t\">Bahia<\/a>, foram fundamentais para a cria\u00e7\u00e3o <a class=\"focusIndicatorReducedWidth bbc-n8oauk e1p3sufg0\" href=\"https:\/\/memoria.ibge.gov.br\/images\/memoria\/linha-do-tempo\/LinhaDoTempoSemImagem.pdf\" aria-label=\"em 1936, externo\">em 1936<\/a> de um \u00f3rg\u00e3o de estat\u00edsticas nacional: o Instituto Brasileiro de Geografia e Estat\u00edstica, ou IBGE.<\/p>\n<\/div>\n<div class=\"bbc-19j92fr ebmt73l0\" dir=\"ltr\">\n<p class=\"bbc-hhl7in e17g058b0\" dir=\"ltr\">Se o instituto ajudou de fato o Brasil a olhar para si e seus problemas, hoje ele tem sido mais um alvo do polarizado debate pol\u00edtico nas redes sociais.<\/p>\n<\/div>\n<div class=\"bbc-19j92fr ebmt73l0\" dir=\"ltr\">\n<p class=\"bbc-hhl7in e17g058b0\" dir=\"ltr\">Um levantamento da Escola de Comunica\u00e7\u00e3o, M\u00eddia e Informa\u00e7\u00e3o da Funda\u00e7\u00e3o Get\u00falio Vargas (FGV Comunica\u00e7\u00e3o Rio), realizado a pedido da BBC News Brasil, mostra que o IBGE caiu &#8220;na boca do povo&#8221; em 2024.<\/p>\n<p dir=\"ltr\">Foram 326.780 postagens com men\u00e7\u00f5es ao instituto no X (antigo Twitter), entre janeiro e meados de junho. Isso \u00e9 um aumento de mais de 100% em rela\u00e7\u00e3o ao mesmo per\u00edodo em 2023, quando houve 157.180 men\u00e7\u00f5es.<\/p>\n<div class=\"bbc-19j92fr ebmt73l0\" dir=\"ltr\">\n<p class=\"bbc-hhl7in e17g058b0\" dir=\"ltr\">Segundo a an\u00e1lise da FGV, &#8220;o debate nas redes sociais sobre o IBGE \u00e9 mobilizado especialmente a partir da utiliza\u00e7\u00e3o dos dados estat\u00edsticos para embasar cr\u00edticas a opositores e suspeitas sobre a credibilidade das pesquisas realizadas pelo Instituto sob a gest\u00e3o de Marcio Pochmann&#8221;.<\/p>\n<\/div>\n<div class=\"bbc-19j92fr ebmt73l0\" dir=\"ltr\">\n<p class=\"bbc-hhl7in e17g058b0\" dir=\"ltr\">Pochmann \u00e9 o atual presidente do IBGE e, desde sua indica\u00e7\u00e3o pelo presidente Luiz In\u00e1cio Lula da Silva (PT) ao cargo, \u00e9 criticado pela oposi\u00e7\u00e3o e nomes ligados ao mercado financeiro, que o acusam de ser &#8220;ideol\u00f3gico&#8221; \u00e0 esquerda.<\/p>\n<p dir=\"ltr\">A economista Elena Landau, que foi coordenadora do programa econ\u00f4mico da candidatura da atual ministra do Planejamento, Simonte Tebet (MDB), \u00e0 Presid\u00eancia em 2022, chegou a <a class=\"focusIndicatorReducedWidth bbc-n8oauk e1p3sufg0\" href=\"https:\/\/www.estadao.com.br\/economia\/e-um-dia-de-luto-para-a-estatistica-brasileira-diz-landau-sobre-pochmann-na-presidencia-ibge\/\" aria-label=\"classificar, externo\">classificar<\/a> a escolha de Pochmann como &#8220;um dia de luto para a estat\u00edstica brasileira&#8221;.<\/p>\n<div class=\"bbc-19j92fr ebmt73l0\" dir=\"ltr\">\n<p class=\"bbc-hhl7in e17g058b0\" dir=\"ltr\">Os frequentes posicionamentos de Pochmann a respeito da pol\u00edtica e da economia brasileiras s\u00e3o criticados tamb\u00e9m por ex-funcion\u00e1rios do \u00f3rg\u00e3o ouvidos pela BBC News Brasil.<\/p>\n<\/div>\n<div class=\"bbc-19j92fr ebmt73l0\" dir=\"ltr\">\n<p class=\"bbc-hhl7in e17g058b0\" dir=\"ltr\">&#8220;Isso contraria recomenda\u00e7\u00f5es internacionais&#8221;, diz a ex-presidente do instituto Wasm\u00e1lia Bivar.<\/p>\n<\/div>\n<div class=\"bbc-19j92fr ebmt73l0\" dir=\"ltr\">\n<p class=\"bbc-hhl7in e17g058b0\" dir=\"ltr\">Procurado pela reportagem para comentar as cr\u00edticas, o IBGE informou que Pochmann n\u00e3o poderia conceder entrevista.<\/p>\n<\/div>\n<div class=\"bbc-19j92fr ebmt73l0\" dir=\"ltr\">\n<p class=\"bbc-hhl7in e17g058b0\" dir=\"ltr\">O instituto disse em nota que segue as boas pr\u00e1ticas internacionais de levantamentos estat\u00edsticos.<\/p>\n<\/div>\n<div class=\"bbc-19j92fr ebmt73l0\" dir=\"ltr\">\n<p class=\"bbc-hhl7in e17g058b0\" dir=\"ltr\">Apesar de n\u00fameros econ\u00f4micos, de forma geral, positivos ao governo (como o <a class=\"focusIndicatorReducedWidth bbc-n8oauk e1p3sufg0\" href=\"https:\/\/www.bbc.com\/portuguese\/articles\/cxeexmed8nro\">crescimento do Produto Interno Bruto (PIB)<\/a> acima do esperado ou o <a class=\"focusIndicatorReducedWidth bbc-n8oauk e1p3sufg0\" href=\"https:\/\/agenciadenoticias.ibge.gov.br\/agencia-noticias\/2012-agencia-de-noticias\/noticias\/40520-desemprego-recua-para-7-1-menor-taxa-para-um-trimestre-encerrado-em-maio-desde-2014\" aria-label=\"recuo do desemprego, externo\">recuo do desemprego<\/a>, na menor taxa hist\u00f3rica em maio), s\u00e3o os perfis alinhados ideologicamente \u00e0 direita que est\u00e3o dominando o debate nas redes sobre o IBGE.<\/p>\n<\/div>\n<div class=\"bbc-19j92fr ebmt73l0\" dir=\"ltr\">\n<p class=\"bbc-hhl7in e17g058b0\" dir=\"ltr\">Segundo a FGV, 45% das men\u00e7\u00f5es ao instituto no X em 2024 partiram do campo ideol\u00f3gico de oposi\u00e7\u00e3o a Lula. Perfis de esquerda somam 30%. O restante est\u00e1 dividido entre centro, m\u00eddia tradicional e progressistas (perfis alinhados \u00e0 esquerda, mas n\u00e3o diretamente associados ao governo).<\/p>\n<\/div>\n<div class=\"bbc-19j92fr ebmt73l0\" dir=\"ltr\">\n<p class=\"bbc-hhl7in e17g058b0\" dir=\"ltr\">Entre os perfis com mais tra\u00e7\u00e3o identificados pelo levantamento, est\u00e3o os de apoiadores do ex-presidente Jair Bolsonaro (PL).<\/p>\n<\/div>\n<div class=\"bbc-19j92fr ebmt73l0\" dir=\"ltr\">\n<p class=\"bbc-hhl7in e17g058b0\" dir=\"ltr\">O governo do ex-presidente, inclusive, ficou marcado por embates com o \u00f3rg\u00e3o, como os <a class=\"focusIndicatorReducedWidth bbc-n8oauk e1p3sufg0\" href=\"https:\/\/www.bbc.com\/portuguese\/brasil-62654676\">atrasos no Censo<\/a> e <a class=\"focusIndicatorReducedWidth bbc-n8oauk e1p3sufg0\" href=\"https:\/\/www.gazetadopovo.com.br\/republica\/como-o-ibge-calcula-o-desemprego-alvo-de-criticas-de-bolsonaro\/\" aria-label=\"cr\u00edticas , externo\">cr\u00edticas <\/a>a dados n\u00e3o muito positivos para Bolsonaro.<\/p>\n<\/div>\n<div class=\"bbc-19j92fr ebmt73l0\" dir=\"ltr\">\n<p class=\"bbc-hhl7in e17g058b0\" dir=\"ltr\">Posts que viralizam em 2024 tentam descredibilizar os dados apurados pelo instituto.<\/p>\n<\/div>\n<div class=\"bbc-19j92fr ebmt73l0\" dir=\"ltr\">\n<p class=\"bbc-hhl7in e17g058b0\" dir=\"ltr\">S\u00e3o mensagens como: &#8220;na pr\u00f3xima ida ao supermercado, imprima a infla\u00e7\u00e3o oficial no site do IBGE e pendure no carrinho&#8221; ou &#8220;n\u00e3o adianta o IBGE pintar os n\u00fameros. O mercado n\u00e3o engole&#8221;.<\/p>\n<\/div>\n<div class=\"bbc-19j92fr ebmt73l0\" dir=\"ltr\">\n<h2 id=\"Brasil-no-centro-do-mundo\" class=\"bbc-1f03ibc eglt09e0\" tabindex=\"-1\">Brasil no centro do mundo<\/h2>\n<\/div>\n<figure class=\"bbc-1qn0xuy\">\n<div class=\"bbc-18ywsw9\"><img data-recalc-dims=\"1\" loading=\"lazy\" decoding=\"async\" class=\"bbc-139onq\" src=\"https:\/\/i0.wp.com\/ichef.bbci.co.uk\/ace\/ws\/640\/cpsprodpb\/d6a9\/live\/2f194b10-37c0-11ef-bbe0-29f79e992ddd.png.webp?resize=600%2C313&#038;ssl=1\" sizes=\"auto, (min-width: 1008px) 760px, 100vw\" srcset=\"https:\/\/ichef.bbci.co.uk\/ace\/ws\/240\/cpsprodpb\/d6a9\/live\/2f194b10-37c0-11ef-bbe0-29f79e992ddd.png.webp 240w, https:\/\/ichef.bbci.co.uk\/ace\/ws\/320\/cpsprodpb\/d6a9\/live\/2f194b10-37c0-11ef-bbe0-29f79e992ddd.png.webp 320w, https:\/\/ichef.bbci.co.uk\/ace\/ws\/480\/cpsprodpb\/d6a9\/live\/2f194b10-37c0-11ef-bbe0-29f79e992ddd.png.webp 480w, https:\/\/ichef.bbci.co.uk\/ace\/ws\/624\/cpsprodpb\/d6a9\/live\/2f194b10-37c0-11ef-bbe0-29f79e992ddd.png.webp 624w, https:\/\/ichef.bbci.co.uk\/ace\/ws\/800\/cpsprodpb\/d6a9\/live\/2f194b10-37c0-11ef-bbe0-29f79e992ddd.png.webp 800w\" alt=\"Mapa IBGE com o Brasil no centro\" width=\"600\" height=\"313\" \/><\/p>\n<p class=\"bbc-by8ykd\" role=\"text\"><span class=\"bbc-m04vo2\">CR\u00c9DITO, <\/span><span lang=\"en-GB\">IBGE<\/span><\/p>\n<\/div>\n<\/figure>\n<div class=\"bbc-19j92fr ebmt73l0\" dir=\"ltr\">\n<p class=\"bbc-hhl7in e17g058b0\" dir=\"ltr\">Segundo a an\u00e1lise da FGV, um dos principais temas usados para apontar uma suposta &#8220;ideologia&#8221; na atua\u00e7\u00e3o do IBGE foi <a class=\"focusIndicatorReducedWidth bbc-n8oauk e1p3sufg0\" href=\"https:\/\/agenciadenoticias.ibge.gov.br\/agencia-noticias\/2012-agencia-de-noticias\/noticias\/39727-ibge-divulga-publicacao-agenda-2030-e-g20-e-atlas-geografico-escolar-em-evento-na-casa-g20-no-rio-de-janeiro\" aria-label=\"o novo Atlas Geogr\u00e1fico Escolar, externo\">o novo Atlas Geogr\u00e1fico Escolar<\/a>.<\/p>\n<\/div>\n<div class=\"bbc-19j92fr ebmt73l0\" dir=\"ltr\">\n<p class=\"bbc-hhl7in e17g058b0\" dir=\"ltr\">O mapa-m\u00fandi lan\u00e7ado em abril traz com o Brasil no centro e n\u00e3o \u00e0 esquerda como na maioria dos outros atlas.<\/p>\n<\/div>\n<div class=\"bbc-19j92fr ebmt73l0\" dir=\"ltr\">\n<p class=\"bbc-hhl7in e17g058b0\" dir=\"ltr\">Para os cr\u00edticos do IBGE, isso foi uma prova de que o instituto estava agindo de forma politizada, aponta a FGV, enquanto quem apoiou a mudan\u00e7a debochou da suposta falta de conhecimento de geografia de quem falava mal do IBGE.<\/p>\n<\/div>\n<div class=\"bbc-19j92fr ebmt73l0\" dir=\"ltr\">\n<p class=\"bbc-hhl7in e17g058b0\" dir=\"ltr\">O mapa mais utilizado do mundo \u00e9 o que estabelece no centro o Meridiano de Greenwich, que passa por Reino Unido, Fran\u00e7a, Espanha, Arg\u00e9lia, Mali, Burkina Faso e Gana.<\/p>\n<\/div>\n<div class=\"bbc-19j92fr ebmt73l0\" dir=\"ltr\">\n<p class=\"bbc-hhl7in e17g058b0\" dir=\"ltr\">Em 1884, foi determinado na <a class=\"focusIndicatorReducedWidth bbc-n8oauk e1p3sufg0\" href=\"https:\/\/www.bbc.com\/mundo\/ciencia_tecnologia\/2009\/10\/091020_2007_meridiano_greenwich_gm\">Confer\u00eancia Internacional do Meridiano<\/a> que ali seria a longitude 0\u00ba0&#8217;0&#8221; \u2014 ou seja, Greenwich dividiria a Terra entre leste e oeste.<\/p>\n<\/div>\n<div class=\"bbc-19j92fr ebmt73l0\" dir=\"ltr\">\n<p class=\"bbc-hhl7in e17g058b0\" dir=\"ltr\">A reuni\u00e3o que definiu esse &#8220;meio&#8221; aconteceu em Washington, nos Estados Unidos, e reuniu 25 pa\u00edses, dos quais 22 votaram a favor, um foi contra (Rep\u00fablica Dominicana) e dois se abstiveram (Fran\u00e7a e Brasil).<\/p>\n<\/div>\n<div class=\"bbc-19j92fr ebmt73l0\" dir=\"ltr\">\n<p class=\"bbc-hhl7in e17g058b0\" dir=\"ltr\">Na discuss\u00e3o nas redes sobre o novo mapa com o Brasil no centro do mundo, Pochmann defendeu que a representa\u00e7\u00e3o cartogr\u00e1fia do mundo a partir de Greenwich mostra &#8220;a centralidade dos pa\u00edses do Norte Global&#8221;. Seria uma &#8220;express\u00e3o do projeto eurocentrista de modernidade Ocidental&#8221;.<\/p>\n<\/div>\n<div class=\"bbc-19j92fr ebmt73l0\" dir=\"ltr\">\n<p class=\"bbc-hhl7in e17g058b0\" dir=\"ltr\">&#8220;A emerg\u00eancia do Sul Global acompanha o reposicionamento do Brasil no mapa-mundi&#8221;, argumentou o presidente do IBGE.<\/p>\n<\/div>\n<div class=\"bbc-19j92fr ebmt73l0\" dir=\"ltr\">\n<p class=\"bbc-hhl7in e17g058b0\" dir=\"ltr\">O amplo <a class=\"focusIndicatorReducedWidth bbc-n8oauk e1p3sufg0\" href=\"https:\/\/www.bbc.com\/portuguese\/articles\/c0kl44720r5o\">conceito<\/a> de Sul Global divide o mundo entre os pa\u00edses desenvolvidos (Norte) e os em desenvolvimento.<\/p>\n<\/div>\n<div class=\"bbc-19j92fr ebmt73l0\" dir=\"ltr\">\n<p class=\"bbc-hhl7in e17g058b0\" dir=\"ltr\">Apesar do nome, algumas na\u00e7\u00f5es que ficam ao norte da Linha do Equador, como no Norte da \u00c1frica ou na Am\u00e9rica Central, s\u00e3o classificadas como &#8220;Sul&#8221;.<\/p>\n<\/div>\n<div class=\"bbc-19j92fr ebmt73l0\" dir=\"ltr\">\n<p class=\"bbc-hhl7in e17g058b0\" dir=\"ltr\">O IBGE <a class=\"focusIndicatorReducedWidth bbc-n8oauk e1p3sufg0\" href=\"https:\/\/agenciadenoticias.ibge.gov.br\/agencia-noticias\/2012-agencia-de-noticias\/noticias\/39706-novo-atlas-do-ibge-traz-mapas-com-o-brasil-no-centro-do-mundo\" aria-label=\"declarou, externo\">declarou<\/a> que a &#8220;divulga\u00e7\u00e3o (do atlas) ocorre em conson\u00e2ncia com o momento especial em que o <a class=\"focusIndicatorReducedWidth bbc-n8oauk e1p3sufg0\" href=\"https:\/\/www.bbc.com\/portuguese\/brasil-66770437\">Brasil est\u00e1 presidindo o G20<\/a> e \u00e9 uma oportunidade de mostrar uma forma singular do Brasil ser visto em rela\u00e7\u00e3o a esse grupo de pa\u00edses e ao restante do mundo.&#8221;<\/p>\n<\/div>\n<div class=\"bbc-19j92fr ebmt73l0\" dir=\"ltr\">\n<p class=\"bbc-hhl7in e17g058b0\" dir=\"ltr\">&#8220;A terra \u00e9 redonda&#8221;, disse Lula, ao repostar o mapa, entrando no debate.<\/p>\n<\/div>\n<div class=\"bbc-19j92fr ebmt73l0\" dir=\"ltr\">\n<p class=\"bbc-hhl7in e17g058b0\" dir=\"ltr\">A discuss\u00e3o foi tanta que o m\u00eas de abril, quando o mapa foi divulgado, foi quando houve o maior debate sobre o IBGE, de acordo com a FGV.<\/p>\n<\/div>\n<div class=\"bbc-19j92fr ebmt73l0\" dir=\"ltr\">\n<h2 id=\"Por-que-Pochmann-virou-alvo\" class=\"bbc-1f03ibc eglt09e0\" tabindex=\"-1\">Por que Pochmann virou alvo<\/h2>\n<\/div>\n<figure class=\"bbc-1qn0xuy\">\n<div class=\"bbc-18ywsw9\"><img data-recalc-dims=\"1\" loading=\"lazy\" decoding=\"async\" class=\"bbc-139onq\" src=\"https:\/\/i0.wp.com\/ichef.bbci.co.uk\/ace\/ws\/640\/cpsprodpb\/503a\/live\/df00d540-3ef8-11ef-9d8a-cf5f4167d0f9.jpg.webp?resize=600%2C338&#038;ssl=1\" sizes=\"auto, (min-width: 1008px) 760px, 100vw\" srcset=\"https:\/\/ichef.bbci.co.uk\/ace\/ws\/240\/cpsprodpb\/503a\/live\/df00d540-3ef8-11ef-9d8a-cf5f4167d0f9.jpg.webp 240w, https:\/\/ichef.bbci.co.uk\/ace\/ws\/320\/cpsprodpb\/503a\/live\/df00d540-3ef8-11ef-9d8a-cf5f4167d0f9.jpg.webp 320w, https:\/\/ichef.bbci.co.uk\/ace\/ws\/480\/cpsprodpb\/503a\/live\/df00d540-3ef8-11ef-9d8a-cf5f4167d0f9.jpg.webp 480w, https:\/\/ichef.bbci.co.uk\/ace\/ws\/624\/cpsprodpb\/503a\/live\/df00d540-3ef8-11ef-9d8a-cf5f4167d0f9.jpg.webp 624w, https:\/\/ichef.bbci.co.uk\/ace\/ws\/800\/cpsprodpb\/503a\/live\/df00d540-3ef8-11ef-9d8a-cf5f4167d0f9.jpg.webp 800w\" alt=\"Marcio Pochmann sentado com o mapa do brasil ao fundo\" width=\"600\" height=\"338\" \/><\/p>\n<p class=\"bbc-by8ykd\" role=\"text\"><span class=\"bbc-m04vo2\">CR\u00c9DITO, <\/span><span lang=\"en-GB\">LEONARDO CARRATO\/BLOOMBERG VIA GETTY IMAGES<\/span><\/p>\n<\/div><figcaption class=\"bbc-1jsyunq e6i104o0\" dir=\"ltr\"><span role=\"text\"><span class=\"bbc-m04vo2\">Legenda da foto, <\/span><span data-testid=\"caption-paragraph\">Cr\u00edticas a presidente do IBGE s\u00e3o usadas por opositores de Lula para tentar descredibilizar dados do instituto<\/span><\/span><\/figcaption><\/figure>\n<div class=\"bbc-19j92fr ebmt73l0\" dir=\"ltr\">\n<p class=\"bbc-hhl7in e17g058b0\" dir=\"ltr\">Segundo a an\u00e1lise da FGV, a &#8220;direita descredibiliza dados positivos divulgados pelo Instituto a partir de cr\u00edticas direcionadas \u00e0 dire\u00e7\u00e3o de Marcio Pochmann&#8221;.<\/p>\n<\/div>\n<div class=\"bbc-19j92fr ebmt73l0\" dir=\"ltr\">\n<p class=\"bbc-hhl7in e17g058b0\" dir=\"ltr\">Ex-presidente do Ipea (Instituto de Pesquisa Econ\u00f4mica Aplicada), o economista e pesquisador da Universidade de Campinas (Unicamp) \u00e9 membro do PT.<\/p>\n<\/div>\n<div class=\"bbc-19j92fr ebmt73l0\" dir=\"ltr\">\n<p class=\"bbc-hhl7in e17g058b0\" dir=\"ltr\">Ele j\u00e1 presidiu a Funda\u00e7\u00e3o Perseu Abramo, mantida pelo partido, e o Instituto Lula, al\u00e9m de ter sido candidato pelo PT \u00e0 Prefeitura de Campinas (SP).<\/p>\n<\/div>\n<div class=\"bbc-19j92fr ebmt73l0\" dir=\"ltr\">\n<p class=\"bbc-hhl7in e17g058b0\" dir=\"ltr\">Na \u00e9poca de sua nomea\u00e7\u00e3o, em julho de 2023, diversas reportagens na imprensa citaram cr\u00edticas do mercado financeiro e de economistas liberais \u00e0 presen\u00e7a de um nome &#8220;ideol\u00f3gico&#8221; \u00e0 frente do Instituto.<\/p>\n<\/div>\n<div class=\"bbc-19j92fr ebmt73l0\" dir=\"ltr\">\n<p class=\"bbc-hhl7in e17g058b0\" dir=\"ltr\">Isso levou a Unicamp a publicar uma <a class=\"focusIndicatorReducedWidth bbc-n8oauk e1p3sufg0\" href=\"https:\/\/www.unicamp.br\/unicamp\/noticias\/2023\/07\/28\/reitoria-e-instituto-de-economia-manifestam-apoio-marcio-pochmann\" aria-label=\"nota para defender Pochmann, externo\">nota para defender Pochmann<\/a>, lamentando &#8220;tentativas de desqualifica\u00e7\u00e3o&#8221; e &#8220;a atribui\u00e7\u00e3o \u2014 leviana \u2014 de eventuais manipula\u00e7\u00f5es de estat\u00edsticas num futuro exerc\u00edcio do cargo&#8221;.<\/p>\n<\/div>\n<div class=\"bbc-19j92fr ebmt73l0\" dir=\"ltr\">\n<p class=\"bbc-hhl7in e17g058b0\" dir=\"ltr\">Um ano depois da nomea\u00e7\u00e3o, Pochmann se mant\u00e9m ativo no debate pol\u00edtico.<\/p>\n<\/div>\n<div class=\"bbc-19j92fr ebmt73l0\" dir=\"ltr\">\n<p class=\"bbc-hhl7in e17g058b0\" dir=\"ltr\">Em seu perfil no X, s\u00e3o frequentes suas cr\u00edticas ao <a class=\"focusIndicatorReducedWidth bbc-n8oauk e1p3sufg0\" href=\"https:\/\/www.bbc.com\/portuguese\/geral-59521979\">neoliberalismo<\/a>, \u00e0 taxa b\u00e1sica de juros mantida pelo Banco Central ou aos super-ricos. Recentemente, postou uma homenagem \u00e0 liberdade do fundador do Wikileaks, <a class=\"focusIndicatorReducedWidth bbc-n8oauk e1p3sufg0\" href=\"https:\/\/www.bbc.com\/portuguese\/articles\/cnllll2lx1zo\">Julian Assange<\/a>, e criticou o governo de Javier Milei, desafeto de Lula, na Argentina.<\/p>\n<\/div>\n<div class=\"bbc-19j92fr ebmt73l0\" dir=\"ltr\">\n<p class=\"bbc-hhl7in e17g058b0\" dir=\"ltr\">Tamb\u00e9m repercutem na imprensa e nas redes declara\u00e7\u00f5es dadas por Pochmann em eventos, como <a class=\"focusIndicatorReducedWidth bbc-n8oauk e1p3sufg0\" href=\"https:\/\/www1.folha.uol.com.br\/mercado\/2024\/04\/tenho-curriculo-nao-sou-um-joao-ninguem-diz-pochmann-presidente-do-ibge.shtml\" aria-label=\"elogios aos m\u00e9todos estat\u00edsticos da China, externo\">elogios aos m\u00e9todos estat\u00edsticos da China<\/a>ou um suposto intuito de <a class=\"focusIndicatorReducedWidth bbc-n8oauk e1p3sufg0\" href=\"https:\/\/oglobo.globo.com\/blogs\/malu-gaspar\/post\/2023\/11\/pochmann-fala-em-mudar-divulgacao-de-estatisticas-do-ibge-e-causa-apreensao-no-instituto.ghtml\" aria-label=\"alterar o modelo de divulga\u00e7\u00e3o de estat\u00edsticas, externo\">alterar o modelo de divulga\u00e7\u00e3o de estat\u00edsticas<\/a> do \u00f3rg\u00e3o de pesquisas.<\/p>\n<\/div>\n<div class=\"bbc-19j92fr ebmt73l0\" dir=\"ltr\">\n<p class=\"bbc-hhl7in e17g058b0\" dir=\"ltr\">O ator e humorista Victor Coelho, mais conhecido como Mionzinho, \u00e9 um dos cr\u00edticos de Pochmann e do IBGE.<\/p>\n<\/div>\n<div class=\"bbc-19j92fr ebmt73l0\" dir=\"ltr\">\n<p class=\"bbc-hhl7in e17g058b0\" dir=\"ltr\">Para os seus mais de 1,4 milh\u00e3o de seguidores do X, ele vem usando o termo &#8220;crit\u00e9rio chin\u00eas&#8221; para lan\u00e7ar d\u00favidas sobre dados do instituto.<\/p>\n<\/div>\n<div class=\"bbc-19j92fr ebmt73l0\" dir=\"ltr\">\n<p class=\"bbc-hhl7in e17g058b0\" dir=\"ltr\">&#8220;Venho me preocupando com o IBGE primeiro pelo que j\u00e1 foi feito em outras \u00e9pocas do PT no poder e tamb\u00e9m pelo presidente Marcio Pochmann e suas declara\u00e7\u00f5es&#8221;, diz Coelho \u00e0 BBC News Brasil, citando o passado do presidente e epis\u00f3dios.<\/p>\n<\/div>\n<div class=\"bbc-19j92fr ebmt73l0\" dir=\"ltr\">\n<p class=\"bbc-hhl7in e17g058b0\" dir=\"ltr\">Para o ator, que se define de direita, a imagem do instituto tem sido manchada, mas &#8220;entre uma parte pequena do pa\u00eds&#8221;.<\/p>\n<\/div>\n<div class=\"bbc-19j92fr ebmt73l0\" dir=\"ltr\">\n<p class=\"bbc-hhl7in e17g058b0\" dir=\"ltr\">Os posicionamentos p\u00fablicos de Pochmann destoam, de maneira geral, do perfil de antecessores.<\/p>\n<\/div>\n<div class=\"bbc-19j92fr ebmt73l0\" dir=\"ltr\">\n<p class=\"bbc-hhl7in e17g058b0\" dir=\"ltr\">\u00c0 BBC News Brasil, a economista Wasm\u00e1lia Bivar, presidente do IBGE entre 2011 e 2016, no governo de Dilma Rousseff (PT), diz que o comportamento de Pochmann n\u00e3o segue recomenda\u00e7\u00f5es de boas pr\u00e1ticas em \u00f3rg\u00e3os de estat\u00edsticas.<\/p>\n<\/div>\n<div class=\"bbc-19j92fr ebmt73l0\" dir=\"ltr\">\n<p class=\"bbc-hhl7in e17g058b0\" dir=\"ltr\">&#8220;Nunca manifestei as minhas opini\u00f5es sobre quest\u00f5es econ\u00f4micas e pol\u00edticas porque sempre entendi que isso n\u00e3o era papel do presidente do IBGE&#8221;, diz.<\/p>\n<\/div>\n<div class=\"bbc-19j92fr ebmt73l0\" dir=\"ltr\">\n<p class=\"bbc-hhl7in e17g058b0\" dir=\"ltr\">&#8220;O IBGE tem que ser uma institui\u00e7\u00e3o manifestadamente independente justamente para ganhar confian\u00e7a de todos.&#8221;<\/p>\n<\/div>\n<div class=\"bbc-19j92fr ebmt73l0\" dir=\"ltr\">\n<p class=\"bbc-hhl7in e17g058b0\" dir=\"ltr\">Outras ex-lideran\u00e7as do instituto, como <a class=\"focusIndicatorReducedWidth bbc-n8oauk e1p3sufg0\" href=\"https:\/\/exame.com\/economia\/estou-ofendido-como-ex-presidente-do-ibge-diz-bacha-sobre-pochmann-na-presidencia-do-orgao\/\" aria-label=\"Edmar Bacha, externo\">Edmar Bacha<\/a> (presidente entre 1985 e1986) e <a class=\"focusIndicatorReducedWidth bbc-n8oauk e1p3sufg0\" href=\"https:\/\/oglobo.globo.com\/opiniao\/artigos\/coluna\/2023\/11\/ibge-90-anos-e-preciso-abrir-os-olhos.ghtml\" aria-label=\"Martha Mayer, externo\">Martha Mayer<\/a> (diretora de pesquisas entre 1999 e 2004) tamb\u00e9m j\u00e1 fizeram cr\u00edticas a Pochmann na imprensa.<\/p>\n<\/div>\n<div class=\"bbc-19j92fr ebmt73l0\" dir=\"ltr\">\n<p class=\"bbc-hhl7in e17g058b0\" dir=\"ltr\">Mas Wasm\u00e1liaBivar ressalta que o comportamento do atual presidente do IBGE n\u00e3o pode ser relacionado a uma suposta &#8220;manipula\u00e7\u00e3o de dados&#8221; pelo instituto.<\/p>\n<\/div>\n<div class=\"bbc-19j92fr ebmt73l0\" dir=\"ltr\">\n<p class=\"bbc-hhl7in e17g058b0\" dir=\"ltr\">&#8220;H\u00e1 uma diferen\u00e7a monstruosa entre uma coisa e outra&#8221;, diz a ex-presidente do IBGE.<\/p>\n<\/div>\n<div class=\"bbc-19j92fr ebmt73l0\" dir=\"ltr\">\n<p class=\"bbc-hhl7in e17g058b0\" dir=\"ltr\">Bivar diz acreditar que o IBGE se mant\u00e9m independente, importando pouco &#8220;quem senta naquela cadeira&#8221;.<\/p>\n<\/div>\n<div class=\"bbc-19j92fr ebmt73l0\" dir=\"ltr\">\n<p class=\"bbc-hhl7in e17g058b0\" dir=\"ltr\">&#8220;A independ\u00eancia do IBGE \u00e9 aquela que verdadeiramente conta para a sociedade brasileira. E os t\u00e9cnicos s\u00e3o comprometidos com isso porque eles sabem que a sobreviv\u00eancia do \u00f3rg\u00e3o depende da sua credibilidade&#8221;, argumenta.<\/p>\n<\/div>\n<div class=\"bbc-19j92fr ebmt73l0\" dir=\"ltr\">\n<p class=\"bbc-hhl7in e17g058b0\" dir=\"ltr\">&#8220;Afinal, o IBGE vai \u00e0 sua porta e pega seus dados. \u00c9 preciso confian\u00e7a. Qualquer um que chegue amea\u00e7ando isso vai ter que se ver com os t\u00e9cnicos&#8221;.<\/p>\n<\/div>\n<div class=\"bbc-19j92fr ebmt73l0\" dir=\"ltr\">\n<p class=\"bbc-hhl7in e17g058b0\" dir=\"ltr\">A economista lembra que o \u00f3rg\u00e3o funciona como uma cadeia de produ\u00e7\u00e3o. &#8220;Tem um grupo de pessoas que conhecem o resultado, e ele n\u00e3o pode ser mudado, alterado, a despeito das opini\u00f5es.&#8221;<\/p>\n<\/div>\n<div class=\"bbc-19j92fr ebmt73l0\" dir=\"ltr\">\n<p class=\"bbc-hhl7in e17g058b0\" dir=\"ltr\">&#8220;Quando o resultado chega nas m\u00e3os do presidente do IBGE, \u00e9 um resultado fechado j\u00e1. N\u00e3o chega nada preliminar.&#8221;<\/p>\n<\/div>\n<div class=\"bbc-19j92fr ebmt73l0\" dir=\"ltr\">\n<p class=\"bbc-hhl7in e17g058b0\" dir=\"ltr\">O Instituto tem cerca de 11 mil servidores, segundo <a class=\"focusIndicatorReducedWidth bbc-n8oauk e1p3sufg0\" href=\"https:\/\/www.cnnbrasil.com.br\/economia\/macroeconomia\/ibge-fara-maior-concurso-da-historia-afirma-presidente-do-instituto\/\" aria-label=\"declara\u00e7\u00e3o, externo\">declara\u00e7\u00e3o<\/a> recente de Pochmann.<\/p>\n<\/div>\n<div class=\"bbc-19j92fr ebmt73l0\" dir=\"ltr\">\n<p class=\"bbc-hhl7in e17g058b0\" dir=\"ltr\">Funcion\u00e1rio do IBGE por 30 anos e autor de livros sobre a mem\u00f3ria da institui\u00e7\u00e3o, o ge\u00f3grafo Roberto Schmidt de Almeida avalia que a atua\u00e7\u00e3o &#8220;do atual presidente n\u00e3o reflete a realidade do que ocorre na casa, que tem uma quantidade grande de t\u00e9cnicos que conseguem reprimir quest\u00f5es ideol\u00f3gicas&#8221;.<\/p>\n<\/div>\n<div class=\"bbc-19j92fr ebmt73l0\" dir=\"ltr\">\n<p class=\"bbc-hhl7in e17g058b0\" dir=\"ltr\">Almeida lembra ainda que h\u00e1 um controle internacional a respeito dos org\u00e3os de estat\u00edsticas dos pa\u00edses.<\/p>\n<\/div>\n<div class=\"bbc-19j92fr ebmt73l0\" dir=\"ltr\">\n<p class=\"bbc-hhl7in e17g058b0\" dir=\"ltr\">&#8220;N\u00e3o vejo hoje os \u00f3rg\u00e3os de estat\u00edsticas do mundo, a n\u00e3o ser de ditaduras muito severas, fazendo maquiagem. Hoje, as estrutura de dados no mundo s\u00e3o muito semelhantes, tem reuni\u00f5es internacionais para discutir isso&#8221;, diz.<\/p>\n<\/div>\n<div class=\"bbc-19j92fr ebmt73l0\" dir=\"ltr\">\n<p class=\"bbc-hhl7in e17g058b0\" dir=\"ltr\">Em nota \u00e0 BBC News Brasil, o IBGE declarou que &#8220;segue seu C\u00f3digo de Boas Pr\u00e1ticas das Estat\u00edsticas, em absoluta conson\u00e2ncia com os <a class=\"focusIndicatorReducedWidth bbc-n8oauk e1p3sufg0\" href=\"https:\/\/www.ibge.gov.br\/acesso-informacao\/institucional\/documentos-ibge\/1861-novo-portal\/institucional\/16150-principios-fundamentais-das-estatisticas-oficiais-orientacoes-para-divulgacoes-de-resultados-pelo-ibge.html\" aria-label=\"Princ\u00edpios Fundamentais das Estat\u00edsticas Oficiais da ONU, externo\">Princ\u00edpios Fundamentais das Estat\u00edsticas Oficiais da ONU<\/a> [Organiza\u00e7\u00e3o das Na\u00e7\u00f5es Unidas], e n\u00e3o realiza levantamentos relativos \u00e0 popularidade ou repercuss\u00f5es nas redes de suas pesquisas, indicadores e estudos divulgados&#8221;.<\/p>\n<\/div>\n<div class=\"bbc-19j92fr ebmt73l0\" dir=\"ltr\">\n<p class=\"bbc-hhl7in e17g058b0\" dir=\"ltr\">A BBC News Brasil tamb\u00e9m solicitou uma entrevista para que Pochmann pudesse responder \u00e0s cr\u00edticas, mas foi informada que, &#8220;por quest\u00f5es de agenda, o presidente do IBGE n\u00e3o poder\u00e1 conceder entrevista ou responder perguntas&#8221;.<\/p>\n<\/div>\n<div class=\"bbc-19j92fr ebmt73l0\" dir=\"ltr\">\n<p class=\"bbc-hhl7in e17g058b0\" dir=\"ltr\">Em 2023, antes da chegada de Pochmann, o sindicato dos funcion\u00e1rios do IBGE (ASSIBGE) lan\u00e7ou um <a class=\"focusIndicatorReducedWidth bbc-n8oauk e1p3sufg0\" href=\"https:\/\/assibge.org.br\/manifesto-pela-democratizacao-interna-do-ibge\/\" aria-label=\"manifesto pela democratiza\u00e7\u00e3o interna, externo\">manifesto pela democratiza\u00e7\u00e3o interna<\/a>do instituto.<\/p>\n<\/div>\n<div class=\"bbc-19j92fr ebmt73l0\" dir=\"ltr\">\n<p class=\"bbc-hhl7in e17g058b0\" dir=\"ltr\">A defesa \u00e9 por uma elei\u00e7\u00e3o direita para presidente do \u00f3rg\u00e3o e superintendentes estaduais, evitando indica\u00e7\u00f5es de cunho pol\u00edtico.<\/p>\n<\/div>\n<figure class=\"bbc-1qn0xuy\">\n<div class=\"bbc-18ywsw9\"><img data-recalc-dims=\"1\" loading=\"lazy\" decoding=\"async\" class=\"bbc-139onq\" src=\"https:\/\/i0.wp.com\/ichef.bbci.co.uk\/ace\/ws\/640\/cpsprodpb\/f76b\/live\/e8f8f2b0-3efa-11ef-9d8a-cf5f4167d0f9.jpg.webp?resize=600%2C338&#038;ssl=1\" sizes=\"auto, (min-width: 1008px) 760px, 100vw\" srcset=\"https:\/\/ichef.bbci.co.uk\/ace\/ws\/240\/cpsprodpb\/f76b\/live\/e8f8f2b0-3efa-11ef-9d8a-cf5f4167d0f9.jpg.webp 240w, https:\/\/ichef.bbci.co.uk\/ace\/ws\/320\/cpsprodpb\/f76b\/live\/e8f8f2b0-3efa-11ef-9d8a-cf5f4167d0f9.jpg.webp 320w, https:\/\/ichef.bbci.co.uk\/ace\/ws\/480\/cpsprodpb\/f76b\/live\/e8f8f2b0-3efa-11ef-9d8a-cf5f4167d0f9.jpg.webp 480w, https:\/\/ichef.bbci.co.uk\/ace\/ws\/624\/cpsprodpb\/f76b\/live\/e8f8f2b0-3efa-11ef-9d8a-cf5f4167d0f9.jpg.webp 624w, https:\/\/ichef.bbci.co.uk\/ace\/ws\/800\/cpsprodpb\/f76b\/live\/e8f8f2b0-3efa-11ef-9d8a-cf5f4167d0f9.jpg.webp 800w\" alt=\"Pesquisador do IBGE conversa com homem ind\u00edgena  numa aldeia\" width=\"600\" height=\"338\" \/><\/p>\n<p class=\"bbc-by8ykd\" role=\"text\"><span class=\"bbc-m04vo2\">CR\u00c9DITO, <\/span><span lang=\"en-GB\">MICHAEL DANTAS\/AFP VIA GETTY IMAGES<\/span><\/p>\n<\/div><figcaption class=\"bbc-1jsyunq e6i104o0\" dir=\"ltr\"><span role=\"text\"><span class=\"bbc-m04vo2\">Legenda da foto, <\/span><span data-testid=\"caption-paragraph\">IBGE depende da confian\u00e7a do brasileiro para exercer trabalhos como o Censo, diz ex-presidente<\/span><\/span><\/figcaption><\/figure>\n<div class=\"bbc-19j92fr ebmt73l0\" dir=\"ltr\">\n<h2 id=\"A-pol\u00eamica-da-infla\u00e7\u00e3o\" class=\"bbc-1f03ibc eglt09e0\" tabindex=\"-1\">A pol\u00eamica da infla\u00e7\u00e3o<\/h2>\n<\/div>\n<div class=\"bbc-19j92fr ebmt73l0\" dir=\"ltr\">\n<p class=\"bbc-hhl7in e17g058b0\" dir=\"ltr\">N\u00e3o \u00e9 de hoje que h\u00e1 embates ideol\u00f3gicos em torno dos tipos de n\u00fameros divulgados pelo IBGE.<\/p>\n<\/div>\n<div class=\"bbc-19j92fr ebmt73l0\" dir=\"ltr\">\n<p class=\"bbc-hhl7in e17g058b0\" dir=\"ltr\">&#8220;O IBGE e os dados s\u00f3 s\u00e3o interessantes quando agradam aquilo que seu grupo quer&#8221;, diz Almeida, que publicou livro com o pensamento de ge\u00f3grafos que trabalharam no instituto desde 1938.<\/p>\n<\/div>\n<div class=\"bbc-19j92fr ebmt73l0\" dir=\"ltr\">\n<p class=\"bbc-hhl7in e17g058b0\" dir=\"ltr\">Ele \u00e9 considerado uma enciclop\u00e9dia viva do IBGE e lembra de datas e de cada presidente do \u00f3rg\u00e3o.<\/p>\n<\/div>\n<div class=\"bbc-19j92fr ebmt73l0\" dir=\"ltr\">\n<p class=\"bbc-hhl7in e17g058b0\" dir=\"ltr\">Sobre os conflitos entre governos e os dados, ele se recorda, por exemplo, do &#8220;per\u00edodo em que Delfim Netto era ministro da Economia (na ditadura militar, entre 1967-1974), ou no governo Sarney (1985-1990), em que se falou das tentativas de mascarar dados da infla\u00e7\u00e3o&#8221;.<\/p>\n<\/div>\n<div class=\"bbc-19j92fr ebmt73l0\" dir=\"ltr\">\n<p class=\"bbc-hhl7in e17g058b0\" dir=\"ltr\">Em ambos os casos, o processo inflacion\u00e1rio pressionava o governo do momento a tentar minimizar sua velocidade.<\/p>\n<\/div>\n<div class=\"bbc-19j92fr ebmt73l0\" dir=\"ltr\">\n<p class=\"bbc-hhl7in e17g058b0\" dir=\"ltr\">A passagem tamb\u00e9m est\u00e1 no livro<i class=\"bbc-h1y5j7 eih42320\"> Muito Al\u00e9m dos \u00cdndices: Cr\u00f4nicas, Hist\u00f3ria e Entrelinhas da Infla\u00e7\u00e3o <\/i>(Editora FGV, 2008), em que o autor Salom\u00e3o Quadros cita tentativas de Delfim em abastecer com produtos a cidade do Rio (onde era feito o levantamento), para abaixar os pre\u00e7os.<\/p>\n<\/div>\n<div class=\"bbc-19j92fr ebmt73l0\" dir=\"ltr\">\n<p class=\"bbc-hhl7in e17g058b0\" dir=\"ltr\">Mas cen\u00e1rios como esse hoje s\u00e3o improv\u00e1veis, segundo quem trabalhou no IBGE. O processo de apura\u00e7\u00e3o do \u00edndice oficial \u00e9 muito complexo com a pesquisa de milh\u00f5es de itens que s\u00e3o vendidos em dezenas de milhares de estabelecimentos em 16 capitais do pa\u00eds.<\/p>\n<\/div>\n<div class=\"bbc-19j92fr ebmt73l0\" dir=\"ltr\">\n<p class=\"bbc-hhl7in e17g058b0\" dir=\"ltr\">Muitas das tentativas de descr\u00e9dito ao IBGE nas redes hoje est\u00e3o ligadas justamente \u00e0 infla\u00e7\u00e3o. Cr\u00edticos sugerem que o \u00edndice atual (de <a class=\"focusIndicatorReducedWidth bbc-n8oauk e1p3sufg0\" href=\"https:\/\/agenciadenoticias.ibge.gov.br\/agencia-sala-de-imprensa\/2013-agencia-de-noticias\/releases\/40625-ipca-foi-de-0-21-em-junho\" aria-label=\"4,23% nos \u00faltimos 12 meses, externo\">4,23% nos \u00faltimos 12 meses<\/a>) n\u00e3o reflete o aumento que os consumidores est\u00e3o sentindo nas g\u00f4ndolas dos mercados.<\/p>\n<\/div>\n<div class=\"bbc-19j92fr ebmt73l0\" dir=\"ltr\">\n<p class=\"bbc-hhl7in e17g058b0\" dir=\"ltr\">Isso ocorre embora o \u00edndice do IBGE n\u00e3o seja muito diferente do \u00edndice de infla\u00e7\u00e3o medido pela FGV, o \u00cdndice Geral de Pre\u00e7os &#8211; Mercado (IGP-M), que mostra uma taxa de <a class=\"focusIndicatorReducedWidth bbc-n8oauk e1p3sufg0\" href=\"https:\/\/portal.fgv.br\/noticias\/igp-m-junho-2024\" aria-label=\"2,45% nos \u00faltimos 12 meses, externo\">2,45% nos \u00faltimos 12 meses<\/a> ou do \u00cdndice de Pre\u00e7os ao Consumidor (IPC) da Funda\u00e7\u00e3o Instituto de Pesquisas Econ\u00f4micas (Fipe), <a class=\"focusIndicatorReducedWidth bbc-n8oauk e1p3sufg0\" href=\"https:\/\/www.infomoney.com.br\/economia\/ipc-fipe-acelera-para-026-em-junho-e-acumula-inflacao-de-297-em-12-meses\/\" aria-label=\"com ac\u00famulo de 2,97%, externo\">com ac\u00famulo de 2,97%<\/a>.<\/p>\n<\/div>\n<div class=\"bbc-19j92fr ebmt73l0\" dir=\"ltr\">\n<p class=\"bbc-hhl7in e17g058b0\" dir=\"ltr\">Wasm\u00e1lia Bivar, hoje professora de economia na Pontif\u00edcia Universidade Cat\u00f3lica do Rio de Janeiro (PUC-Rio), responde a esses questionamentos sobre os dados de infla\u00e7\u00e3o do IBGE com uma atividade que ela realiza com alunos do terceiro semestre do curso de gradua\u00e7\u00e3o.<\/p>\n<\/div>\n<div class=\"bbc-19j92fr ebmt73l0\" dir=\"ltr\">\n<p class=\"bbc-hhl7in e17g058b0\" dir=\"ltr\">Ela pede para que cada grupo de alunos monte sua &#8220;cesta de consumo&#8221;. Ou seja, escolher, entre produtos e servi\u00e7os medidos pelo IBGE, quais s\u00e3o aqueles consumidos pelo grupo.<\/p>\n<\/div>\n<div class=\"bbc-19j92fr ebmt73l0\" dir=\"ltr\">\n<p class=\"bbc-hhl7in e17g058b0\" dir=\"ltr\">S\u00e3o em geral jovens, que n\u00e3o gastam, por exemplo, com aluguel ou luz, mas tem gastos com telefonia, streaming e vida noturna.<\/p>\n<\/div>\n<div class=\"bbc-19j92fr ebmt73l0\" dir=\"ltr\">\n<p class=\"bbc-hhl7in e17g058b0\" dir=\"ltr\">Com a cesta montada, eles calculam, a partir dos dados do IBGE, quanto foi a infla\u00e7\u00e3o para aquele grupo de produtos espec\u00edficos.<\/p>\n<\/div>\n<div class=\"bbc-19j92fr ebmt73l0\" dir=\"ltr\">\n<p class=\"bbc-hhl7in e17g058b0\" dir=\"ltr\">Bivar mostra a eles que &#8220;o c\u00e1lculo da infla\u00e7\u00e3o deles \u00e9 diferente da infla\u00e7\u00e3o do Brasil&#8221;.<\/p>\n<\/div>\n<div class=\"bbc-19j92fr ebmt73l0\" dir=\"ltr\">\n<p class=\"bbc-hhl7in e17g058b0\" dir=\"ltr\">&#8220;A infla\u00e7\u00e3o brasileira \u00e9 uma m\u00e9dia ampla. N\u00e3o \u00e9 a minha infla\u00e7\u00e3o, a sua infla\u00e7\u00e3o ou a dos meus alunos&#8221;, explica.<\/p>\n<\/div>\n<div class=\"bbc-19j92fr ebmt73l0\" dir=\"ltr\">\n<p class=\"bbc-hhl7in e17g058b0\" dir=\"ltr\">&#8220;O IPCA (\u00edndice de infla\u00e7\u00e3o) mede a fam\u00edlia brasileira que tem entre 1 e 40 sal\u00e1rios m\u00ednimos. \u00c9 um universo gigante. Quanto mais perto de um sal\u00e1rio m\u00ednimo, maior vai ser o peso em alimenta\u00e7\u00e3o, por exemplo. \u00d3bvio que a infla\u00e7\u00e3o vai ser diferente para cada.&#8221;<\/p>\n<\/div>\n<div class=\"bbc-19j92fr ebmt73l0\" dir=\"ltr\">\n<p class=\"bbc-hhl7in e17g058b0\" dir=\"ltr\">Para Bivar, mesmo em situa\u00e7\u00f5es em que n\u00e3o haja pol\u00eamicas sobre quem ocupa a cadeira de presidente, o \u00f3rg\u00e3o ser\u00e1 sempre &#8220;vidra\u00e7a&#8221;.<\/p>\n<\/div>\n<div class=\"bbc-19j92fr ebmt73l0\" dir=\"ltr\">\n<p class=\"bbc-hhl7in e17g058b0\" dir=\"ltr\">&#8220;Quando os dados favorecem o governo, a oposi\u00e7\u00e3o cr\u00edtica o IBGE. Quando n\u00e3o favorece o governo, a oposi\u00e7\u00e3o fica feliz e o governo de algum modo tende a criticar o IBGE. Isso j\u00e1 aconteceu in\u00fameras vezes&#8221;, opina.<\/p>\n<\/div>\n<div class=\"bbc-19j92fr ebmt73l0\" dir=\"ltr\">\n<p class=\"bbc-hhl7in e17g058b0\" dir=\"ltr\">&#8220;Essa altern\u00e2ncia \u00e9 que faz com que o IBGE tenha credibilidade no seu trabalho e independ\u00eancia.&#8221;<\/p>\n<\/div>\n<div class=\"bbc-19j92fr ebmt73l0\" dir=\"ltr\">\n<p class=\"bbc-hhl7in e17g058b0\" dir=\"ltr\">O ge\u00f3grafo Roberto Schmidt de Almeida tamb\u00e9m sai em defesa do local onde trabalhou por mais de tr\u00eas d\u00e9cadas.<\/p>\n<\/div>\n<div class=\"bbc-19j92fr ebmt73l0\" dir=\"ltr\">\n<p class=\"bbc-hhl7in e17g058b0\" dir=\"ltr\">&#8220;Voc\u00ea pode ter algumas pessoas tentando vender essa ideia de que o IBGE n\u00e3o \u00e9 confi\u00e1vel, mas \u00e9 uma ideia que ela morre muito rapidamente.&#8221;<\/p>\n<\/div>\n<\/div>\n<\/div>\n","protected":false},"excerpt":{"rendered":"<p>Vitor Tavares, Role, Da BBC News Brasil em S\u00e3o Paulo &#8211; O estat\u00edstico baiano M\u00e1rio Augusto Teixeira de Freitas defendia j\u00e1 nos anos 1930 que o Brasil precisava &#8220;se conhecer para tornar-se senhor de seu destino&#8220;. O pa\u00eds, dizia ele, &#8220;ignorava quase tudo de si mesmo&#8221;.<\/p>\n","protected":false},"author":1,"featured_media":0,"comment_status":"closed","ping_status":"open","sticky":false,"template":"","format":"standard","meta":{"_exactmetrics_skip_tracking":false,"_exactmetrics_sitenote_active":false,"_exactmetrics_sitenote_note":"","_exactmetrics_sitenote_category":0,"jetpack_post_was_ever_published":false,"_jetpack_newsletter_access":"","_jetpack_dont_email_post_to_subs":false,"_jetpack_newsletter_tier_id":0,"_jetpack_memberships_contains_paywalled_content":false,"_jetpack_memberships_contains_paid_content":false,"footnotes":"","jetpack_publicize_message":"","jetpack_publicize_feature_enabled":true,"jetpack_social_post_already_shared":true,"jetpack_social_options":{"image_generator_settings":{"template":"highway","enabled":false},"version":2}},"categories":[1],"tags":[],"class_list":["post-35558","post","type-post","status-publish","format-standard","hentry","category-notas"],"jetpack_publicize_connections":[],"jetpack_sharing_enabled":true,"jetpack_featured_media_url":"","jetpack_shortlink":"https:\/\/wp.me\/p7wKYW-9fw","jetpack-related-posts":[],"_links":{"self":[{"href":"http:\/\/blogdalucianaoliveira.com.br\/blog\/wp-json\/wp\/v2\/posts\/35558","targetHints":{"allow":["GET"]}}],"collection":[{"href":"http:\/\/blogdalucianaoliveira.com.br\/blog\/wp-json\/wp\/v2\/posts"}],"about":[{"href":"http:\/\/blogdalucianaoliveira.com.br\/blog\/wp-json\/wp\/v2\/types\/post"}],"author":[{"embeddable":true,"href":"http:\/\/blogdalucianaoliveira.com.br\/blog\/wp-json\/wp\/v2\/users\/1"}],"replies":[{"embeddable":true,"href":"http:\/\/blogdalucianaoliveira.com.br\/blog\/wp-json\/wp\/v2\/comments?post=35558"}],"version-history":[{"count":1,"href":"http:\/\/blogdalucianaoliveira.com.br\/blog\/wp-json\/wp\/v2\/posts\/35558\/revisions"}],"predecessor-version":[{"id":35560,"href":"http:\/\/blogdalucianaoliveira.com.br\/blog\/wp-json\/wp\/v2\/posts\/35558\/revisions\/35560"}],"wp:attachment":[{"href":"http:\/\/blogdalucianaoliveira.com.br\/blog\/wp-json\/wp\/v2\/media?parent=35558"}],"wp:term":[{"taxonomy":"category","embeddable":true,"href":"http:\/\/blogdalucianaoliveira.com.br\/blog\/wp-json\/wp\/v2\/categories?post=35558"},{"taxonomy":"post_tag","embeddable":true,"href":"http:\/\/blogdalucianaoliveira.com.br\/blog\/wp-json\/wp\/v2\/tags?post=35558"}],"curies":[{"name":"wp","href":"https:\/\/api.w.org\/{rel}","templated":true}]}}