{"id":35561,"date":"2024-07-17T08:52:32","date_gmt":"2024-07-17T12:52:32","guid":{"rendered":"http:\/\/blogdalucianaoliveira.com.br\/blog\/?p=35561"},"modified":"2024-07-17T08:52:32","modified_gmt":"2024-07-17T12:52:32","slug":"seca-afeta-10-mil-pessoas-isola-comunidades-e-causa-desabastecimento-no-amazonas","status":"publish","type":"post","link":"http:\/\/blogdalucianaoliveira.com.br\/blog\/2024\/07\/17\/seca-afeta-10-mil-pessoas-isola-comunidades-e-causa-desabastecimento-no-amazonas\/","title":{"rendered":"Seca afeta 10 mil pessoas, isola comunidades e causa desabastecimento no Amazonas"},"content":{"rendered":"<p><img data-recalc-dims=\"1\" loading=\"lazy\" decoding=\"async\" data-attachment-id=\"35565\" data-permalink=\"http:\/\/blogdalucianaoliveira.com.br\/blog\/2024\/07\/17\/seca-afeta-10-mil-pessoas-isola-comunidades-e-causa-desabastecimento-no-amazonas\/img_6628\/\" data-orig-file=\"https:\/\/i0.wp.com\/blogdalucianaoliveira.com.br\/blog\/wp-content\/uploads\/2024\/07\/IMG_6628.jpeg?fit=1000%2C450\" data-orig-size=\"1000,450\" data-comments-opened=\"0\" data-image-meta=\"{&quot;aperture&quot;:&quot;0&quot;,&quot;credit&quot;:&quot;&quot;,&quot;camera&quot;:&quot;&quot;,&quot;caption&quot;:&quot;&quot;,&quot;created_timestamp&quot;:&quot;0&quot;,&quot;copyright&quot;:&quot;&quot;,&quot;focal_length&quot;:&quot;0&quot;,&quot;iso&quot;:&quot;0&quot;,&quot;shutter_speed&quot;:&quot;0&quot;,&quot;title&quot;:&quot;&quot;,&quot;orientation&quot;:&quot;1&quot;}\" data-image-title=\"IMG_6628\" data-image-description=\"\" data-image-caption=\"\" data-medium-file=\"https:\/\/i0.wp.com\/blogdalucianaoliveira.com.br\/blog\/wp-content\/uploads\/2024\/07\/IMG_6628.jpeg?fit=300%2C135\" data-large-file=\"https:\/\/i0.wp.com\/blogdalucianaoliveira.com.br\/blog\/wp-content\/uploads\/2024\/07\/IMG_6628.jpeg?fit=600%2C270\" class=\"alignnone size-full wp-image-35565\" src=\"https:\/\/i0.wp.com\/blogdalucianaoliveira.com.br\/blog\/wp-content\/uploads\/2024\/07\/IMG_6628.jpeg?resize=600%2C270\" alt=\"\" width=\"600\" height=\"270\" srcset=\"https:\/\/i0.wp.com\/blogdalucianaoliveira.com.br\/blog\/wp-content\/uploads\/2024\/07\/IMG_6628.jpeg?w=1000 1000w, https:\/\/i0.wp.com\/blogdalucianaoliveira.com.br\/blog\/wp-content\/uploads\/2024\/07\/IMG_6628.jpeg?resize=300%2C135 300w, https:\/\/i0.wp.com\/blogdalucianaoliveira.com.br\/blog\/wp-content\/uploads\/2024\/07\/IMG_6628.jpeg?resize=768%2C346 768w, https:\/\/i0.wp.com\/blogdalucianaoliveira.com.br\/blog\/wp-content\/uploads\/2024\/07\/IMG_6628.jpeg?resize=667%2C300 667w\" sizes=\"auto, (max-width: 600px) 100vw, 600px\" \/><\/p>\n<div class=\"row content-head mc-column non-featured \">\n<div class=\"medium-centered subtitle\">\n<h2 class=\"content-head__subtitle\">Segundo o governo do Amazonas, estiagem deste ano pode ser mais severa do que a de 2023. Dos 62 munic\u00edpios do estado, 20 est\u00e3o em estado de emerg\u00eancia.<\/h2>\n<\/div>\n<\/div>\n<p><!--more--><\/p>\n<div class=\"content__signa-share mc-column\">\n<div class=\"content__signature\">\n<div class=\"content-publication-data\">\n<div class=\"content-publication-data__text\">\n<p class=\"content-publication-data__from\" title=\"Matheus Castro\">Por <a class=\"multi_signatures\" href=\"https:\/\/g1.globo.com\/autores\/matheus-castro\/\">Matheus Castro<\/a>, g1 AM<\/p>\n<\/div>\n<\/div>\n<\/div>\n<\/div>\n<p>Com pouco mais de 17 mil habitantes, o munic\u00edpio de <a class=\"\" href=\"https:\/\/g1.globo.com\/am\/amazonas\/cidade\/envira\/\">Envira<\/a>, localizado na regi\u00e3o sudoeste do Amazonas e distante 1.200 km de Manaus, j\u00e1 sofre os impactos daquela que pode ser a maior seca dos \u00faltimos anos no estado, segundo o governo estadual. Dez mil pessoas j\u00e1 foram afetadas pelo fen\u00f4meno, que tamb\u00e9m tem isolado comunidades, encalhado embarca\u00e7\u00f5es e causado problemas de abastecimento de insumos no munic\u00edpio.<\/p>\n<div id=\"chunk-23gmr\">\n<div class=\"mc-column content-text active-extra-styles \" data-block-type=\"unstyled\" data-block-weight=\"71\" data-block-id=\"5\">\n<p class=\" content-text__container \" data-track-category=\"Link no Texto\" data-track-links=\"\">O cen\u00e1rio que se desencadeia em Envira \u00e9 esperado para todo o estado. O governo do Amazonas prev\u00ea que <a class=\"\" href=\"https:\/\/g1.globo.com\/am\/amazonas\/noticia\/2023\/10\/16\/manaus-registra-a-pior-seca-da-historia-com-nivel-do-rio-negro-em-1359-metros.ghtml\">a situa\u00e7\u00e3o neste ano pode ser ainda pior do que a vivida no ano passado<\/a>, quando foi registrada a maior seca da hist\u00f3ria do Amazonas. At\u00e9 o momento, 20 das 62 cidades do estado j\u00e1 est\u00e3o em situa\u00e7\u00e3o de emerg\u00eancia. <strong>Em Manaus, o Rio Negro desceu 54 cent\u00edmetros s\u00f3 em julho. <\/strong><\/p>\n<\/div>\n<\/div>\n<div id=\"chunk-72pfm\">\n<div class=\"mc-column content-text active-extra-styles \" data-block-type=\"unstyled\" data-block-weight=\"57\" data-block-id=\"6\">\n<p class=\" content-text__container \" data-track-category=\"Link no Texto\" data-track-links=\"\">A estiagem do ano passado tamb\u00e9m afetou Envira, <a class=\"\" href=\"https:\/\/g1.globo.com\/am\/amazonas\/noticia\/2023\/09\/12\/devido-a-seca-alimentos-demoram-ate-9-dias-para-chegar-em-cidade-no-interior-do-am.ghtml\">isolando comunidades e trazendo problemas de abastecimento<\/a>. No entanto, neste ano, o fen\u00f4meno come\u00e7ou mais cedo por l\u00e1. No dia 16 de julho de 2023, o Rio Tarauac\u00e1, que banha a cidade, media 8,55 metros. Nesta ter\u00e7a (16), um ano depois, o mesmo rio est\u00e1 medindo 5,26 metros.<br \/>\nNa foz do Rio Jurupari, um dos afluentes do Rio Envira, j\u00e1 \u00e9 poss\u00edvel fazer o trajeto entre as duas margens a p\u00e9. No fim de semana, as \u00e1guas mediam 1,22 metro. No ano passado, no mesmo per\u00edodo, as \u00e1guas estavam em 6,77 metros.<\/p>\n<section id=\"fl-layout-header-container\" class=\"fl-layout-container\">\n<div id=\"fl-layout-header\" class=\"fl-layout-inner\">\n<header class=\"flourish-header\">\n<hgroup>\n<h2 id=\"flourish-header-title\">Seca isola comunidades e causa desabastecimento no interior do Amazonas<\/h2>\n<h3 id=\"flourish-header-subtitle\">20 cidades decretaram situa\u00e7\u00e3o de emerg\u00eancia por conta da seca, que pode superar recorde de 2023<\/h3>\n<\/hgroup>\n<p id=\"flourish-header-text\"><img data-recalc-dims=\"1\" loading=\"lazy\" decoding=\"async\" data-attachment-id=\"35563\" data-permalink=\"http:\/\/blogdalucianaoliveira.com.br\/blog\/2024\/07\/17\/seca-afeta-10-mil-pessoas-isola-comunidades-e-causa-desabastecimento-no-amazonas\/img_6627\/\" data-orig-file=\"https:\/\/i0.wp.com\/blogdalucianaoliveira.com.br\/blog\/wp-content\/uploads\/2024\/07\/IMG_6627.jpeg?fit=997%2C757\" data-orig-size=\"997,757\" data-comments-opened=\"0\" data-image-meta=\"{&quot;aperture&quot;:&quot;0&quot;,&quot;credit&quot;:&quot;&quot;,&quot;camera&quot;:&quot;&quot;,&quot;caption&quot;:&quot;&quot;,&quot;created_timestamp&quot;:&quot;0&quot;,&quot;copyright&quot;:&quot;&quot;,&quot;focal_length&quot;:&quot;0&quot;,&quot;iso&quot;:&quot;0&quot;,&quot;shutter_speed&quot;:&quot;0&quot;,&quot;title&quot;:&quot;&quot;,&quot;orientation&quot;:&quot;1&quot;}\" data-image-title=\"IMG_6627\" data-image-description=\"\" data-image-caption=\"\" data-medium-file=\"https:\/\/i0.wp.com\/blogdalucianaoliveira.com.br\/blog\/wp-content\/uploads\/2024\/07\/IMG_6627.jpeg?fit=300%2C228\" data-large-file=\"https:\/\/i0.wp.com\/blogdalucianaoliveira.com.br\/blog\/wp-content\/uploads\/2024\/07\/IMG_6627.jpeg?fit=600%2C456\" class=\"alignnone size-full wp-image-35563\" src=\"https:\/\/i0.wp.com\/blogdalucianaoliveira.com.br\/blog\/wp-content\/uploads\/2024\/07\/IMG_6627.jpeg?resize=600%2C456\" alt=\"\" width=\"600\" height=\"456\" srcset=\"https:\/\/i0.wp.com\/blogdalucianaoliveira.com.br\/blog\/wp-content\/uploads\/2024\/07\/IMG_6627.jpeg?w=997 997w, https:\/\/i0.wp.com\/blogdalucianaoliveira.com.br\/blog\/wp-content\/uploads\/2024\/07\/IMG_6627.jpeg?resize=300%2C228 300w, https:\/\/i0.wp.com\/blogdalucianaoliveira.com.br\/blog\/wp-content\/uploads\/2024\/07\/IMG_6627.jpeg?resize=768%2C583 768w, https:\/\/i0.wp.com\/blogdalucianaoliveira.com.br\/blog\/wp-content\/uploads\/2024\/07\/IMG_6627.jpeg?resize=395%2C300 395w\" sizes=\"auto, (max-width: 600px) 100vw, 600px\" \/><\/p>\n<div class=\"clearfix\">Dados da Defesa Civil apontam que sete mil pessoas j\u00e1 foram impactadas pela seca dos Rios Tarauc\u00e1 e Envira na sede do munic\u00edpio, e outras tr\u00eas mil sofrem os efeitos do problema na zona ribeirinha. <a class=\"\" href=\"https:\/\/g1.globo.com\/am\/amazonas\/noticia\/2024\/07\/10\/municipio-de-envira-declara-estado-de-emergencia-devido-a-seca-dos-rios-no-amazonas.ghtml\">A situa\u00e7\u00e3o \u00e9 t\u00e3o cr\u00edtica que fez com que a prefeitura tamb\u00e9m decretasse situa\u00e7\u00e3o de emerg\u00eancia.<\/a><\/div>\n<\/header>\n<\/div>\n<\/section>\n<section id=\"fl-layout-primary-container\" class=\"fl-layout-container\" aria-label=\"primary visualisation container\">\n<div id=\"fl-layout-primary\" class=\"fl-layout-inner\" aria-hidden=\"true\">\n<div class=\"container\">\n<div class=\"container-map mapboxgl-map\">\n<div class=\"mapboxgl-canary\">\n<div id=\"chunk-1a4st\">\n<div class=\"mc-column content-text active-extra-styles \" data-block-type=\"unstyled\" data-block-weight=\"58\" data-block-id=\"13\">\n<p class=\" content-text__container \" data-track-category=\"Link no Texto\" data-track-links=\"\">O problema fica ainda pior por conta da dist\u00e2ncia do munic\u00edpio. Em condi\u00e7\u00f5es normais, \u00e9 mais f\u00e1cil e vantajoso chegar a Envira por Feij\u00f3, cidade acreana que fica a 89 km do munic\u00edpio amazonense, usando barco ou avi\u00e3o &#8211; \u00fanicos meios de transporte poss\u00edveis. No entanto, com a seca, o que j\u00e1 era dif\u00edcil fica ainda pior.<\/p>\n<\/div>\n<\/div>\n<div id=\"chunk-t35b\">\n<div class=\"mc-column content-text active-extra-styles \" data-block-type=\"unstyled\" data-block-weight=\"22\" data-block-id=\"14\">\n<p class=\" content-text__container \" data-track-category=\"Link no Texto\" data-track-links=\"\">No estado vizinho, o Acre<a class=\"\" href=\"https:\/\/g1.globo.com\/ac\/acre\/noticia\/2024\/07\/09\/seca-no-acre-afeta-produtores-tres-meses-apos-cheia-extrema-destruir-plantacoes-nao-conseguimos-irrigar.ghtml\">, a seca tamb\u00e9m j\u00e1 \u00e9 um problema<\/a>. Isso ocorre poucos meses ap\u00f3s uma cheia recorde em fevereiro.<\/p>\n<\/div>\n<\/div>\n<\/div>\n<div class=\"mapboxgl-control-container\">\n<div class=\"mapboxgl-ctrl-top-left\">Ainda segundo Ismael, com os rios secos, as embarca\u00e7\u00f5es est\u00e3o encalhando e o transporte, que j\u00e1 \u00e9 dif\u00edcil na regi\u00e3o, tende a piorar. Com isso, h\u00e1 risco de desabastecimento de itens de consumo di\u00e1rio da popula\u00e7\u00e3o.<br \/>\nA situa\u00e7\u00e3o \u00e9 t\u00e3o cr\u00edtica que o chefe da Defesa Civil aconselhou moradores das regi\u00f5es ribeirinhas a se abrigarem na sede do munic\u00edpio.<\/p>\n<div id=\"chunk-dtq7\">\n<div class=\"mc-column content-text active-extra-styles\" data-block-type=\"raw\" data-block-weight=\"2\" data-block-id=\"25\">\n<div class=\"content-intertitle\">\n<h2>Transporte impactado<\/h2>\n<\/div>\n<\/div>\n<\/div>\n<div id=\"chunk-ddc7i\">\n<div class=\"mc-column content-text active-extra-styles \" data-block-type=\"unstyled\" data-block-weight=\"30\" data-block-id=\"26\">\n<p class=\" content-text__container \" data-track-category=\"Link no Texto\" data-track-links=\"\">O barqueiro Elvis Melo, que mora em Envira e trabalha fazendo o transporte de verduras de Feij\u00f3 at\u00e9 o munic\u00edpio, contou que teve que mudar de barco para poder trabalhar.<\/p>\n<\/div>\n<\/div>\n<div id=\"chunk-feoum\">\n<div class=\"mc-column content-text active-extra-styles \" data-block-type=\"unstyled\" data-block-weight=\"63\" data-block-id=\"27\">\n<p class=\" content-text__container \" data-track-category=\"Link no Texto\" data-track-links=\"\">&#8220;Em condi\u00e7\u00f5es normais, essa viagem demoraria cerca de um dia. Mas, com a seca, um barco m\u00e9dio est\u00e1 demorando cerca de 6 a 7 dias para chegar a Envira, saindo de Feij\u00f3. Por isso, tivemos que trocar para uma canoa pequena, que demora uns dois ou tr\u00eas dias para chegar, para poder passar em alguns trechos do rio onde n\u00e3o se passa mais.&#8221;<\/p>\n<\/div>\n<\/div>\n<div id=\"chunk-2prec\">\n<div class=\"mc-column content-text active-extra-styles \" data-block-type=\"unstyled\" data-block-weight=\"50\" data-block-id=\"28\">\n<p class=\" content-text__container \" data-track-category=\"Link no Texto\" data-track-links=\"\">O problema tamb\u00e9m tem impacto na renda do comerciante, que muitas vezes v\u00ea o produto estragar durante a viagem, sem poder fazer nada. &#8220;A gente tem perdido muitas verduras por conta do tempo de viagem. A\u00ed, o que fazemos \u00e9 vender a pre\u00e7o de custo para n\u00e3o perder a mercadoria.&#8221;<\/p>\n<div id=\"chunk-b4ug6\">\n<div class=\"mc-column content-text active-extra-styles\" data-block-type=\"raw\" data-block-weight=\"3\" data-block-id=\"31\">\n<div class=\"content-intertitle\">\n<h2>Sa\u00fade em alerta<\/h2>\n<\/div>\n<p>A estiagem no munic\u00edpio acendeu, ainda, um alerta na \u00e1rea da sa\u00fade. Com o isolamento, Envira pode ficar sem oxig\u00eanio, segundo o secret\u00e1rio de sa\u00fade Maronilton Silva.<\/p>\n<\/div>\n<\/div>\n<div id=\"chunk-2otdo\">\n<div class=\"mc-column content-text active-extra-styles \" data-block-type=\"unstyled\" data-block-weight=\"27\" data-block-id=\"32\">\n<div id=\"chunk-3tq3h\">\n<div class=\"mc-column content-text active-extra-styles \" data-block-type=\"unstyled\" data-block-weight=\"16\" data-block-id=\"34\">\n<p class=\" content-text__container \" data-track-category=\"Link no Texto\" data-track-links=\"\">O secret\u00e1rio tamb\u00e9m mostrou preocupa\u00e7\u00e3o com a possibilidade de a cidade ficar sem \u00e1gua pot\u00e1vel.<\/p>\n<\/div>\n<\/div>\n<div id=\"chunk-6tvj9\">\n<div class=\"mc-column content-text active-extra-styles \" data-block-type=\"unstyled\" data-block-weight=\"46\" data-block-id=\"35\">\n<p class=\" content-text__container \" data-track-category=\"Link no Texto\" data-track-links=\"\">&#8220;Os nossos po\u00e7os artesianos est\u00e3o ficando escassos. Temos essa dificuldade e estamos tentando arrumar isso para que a gente n\u00e3o fique sem \u00e1gua. O que a gente est\u00e1 vivendo hoje, em condi\u00e7\u00f5es normais, dever\u00edamos viver em setembro, outubro. \u00c9 o momento de nos preocuparmos&#8221;, disse.<\/p>\n<div id=\"chunk-fb6na\">\n<div class=\"row medium-uncollapsed content-media content-photo\" data-block-type=\"backstage-photo\" data-block-id=\"37\">\n<div class=\" mc-column  content-media__container\">\n<div class=\"content-media-container glb-skeleton-box\">\n<figure class=\"content-media-figure\"><img data-recalc-dims=\"1\" decoding=\"async\" class=\"i-amphtml-fill-content i-amphtml-replaced-content\" src=\"https:\/\/i0.wp.com\/s2-g1.glbimg.com\/Cg7JidLPIJlXpW_OhlAF3NSaO6A%3D\/0x0%3A1040x468\/984x0\/smart\/filters%3Astrip_icc%28%29\/i.s3.glbimg.com\/v1\/AUTH_59edd422c0c84a879bd37670ae4f538a\/internal_photos\/bs\/2024\/O\/0\/cENcNjQ2SIbeh72qiBQA\/whatsapp-image-2024-07-14-at-23.52.51.jpeg?w=600&#038;ssl=1\" sizes=\"(max-width: 390px) 350px, 100vw\" srcset=\"https:\/\/s2-g1.glbimg.com\/E_XOFzkIsHTOo-3XiMSUUHx9YAk=\/0x0:1040x468\/1000x0\/smart\/filters:strip_icc()\/i.s3.glbimg.com\/v1\/AUTH_59edd422c0c84a879bd37670ae4f538a\/internal_photos\/bs\/2024\/O\/0\/cENcNjQ2SIbeh72qiBQA\/whatsapp-image-2024-07-14-at-23.52.51.jpeg 1000w, https:\/\/s2-g1.glbimg.com\/Cg7JidLPIJlXpW_OhlAF3NSaO6A=\/0x0:1040x468\/984x0\/smart\/filters:strip_icc()\/i.s3.glbimg.com\/v1\/AUTH_59edd422c0c84a879bd37670ae4f538a\/internal_photos\/bs\/2024\/O\/0\/cENcNjQ2SIbeh72qiBQA\/whatsapp-image-2024-07-14-at-23.52.51.jpeg 984w, https:\/\/s2-g1.glbimg.com\/Ox3TWFE121X7rlSd0eySeE3eF0Y=\/0x0:1040x468\/640x0\/smart\/filters:strip_icc()\/i.s3.glbimg.com\/v1\/AUTH_59edd422c0c84a879bd37670ae4f538a\/internal_photos\/bs\/2024\/O\/0\/cENcNjQ2SIbeh72qiBQA\/whatsapp-image-2024-07-14-at-23.52.51.jpeg 640w, https:\/\/s2-g1.glbimg.com\/cAwXB7km78n6kaSv5pHjqcp7n40=\/0x0:1040x468\/600x0\/smart\/filters:strip_icc()\/i.s3.glbimg.com\/v1\/AUTH_59edd422c0c84a879bd37670ae4f538a\/internal_photos\/bs\/2024\/O\/0\/cENcNjQ2SIbeh72qiBQA\/whatsapp-image-2024-07-14-at-23.52.51.jpeg 600w\" alt=\"Envira sofre uma das piores secas da hist\u00f3ria. \u2014 Foto: Divulga\u00e7\u00e3o\/Defesa Civil Municipal\" \/><\/figure>\n<\/div>\n<p class=\"content-media__description  \">Envira sofre uma das piores secas da hist\u00f3ria. \u2014 Foto: Divulga\u00e7\u00e3o\/Defesa Civil Municipal<\/p>\n<\/div>\n<\/div>\n<\/div>\n<div id=\"chunk-2r06f\">\n<div class=\"mc-column content-text active-extra-styles\" data-block-type=\"raw\" data-block-weight=\"2\" data-block-id=\"38\">\n<p class=\"content-text__container\">A\u00e7\u00f5es preventivas<\/p>\n<p>As previs\u00f5es indicam que a seca em 2024 pode ser t\u00e3o severa quanto a de 2023. Por isso, o governo estadual decretou estado de emerg\u00eancia em 20 munic\u00edpios, situados nas calhas do Juru\u00e1, Purus e alto Solim\u00f5es.<\/p>\n<\/div>\n<\/div>\n<div id=\"chunk-5jvnd\">\n<div class=\"mc-column content-text active-extra-styles \" data-block-type=\"unstyled\" data-block-weight=\"27\" data-block-id=\"40\">\n<p class=\" content-text__container \" data-track-category=\"Link no Texto\" data-track-links=\"\">O governo tamb\u00e9m decretou emerg\u00eancia ambiental no estado devido a queimadas registradas no sul do Amazonas, Manaus e regi\u00e3o metropolitana. Os decretos t\u00eam validade de 180 dias.<\/p>\n<\/div>\n<\/div>\n<div id=\"chunk-d6v9m\">\n<div class=\"mc-column content-text active-extra-styles \" data-block-type=\"unstyled\" data-block-weight=\"51\" data-block-id=\"41\">\n<p class=\" content-text__container \" data-track-category=\"Link no Texto\" data-track-links=\"\">Ainda conforme o governo, a\u00e7\u00f5es voltadas para o abastecimento de \u00e1gua pot\u00e1vel, insumos e medicamentos para a sa\u00fade, produ\u00e7\u00e3o rural, log\u00edstica para a manuten\u00e7\u00e3o do funcionamento da rede estadual de educa\u00e7\u00e3o, ajuda humanit\u00e1ria e dragagem dos rios s\u00e3o os principais focos do cronograma de atividades do plano de conting\u00eancia do governo.<\/p>\n<div id=\"chunk-fsvhd\">\n<div class=\"mc-column content-text active-extra-styles \" data-block-type=\"unstyled\" data-block-weight=\"40\" data-block-id=\"43\">\n<p class=\" content-text__container \" data-track-category=\"Link no Texto\" data-track-links=\"\">Munic\u00edpios da calha do Juru\u00e1 j\u00e1 est\u00e3o recebendo medicamentos e insumos para a sa\u00fade, como Guajar\u00e1, Envira e Ipixuna, segundo a secret\u00e1ria de sa\u00fade, Nayara Oliveira. Nas localidades, com a vazante dos rios, o transporte fluvial j\u00e1 est\u00e1 sendo prejudicado.<\/p>\n<\/div>\n<\/div>\n<div id=\"chunk-oml5\">\n<div class=\"bs-video-block mc-column  glb-content-block--no-side-padding content-media content-video\" data-block-type=\"backstage-video\" data-block-id=\"44\">\n<div class=\"content-media__container\">\n<div class=\"content-video__bigger-player-description-fixer\">\n<article class=\"content-video\" data-ts-view=\"1721220365553\">\n<section class=\"content-video__video-container\">\n<div class=\"content-video__video\">\n<div id=\"wp3-player-3\" class=\"clappr-player\" tabindex=\"9999\" data-player=\"\">\n<div class=\"container-overlay\">\n<div id=\"chunk-oml5\">\n<div class=\"bs-video-block mc-column  glb-content-block--no-side-padding content-media content-video\" data-block-type=\"backstage-video\" data-block-id=\"44\">\n<div class=\"content-media__container\">\n<div class=\"content-video__bigger-player-description-fixer\">\n<article class=\"content-video\" data-ts-view=\"1721220365553\">\n<section class=\"content-video__video-container\">\n<div class=\"content-video__video\">\n<div id=\"wp3-player-3\" class=\"clappr-player\" tabindex=\"9999\" data-player=\"\">\n<div class=\"container\" data-container=\"\">\n<div class=\"poster\"><\/div>\n<div class=\"id-playback\" data-id-playback=\"\"><video id=\"c132\" poster=\"https:\/\/s01.video.glbimg.com\/x240\/12749616.jpg\" preload=\"none\" width=\"300\" height=\"150\" data-html5-video=\"\"><\/video><\/div>\n<\/div>\n<\/div>\n<\/div>\n<\/section>\n<\/article>\n<\/div>\n<p class=\"content-media__description mc-column\">Munic\u00edpio de Envira declara situa\u00e7\u00e3o de emerg\u00eancia devido a seca dos rios no Amazonas<\/p>\n<\/div>\n<\/div>\n<\/div>\n<\/div>\n<\/div>\n<\/div>\n<\/section>\n<\/article>\n<\/div>\n<\/div>\n<\/div>\n<\/div>\n<\/div>\n<\/div>\n<\/div>\n<\/div>\n<\/div>\n<\/div>\n<\/div>\n<\/div>\n<\/div>\n<div class=\"mapboxgl-ctrl-top-right\">\n<div class=\"mapboxgl-ctrl mapboxgl-ctrl-group\"><\/div>\n<\/div>\n<div class=\"mapboxgl-ctrl-bottom-left\"><\/div>\n<div class=\"mapboxgl-ctrl-bottom-right\">\n<div class=\"mapboxgl-ctrl mapboxgl-ctrl-attrib mapboxgl-compact\"><\/div>\n<\/div>\n<\/div>\n<p><canvas width=\"252\" height=\"252\"><\/canvas><\/div>\n<div class=\"container-timeline\"><\/div>\n<\/div>\n<\/div>\n<\/section>\n<section id=\"fl-layout-footer-container\" class=\"fl-layout-container\">\n<div id=\"fl-layout-footer\" class=\"fl-layout-inner\">\n<footer class=\"flourish-footer\">\n<div id=\"flourish-footer-text\" class=\"flourish-footer-text\">\n<p>&nbsp;<\/p>\n<\/div>\n<div class=\"flourish-footer-logo-container\"><\/div>\n<\/footer>\n<\/div>\n<\/section>\n<\/div>\n<\/div>\n","protected":false},"excerpt":{"rendered":"<p>Segundo o governo do Amazonas, estiagem deste ano pode ser mais severa do que a de 2023. Dos 62 munic\u00edpios do estado, 20 est\u00e3o em estado de emerg\u00eancia.<\/p>\n","protected":false},"author":1,"featured_media":0,"comment_status":"closed","ping_status":"open","sticky":false,"template":"","format":"standard","meta":{"_exactmetrics_skip_tracking":false,"_exactmetrics_sitenote_active":false,"_exactmetrics_sitenote_note":"","_exactmetrics_sitenote_category":0,"jetpack_post_was_ever_published":false,"_jetpack_newsletter_access":"","_jetpack_dont_email_post_to_subs":false,"_jetpack_newsletter_tier_id":0,"_jetpack_memberships_contains_paywalled_content":false,"_jetpack_memberships_contains_paid_content":false,"footnotes":"","jetpack_publicize_message":"","jetpack_publicize_feature_enabled":true,"jetpack_social_post_already_shared":true,"jetpack_social_options":{"image_generator_settings":{"template":"highway","enabled":false},"version":2}},"categories":[1],"tags":[432,914,864],"class_list":["post-35561","post","type-post","status-publish","format-standard","hentry","category-notas","tag-amazonas","tag-rios","tag-seca"],"jetpack_publicize_connections":[],"jetpack_sharing_enabled":true,"jetpack_featured_media_url":"","jetpack_shortlink":"https:\/\/wp.me\/p7wKYW-9fz","jetpack-related-posts":[],"_links":{"self":[{"href":"http:\/\/blogdalucianaoliveira.com.br\/blog\/wp-json\/wp\/v2\/posts\/35561","targetHints":{"allow":["GET"]}}],"collection":[{"href":"http:\/\/blogdalucianaoliveira.com.br\/blog\/wp-json\/wp\/v2\/posts"}],"about":[{"href":"http:\/\/blogdalucianaoliveira.com.br\/blog\/wp-json\/wp\/v2\/types\/post"}],"author":[{"embeddable":true,"href":"http:\/\/blogdalucianaoliveira.com.br\/blog\/wp-json\/wp\/v2\/users\/1"}],"replies":[{"embeddable":true,"href":"http:\/\/blogdalucianaoliveira.com.br\/blog\/wp-json\/wp\/v2\/comments?post=35561"}],"version-history":[{"count":3,"href":"http:\/\/blogdalucianaoliveira.com.br\/blog\/wp-json\/wp\/v2\/posts\/35561\/revisions"}],"predecessor-version":[{"id":35566,"href":"http:\/\/blogdalucianaoliveira.com.br\/blog\/wp-json\/wp\/v2\/posts\/35561\/revisions\/35566"}],"wp:attachment":[{"href":"http:\/\/blogdalucianaoliveira.com.br\/blog\/wp-json\/wp\/v2\/media?parent=35561"}],"wp:term":[{"taxonomy":"category","embeddable":true,"href":"http:\/\/blogdalucianaoliveira.com.br\/blog\/wp-json\/wp\/v2\/categories?post=35561"},{"taxonomy":"post_tag","embeddable":true,"href":"http:\/\/blogdalucianaoliveira.com.br\/blog\/wp-json\/wp\/v2\/tags?post=35561"}],"curies":[{"name":"wp","href":"https:\/\/api.w.org\/{rel}","templated":true}]}}