{"id":35567,"date":"2024-07-17T10:48:25","date_gmt":"2024-07-17T14:48:25","guid":{"rendered":"http:\/\/blogdalucianaoliveira.com.br\/blog\/?p=35567"},"modified":"2024-07-17T10:48:25","modified_gmt":"2024-07-17T14:48:25","slug":"povo-karipuna-quer-protecao-e-reativacao-de-posto-apos-retirada-de-invasores","status":"publish","type":"post","link":"http:\/\/blogdalucianaoliveira.com.br\/blog\/2024\/07\/17\/povo-karipuna-quer-protecao-e-reativacao-de-posto-apos-retirada-de-invasores\/","title":{"rendered":"Povo Karipuna quer prote\u00e7\u00e3o e reativa\u00e7\u00e3o de posto, ap\u00f3s retirada de invasores"},"content":{"rendered":"<p><img data-recalc-dims=\"1\" loading=\"lazy\" decoding=\"async\" data-attachment-id=\"35568\" data-permalink=\"http:\/\/blogdalucianaoliveira.com.br\/blog\/2024\/07\/17\/povo-karipuna-quer-protecao-e-reativacao-de-posto-apos-retirada-de-invasores\/img_6630\/\" data-orig-file=\"https:\/\/i0.wp.com\/blogdalucianaoliveira.com.br\/blog\/wp-content\/uploads\/2024\/07\/IMG_6630.jpeg?fit=1170%2C1148\" data-orig-size=\"1170,1148\" data-comments-opened=\"0\" data-image-meta=\"{&quot;aperture&quot;:&quot;0&quot;,&quot;credit&quot;:&quot;&quot;,&quot;camera&quot;:&quot;&quot;,&quot;caption&quot;:&quot;&quot;,&quot;created_timestamp&quot;:&quot;0&quot;,&quot;copyright&quot;:&quot;&quot;,&quot;focal_length&quot;:&quot;0&quot;,&quot;iso&quot;:&quot;0&quot;,&quot;shutter_speed&quot;:&quot;0&quot;,&quot;title&quot;:&quot;&quot;,&quot;orientation&quot;:&quot;1&quot;}\" data-image-title=\"IMG_6630\" data-image-description=\"\" data-image-caption=\"\" data-medium-file=\"https:\/\/i0.wp.com\/blogdalucianaoliveira.com.br\/blog\/wp-content\/uploads\/2024\/07\/IMG_6630.jpeg?fit=300%2C294\" data-large-file=\"https:\/\/i0.wp.com\/blogdalucianaoliveira.com.br\/blog\/wp-content\/uploads\/2024\/07\/IMG_6630.jpeg?fit=600%2C589\" class=\"alignnone size-full wp-image-35568\" src=\"https:\/\/i0.wp.com\/blogdalucianaoliveira.com.br\/blog\/wp-content\/uploads\/2024\/07\/IMG_6630.jpeg?resize=600%2C589\" alt=\"\" width=\"600\" height=\"589\" srcset=\"https:\/\/i0.wp.com\/blogdalucianaoliveira.com.br\/blog\/wp-content\/uploads\/2024\/07\/IMG_6630.jpeg?w=1170 1170w, https:\/\/i0.wp.com\/blogdalucianaoliveira.com.br\/blog\/wp-content\/uploads\/2024\/07\/IMG_6630.jpeg?resize=300%2C294 300w, https:\/\/i0.wp.com\/blogdalucianaoliveira.com.br\/blog\/wp-content\/uploads\/2024\/07\/IMG_6630.jpeg?resize=1024%2C1005 1024w, https:\/\/i0.wp.com\/blogdalucianaoliveira.com.br\/blog\/wp-content\/uploads\/2024\/07\/IMG_6630.jpeg?resize=768%2C754 768w, https:\/\/i0.wp.com\/blogdalucianaoliveira.com.br\/blog\/wp-content\/uploads\/2024\/07\/IMG_6630.jpeg?resize=306%2C300 306w\" sizes=\"auto, (max-width: 600px) 100vw, 600px\" \/><\/p>\n<p><strong>Amaz\u00f4nia Real, por Leanderson Lima &#8211; <\/strong>Desde junho, uma opera\u00e7\u00e3o do governo realiza a retirada de invasores da Terra Ind\u00edgena Karipuna, em Rond\u00f4nia. Na semana passada, em repres\u00e1lia, os invasores destru\u00edram uma ponte que faz liga\u00e7\u00e3o ao territ\u00f3rio, mas ela foi reconstru\u00edda. Mas os Karipuna, um povo que quase foi dizimado na d\u00e9cada de 60 e hoje tem uma popula\u00e7\u00e3o de pouco mais de 50 pessoas, n\u00e3o querem que seja uma a\u00e7\u00e3o pontual e com prazo para acabar. Eles temem que as amea\u00e7as voltem com mais hostilidade quando o Estado brasileiro retirar sua for\u00e7a do local.<!--more--><\/p>\n<p>Adriano Karipuna, porta-voz da etnia, diz que \u00e9 preciso que a opera\u00e7\u00e3o v\u00e1 al\u00e9m. \u201cExigimos prote\u00e7\u00e3o territorial, prote\u00e7\u00e3o da integridade f\u00edsica e a reativa\u00e7\u00e3o do posto de vigil\u00e2ncia para que se continue com a a fiscaliza\u00e7\u00e3o do territ\u00f3rio. Al\u00e9m disso, pedimos medidas de repara\u00e7\u00e3o das \u00e1reas devastadas\u201d, disse ele \u00e0 Amaz\u00f4nia Real. O posto a que ele se refere foi destru\u00eddo em 2018, em uma <a href=\"https:\/\/amazoniareal.com.br\/madeireiros-sao-suspeitos-de-incendio-a-posto-da-funai-na-terra-dos-karipuna-em-rondonia\/\" target=\"_blank\" rel=\"noreferrer noopener\">a\u00e7\u00e3o criminosa de invasores<\/a>, e at\u00e9 hoje n\u00e3o foi reativado.<\/p>\n<p>A Terra Ind\u00edgena Karipuna \u00e9 uma das poucas \u00e1reas de floresta preservada em Rond\u00f4nia, hoje um estado dominado pelo agroneg\u00f3cio e por fazendas e pasto. Nos \u00faltimos anos, a \u00e1rea ind\u00edgena de 153 mil hectares passou a ser pressionada por fazendeiros e madeireiros, tirando a paz do povo origin\u00e1rio daquele territ\u00f3rio. A terra dos Karipuna tamb\u00e9m passou a ser alvo de Cadastros Ambientais Rurais (CAR) ilegais, conforme <a href=\"https:\/\/amazoniareal.com.br\/rondonia-devastada\/\" target=\"_blank\" rel=\"noreferrer noopener\">reportagem investigativa da Amaz\u00f4nia Real <\/a>publicada em maio de 2022.<\/p>\n<figure class=\"wp-block-image size-large\"><a href=\"https:\/\/i0.wp.com\/amazoniareal.com.br\/wp-content\/uploads\/2022\/03\/Grilagem-em-Rondonia_Drone_Alexandre-Cruz-Noronha.Amazonia-Real-13.jpg?ssl=1\"><img data-recalc-dims=\"1\" loading=\"lazy\" decoding=\"async\" class=\"wp-image-94208\" src=\"https:\/\/i0.wp.com\/amazoniareal.com.br\/wp-content\/uploads\/2022\/03\/Grilagem-em-Rondonia_Drone_Alexandre-Cruz-Noronha.Amazonia-Real-13-1024x583.jpg?resize=600%2C342&#038;ssl=1\" sizes=\"auto, (max-width: 1024px) 100vw, 1024px\" srcset=\"https:\/\/amazoniareal.com.br\/wp-content\/uploads\/2022\/03\/Grilagem-em-Rondonia_Drone_Alexandre-Cruz-Noronha.Amazonia-Real-13-1024x583.jpg 1024w, https:\/\/amazoniareal.com.br\/wp-content\/uploads\/2022\/03\/Grilagem-em-Rondonia_Drone_Alexandre-Cruz-Noronha.Amazonia-Real-13-300x171.jpg 300w, https:\/\/amazoniareal.com.br\/wp-content\/uploads\/2022\/03\/Grilagem-em-Rondonia_Drone_Alexandre-Cruz-Noronha.Amazonia-Real-13-768x437.jpg 768w, https:\/\/amazoniareal.com.br\/wp-content\/uploads\/2022\/03\/Grilagem-em-Rondonia_Drone_Alexandre-Cruz-Noronha.Amazonia-Real-13-1536x874.jpg 1536w, https:\/\/amazoniareal.com.br\/wp-content\/uploads\/2022\/03\/Grilagem-em-Rondonia_Drone_Alexandre-Cruz-Noronha.Amazonia-Real-13-150x85.jpg 150w, https:\/\/amazoniareal.com.br\/wp-content\/uploads\/2022\/03\/Grilagem-em-Rondonia_Drone_Alexandre-Cruz-Noronha.Amazonia-Real-13.jpg 2000w\" alt=\"\" width=\"600\" height=\"342\" \/><\/a><figcaption class=\"wp-element-caption\"><em><sup><sub>Avan\u00e7o da pecu\u00e1ria em Rond\u00f4nia (Foto: Alexandre Cruz Noronha\/Amaz\u00f4nia Real\/2022).<\/sub><\/sup><\/em><\/figcaption><\/figure>\n<p>A <a href=\"https:\/\/agenciagov.ebc.com.br\/noticias\/202406\/governo-federal-da-inicio-a-retirada-de-invasores-da-terra-indigena-karipuna\" target=\"_blank\" rel=\"noreferrer noopener\">opera\u00e7\u00e3o do governo Lula<\/a>composta por v\u00e1rios \u00f3rg\u00e3os federais \u00e9 resultado de uma determina\u00e7\u00e3o judicial do ministro Lu\u00eds Roberto Barroso, do STF, atendendo a A\u00e7\u00e3o de Descumprimento de Preceito Fundamental (ADPF) ingressada pela Articula\u00e7\u00e3o dos Povos Ind\u00edgenas do Brasil (APIB) contra a Uni\u00e3o, que tamb\u00e9m pede a desintrus\u00e3o de setes Terras Ind\u00edgenas que est\u00e3o em estado mais cr\u00edtico. S\u00e3o elas: Yanomami, Karipuna, Uru-Eu-Wau-Wau, Kayap\u00f3, Ararib\u00f3ia, Munduruku e Trincheira Bacaj\u00e1. Desde o ano passado que o STF vem cobrando do governo medidas para retirada dos invasores desses territ\u00f3rios.<\/p>\n<p>Em fevereiro deste ano, o l\u00edder ind\u00edgena Adriano Karipuna <a href=\"https:\/\/cimi.org.br\/2024\/02\/povo-karipuna-14701\/\" target=\"_blank\" rel=\"noreferrer noopener\">participou de uma audi\u00eancia no STF e pediu urg\u00eancia na retirada dos invasores<\/a>. Foi lida uma carta da matriarca do povo, Katika, que disse: \u201cNossa terra tem muita invas\u00e3o, muitos madeireiros. A gente tem medo, eles [os invasores] querem matar n\u00f3s todos\u201d.<\/p>\n<p>Adriano divide a lideran\u00e7a do povo com seu irm\u00e3o, Andr\u00e9 Karipuna. \u00c9 ele que participa de eventos, f\u00f3runs internacionais e fala com diversos interlocutores. Ao presenciar a opera\u00e7\u00e3o do governo federal, mostrou-se esperan\u00e7oso, mas espera que ela n\u00e3o limite-se a poucos meses, conforme relatou \u00e0 Amaz\u00f4nia Real.<\/p>\n<p>\u201cDurante a opera\u00e7\u00e3o j\u00e1 fizeram essa retalia\u00e7\u00e3o de cortar a <a href=\"https:\/\/amazoniareal.com.br\/rondonia-devastada\/\" target=\"_blank\" rel=\"noreferrer noopener\">ponte para dificultar o acesso tanto dos Karipuna<\/a>como das for\u00e7as de seguran\u00e7a. O Ex\u00e9rcito j\u00e1 recomp\u00f4s. Imagina quando estivermos s\u00f3s\u201d, desabafa Adriano Karipuna, que pede provid\u00eancias da Funda\u00e7\u00e3o Nacional dos Povos Ind\u00edgenas (FUNAI), do Minist\u00e9rio dos Povos Ind\u00edgenas (MPI) e da Casa Civil.<\/p>\n<figure class=\"wp-block-gallery has-nested-images columns-default is-cropped wp-block-gallery-1 is-layout-flex wp-block-gallery-is-layout-flex\">\n<figure class=\"wp-block-image size-large\"><a href=\"https:\/\/i0.wp.com\/amazoniareal.com.br\/wp-content\/uploads\/2024\/07\/ponte-destruida-andre-karipuna-01.jpg?ssl=1\"><img data-recalc-dims=\"1\" loading=\"lazy\" decoding=\"async\" class=\"wp-image-149842\" src=\"https:\/\/i0.wp.com\/amazoniareal.com.br\/wp-content\/uploads\/2024\/07\/ponte-destruida-andre-karipuna-01.jpg?resize=600%2C805&#038;ssl=1\" sizes=\"auto, (max-width: 672px) 100vw, 672px\" srcset=\"https:\/\/amazoniareal.com.br\/wp-content\/uploads\/2024\/07\/ponte-destruida-andre-karipuna-01.jpg 672w, https:\/\/amazoniareal.com.br\/wp-content\/uploads\/2024\/07\/ponte-destruida-andre-karipuna-01-224x300.jpg 224w, https:\/\/amazoniareal.com.br\/wp-content\/uploads\/2024\/07\/ponte-destruida-andre-karipuna-01-150x201.jpg 150w\" alt=\"\" width=\"600\" height=\"805\" data-id=\"149842\" \/><\/a><figcaption class=\"wp-element-caption\"><\/figcaption><\/figure>\n<figure class=\"wp-block-image size-large\"><a href=\"https:\/\/i0.wp.com\/amazoniareal.com.br\/wp-content\/uploads\/2024\/07\/ponte-destruida-andre-karipuna-02.jpg?ssl=1\"><img data-recalc-dims=\"1\" loading=\"lazy\" decoding=\"async\" class=\"wp-image-149843\" src=\"https:\/\/i0.wp.com\/amazoniareal.com.br\/wp-content\/uploads\/2024\/07\/ponte-destruida-andre-karipuna-02.jpg?resize=600%2C804&#038;ssl=1\" sizes=\"auto, (max-width: 673px) 100vw, 673px\" srcset=\"https:\/\/amazoniareal.com.br\/wp-content\/uploads\/2024\/07\/ponte-destruida-andre-karipuna-02.jpg 673w, https:\/\/amazoniareal.com.br\/wp-content\/uploads\/2024\/07\/ponte-destruida-andre-karipuna-02-224x300.jpg 224w, https:\/\/amazoniareal.com.br\/wp-content\/uploads\/2024\/07\/ponte-destruida-andre-karipuna-02-150x201.jpg 150w\" alt=\"\" width=\"600\" height=\"804\" data-id=\"149843\" \/><\/a><figcaption class=\"wp-element-caption\"><\/figcaption><\/figure>\n<\/figure>\n<p><em><sup><sub>Ponte de acesso \u00e0 aldeia Karipuna destru\u00edda pelos invasores (Foto: Reprodu\u00e7\u00e3o\/Andr\u00e9 Karipuna).<\/sub><\/sup><\/em><\/p>\n<p>A ponte destru\u00edda d\u00e1 acesso \u00e0 terra ind\u00edgena. Ela fica a aproximadamente 12 quil\u00f4metros da aldeia e \u00e9 o \u00fanico meio de acesso ao local. Foram necess\u00e1rios cinco dias para que o Ex\u00e9rcito Brasileiro, junto com funcion\u00e1rios da Funda\u00e7\u00e3o Nacional dos Povos Ind\u00edgenas e do Ibama pudessem erguer uma nova, ap\u00f3s o ataque.<\/p>\n<p>Segundo dados da Plataforma Brasil Mais, em 2023 foram registrados 51 alertas de desmatamento na TI Karipuna. Em 2022, no governo de Jair Bolsonaro, em um intervalo de 12 meses foram<a href=\"https:\/\/agenciagov.ebc.com.br\/noticias\/202405\/governo-federal-inicia-desintrusao-na-terra-indigena-karipuna-em-rondonia-ro\" target=\"_blank\" rel=\"noreferrer noopener\"> registrados<\/a> nada menos que\u00a0 435 alertas de desmatamento no local.<\/p>\n<p>O governo federal j\u00e1 divulgou um balan\u00e7o o qual diz que das 152 a\u00e7\u00f5es planejadas para a terra ind\u00edgena, 149 j\u00e1 foram realizadas. O<a href=\"https:\/\/www.gov.br\/abin\/pt-br\/centrais-de-conteudo\/noticias\/operacao-de-desintrusao-na-terra-indigena-karipuna-segue-para-fase-final\" target=\"_blank\" rel=\"noreferrer noopener\"> relat\u00f3rio<\/a>tamb\u00e9m diz que foram apreendidos 54 metros c\u00fabicos de madeira; al\u00e9m de ter sido destru\u00edda uma balsa e um total de 18 pontes. Pelo menos 38 acessos clandestinos foram fechados e 23 edifica\u00e7\u00f5es que serviam de suporte para a pr\u00e1tica de crimes ambientais foram inutilizados.<\/p>\n<p>Um total de 155 servidores, e mais aeronaves da PRF e do Ex\u00e9rcito Brasileiro, atuam na opera\u00e7\u00e3o, na constru\u00e7\u00e3o e manuten\u00e7\u00e3o da base e no apoio log\u00edstico.<\/p>\n<p><strong>Den\u00fancias internacionais<\/strong><\/p>\n<figure class=\"wp-block-image size-large\"><a href=\"https:\/\/i0.wp.com\/amazoniareal.com.br\/wp-content\/uploads\/2023\/10\/karipuna-christian-braga-greenpeace-01-ALTA.jpg?ssl=1\"><img data-recalc-dims=\"1\" loading=\"lazy\" decoding=\"async\" class=\"wp-image-139843\" src=\"https:\/\/i0.wp.com\/amazoniareal.com.br\/wp-content\/uploads\/2023\/10\/karipuna-christian-braga-greenpeace-01-ALTA-1024x576.jpg?resize=600%2C338&#038;ssl=1\" sizes=\"auto, (max-width: 1024px) 100vw, 1024px\" srcset=\"https:\/\/amazoniareal.com.br\/wp-content\/uploads\/2023\/10\/karipuna-christian-braga-greenpeace-01-ALTA-1024x576.jpg 1024w, https:\/\/amazoniareal.com.br\/wp-content\/uploads\/2023\/10\/karipuna-christian-braga-greenpeace-01-ALTA-300x169.jpg 300w, https:\/\/amazoniareal.com.br\/wp-content\/uploads\/2023\/10\/karipuna-christian-braga-greenpeace-01-ALTA-768x432.jpg 768w, https:\/\/amazoniareal.com.br\/wp-content\/uploads\/2023\/10\/karipuna-christian-braga-greenpeace-01-ALTA-1536x864.jpg 1536w, https:\/\/amazoniareal.com.br\/wp-content\/uploads\/2023\/10\/karipuna-christian-braga-greenpeace-01-ALTA-150x84.jpg 150w, https:\/\/amazoniareal.com.br\/wp-content\/uploads\/2023\/10\/karipuna-christian-braga-greenpeace-01-ALTA.jpg 1600w\" alt=\"\" width=\"600\" height=\"338\" \/><\/a><figcaption class=\"wp-element-caption\"><em><sup><sub>Invas\u00e3o na Terra ind\u00edgena Karipuna, em Rond\u00f4nia (Foto: Christian Braga\/Greenpeace\/setembro 2021).<\/sub><\/sup><\/em><\/figcaption><\/figure>\n<p>De acordo com Adriano, o povo Karipuna vem denunciando as invas\u00f5es de seu territ\u00f3rio desde o ano de 2017, por meio de in\u00fameras reportagens em ve\u00edculos nacionais e internacionais, bem como junto \u00e0 f\u00f3runs Organiza\u00e7\u00e3o das Na\u00e7\u00f5es Unidas (ONU).<\/p>\n<p>As den\u00fancias, segundo Adriano, ajudaram a colocar os problemas do povo Karipuna em evid\u00eancia. Os ind\u00edgenas fizeram monitoramento da situa\u00e7\u00e3o coletando dados e por meio de imagens fotogr\u00e1ficas. De posse desse material fizeram as den\u00fancias \u00e0 Pol\u00edcia Federal e ao Minist\u00e9rio P\u00fablico Federal, isso depois de descobrirem que o pr\u00f3prio Ibama de Rond\u00f4nia estava atuando no sentido de liberar o chamado Documento de Origem Florestal (DOF) viabilizando madeiras reiteradas da Terra Ind\u00edgena.<\/p>\n<p>\u201cA partir da\u00ed passamos a denunciar as invas\u00f5es, desmatamento, grilagem de terra e queimadas apenas para a Pol\u00edcia Federal e para o Minist\u00e9rio P\u00fablico. Descartamos a secretaria [de Estado] do Meio Ambiente e tamb\u00e9m para o Ibama de Rond\u00f4nia.\u00a0 A Pol\u00edcia Federal descobriu que a Terra Ind\u00edgena estava sendo loteada\u201d, revela Adriano, que conta que a desintrus\u00e3o da Terra ind\u00edgena acabou sendo priorizada por conta do vasto material coletado.<\/p>\n<p>Adriano disse que a Casa Civil teve uma reuni\u00e3o com os ind\u00edgenas onde revelou que a ideia \u00e9 fazer um chamado \u201cplano continuado\u201d na Terra Ind\u00edgena.<\/p>\n<p>O plano consiste em tr\u00eas etapas. A primeira diz respeito \u00e0 desintrus\u00e3o em si, retirando todos os invasores da Terra Ind\u00edgena. A segunda diz respeito a um plano de prote\u00e7\u00e3o e vigil\u00e2ncia do territ\u00f3rio e a \u00faltima, conforme explicou Adriano, trata-se da perspectiva de se fazer uma repara\u00e7\u00e3o aos povos ind\u00edgenas.<\/p>\n<p>\u201cAs repara\u00e7\u00f5es s\u00e3o reposi\u00e7\u00e3o das matas que foram destru\u00eddas, porque s\u00e3o in\u00fameras derrubadas que tivemos no territ\u00f3rio para fazer pasto. Ainda n\u00e3o tem gado, mas em outras partes do territ\u00f3rio h\u00e1 forma\u00e7\u00e3o de lavouras de caf\u00e9 e banana. S\u00e3o quil\u00f4metros e mais quil\u00f4metros\u201d, denuncia Adriano.<\/p>\n<p><strong>Prote\u00e7\u00e3o territorial<\/strong><\/p>\n<p>Sobre as medidas protetivas, a principal, para Adriano, diz respeito \u00e0 reativa\u00e7\u00e3o do posto de vigil\u00e2ncia da Funda\u00e7\u00e3o Nacional dos Povos Ind\u00edgenas (Funai),<a href=\"https:\/\/amazoniareal.com.br\/madeireiros-sao-suspeitos-de-incendio-a-posto-da-funai-na-terra-dos-karipuna-em-rondonia\/#:~:text=Porto%20Velho%20(RO)%20%E2%80%93%20Um,segundo%20den%C3%BAncias%20de%20lideran%C3%A7as%20Karipuna.\" target=\"_blank\" rel=\"noreferrer noopener\"> destru\u00eddo em 2018.<\/a><\/p>\n<p>\u201cEles [invasores] colocaram fogo no po\u00e7o artesiano, no motor gerador de energia, na casa, nos alojamentos. Quebraram o que tinham de quebrar e esse posto de vigil\u00e2ncia que quem construiu foi a UHE Santo Ant\u00f4nio Energia como medida de mitiga\u00e7\u00e3o de impactos ambientais causados pela usina hidrel\u00e9trica Santo Ant\u00f4nio, no rio Madeira, fruto de um acordo de 2011\u201d, conta. Ainda segundo Adriano os preju\u00edzos com a destrui\u00e7\u00e3o est\u00e3o estimados em 2 milh\u00f5es de reais.<\/p>\n<figure class=\"wp-block-gallery has-nested-images columns-default is-cropped wp-block-gallery-2 is-layout-flex wp-block-gallery-is-layout-flex\">\n<figure class=\"wp-block-image size-large\"><a href=\"https:\/\/i0.wp.com\/amazoniareal.com.br\/wp-content\/uploads\/2018\/02\/INCENDIO-POSTO-FUNAI-TI-Karipuna_Foto-Whatsapp-4.jpg?ssl=1\"><img data-recalc-dims=\"1\" loading=\"lazy\" decoding=\"async\" data-attachment-id=\"27286\" data-permalink=\"http:\/\/blogdalucianaoliveira.com.br\/blog\/2020\/03\/31\/memorias-da-ditadura-documentos-revelam-perseguicao-a-dom-moacyr-grechi-o-servo-de-todos\/0defb8c8-8daf-4ae0-8509-2927118de7b7\/\" data-orig-file=\"https:\/\/i0.wp.com\/blogdalucianaoliveira.com.br\/blog\/wp-content\/uploads\/2020\/03\/0DEFB8C8-8DAF-4AE0-8509-2927118DE7B7.jpeg?fit=610%2C640\" data-orig-size=\"610,640\" data-comments-opened=\"0\" data-image-meta=\"{&quot;aperture&quot;:&quot;0&quot;,&quot;credit&quot;:&quot;&quot;,&quot;camera&quot;:&quot;&quot;,&quot;caption&quot;:&quot;&quot;,&quot;created_timestamp&quot;:&quot;0&quot;,&quot;copyright&quot;:&quot;&quot;,&quot;focal_length&quot;:&quot;0&quot;,&quot;iso&quot;:&quot;0&quot;,&quot;shutter_speed&quot;:&quot;0&quot;,&quot;title&quot;:&quot;&quot;,&quot;orientation&quot;:&quot;1&quot;}\" data-image-title=\"0DEFB8C8-8DAF-4AE0-8509-2927118DE7B7\" data-image-description=\"\" data-image-caption=\"\" data-medium-file=\"https:\/\/i0.wp.com\/blogdalucianaoliveira.com.br\/blog\/wp-content\/uploads\/2020\/03\/0DEFB8C8-8DAF-4AE0-8509-2927118DE7B7.jpeg?fit=286%2C300\" data-large-file=\"https:\/\/i0.wp.com\/blogdalucianaoliveira.com.br\/blog\/wp-content\/uploads\/2020\/03\/0DEFB8C8-8DAF-4AE0-8509-2927118DE7B7.jpeg?fit=600%2C630\" class=\"wp-image-27286\" src=\"https:\/\/i0.wp.com\/amazoniareal.com.br\/wp-content\/uploads\/2018\/02\/INCENDIO-POSTO-FUNAI-TI-Karipuna_Foto-Whatsapp-4-1024x768.jpg?resize=600%2C450&#038;ssl=1\" sizes=\"auto, (max-width: 1024px) 100vw, 1024px\" srcset=\"https:\/\/amazoniareal.com.br\/wp-content\/uploads\/2018\/02\/INCENDIO-POSTO-FUNAI-TI-Karipuna_Foto-Whatsapp-4-1024x768.jpg 1024w, https:\/\/amazoniareal.com.br\/wp-content\/uploads\/2018\/02\/INCENDIO-POSTO-FUNAI-TI-Karipuna_Foto-Whatsapp-4-300x225.jpg 300w, https:\/\/amazoniareal.com.br\/wp-content\/uploads\/2018\/02\/INCENDIO-POSTO-FUNAI-TI-Karipuna_Foto-Whatsapp-4-768x576.jpg 768w, https:\/\/amazoniareal.com.br\/wp-content\/uploads\/2018\/02\/INCENDIO-POSTO-FUNAI-TI-Karipuna_Foto-Whatsapp-4.jpg 1280w\" alt=\"\" width=\"600\" height=\"450\" data-id=\"27286\" \/><\/a><\/figure>\n<figure class=\"wp-block-image size-large\"><a href=\"https:\/\/i0.wp.com\/amazoniareal.com.br\/wp-content\/uploads\/2018\/02\/TI-Karipuna-Posto-Funai_Foto-Ana-Aranda-1.jpg?ssl=1\"><img data-recalc-dims=\"1\" loading=\"lazy\" decoding=\"async\" class=\"wp-image-27357\" src=\"https:\/\/i0.wp.com\/amazoniareal.com.br\/wp-content\/uploads\/2018\/02\/TI-Karipuna-Posto-Funai_Foto-Ana-Aranda-1-1024x575.jpg?resize=600%2C337&#038;ssl=1\" sizes=\"auto, (max-width: 1024px) 100vw, 1024px\" srcset=\"https:\/\/amazoniareal.com.br\/wp-content\/uploads\/2018\/02\/TI-Karipuna-Posto-Funai_Foto-Ana-Aranda-1-1024x575.jpg 1024w, https:\/\/amazoniareal.com.br\/wp-content\/uploads\/2018\/02\/TI-Karipuna-Posto-Funai_Foto-Ana-Aranda-1-300x168.jpg 300w, https:\/\/amazoniareal.com.br\/wp-content\/uploads\/2018\/02\/TI-Karipuna-Posto-Funai_Foto-Ana-Aranda-1-768x431.jpg 768w, https:\/\/amazoniareal.com.br\/wp-content\/uploads\/2018\/02\/TI-Karipuna-Posto-Funai_Foto-Ana-Aranda-1.jpg 2000w\" alt=\"\" width=\"600\" height=\"337\" data-id=\"27357\" \/><\/a><\/figure>\n<\/figure>\n<p><em><sup><sub>Acima, fotos mostram antes e depois da destrui\u00e7\u00e3o do posto da Funai em 2018 (Foto: cedida por leitor e Ana Aranda\/Amaz\u00f4nia Real\/2017).<\/sub><\/sup><\/em><\/p>\n<p>Adriano relata ainda as dificuldades que o povo Karipuna vem enfrentando. \u201cN\u00e3o s\u00e3o dificuldades de fome, mas passamos por dificuldades imensas devido \u00e0s invas\u00f5es\u201d, lamenta, listando a escassez de frutas nativas, da ca\u00e7a e pesca como efeitos colaterais. \u201cOs castanhais de onde tir\u00e1vamos o sustento pelo ano todo j\u00e1 n\u00e3o tem mais\u201d, lamenta.<\/p>\n<p>O l\u00edder Karipuna diz que procurou representantes do Minist\u00e9rio dos Povos Ind\u00edgenas, do Ibama e dos demais \u00f3rg\u00e3os que atuam no processo de desintrus\u00e3o para saber como ser\u00e1 feita a repara\u00e7\u00e3o cultural, ambiental, social e psicol\u00f3gica dos Karipuna. \u201cEles n\u00e3o souberam me responder. \u00c9 isso que eu cobro principalmente da parente Sonia Guajajara [ministra dos povos ind\u00edgenas]\u201d, disse.<\/p>\n<p>A indigenista do Conselho Ind\u00edgena Mission\u00e1rio (CIMI) e vice-presidenta da Confer\u00eancia Eclesial da Amaz\u00f4nia, Laura Pereira Manso, tamb\u00e9m compartilha o temor pelo que vai acontecer com a Terra ind\u00edgena Karipuna, depois que as for\u00e7as de seguran\u00e7a forem embora. Ela tamb\u00e9m cobra uma fiscaliza\u00e7\u00e3o permanente.<\/p>\n<p>\u201cAo mesmo tempo que se cumpre uma determina\u00e7\u00e3o do Supremo Tribunal Federal, como fica o povo ap\u00f3s o cumprimento dessa decis\u00e3o? Ent\u00e3o \u00e9 preciso que se fa\u00e7a a\u00e7\u00f5es de prote\u00e7\u00e3o permanente no territ\u00f3rio, se n\u00e3o houver essa a\u00e7\u00e3o permanente de fiscaliza\u00e7\u00e3o na Terra Karipuna eu temo que toda essa a\u00e7\u00e3o ter\u00e1 sido uma grande opera\u00e7\u00e3o a mais, mas sem surtir o efeito necess\u00e1rio\u201d, alerta.<\/p>\n<p>A indigenista lembra que se trata de um enfrentamento a organiza\u00e7\u00f5es criminosas. \u201cO crime organizado se sente afrontado pela presen\u00e7a do Estado. Eles n\u00e3o voltar\u00e3o com mais for\u00e7a?\u201d, questiona. Adriano j\u00e1 antev\u00ea o que deve acontecer se n\u00e3o houver uma fiscaliza\u00e7\u00e3o permanente. \u201cEles v\u00e3o voltar com sangue nos olhos\u201d, avisa.<\/p>\n<p><strong>Respostas<\/strong><\/p>\n<figure class=\"wp-block-image size-large\"><a href=\"https:\/\/i0.wp.com\/amazoniareal.com.br\/wp-content\/uploads\/2022\/02\/Rodonia-Destruida_Amazonia-Real_Alexandre-Cruz-Noronha-9-2.jpg?ssl=1\"><img data-recalc-dims=\"1\" loading=\"lazy\" decoding=\"async\" class=\"wp-image-93235\" src=\"https:\/\/i0.wp.com\/amazoniareal.com.br\/wp-content\/uploads\/2022\/02\/Rodonia-Destruida_Amazonia-Real_Alexandre-Cruz-Noronha-9-2-1024x576.jpg?resize=600%2C338&#038;ssl=1\" sizes=\"auto, (max-width: 1024px) 100vw, 1024px\" srcset=\"https:\/\/amazoniareal.com.br\/wp-content\/uploads\/2022\/02\/Rodonia-Destruida_Amazonia-Real_Alexandre-Cruz-Noronha-9-2-1024x576.jpg 1024w, https:\/\/amazoniareal.com.br\/wp-content\/uploads\/2022\/02\/Rodonia-Destruida_Amazonia-Real_Alexandre-Cruz-Noronha-9-2-300x169.jpg 300w, https:\/\/amazoniareal.com.br\/wp-content\/uploads\/2022\/02\/Rodonia-Destruida_Amazonia-Real_Alexandre-Cruz-Noronha-9-2-768x432.jpg 768w, https:\/\/amazoniareal.com.br\/wp-content\/uploads\/2022\/02\/Rodonia-Destruida_Amazonia-Real_Alexandre-Cruz-Noronha-9-2-1536x864.jpg 1536w, https:\/\/amazoniareal.com.br\/wp-content\/uploads\/2022\/02\/Rodonia-Destruida_Amazonia-Real_Alexandre-Cruz-Noronha-9-2-150x84.jpg 150w, https:\/\/amazoniareal.com.br\/wp-content\/uploads\/2022\/02\/Rodonia-Destruida_Amazonia-Real_Alexandre-Cruz-Noronha-9-2.jpg 2000w\" alt=\"\" width=\"600\" height=\"338\" \/><\/a><figcaption class=\"wp-element-caption\"><em><sup><sub>Sede da Funai em Guajar\u00e1-Mirim, Rond\u00f4nia (Foto: Alexandre Cruz Noronha\/Amaz\u00f4nia Real).<\/sub><\/sup><\/em><\/figcaption><\/figure>\n<p>A reportagem da Amaz\u00f4nia Real tentou contato com o Minist\u00e9rio dos Povos Ind\u00edgenas (MPI) mas, at\u00e9 a publica\u00e7\u00e3o da reportagem, n\u00e3o houve retorno. J\u00e1 a Funai respondeu que a opera\u00e7\u00e3o est\u00e1 em fase de conclus\u00e3o da retirada de invasores e desfazimento de estruturas de apoio a invas\u00f5es (acessos clandestinos, pontes etc.).<\/p>\n<p>\u201cNesta fase final da realiza\u00e7\u00e3o do desmanche das estruturas localizadas durante o trabalho de reconhecimento foram utilizadas imagens de sat\u00e9lite e verificadas algumas estruturas dentro da TI.\u00a0 Neste trabalho n\u00e3o foram localizadas pessoas morando dentro da TI. Foram identificadas estruturas que serviam para a extra\u00e7\u00e3o ilegal de madeira\u201d, disse a nota.<\/p>\n<p>A Funai disse ainda que a retirada de invasores se encerra neste m\u00eas de julho de 2024. Na sequ\u00eancia ser\u00e1 iniciada a etapa de p\u00f3s-desintrus\u00e3o, composta por \u201ca\u00e7\u00f5es de monitoramento e apoio \u00e0 reocupa\u00e7\u00e3o do territ\u00f3rio pelos ind\u00edgenas\u201d.<\/p>\n<p>O \u00f3rg\u00e3o informou que a For\u00e7a Nacional ir\u00e1 continuar o patrulhamento da TI para evitar o acesso de invasores para retirada da madeira.<\/p>\n<p>Sobre a reconstru\u00e7\u00e3o do Posto de Vigil\u00e2ncia Ind\u00edgena (PVI), destru\u00eddo por madeireiros em 2018, a Funai\u00a0 disse que em reuni\u00e3o no dia 05\/06\/2024, \u201cconcluiu-se pela necessidade de readequa\u00e7\u00e3o do CI-PBA, devido ao grande lapso temporal, desde sua elabora\u00e7\u00e3o at\u00e9 o momento presente. Portanto, ser\u00e1 analisada a viabilidade de reativa\u00e7\u00e3o do PVI, n\u00e3o havendo previs\u00e3o de reativa\u00e7\u00e3o\u201d, finalizou a nota.<\/p>\n<figure class=\"wp-block-image size-large\"><a href=\"https:\/\/i0.wp.com\/amazoniareal.com.br\/wp-content\/uploads\/2022\/02\/Rodonia-Destruida_Amazonia-Real_Alexandre-Cruz-Noronha-10-12.jpg?ssl=1\"><img data-recalc-dims=\"1\" loading=\"lazy\" decoding=\"async\" class=\"wp-image-93250\" src=\"https:\/\/i0.wp.com\/amazoniareal.com.br\/wp-content\/uploads\/2022\/02\/Rodonia-Destruida_Amazonia-Real_Alexandre-Cruz-Noronha-10-12-1024x576.jpg?resize=600%2C338&#038;ssl=1\" sizes=\"auto, (max-width: 1024px) 100vw, 1024px\" srcset=\"https:\/\/amazoniareal.com.br\/wp-content\/uploads\/2022\/02\/Rodonia-Destruida_Amazonia-Real_Alexandre-Cruz-Noronha-10-12-1024x576.jpg 1024w, https:\/\/amazoniareal.com.br\/wp-content\/uploads\/2022\/02\/Rodonia-Destruida_Amazonia-Real_Alexandre-Cruz-Noronha-10-12-300x169.jpg 300w, https:\/\/amazoniareal.com.br\/wp-content\/uploads\/2022\/02\/Rodonia-Destruida_Amazonia-Real_Alexandre-Cruz-Noronha-10-12-768x432.jpg 768w, https:\/\/amazoniareal.com.br\/wp-content\/uploads\/2022\/02\/Rodonia-Destruida_Amazonia-Real_Alexandre-Cruz-Noronha-10-12-1536x864.jpg 1536w, https:\/\/amazoniareal.com.br\/wp-content\/uploads\/2022\/02\/Rodonia-Destruida_Amazonia-Real_Alexandre-Cruz-Noronha-10-12-150x84.jpg 150w, https:\/\/amazoniareal.com.br\/wp-content\/uploads\/2022\/02\/Rodonia-Destruida_Amazonia-Real_Alexandre-Cruz-Noronha-10-12.jpg 2000w\" alt=\"\" width=\"600\" height=\"338\" \/><\/a><figcaption class=\"wp-element-caption\"><em><sup><sub>Cotidiano na TI Karipuna (Foto: Alexandre Cruz Noronha\/Amaz\u00f4nia Real\/2022).<\/sub><\/sup><\/em><\/figcaption><\/figure>\n","protected":false},"excerpt":{"rendered":"<p>Amaz\u00f4nia Real, por Leanderson Lima &#8211; Desde junho, uma opera\u00e7\u00e3o do governo realiza a retirada de invasores da Terra Ind\u00edgena Karipuna, em Rond\u00f4nia. Na semana passada, em repres\u00e1lia, os invasores destru\u00edram uma ponte que faz liga\u00e7\u00e3o ao territ\u00f3rio, mas ela foi reconstru\u00edda. Mas os Karipuna, um povo que quase foi dizimado na d\u00e9cada de 60&#8230;<a class=\"more-link\" href=\"http:\/\/blogdalucianaoliveira.com.br\/blog\/2024\/07\/17\/povo-karipuna-quer-protecao-e-reativacao-de-posto-apos-retirada-de-invasores\/\">Continue a leitura <span class=\"meta-nav\">&raquo;<\/span><\/a><\/p>\n","protected":false},"author":1,"featured_media":0,"comment_status":"closed","ping_status":"open","sticky":false,"template":"","format":"standard","meta":{"_exactmetrics_skip_tracking":false,"_exactmetrics_sitenote_active":false,"_exactmetrics_sitenote_note":"","_exactmetrics_sitenote_category":0,"jetpack_post_was_ever_published":false,"_jetpack_newsletter_access":"","_jetpack_dont_email_post_to_subs":false,"_jetpack_newsletter_tier_id":0,"_jetpack_memberships_contains_paywalled_content":false,"_jetpack_memberships_contains_paid_content":false,"footnotes":"","jetpack_publicize_message":"","jetpack_publicize_feature_enabled":true,"jetpack_social_post_already_shared":true,"jetpack_social_options":{"image_generator_settings":{"template":"highway","enabled":false},"version":2}},"categories":[1],"tags":[384,306,495,583],"class_list":["post-35567","post","type-post","status-publish","format-standard","hentry","category-notas","tag-amazonia-real","tag-indigenas","tag-invasoes","tag-karipuna"],"jetpack_publicize_connections":[],"jetpack_sharing_enabled":true,"jetpack_featured_media_url":"","jetpack_shortlink":"https:\/\/wp.me\/p7wKYW-9fF","jetpack-related-posts":[],"_links":{"self":[{"href":"http:\/\/blogdalucianaoliveira.com.br\/blog\/wp-json\/wp\/v2\/posts\/35567","targetHints":{"allow":["GET"]}}],"collection":[{"href":"http:\/\/blogdalucianaoliveira.com.br\/blog\/wp-json\/wp\/v2\/posts"}],"about":[{"href":"http:\/\/blogdalucianaoliveira.com.br\/blog\/wp-json\/wp\/v2\/types\/post"}],"author":[{"embeddable":true,"href":"http:\/\/blogdalucianaoliveira.com.br\/blog\/wp-json\/wp\/v2\/users\/1"}],"replies":[{"embeddable":true,"href":"http:\/\/blogdalucianaoliveira.com.br\/blog\/wp-json\/wp\/v2\/comments?post=35567"}],"version-history":[{"count":1,"href":"http:\/\/blogdalucianaoliveira.com.br\/blog\/wp-json\/wp\/v2\/posts\/35567\/revisions"}],"predecessor-version":[{"id":35569,"href":"http:\/\/blogdalucianaoliveira.com.br\/blog\/wp-json\/wp\/v2\/posts\/35567\/revisions\/35569"}],"wp:attachment":[{"href":"http:\/\/blogdalucianaoliveira.com.br\/blog\/wp-json\/wp\/v2\/media?parent=35567"}],"wp:term":[{"taxonomy":"category","embeddable":true,"href":"http:\/\/blogdalucianaoliveira.com.br\/blog\/wp-json\/wp\/v2\/categories?post=35567"},{"taxonomy":"post_tag","embeddable":true,"href":"http:\/\/blogdalucianaoliveira.com.br\/blog\/wp-json\/wp\/v2\/tags?post=35567"}],"curies":[{"name":"wp","href":"https:\/\/api.w.org\/{rel}","templated":true}]}}