{"id":3559,"date":"2016-08-30T16:58:00","date_gmt":"2016-08-30T20:58:00","guid":{"rendered":"http:\/\/blogdalucianaoliveira.com.br\/blog\/?p=3559"},"modified":"2016-08-30T17:03:26","modified_gmt":"2016-08-30T21:03:26","slug":"pra-que-ninguem-esqueca-e-pra-que-nao-se-repita","status":"publish","type":"post","link":"http:\/\/blogdalucianaoliveira.com.br\/blog\/2016\/08\/30\/pra-que-ninguem-esqueca-e-pra-que-nao-se-repita\/","title":{"rendered":"Pra que ningu\u00e9m esque\u00e7a e pra que n\u00e3o se repita"},"content":{"rendered":"<figure id=\"attachment_3560\" aria-describedby=\"caption-attachment-3560\" style=\"width: 960px\" class=\"wp-caption alignnone\"><img data-recalc-dims=\"1\" loading=\"lazy\" decoding=\"async\" data-attachment-id=\"3560\" data-permalink=\"http:\/\/blogdalucianaoliveira.com.br\/blog\/2016\/08\/30\/pra-que-ninguem-esqueca-e-pra-que-nao-se-repita\/processed-with-rookie-cam-2\/\" data-orig-file=\"https:\/\/i0.wp.com\/blogdalucianaoliveira.com.br\/blog\/wp-content\/uploads\/2016\/08\/image-154.jpeg?fit=960%2C1199\" data-orig-size=\"960,1199\" data-comments-opened=\"0\" data-image-meta=\"{&quot;aperture&quot;:&quot;2.2&quot;,&quot;credit&quot;:&quot;&quot;,&quot;camera&quot;:&quot;iPhone 6&quot;,&quot;caption&quot;:&quot;Processed with Rookie Cam&quot;,&quot;created_timestamp&quot;:&quot;1461691415&quot;,&quot;copyright&quot;:&quot;&quot;,&quot;focal_length&quot;:&quot;2.65&quot;,&quot;iso&quot;:&quot;320&quot;,&quot;shutter_speed&quot;:&quot;0.0666666666667&quot;,&quot;title&quot;:&quot;Processed with Rookie Cam&quot;,&quot;orientation&quot;:&quot;1&quot;}\" data-image-title=\"Processed with Rookie Cam\" data-image-description=\"\" data-image-caption=\"&lt;p&gt;Processed with Rookie Cam&lt;\/p&gt;\n\" data-medium-file=\"https:\/\/i0.wp.com\/blogdalucianaoliveira.com.br\/blog\/wp-content\/uploads\/2016\/08\/image-154.jpeg?fit=240%2C300\" data-large-file=\"https:\/\/i0.wp.com\/blogdalucianaoliveira.com.br\/blog\/wp-content\/uploads\/2016\/08\/image-154.jpeg?fit=600%2C749\" src=\"https:\/\/i0.wp.com\/blogdalucianaoliveira.com.br\/blog\/wp-content\/uploads\/2016\/08\/image-154.jpeg?resize=600%2C749\" alt=\"Processed with Rookie Cam\" width=\"600\" height=\"749\" class=\"size-full wp-image-3560\" srcset=\"https:\/\/i0.wp.com\/blogdalucianaoliveira.com.br\/blog\/wp-content\/uploads\/2016\/08\/image-154.jpeg?w=960 960w, https:\/\/i0.wp.com\/blogdalucianaoliveira.com.br\/blog\/wp-content\/uploads\/2016\/08\/image-154.jpeg?resize=240%2C300 240w\" sizes=\"auto, (max-width: 600px) 100vw, 600px\" \/><figcaption id=\"caption-attachment-3560\" class=\"wp-caption-text\">Processed with Rookie Cam<\/figcaption><\/figure>\n<p>Pesa em mim esse dia, mais que todos os dias que sucederam a \u00faltima campanha presidencial, per\u00edodo em que me dedico a combater incansavelmente a democracia. <!--more--><\/p>\n<p>Sei o sabor de vencer e perder uma elei\u00e7\u00e3o, me resigno \u00e0 vontade soberana do voto, ainda que passe o resto da vida criticando o resultado. <\/p>\n<p>Os que critico podem me odiar por isso, mas n\u00e3o por questionar a legitimidade de seus mandatos. <\/p>\n<p>N\u00e3o votei em nenhum dos parlamentares da nossa bancada federal, por isso me restrinjo a questionar suas condutas parlamentares, n\u00e3o o direito que t\u00eam de representar meu povo. <\/p>\n<p>N\u00e3o daria 20% pra deputada Marinha Raupp, nem pro seu marido, da minha confian\u00e7a. <\/p>\n<p>Mas&#8230;<\/p>\n<p>O poder conferido pelo voto \u00e9 algo que pra mim, n\u00e3o se usurpa. <\/p>\n<p>Por n\u00e3o faltar nenhum elemento que prove a ilegitimidade do processo de impeachment, deixo este registro de revolta pra ser lembrando no futuro, quando a hist\u00f3ria, implac\u00e1vel, corrigir esta injusti\u00e7a. <\/p>\n<p>N\u00e3o h\u00e1 crime que autorize o impeachment da presidenta.<br \/>\nEst\u00e1 provado que todos que participaram desse conluio diab\u00f3lico, o fizeram pra permanecer impunes ou impedir  que outros sejam punidos por corrup\u00e7\u00e3o.<br \/>\nN\u00e3o h\u00e1 d\u00favidas tamb\u00e9m de que muitos se aliaram para impor ao Brasil a pol\u00edtica de governo do Mais pra Menos. A pol\u00edtica da Casa Grande, que aumenta seus lucros e ocupa todos os espa\u00e7os de poder deixando \u00e0 m\u00edngua a Senzala.<br \/>\nVi transformarem em lenda princ\u00edpios fundamentais do direito.<br \/>\nA Constitui\u00e7\u00e3o Federal, c\u00e1 pra n\u00f3s, n\u00e3o vale nada neste epis\u00f3dio dantesco da pol\u00edtica brasileira.<br \/>\nVi a grande imprensa interferir diretamente no voto dos ju\u00edzes, manipular consci\u00eancias e exaltar a imoralidade.<br \/>\nVi Doutos aplaudirem tudo isso.<br \/>\nVi igrejas, ma\u00e7onaria, OAB e tantos outros aparelhos ideol\u00f3gicos apoiando a pervers\u00e3o de valores que jamais poderiam ser corrompidos. <\/p>\n<p>N\u00e3o temos um pa\u00eds, temos um fingimento, como sentenciou Affonso Romano D&#8217;Sant&#8217;Anna quando a democracia coroava num parto com f\u00f3rceps. <\/p>\n<p>Porque a culpa n\u00e3o \u00e9 minha, porque votei numa presidenta que defendeu com a vida a democracia e n\u00e3o num golpista, escrevo essa p\u00e1gina da minha hist\u00f3ria.<\/p>\n<p>Minha vers\u00e3o \u00e0 contrainforma\u00e7\u00e3o. <\/p>\n<p>O consolo \u00e9 saber que o escrito por golpistas, o tempo corrige. Que daqui a dias que nem tenho certeza se verei, estarei em paz comigo, com todos que dividiram a trincheira e com meu pa\u00eds. <\/p>\n<p>Minha vers\u00e3o n\u00e3o ser\u00e1 passada \u00e0 limpo, porque nada mudar\u00e1 o dia de hoje. <\/p>\n","protected":false},"excerpt":{"rendered":"<p>Pesa em mim esse dia, mais que todos os dias que sucederam a \u00faltima campanha presidencial, per\u00edodo em que me dedico a combater incansavelmente a democracia.<\/p>\n","protected":false},"author":1,"featured_media":0,"comment_status":"closed","ping_status":"open","sticky":false,"template":"","format":"standard","meta":{"_exactmetrics_skip_tracking":false,"_exactmetrics_sitenote_active":false,"_exactmetrics_sitenote_note":"","_exactmetrics_sitenote_category":0,"jetpack_post_was_ever_published":false,"_jetpack_newsletter_access":"","_jetpack_dont_email_post_to_subs":false,"_jetpack_newsletter_tier_id":0,"_jetpack_memberships_contains_paywalled_content":false,"_jetpack_memberships_contains_paid_content":false,"footnotes":"","jetpack_publicize_message":"","jetpack_publicize_feature_enabled":true,"jetpack_social_post_already_shared":true,"jetpack_social_options":{"image_generator_settings":{"template":"highway","enabled":false},"version":2}},"categories":[1],"tags":[],"class_list":["post-3559","post","type-post","status-publish","format-standard","hentry","category-notas"],"jetpack_publicize_connections":[],"jetpack_sharing_enabled":true,"jetpack_featured_media_url":"","jetpack_shortlink":"https:\/\/wp.me\/p7wKYW-Vp","jetpack-related-posts":[],"_links":{"self":[{"href":"http:\/\/blogdalucianaoliveira.com.br\/blog\/wp-json\/wp\/v2\/posts\/3559","targetHints":{"allow":["GET"]}}],"collection":[{"href":"http:\/\/blogdalucianaoliveira.com.br\/blog\/wp-json\/wp\/v2\/posts"}],"about":[{"href":"http:\/\/blogdalucianaoliveira.com.br\/blog\/wp-json\/wp\/v2\/types\/post"}],"author":[{"embeddable":true,"href":"http:\/\/blogdalucianaoliveira.com.br\/blog\/wp-json\/wp\/v2\/users\/1"}],"replies":[{"embeddable":true,"href":"http:\/\/blogdalucianaoliveira.com.br\/blog\/wp-json\/wp\/v2\/comments?post=3559"}],"version-history":[{"count":4,"href":"http:\/\/blogdalucianaoliveira.com.br\/blog\/wp-json\/wp\/v2\/posts\/3559\/revisions"}],"predecessor-version":[{"id":3564,"href":"http:\/\/blogdalucianaoliveira.com.br\/blog\/wp-json\/wp\/v2\/posts\/3559\/revisions\/3564"}],"wp:attachment":[{"href":"http:\/\/blogdalucianaoliveira.com.br\/blog\/wp-json\/wp\/v2\/media?parent=3559"}],"wp:term":[{"taxonomy":"category","embeddable":true,"href":"http:\/\/blogdalucianaoliveira.com.br\/blog\/wp-json\/wp\/v2\/categories?post=3559"},{"taxonomy":"post_tag","embeddable":true,"href":"http:\/\/blogdalucianaoliveira.com.br\/blog\/wp-json\/wp\/v2\/tags?post=3559"}],"curies":[{"name":"wp","href":"https:\/\/api.w.org\/{rel}","templated":true}]}}