{"id":35595,"date":"2024-07-22T17:10:44","date_gmt":"2024-07-22T21:10:44","guid":{"rendered":"http:\/\/blogdalucianaoliveira.com.br\/blog\/?p=35595"},"modified":"2024-07-22T17:12:26","modified_gmt":"2024-07-22T21:12:26","slug":"povos-indigenas-foram-vitimas-de-mais-de-12-mil-violacoes-patrimoniais-e-200-assassinatos-em-2023","status":"publish","type":"post","link":"http:\/\/blogdalucianaoliveira.com.br\/blog\/2024\/07\/22\/povos-indigenas-foram-vitimas-de-mais-de-12-mil-violacoes-patrimoniais-e-200-assassinatos-em-2023\/","title":{"rendered":"Povos ind\u00edgenas foram v\u00edtimas de mais de 1,2 mil viola\u00e7\u00f5es patrimoniais e 200 assassinatos em 2023"},"content":{"rendered":"<h2><img data-recalc-dims=\"1\" loading=\"lazy\" decoding=\"async\" data-attachment-id=\"35597\" data-permalink=\"http:\/\/blogdalucianaoliveira.com.br\/blog\/2024\/07\/22\/povos-indigenas-foram-vitimas-de-mais-de-12-mil-violacoes-patrimoniais-e-200-assassinatos-em-2023\/img_7013\/\" data-orig-file=\"https:\/\/i0.wp.com\/blogdalucianaoliveira.com.br\/blog\/wp-content\/uploads\/2024\/07\/IMG_7013.jpeg?fit=1065%2C641\" data-orig-size=\"1065,641\" data-comments-opened=\"0\" data-image-meta=\"{&quot;aperture&quot;:&quot;0&quot;,&quot;credit&quot;:&quot;&quot;,&quot;camera&quot;:&quot;&quot;,&quot;caption&quot;:&quot;&quot;,&quot;created_timestamp&quot;:&quot;0&quot;,&quot;copyright&quot;:&quot;&quot;,&quot;focal_length&quot;:&quot;0&quot;,&quot;iso&quot;:&quot;0&quot;,&quot;shutter_speed&quot;:&quot;0&quot;,&quot;title&quot;:&quot;&quot;,&quot;orientation&quot;:&quot;1&quot;}\" data-image-title=\"IMG_7013\" data-image-description=\"\" data-image-caption=\"\" data-medium-file=\"https:\/\/i0.wp.com\/blogdalucianaoliveira.com.br\/blog\/wp-content\/uploads\/2024\/07\/IMG_7013.jpeg?fit=300%2C181\" data-large-file=\"https:\/\/i0.wp.com\/blogdalucianaoliveira.com.br\/blog\/wp-content\/uploads\/2024\/07\/IMG_7013.jpeg?fit=600%2C361\" class=\"alignnone size-full wp-image-35597\" src=\"https:\/\/i0.wp.com\/blogdalucianaoliveira.com.br\/blog\/wp-content\/uploads\/2024\/07\/IMG_7013.jpeg?resize=600%2C361\" alt=\"\" width=\"600\" height=\"361\" srcset=\"https:\/\/i0.wp.com\/blogdalucianaoliveira.com.br\/blog\/wp-content\/uploads\/2024\/07\/IMG_7013.jpeg?w=1065 1065w, https:\/\/i0.wp.com\/blogdalucianaoliveira.com.br\/blog\/wp-content\/uploads\/2024\/07\/IMG_7013.jpeg?resize=300%2C181 300w, https:\/\/i0.wp.com\/blogdalucianaoliveira.com.br\/blog\/wp-content\/uploads\/2024\/07\/IMG_7013.jpeg?resize=1024%2C616 1024w, https:\/\/i0.wp.com\/blogdalucianaoliveira.com.br\/blog\/wp-content\/uploads\/2024\/07\/IMG_7013.jpeg?resize=768%2C462 768w, https:\/\/i0.wp.com\/blogdalucianaoliveira.com.br\/blog\/wp-content\/uploads\/2024\/07\/IMG_7013.jpeg?resize=498%2C300 498w\" sizes=\"auto, (max-width: 600px) 100vw, 600px\" \/><\/h2>\n<h2 class=\"description\">\nLevantamento do Cimi revela que a\u00e7\u00f5es do Estado pouco avan\u00e7aram para regularizar terras e conter a viol\u00eancia<\/h2>\n<p><!--more--><\/p>\n<div class=\"details-bar\">\n<div class=\"author-time\">\n<div class=\"author\">Nara Lacerda<\/div>\n<div class=\"place-and-time\">\n<div class=\"place\">Brasil de Fato<\/div>\n<\/div>\n<\/div>\n<\/div>\n<p>O relat\u00f3rio\u00a0Viol\u00eancia Contra os Povos Ind\u00edgenas no Brasil, divulgado nesta segunda-feira (22),\u00a0contabiliza mais de 1,2 mil casos de viola\u00e7\u00f5es patrimoniais cometidos em territ\u00f3rio nacional contra essa popula\u00e7\u00e3o no ano passado. Em todo o pa\u00eds foram registradas 404 ocorr\u00eancias de ataques contra pessoas ind\u00edgenas em 2023. Nessa lista est\u00e3o tentativas de assassinato, estupros, atentados e agress\u00f5es.<\/p>\n<p>Elaborado pelo Conselho Indigenista Mission\u00e1rio (Cimi), o documento mostra que o poder p\u00fablico avan\u00e7ou pouco na demarca\u00e7\u00e3o de terras e aponta in\u00e9rcia no combate \u00e0s\u00a0viol\u00eancias. A morosidade se reflete no ac\u00famulo de casos.<\/p>\n<p>&#8220;Oito Terras Ind\u00edgenas foram homologadas no primeiro ano do novo governo, um n\u00famero aqu\u00e9m das expectativas, mesmo sendo maior que o dos \u00faltimos anos. Os parcos avan\u00e7os nas demarca\u00e7\u00f5es refletiram-se na intensifica\u00e7\u00e3o de conflitos, com diversos casos de intimida\u00e7\u00f5es, amea\u00e7as e ataques violentos contra ind\u00edgenas, especialmente em estados como Bahia, Mato Grosso do Sul e Paran\u00e1&#8221;, diz o relat\u00f3rio.<\/p>\n<p>Entre as viol\u00eancias contra o patrim\u00f4nio, o relat\u00f3rio destaca 850 casos de omiss\u00e3o e lentid\u00e3o na regulariza\u00e7\u00e3o de Terras Ind\u00edgenas (TIs). Al\u00e9m disso, foram registrados 150 conflitos relativos a direitos territoriais e mais de 270 ocorr\u00eancias de invas\u00f5es possess\u00f3rias, explora\u00e7\u00e3o ilegal de recursos naturais e danos diversos ao patrim\u00f4nio.<\/p>\n<p>O documento alerta que essas categorias de viol\u00eancia se mantiveram em patamares elevados, mesmo com uma ligeira queda em rela\u00e7\u00e3o aos anos anteriores. Segundo o\u00a0Cimi, a resposta ao problema precisa ser mais efetiva.<\/p>\n<p>&#8220;Se por um lado os dados refletem a retomada das opera\u00e7\u00f5es de fiscaliza\u00e7\u00e3o ambiental, por outro, a maior parte dos relatos indica a continuidade das a\u00e7\u00f5es de invasores, a desestrutura\u00e7\u00e3o dos \u00f3rg\u00e3os respons\u00e1veis por estas tarefas e a falta de uma pol\u00edtica permanente de prote\u00e7\u00e3o aos territ\u00f3rios ind\u00edgenas.&#8221;<\/p>\n<p>Viola\u00e7\u00f5es contra pessoas<\/p>\n<p>Ainda conforme o levantamento, os casos de viola\u00e7\u00f5es contra pessoas tamb\u00e9m refor\u00e7am a realidade observada em anos anteriores. Foram registrados mais de 200 assassinatos e 35 tentativas de homic\u00eddio, segundo dados do Sistema de Informa\u00e7\u00e3o da Aten\u00e7\u00e3o \u00e0 Sa\u00fade Ind\u00edgena (SIASI) e do Sistema de Informa\u00e7\u00e3o sobre Mortalidade (SIM).<\/p>\n<p>As equipes mission\u00e1rias do Cimi levantaram informa\u00e7\u00f5es detalhadas sobre mais de 80 dessas ocorr\u00eancias. Todos os dados est\u00e3o dispon\u00edveis no relat\u00f3rio e auxiliam no conhecimento dos detalhes desses crimes e do contexto que permeia a vida ind\u00edgena no Brasil.<\/p>\n<p>&#8220;O ano foi marcado por uma s\u00e9rie de conflitos territoriais e assassinatos envolvendo brigas ou desaven\u00e7as, muitas vezes potencializadas por bebida alco\u00f3lica. Do total, 68 das v\u00edtimas foram homens e 17 mulheres. 31% das mortes registradas pelo Cimi foram ocasionadas por arma de fogo, 29% por arma branca perfurante e 12% por espancamento&#8221;, detalha o documento.<\/p>\n<p>S\u00e3o casos como o de Agnaldo, do povo Turiwara, do nordeste do Par\u00e1. Ele foi morto a tiros enquanto buscava alimentos, dentro das terras que a empresa Agropalma disputa com ind\u00edgenas.<\/p>\n<p>O levantamento do Cimi traz diversos outros exemplos de viol\u00eancia extrema, como o ataque a tiros em um ritual f\u00fanebre na Terra Ind\u00edgena Yanomami. Duas pessoas morreram no atentado de autoria de garimpeiros. Al\u00e9m dos assassinatos, tamb\u00e9m houve registros de amea\u00e7as, les\u00f5es corporais, racismo e discrimina\u00e7\u00e3o \u00e9tnico-cultural e viol\u00eancia sexual.<\/p>\n<p>Avan\u00e7os t\u00edmidos<\/p>\n<p>Mais de 60% dos 1,3 mil processos territoriais ind\u00edgenas no Brasil t\u00eam pend\u00eancias administrativas que os distanciam da regulariza\u00e7\u00e3o. Em 563 deles, nenhum avan\u00e7o foi feito pelo Estado. Embora 2023 tenha trazido de volta os Grupos T\u00e9cnicos (GTs) para tratar do tema, a Funda\u00e7\u00e3o Nacional dos Povos Ind\u00edgenas (Funai) s\u00f3 finalizou tr\u00eas relat\u00f3rios de identifica\u00e7\u00e3o e delimita\u00e7\u00e3o naquele ano.<\/p>\n<p>O cen\u00e1rio \u00e9 refor\u00e7ado pelas tentativas de\u00a0aprova\u00e7\u00e3o do chamado marco temporal no Congresso. A proposta estabelece que somente territ\u00f3rios ocupados por popula\u00e7\u00f5es origin\u00e1rias quando a Constitui\u00e7\u00e3o foi promulgada podem ser considerados TIs.<\/p>\n<p>&#8220;A indefini\u00e7\u00e3o sobre o marco temporal torna imposs\u00edvel uma previs\u00e3o acerca do cumprimento dos prazos estabelecidos nas portarias, na medida em que o governo hesita e utiliza a Lei 14.701\/2023 como justificativa para n\u00e3o avan\u00e7ar nos procedimentos demarcat\u00f3rios. Tal postura reflete-se, tamb\u00e9m, no fato de que nenhuma portaria declarat\u00f3ria foi publicada pelo Minist\u00e9rio da Justi\u00e7a&#8221;, alerta o Cimi.<\/p>\n<p>Viol\u00eancia por omiss\u00e3o<\/p>\n<p>A atua\u00e7\u00e3o insuficiente do poder p\u00fablico tamb\u00e9m causa viola\u00e7\u00f5es contra os povos origin\u00e1rios. O relat\u00f3rio traz dados sobre ocorr\u00eancias de desassist\u00eancia em setores como sa\u00fade e educa\u00e7\u00e3o, falta de combate \u00e0 dissemina\u00e7\u00e3o de bebida alco\u00f3lica e car\u00eancia de estrutura.<\/p>\n<p>O cen\u00e1rio se reflete em comunidades que n\u00e3o t\u00eam acesso a tratamento de \u00e1gua e esgoto, enfrentam a devasta\u00e7\u00e3o ambiental que limita os modos de vida, incluindo o acesso a alimentos, e n\u00e3o s\u00e3o atendidas por pol\u00edticas de sa\u00fade.<\/p>\n<p>Segundo o relat\u00f3rio, 1.040 mortes de crian\u00e7as ind\u00edgenas de at\u00e9 4 anos foram registradas em 2023. A maioria dos casos teve causas evit\u00e1veis. Centenas de \u00f3bitos por doen\u00e7as preven\u00edveis e trat\u00e1veis, como diarreia, gripe e desnutri\u00e7\u00e3o, tamb\u00e9m poderiam ter sido evitados.<br \/>\nEdi\u00e7\u00e3o: Martina Medina<\/p>\n<p>&nbsp;<\/p>\n","protected":false},"excerpt":{"rendered":"<p>Levantamento do Cimi revela que a\u00e7\u00f5es do Estado pouco avan\u00e7aram para regularizar terras e conter a viol\u00eancia<\/p>\n","protected":false},"author":1,"featured_media":0,"comment_status":"closed","ping_status":"open","sticky":false,"template":"","format":"standard","meta":{"_exactmetrics_skip_tracking":false,"_exactmetrics_sitenote_active":false,"_exactmetrics_sitenote_note":"","_exactmetrics_sitenote_category":0,"jetpack_post_was_ever_published":false,"_jetpack_newsletter_access":"","_jetpack_dont_email_post_to_subs":false,"_jetpack_newsletter_tier_id":0,"_jetpack_memberships_contains_paywalled_content":false,"_jetpack_memberships_contains_paid_content":false,"footnotes":"","jetpack_publicize_message":"","jetpack_publicize_feature_enabled":true,"jetpack_social_post_already_shared":true,"jetpack_social_options":{"image_generator_settings":{"template":"highway","enabled":false},"version":2}},"categories":[1],"tags":[1059,749,51],"class_list":["post-35595","post","type-post","status-publish","format-standard","hentry","category-notas","tag-1059","tag-povos-indigenas","tag-violacoes"],"jetpack_publicize_connections":[],"jetpack_sharing_enabled":true,"jetpack_featured_media_url":"","jetpack_shortlink":"https:\/\/wp.me\/p7wKYW-9g7","jetpack-related-posts":[],"_links":{"self":[{"href":"http:\/\/blogdalucianaoliveira.com.br\/blog\/wp-json\/wp\/v2\/posts\/35595","targetHints":{"allow":["GET"]}}],"collection":[{"href":"http:\/\/blogdalucianaoliveira.com.br\/blog\/wp-json\/wp\/v2\/posts"}],"about":[{"href":"http:\/\/blogdalucianaoliveira.com.br\/blog\/wp-json\/wp\/v2\/types\/post"}],"author":[{"embeddable":true,"href":"http:\/\/blogdalucianaoliveira.com.br\/blog\/wp-json\/wp\/v2\/users\/1"}],"replies":[{"embeddable":true,"href":"http:\/\/blogdalucianaoliveira.com.br\/blog\/wp-json\/wp\/v2\/comments?post=35595"}],"version-history":[{"count":3,"href":"http:\/\/blogdalucianaoliveira.com.br\/blog\/wp-json\/wp\/v2\/posts\/35595\/revisions"}],"predecessor-version":[{"id":35599,"href":"http:\/\/blogdalucianaoliveira.com.br\/blog\/wp-json\/wp\/v2\/posts\/35595\/revisions\/35599"}],"wp:attachment":[{"href":"http:\/\/blogdalucianaoliveira.com.br\/blog\/wp-json\/wp\/v2\/media?parent=35595"}],"wp:term":[{"taxonomy":"category","embeddable":true,"href":"http:\/\/blogdalucianaoliveira.com.br\/blog\/wp-json\/wp\/v2\/categories?post=35595"},{"taxonomy":"post_tag","embeddable":true,"href":"http:\/\/blogdalucianaoliveira.com.br\/blog\/wp-json\/wp\/v2\/tags?post=35595"}],"curies":[{"name":"wp","href":"https:\/\/api.w.org\/{rel}","templated":true}]}}