{"id":35613,"date":"2024-07-23T13:19:58","date_gmt":"2024-07-23T17:19:58","guid":{"rendered":"http:\/\/blogdalucianaoliveira.com.br\/blog\/?p=35613"},"modified":"2024-07-23T13:19:58","modified_gmt":"2024-07-23T17:19:58","slug":"relatorio-da-nasa-preve-que-brasil-deve-ficar-inabitavel-dentro-de-50-anos-por-conta-de-calor-excessivo","status":"publish","type":"post","link":"http:\/\/blogdalucianaoliveira.com.br\/blog\/2024\/07\/23\/relatorio-da-nasa-preve-que-brasil-deve-ficar-inabitavel-dentro-de-50-anos-por-conta-de-calor-excessivo\/","title":{"rendered":"Relat\u00f3rio da NASA prev\u00ea que Brasil deve ficar inabit\u00e1vel dentro de 50 anos por conta de calor excessivo"},"content":{"rendered":"<p><img data-recalc-dims=\"1\" loading=\"lazy\" decoding=\"async\" data-attachment-id=\"35614\" data-permalink=\"http:\/\/blogdalucianaoliveira.com.br\/blog\/2024\/07\/23\/relatorio-da-nasa-preve-que-brasil-deve-ficar-inabitavel-dentro-de-50-anos-por-conta-de-calor-excessivo\/img_7039\/\" data-orig-file=\"https:\/\/i0.wp.com\/blogdalucianaoliveira.com.br\/blog\/wp-content\/uploads\/2024\/07\/IMG_7039.jpeg?fit=1026%2C1069\" data-orig-size=\"1026,1069\" data-comments-opened=\"0\" data-image-meta=\"{&quot;aperture&quot;:&quot;0&quot;,&quot;credit&quot;:&quot;&quot;,&quot;camera&quot;:&quot;&quot;,&quot;caption&quot;:&quot;&quot;,&quot;created_timestamp&quot;:&quot;0&quot;,&quot;copyright&quot;:&quot;&quot;,&quot;focal_length&quot;:&quot;0&quot;,&quot;iso&quot;:&quot;0&quot;,&quot;shutter_speed&quot;:&quot;0&quot;,&quot;title&quot;:&quot;&quot;,&quot;orientation&quot;:&quot;1&quot;}\" data-image-title=\"IMG_7039\" data-image-description=\"\" data-image-caption=\"\" data-medium-file=\"https:\/\/i0.wp.com\/blogdalucianaoliveira.com.br\/blog\/wp-content\/uploads\/2024\/07\/IMG_7039.jpeg?fit=288%2C300\" data-large-file=\"https:\/\/i0.wp.com\/blogdalucianaoliveira.com.br\/blog\/wp-content\/uploads\/2024\/07\/IMG_7039.jpeg?fit=600%2C625\" class=\"alignnone size-full wp-image-35614\" src=\"https:\/\/i0.wp.com\/blogdalucianaoliveira.com.br\/blog\/wp-content\/uploads\/2024\/07\/IMG_7039.jpeg?resize=600%2C625\" alt=\"\" width=\"600\" height=\"625\" srcset=\"https:\/\/i0.wp.com\/blogdalucianaoliveira.com.br\/blog\/wp-content\/uploads\/2024\/07\/IMG_7039.jpeg?w=1026 1026w, https:\/\/i0.wp.com\/blogdalucianaoliveira.com.br\/blog\/wp-content\/uploads\/2024\/07\/IMG_7039.jpeg?resize=288%2C300 288w, https:\/\/i0.wp.com\/blogdalucianaoliveira.com.br\/blog\/wp-content\/uploads\/2024\/07\/IMG_7039.jpeg?resize=983%2C1024 983w, https:\/\/i0.wp.com\/blogdalucianaoliveira.com.br\/blog\/wp-content\/uploads\/2024\/07\/IMG_7039.jpeg?resize=768%2C800 768w\" sizes=\"auto, (max-width: 600px) 100vw, 600px\" \/><\/p>\n<p class=\"pf-br-replacement\"><span class=\"text-node\">Casa Ninja Amaz\u00f4nia &#8211; Um relat\u00f3rio da Nasa, ag\u00eancia espacial norte-americana, revela um cen\u00e1rio alarmante para o Brasil: dentro de 50 anos, aproximadamente em 2070, o pa\u00eds poder\u00e1 se tornar inabit\u00e1vel devido aos efeitos do aquecimento global.<\/span><!--more--><\/p>\n<p class=\"pf-br-replacement\"><span class=\"text-node\">Al\u00e9m do Brasil, entre as regi\u00f5es mais afetadas est\u00e3o tamb\u00e9m o sul da \u00c1sia, o Golfo P\u00e9rsico e a China.<\/span><\/p>\n<p class=\"pf-br-replacement\"><span class=\"text-node\">Para este trabalho foram analisadas n\u00e3o somente os extremos de calor, mas tamb\u00e9m a umidade do ar, atrav\u00e9s do bulbo \u00famido.<\/span><\/p>\n<p><span class=\"text-node\">Esta medida considera o conforto t\u00e9rmico j\u00e1 que, embora o ar seco possa ser desagrad\u00e1vel, \u00e9 a umidade que aumenta significativamente a sensa\u00e7\u00e3o de calor. Isso acontece porque a transpira\u00e7\u00e3o \u00e9 um dos principais mecanismos de resfriamento do corpo humano. Por\u00e9m, quando est\u00e1 muito \u00famido, o suor n\u00e3o evapora e isso faz com que o calor n\u00e3o seja dissipado.<\/span><\/p>\n<p data-pf_style_display=\"block\" data-pf_style_visibility=\"visible\">\n<p class=\"pf-br-replacement\"><span class=\"text-node\">Conforme a pesquisa, publicada na revista cient\u00edfica Science Advances e conduzida por Colin Raymond do Laborat\u00f3rio de Propuls\u00e3o a Jato da Nasa, term\u00f4metros acima de 37\u00baC com umidade do ar igual ou superior aos 70% podem causar a morte precoce em at\u00e9 seis horas de exposi\u00e7\u00e3o.<\/span><\/p>\n<p class=\"pf-br-replacement\"><strong data-pf_style_display=\"inline\" data-pf_style_visibility=\"visible\"><span class=\"text-node\">O que diz a OMS<\/span><\/strong><\/p>\n<p class=\"pf-br-replacement\"><span class=\"text-node\">De acordo com a Organiza\u00e7\u00e3o Mundial de Sa\u00fade, o estresse pelo calor \u00e9 a principal causa de mortes relacionadas ao clima e pode agravar doen\u00e7as subjacentes, incluindo doen\u00e7as cardiovasculares, diabetes, sa\u00fade mental, asma, e pode aumentar o risco de acidentes e transmiss\u00e3o de algumas doen\u00e7as infecciosas.<\/span><\/p>\n<p class=\"pf-br-replacement\"><span class=\"text-node\">Entre 2000 e 2019, estudos mostram que aproximadamente 489 mil mortes relacionadas ao calor ocorrem a cada ano, com 45% delas na \u00c1sia e 36% na Europa.<\/span><\/p>\n<p><span class=\"text-node\">A insola\u00e7\u00e3o \u00e9 uma emerg\u00eancia m\u00e9dica com uma alta taxa de mortalidade, j\u00e1 que mortes e hospitaliza\u00e7\u00f5es causadas por calor extremo ocorrem rapidamente (no mesmo dia e nos dias seguintes), o que significa que as interven\u00e7\u00f5es tamb\u00e9m precisam ser r\u00e1pidas quando um alerta de calor \u00e9 emitido.<\/span><\/p>\n","protected":false},"excerpt":{"rendered":"<p>Casa Ninja Amaz\u00f4nia &#8211; Um relat\u00f3rio da Nasa, ag\u00eancia espacial norte-americana, revela um cen\u00e1rio alarmante para o Brasil: dentro de 50 anos, aproximadamente em 2070, o pa\u00eds poder\u00e1 se tornar inabit\u00e1vel devido aos efeitos do aquecimento global.<\/p>\n","protected":false},"author":1,"featured_media":0,"comment_status":"closed","ping_status":"open","sticky":false,"template":"","format":"standard","meta":{"_exactmetrics_skip_tracking":false,"_exactmetrics_sitenote_active":false,"_exactmetrics_sitenote_note":"","_exactmetrics_sitenote_category":0,"jetpack_post_was_ever_published":false,"_jetpack_newsletter_access":"","_jetpack_dont_email_post_to_subs":false,"_jetpack_newsletter_tier_id":0,"_jetpack_memberships_contains_paywalled_content":false,"_jetpack_memberships_contains_paid_content":false,"footnotes":"","jetpack_publicize_message":"","jetpack_publicize_feature_enabled":true,"jetpack_social_post_already_shared":true,"jetpack_social_options":{"image_generator_settings":{"template":"highway","enabled":false},"version":2}},"categories":[1],"tags":[904,952,1064],"class_list":["post-35613","post","type-post","status-publish","format-standard","hentry","category-notas","tag-calor","tag-crise-climatica","tag-planeta"],"jetpack_publicize_connections":[],"jetpack_sharing_enabled":true,"jetpack_featured_media_url":"","jetpack_shortlink":"https:\/\/wp.me\/p7wKYW-9gp","jetpack-related-posts":[],"_links":{"self":[{"href":"http:\/\/blogdalucianaoliveira.com.br\/blog\/wp-json\/wp\/v2\/posts\/35613","targetHints":{"allow":["GET"]}}],"collection":[{"href":"http:\/\/blogdalucianaoliveira.com.br\/blog\/wp-json\/wp\/v2\/posts"}],"about":[{"href":"http:\/\/blogdalucianaoliveira.com.br\/blog\/wp-json\/wp\/v2\/types\/post"}],"author":[{"embeddable":true,"href":"http:\/\/blogdalucianaoliveira.com.br\/blog\/wp-json\/wp\/v2\/users\/1"}],"replies":[{"embeddable":true,"href":"http:\/\/blogdalucianaoliveira.com.br\/blog\/wp-json\/wp\/v2\/comments?post=35613"}],"version-history":[{"count":1,"href":"http:\/\/blogdalucianaoliveira.com.br\/blog\/wp-json\/wp\/v2\/posts\/35613\/revisions"}],"predecessor-version":[{"id":35615,"href":"http:\/\/blogdalucianaoliveira.com.br\/blog\/wp-json\/wp\/v2\/posts\/35613\/revisions\/35615"}],"wp:attachment":[{"href":"http:\/\/blogdalucianaoliveira.com.br\/blog\/wp-json\/wp\/v2\/media?parent=35613"}],"wp:term":[{"taxonomy":"category","embeddable":true,"href":"http:\/\/blogdalucianaoliveira.com.br\/blog\/wp-json\/wp\/v2\/categories?post=35613"},{"taxonomy":"post_tag","embeddable":true,"href":"http:\/\/blogdalucianaoliveira.com.br\/blog\/wp-json\/wp\/v2\/tags?post=35613"}],"curies":[{"name":"wp","href":"https:\/\/api.w.org\/{rel}","templated":true}]}}