{"id":35616,"date":"2024-07-23T13:32:04","date_gmt":"2024-07-23T17:32:04","guid":{"rendered":"http:\/\/blogdalucianaoliveira.com.br\/blog\/?p=35616"},"modified":"2024-07-23T13:32:04","modified_gmt":"2024-07-23T17:32:04","slug":"predio-onde-ditadura-julgou-presos-politicos-em-sp-se-tornara-memorial","status":"publish","type":"post","link":"http:\/\/blogdalucianaoliveira.com.br\/blog\/2024\/07\/23\/predio-onde-ditadura-julgou-presos-politicos-em-sp-se-tornara-memorial\/","title":{"rendered":"Pr\u00e9dio onde ditadura julgou presos pol\u00edticos em SP se tornar\u00e1 memorial"},"content":{"rendered":"<p><img data-recalc-dims=\"1\" loading=\"lazy\" decoding=\"async\" data-attachment-id=\"35617\" data-permalink=\"http:\/\/blogdalucianaoliveira.com.br\/blog\/2024\/07\/23\/predio-onde-ditadura-julgou-presos-politicos-em-sp-se-tornara-memorial\/img_7042\/\" data-orig-file=\"https:\/\/i0.wp.com\/blogdalucianaoliveira.com.br\/blog\/wp-content\/uploads\/2024\/07\/IMG_7042.jpeg?fit=700%2C467\" data-orig-size=\"700,467\" data-comments-opened=\"0\" data-image-meta=\"{&quot;aperture&quot;:&quot;0&quot;,&quot;credit&quot;:&quot;&quot;,&quot;camera&quot;:&quot;&quot;,&quot;caption&quot;:&quot;&quot;,&quot;created_timestamp&quot;:&quot;0&quot;,&quot;copyright&quot;:&quot;&quot;,&quot;focal_length&quot;:&quot;0&quot;,&quot;iso&quot;:&quot;0&quot;,&quot;shutter_speed&quot;:&quot;0&quot;,&quot;title&quot;:&quot;&quot;,&quot;orientation&quot;:&quot;1&quot;}\" data-image-title=\"IMG_7042\" data-image-description=\"\" data-image-caption=\"\" data-medium-file=\"https:\/\/i0.wp.com\/blogdalucianaoliveira.com.br\/blog\/wp-content\/uploads\/2024\/07\/IMG_7042.jpeg?fit=300%2C200\" data-large-file=\"https:\/\/i0.wp.com\/blogdalucianaoliveira.com.br\/blog\/wp-content\/uploads\/2024\/07\/IMG_7042.jpeg?fit=600%2C400\" class=\"alignnone size-full wp-image-35617\" src=\"https:\/\/i0.wp.com\/blogdalucianaoliveira.com.br\/blog\/wp-content\/uploads\/2024\/07\/IMG_7042.jpeg?resize=600%2C400\" alt=\"\" width=\"600\" height=\"400\" srcset=\"https:\/\/i0.wp.com\/blogdalucianaoliveira.com.br\/blog\/wp-content\/uploads\/2024\/07\/IMG_7042.jpeg?w=700 700w, https:\/\/i0.wp.com\/blogdalucianaoliveira.com.br\/blog\/wp-content\/uploads\/2024\/07\/IMG_7042.jpeg?resize=300%2C200 300w, https:\/\/i0.wp.com\/blogdalucianaoliveira.com.br\/blog\/wp-content\/uploads\/2024\/07\/IMG_7042.jpeg?resize=450%2C300 450w\" sizes=\"auto, (max-width: 600px) 100vw, 600px\" \/><br \/>\n<span class=\"text-node\"><br \/>\nMetr\u00f3poles, por Eduardo Barretto, Athos Moura &#8211; A antiga sede da Auditoria Militar em S\u00e3o Paulo, local de julgamento e tortura de presos pol\u00edticos na <\/span><a href=\"https:\/\/www.metropoles.com\/tag\/ditadura-militar\" data-pf_style_display=\"inline\" data-pf_style_visibility=\"visible\"><span class=\"text-node\">ditadura militar<\/span><\/a><span class=\"text-node\">, se tornar\u00e1 o Memorial da Luta pela Justi\u00e7a. A medida ser\u00e1 formalizada na pr\u00f3xima sexta-feira (26\/7) pelo ministro dos Direitos Humanos, Silvio Almeida, e partiu da Ordem dos Advogados do Brasil em S\u00e3o Paulo (OAB SP) e do\u00a0N\u00facleo de Preserva\u00e7\u00e3o da Mem\u00f3ria Pol\u00edtica.<\/span><br \/>\n<!--more--><\/p>\n<p class=\"added-to-list1\" data-pf_style_display=\"block\" data-pf_style_visibility=\"visible\"><span class=\"text-node\">O memorial ter\u00e1 exposi\u00e7\u00f5es, acervos e debates sobre viola\u00e7\u00f5es de direitos humanos no Brasil, notadamente na ditadura. O espa\u00e7o contar\u00e1 ainda com um ambiente em homenagem a presos pol\u00edticos e advogados v\u00edtimas do per\u00edodo de exce\u00e7\u00e3o.<\/span><\/p>\n<figure id=\"attachment_3134478\" class=\"wp-caption alignnone pf-caption flex-width mediumImage pf-size-full\" aria-describedby=\"caption-attachment-3134478\" data-pf_style_display=\"block\" data-pf_style_visibility=\"visible\"><img data-recalc-dims=\"1\" decoding=\"async\" class=\"size-medium wp-image-3134478 pf-large-image caption-img mediumImage\" src=\"https:\/\/i0.wp.com\/uploads.metroimg.com\/wp-content\/uploads\/2024\/07\/22171120\/WhatsApp-Image-2024-07-22-at-17.08.16-1-600x400.jpeg?w=600&#038;ssl=1\" sizes=\"(max-width: 600px) 100vw, 600px\" srcset=\"\" alt=\"Auditoria Militar de SP\"  data-description=\"Nelson Penteado\/Arquivo P\u00fablico de SP\" data-pf_style_display=\"inline\" data-pf_style_visibility=\"visible\" data-pf_rect_width=\"166.65625\" data-pf_rect_height=\"18\" \/><figcaption id=\"caption-attachment-3134478\" class=\"wp-caption-text\" data-pf_style_display=\"block\" data-pf_style_visibility=\"visible\"><span class=\"text-node\">Auditoria Militar de SP<\/span><\/figcaption><\/figure>\n<p class=\"added-to-list1\" data-pf_style_display=\"block\" data-pf_style_visibility=\"visible\"><span class=\"text-node\">Era nesse pr\u00e9dio, na capital paulista, que presos pol\u00edticos eram julgados, sob uma apar\u00eancia de legalidade. Houve torturas no local. Foi l\u00e1 que a ex-presidente Dilma Rousseff foi julgada na ditadura. Uma foto mostra a ent\u00e3o estudante no banco dos r\u00e9us olhando para frente, enquanto ao fundo os militares, ju\u00edzes do caso, tampavam seus rostos.<\/span><\/p>\n<p class=\"added-to-list1\" data-pf_style_display=\"block\" data-pf_style_visibility=\"visible\"><span class=\"text-node\">Em 2022, a OAB paulista abriu uma campanha para financiar o memorial, por meio da Lei Rouanet. Um novo projeto foi aprovado no ano seguinte. J\u00e1 foram arrecadados R$ 7 milh\u00f5es.<\/span><\/p>\n<p class=\"added-to-list1\" data-pf_style_display=\"block\" data-pf_style_visibility=\"visible\"><span class=\"text-node\">Tamb\u00e9m participar\u00e3o da cerim\u00f4nia com Silvio Almeida na pr\u00f3xima sexta-feira o ministro das Rela\u00e7\u00f5es Institucionais, Alexandre Padilha; a presidente da OAB SP, Patricia Vanzolini; e o diretor do N\u00facleo Mem\u00f3ria, Maur\u00edcio Politi.<\/span><\/p>\n","protected":false},"excerpt":{"rendered":"<p>Metr\u00f3poles, por Eduardo Barretto, Athos Moura &#8211; A antiga sede da Auditoria Militar em S\u00e3o Paulo, local de julgamento e tortura de presos pol\u00edticos na ditadura militar, se tornar\u00e1 o Memorial da Luta pela Justi\u00e7a. A medida ser\u00e1 formalizada na pr\u00f3xima sexta-feira (26\/7) pelo ministro dos Direitos Humanos, Silvio Almeida, e partiu da Ordem dos&#8230;<a class=\"more-link\" href=\"http:\/\/blogdalucianaoliveira.com.br\/blog\/2024\/07\/23\/predio-onde-ditadura-julgou-presos-politicos-em-sp-se-tornara-memorial\/\">Continue a leitura <span class=\"meta-nav\">&raquo;<\/span><\/a><\/p>\n","protected":false},"author":1,"featured_media":0,"comment_status":"closed","ping_status":"open","sticky":false,"template":"","format":"standard","meta":{"_exactmetrics_skip_tracking":false,"_exactmetrics_sitenote_active":false,"_exactmetrics_sitenote_note":"","_exactmetrics_sitenote_category":0,"jetpack_post_was_ever_published":false,"_jetpack_newsletter_access":"","_jetpack_dont_email_post_to_subs":false,"_jetpack_newsletter_tier_id":0,"_jetpack_memberships_contains_paywalled_content":false,"_jetpack_memberships_contains_paid_content":false,"footnotes":"","jetpack_publicize_message":"","jetpack_publicize_feature_enabled":true,"jetpack_social_post_already_shared":true,"jetpack_social_options":{"image_generator_settings":{"template":"highway","enabled":false},"version":2}},"categories":[1],"tags":[325,1065],"class_list":["post-35616","post","type-post","status-publish","format-standard","hentry","category-notas","tag-ditadura","tag-memorial"],"jetpack_publicize_connections":[],"jetpack_sharing_enabled":true,"jetpack_featured_media_url":"","jetpack_shortlink":"https:\/\/wp.me\/p7wKYW-9gs","jetpack-related-posts":[],"_links":{"self":[{"href":"http:\/\/blogdalucianaoliveira.com.br\/blog\/wp-json\/wp\/v2\/posts\/35616","targetHints":{"allow":["GET"]}}],"collection":[{"href":"http:\/\/blogdalucianaoliveira.com.br\/blog\/wp-json\/wp\/v2\/posts"}],"about":[{"href":"http:\/\/blogdalucianaoliveira.com.br\/blog\/wp-json\/wp\/v2\/types\/post"}],"author":[{"embeddable":true,"href":"http:\/\/blogdalucianaoliveira.com.br\/blog\/wp-json\/wp\/v2\/users\/1"}],"replies":[{"embeddable":true,"href":"http:\/\/blogdalucianaoliveira.com.br\/blog\/wp-json\/wp\/v2\/comments?post=35616"}],"version-history":[{"count":1,"href":"http:\/\/blogdalucianaoliveira.com.br\/blog\/wp-json\/wp\/v2\/posts\/35616\/revisions"}],"predecessor-version":[{"id":35618,"href":"http:\/\/blogdalucianaoliveira.com.br\/blog\/wp-json\/wp\/v2\/posts\/35616\/revisions\/35618"}],"wp:attachment":[{"href":"http:\/\/blogdalucianaoliveira.com.br\/blog\/wp-json\/wp\/v2\/media?parent=35616"}],"wp:term":[{"taxonomy":"category","embeddable":true,"href":"http:\/\/blogdalucianaoliveira.com.br\/blog\/wp-json\/wp\/v2\/categories?post=35616"},{"taxonomy":"post_tag","embeddable":true,"href":"http:\/\/blogdalucianaoliveira.com.br\/blog\/wp-json\/wp\/v2\/tags?post=35616"}],"curies":[{"name":"wp","href":"https:\/\/api.w.org\/{rel}","templated":true}]}}