{"id":35623,"date":"2024-07-24T10:48:17","date_gmt":"2024-07-24T14:48:17","guid":{"rendered":"http:\/\/blogdalucianaoliveira.com.br\/blog\/?p=35623"},"modified":"2024-07-24T10:48:17","modified_gmt":"2024-07-24T14:48:17","slug":"icl-anuncia-felipe-neto-como-novo-socio","status":"publish","type":"post","link":"http:\/\/blogdalucianaoliveira.com.br\/blog\/2024\/07\/24\/icl-anuncia-felipe-neto-como-novo-socio\/","title":{"rendered":"ICL anuncia Felipe Neto como novo s\u00f3cio"},"content":{"rendered":"<p><img data-recalc-dims=\"1\" loading=\"lazy\" decoding=\"async\" data-attachment-id=\"35624\" data-permalink=\"http:\/\/blogdalucianaoliveira.com.br\/blog\/2024\/07\/24\/icl-anuncia-felipe-neto-como-novo-socio\/img_7056\/\" data-orig-file=\"https:\/\/i0.wp.com\/blogdalucianaoliveira.com.br\/blog\/wp-content\/uploads\/2024\/07\/IMG_7056.webp?fit=960%2C540\" data-orig-size=\"960,540\" data-comments-opened=\"0\" data-image-meta=\"{&quot;aperture&quot;:&quot;0&quot;,&quot;credit&quot;:&quot;&quot;,&quot;camera&quot;:&quot;&quot;,&quot;caption&quot;:&quot;&quot;,&quot;created_timestamp&quot;:&quot;0&quot;,&quot;copyright&quot;:&quot;&quot;,&quot;focal_length&quot;:&quot;0&quot;,&quot;iso&quot;:&quot;0&quot;,&quot;shutter_speed&quot;:&quot;0&quot;,&quot;title&quot;:&quot;&quot;,&quot;orientation&quot;:&quot;0&quot;}\" data-image-title=\"IMG_7056\" data-image-description=\"\" data-image-caption=\"\" data-medium-file=\"https:\/\/i0.wp.com\/blogdalucianaoliveira.com.br\/blog\/wp-content\/uploads\/2024\/07\/IMG_7056.webp?fit=300%2C169\" data-large-file=\"https:\/\/i0.wp.com\/blogdalucianaoliveira.com.br\/blog\/wp-content\/uploads\/2024\/07\/IMG_7056.webp?fit=600%2C338\" class=\"alignnone size-full wp-image-35624\" src=\"https:\/\/i0.wp.com\/blogdalucianaoliveira.com.br\/blog\/wp-content\/uploads\/2024\/07\/IMG_7056.webp?resize=600%2C338\" alt=\"\" width=\"600\" height=\"338\" srcset=\"https:\/\/i0.wp.com\/blogdalucianaoliveira.com.br\/blog\/wp-content\/uploads\/2024\/07\/IMG_7056.webp?w=960 960w, https:\/\/i0.wp.com\/blogdalucianaoliveira.com.br\/blog\/wp-content\/uploads\/2024\/07\/IMG_7056.webp?resize=300%2C169 300w, https:\/\/i0.wp.com\/blogdalucianaoliveira.com.br\/blog\/wp-content\/uploads\/2024\/07\/IMG_7056.webp?resize=768%2C432 768w, https:\/\/i0.wp.com\/blogdalucianaoliveira.com.br\/blog\/wp-content\/uploads\/2024\/07\/IMG_7056.webp?resize=533%2C300 533w\" sizes=\"auto, (max-width: 600px) 100vw, 600px\" \/><\/p>\n<p>ICL &#8211; Eduardo Moreira e Felipe Neto anunciaram juntos nesta ter\u00e7a-feira (23), durante o ICL Not\u00edcias \u2014 1\u00aa Edi\u00e7\u00e3o, a entrada do comunicador digital e empres\u00e1rio como novo s\u00f3cio no Instituto Conhecimento Liberta (ICL).<!--more--><\/p>\n<p>A partir de agora, Felipe Neto se juntar\u00e1 ao pr\u00f3prio Eduardo Moreira, s\u00f3cio e fundador do ICL, e a Rafael Donatiello, CEO e s\u00f3cio-fundador do ICL, no conselho da empresa.<\/p>\n<p>O ICL possui hoje o maior jornal independente do pa\u00eds, al\u00e9m de uma plataforma de educa\u00e7\u00e3o com mais de 75.000 assinantes em mais de 70 pa\u00edses. Felipe Neto \u00e9 o maior influenciador digital do pa\u00eds com mais de 46 milh\u00f5es de inscritos em seu canal no YouTube.<\/p>\n<p>Juntos, eles ir\u00e3o potencializar a difus\u00e3o de conte\u00fado de qualidade, conhecimento e educa\u00e7\u00e3o para ainda mais pessoas em todo o Brasil.<\/p>\n<p>Segundo Eduardo Moreira, a entrada de Felipe ter\u00e1 como objetivo um interc\u00e2mbio de conhecimento e habilidades.<\/p>\n<blockquote><p>\u201cO Felipe \u00e9 o melhor do pa\u00eds na cria\u00e7\u00e3o de conte\u00fado para redes, o que ser\u00e1 sensacional para o ICL. Al\u00e9m disso, ele possui uma capilaridade gigantesca na internet brasileira. Juntos podemos levar conhecimento e informa\u00e7\u00e3o de qualidade para cada vez mais brasileiros\u201d, explica ele.<\/p><\/blockquote>\n<p>Para Felipe Neto, ele e o ICL possuem prop\u00f3sitos e vis\u00f5es de mundo que se conectam e, por isso, a parceria tem um potencial enorme:<\/p>\n<blockquote><p>\u201cSou um grande admirador do ICL j\u00e1 h\u00e1 algum tempo. \u00c9 fundamental que o grande p\u00fablico tenha acesso a um ve\u00edculo progressista em um pa\u00eds dominado pelo conservadorismo. Por acreditar no prop\u00f3sito do ICL, senti que deveria fazer parte dessa mudan\u00e7a e incentivar ainda mais a guinada do projeto\u201d, diz Felipe.<\/p><\/blockquote>\n<h2>Sobre o ICL<\/h2>\n<p>O Instituto Conhecimento Liberta (ICL) \u00e9 uma empresa de educa\u00e7\u00e3o, m\u00eddia e cultura que vem democratizando o acesso ao conhecimento no pa\u00eds. Hoje, a empresa possui a <a href=\"https:\/\/membro.icl.com.br\/\" target=\"_blank\" rel=\"noopener\">Plataforma de Educa\u00e7\u00e3o ICL<\/a>, que conta com mais de 290 cursos com professores renomados no Brasil e no mundo como Noam Chomsky, Nancy Fraser e Jess\u00e9 Souza.<\/p>\n<p>Hoje, o ICL possui mais de 75.000 alunos pagantes e 25.000 bolsistas. O Instituto criou um sistema em que alguns alunos pagam um valor a mais para garantir uma bolsa de estudo para pessoas que n\u00e3o podem pagar por meio de institui\u00e7\u00f5es sociais parceiras.<\/p>\n<p>Al\u00e9m da Plataforma de cursos, o ICL tamb\u00e9m conta com uma programa\u00e7\u00e3o di\u00e1ria de jornalismo ao vivo no YouTube e em outras redes. O ICL Not\u00edcias \u00e9 l\u00edder de audi\u00eancia no pa\u00eds, batendo ve\u00edculos de m\u00eddias com or\u00e7amento e estrutura muito maiores.<\/p>\n<p>Desde o fim de 2023 conta tamb\u00e9m com um portal de not\u00edcias cuja audi\u00eancia vem crescendo m\u00eas a m\u00eas, com mat\u00e9rias exclusivas que t\u00eam gerado repercuss\u00e3o entre os concorrentes.<\/p>\n<div id=\"attachment_24105\" class=\"wp-caption aligncenter\"><img data-recalc-dims=\"1\" loading=\"lazy\" decoding=\"async\" class=\"wp-image-24105\" title=\"ICL\" src=\"https:\/\/i0.wp.com\/icln.b-cdn.net\/wp-content\/uploads\/2024\/07\/sem-4-scaled.webp?resize=600%2C840&#038;ssl=1\" alt=\"\" width=\"600\" height=\"840\" aria-describedby=\"caption-attachment-24105\" \/><\/p>\n<p id=\"caption-attachment-24105\" class=\"wp-caption-text\"><em>Felipe Neto<\/em><\/p>\n<\/div>\n<h2>Sobre Felipe Neto<\/h2>\n<p>Felipe Neto nasceu em 1988, no Rio de Janeiro. Come\u00e7ou sua carreira na internet em 2010, produzindo v\u00eddeos para o YouTube, e passada uma d\u00e9cada seu canal acumula quase 50 milh\u00f5es de inscritos. \u00c9 tamb\u00e9m empres\u00e1rio e fundador do <a href=\"https:\/\/www.vero.org.br\/\" target=\"_blank\" rel=\"noopener\">Instituto Vero<\/a>, entidade sem fins lucrativos que atua no letramento midi\u00e1tico e na educa\u00e7\u00e3o digital no Brasil. Idealizou o movimento Cala Boca J\u00e1 Morreu, que ofereceu apoio jur\u00eddico gratuito a pessoas investigadas criminal ou administrativamente por ter expressado uma ideia ou criticado uma autoridade p\u00fablica. Em 2020, foi inclu\u00eddo na lista das cem pessoas mais influentes do mundo da revista Time.<\/p>\n<div class=\"video-wrapper\"><iframe title=\"Felipe Neto: &quot;Queremos que o ICL chegue na casa das pessoas e vire um amigo que se pode confiar&quot;\" src=\"https:\/\/www.youtube.com\/embed\/gxSdvjlYZXs?feature=oembed\" name=\"fitvid0\" frameborder=\"0\" allowfullscreen=\"allowfullscreen\" data-mce-fragment=\"1\"><\/iframe><\/div>\n<p>&nbsp;<\/p>\n<p>&nbsp;<\/p>\n","protected":false},"excerpt":{"rendered":"<p>ICL &#8211; Eduardo Moreira e Felipe Neto anunciaram juntos nesta ter\u00e7a-feira (23), durante o ICL Not\u00edcias \u2014 1\u00aa Edi\u00e7\u00e3o, a entrada do comunicador digital e empres\u00e1rio como novo s\u00f3cio no Instituto Conhecimento Liberta (ICL).<\/p>\n","protected":false},"author":1,"featured_media":0,"comment_status":"closed","ping_status":"open","sticky":false,"template":"","format":"standard","meta":{"_exactmetrics_skip_tracking":false,"_exactmetrics_sitenote_active":false,"_exactmetrics_sitenote_note":"","_exactmetrics_sitenote_category":0,"jetpack_post_was_ever_published":false,"_jetpack_newsletter_access":"","_jetpack_dont_email_post_to_subs":false,"_jetpack_newsletter_tier_id":0,"_jetpack_memberships_contains_paywalled_content":false,"_jetpack_memberships_contains_paid_content":false,"footnotes":"","jetpack_publicize_message":"","jetpack_publicize_feature_enabled":true,"jetpack_social_post_already_shared":true,"jetpack_social_options":{"image_generator_settings":{"template":"highway","enabled":false},"version":2}},"categories":[1],"tags":[421,1068],"class_list":["post-35623","post","type-post","status-publish","format-standard","hentry","category-notas","tag-felipe-neto","tag-icl"],"jetpack_publicize_connections":[],"jetpack_sharing_enabled":true,"jetpack_featured_media_url":"","jetpack_shortlink":"https:\/\/wp.me\/p7wKYW-9gz","jetpack-related-posts":[],"_links":{"self":[{"href":"http:\/\/blogdalucianaoliveira.com.br\/blog\/wp-json\/wp\/v2\/posts\/35623","targetHints":{"allow":["GET"]}}],"collection":[{"href":"http:\/\/blogdalucianaoliveira.com.br\/blog\/wp-json\/wp\/v2\/posts"}],"about":[{"href":"http:\/\/blogdalucianaoliveira.com.br\/blog\/wp-json\/wp\/v2\/types\/post"}],"author":[{"embeddable":true,"href":"http:\/\/blogdalucianaoliveira.com.br\/blog\/wp-json\/wp\/v2\/users\/1"}],"replies":[{"embeddable":true,"href":"http:\/\/blogdalucianaoliveira.com.br\/blog\/wp-json\/wp\/v2\/comments?post=35623"}],"version-history":[{"count":1,"href":"http:\/\/blogdalucianaoliveira.com.br\/blog\/wp-json\/wp\/v2\/posts\/35623\/revisions"}],"predecessor-version":[{"id":35625,"href":"http:\/\/blogdalucianaoliveira.com.br\/blog\/wp-json\/wp\/v2\/posts\/35623\/revisions\/35625"}],"wp:attachment":[{"href":"http:\/\/blogdalucianaoliveira.com.br\/blog\/wp-json\/wp\/v2\/media?parent=35623"}],"wp:term":[{"taxonomy":"category","embeddable":true,"href":"http:\/\/blogdalucianaoliveira.com.br\/blog\/wp-json\/wp\/v2\/categories?post=35623"},{"taxonomy":"post_tag","embeddable":true,"href":"http:\/\/blogdalucianaoliveira.com.br\/blog\/wp-json\/wp\/v2\/tags?post=35623"}],"curies":[{"name":"wp","href":"https:\/\/api.w.org\/{rel}","templated":true}]}}