{"id":35626,"date":"2024-07-25T09:54:31","date_gmt":"2024-07-25T13:54:31","guid":{"rendered":"http:\/\/blogdalucianaoliveira.com.br\/blog\/?p=35626"},"modified":"2024-07-25T09:54:31","modified_gmt":"2024-07-25T13:54:31","slug":"no-brasil-247-22","status":"publish","type":"post","link":"http:\/\/blogdalucianaoliveira.com.br\/blog\/2024\/07\/25\/no-brasil-247-22\/","title":{"rendered":"No Brasil 247"},"content":{"rendered":"<p><img data-recalc-dims=\"1\" loading=\"lazy\" decoding=\"async\" data-attachment-id=\"35627\" data-permalink=\"http:\/\/blogdalucianaoliveira.com.br\/blog\/2024\/07\/25\/no-brasil-247-22\/985f3abd-baec-45d0-8a6c-4696f9844bef\/\" data-orig-file=\"https:\/\/i0.wp.com\/blogdalucianaoliveira.com.br\/blog\/wp-content\/uploads\/2024\/07\/985f3abd-baec-45d0-8a6c-4696f9844bef.jpeg?fit=1600%2C900\" data-orig-size=\"1600,900\" data-comments-opened=\"0\" data-image-meta=\"{&quot;aperture&quot;:&quot;0&quot;,&quot;credit&quot;:&quot;&quot;,&quot;camera&quot;:&quot;&quot;,&quot;caption&quot;:&quot;&quot;,&quot;created_timestamp&quot;:&quot;1721862682&quot;,&quot;copyright&quot;:&quot;&quot;,&quot;focal_length&quot;:&quot;0&quot;,&quot;iso&quot;:&quot;0&quot;,&quot;shutter_speed&quot;:&quot;0&quot;,&quot;title&quot;:&quot;&quot;,&quot;orientation&quot;:&quot;1&quot;}\" data-image-title=\"985f3abd-baec-45d0-8a6c-4696f9844bef\" data-image-description=\"\" data-image-caption=\"\" data-medium-file=\"https:\/\/i0.wp.com\/blogdalucianaoliveira.com.br\/blog\/wp-content\/uploads\/2024\/07\/985f3abd-baec-45d0-8a6c-4696f9844bef.jpeg?fit=300%2C169\" data-large-file=\"https:\/\/i0.wp.com\/blogdalucianaoliveira.com.br\/blog\/wp-content\/uploads\/2024\/07\/985f3abd-baec-45d0-8a6c-4696f9844bef.jpeg?fit=600%2C338\" class=\"alignnone size-full wp-image-35627\" src=\"https:\/\/i0.wp.com\/blogdalucianaoliveira.com.br\/blog\/wp-content\/uploads\/2024\/07\/985f3abd-baec-45d0-8a6c-4696f9844bef.jpeg?resize=600%2C338\" alt=\"\" width=\"600\" height=\"338\" srcset=\"https:\/\/i0.wp.com\/blogdalucianaoliveira.com.br\/blog\/wp-content\/uploads\/2024\/07\/985f3abd-baec-45d0-8a6c-4696f9844bef.jpeg?w=1600 1600w, https:\/\/i0.wp.com\/blogdalucianaoliveira.com.br\/blog\/wp-content\/uploads\/2024\/07\/985f3abd-baec-45d0-8a6c-4696f9844bef.jpeg?resize=300%2C169 300w, https:\/\/i0.wp.com\/blogdalucianaoliveira.com.br\/blog\/wp-content\/uploads\/2024\/07\/985f3abd-baec-45d0-8a6c-4696f9844bef.jpeg?resize=1024%2C576 1024w, https:\/\/i0.wp.com\/blogdalucianaoliveira.com.br\/blog\/wp-content\/uploads\/2024\/07\/985f3abd-baec-45d0-8a6c-4696f9844bef.jpeg?resize=768%2C432 768w, https:\/\/i0.wp.com\/blogdalucianaoliveira.com.br\/blog\/wp-content\/uploads\/2024\/07\/985f3abd-baec-45d0-8a6c-4696f9844bef.jpeg?resize=1536%2C864 1536w, https:\/\/i0.wp.com\/blogdalucianaoliveira.com.br\/blog\/wp-content\/uploads\/2024\/07\/985f3abd-baec-45d0-8a6c-4696f9844bef.jpeg?resize=533%2C300 533w, https:\/\/i0.wp.com\/blogdalucianaoliveira.com.br\/blog\/wp-content\/uploads\/2024\/07\/985f3abd-baec-45d0-8a6c-4696f9844bef.jpeg?w=1200 1200w\" sizes=\"auto, (max-width: 600px) 100vw, 600px\" \/><\/p>\n<p>No Brasil 247 &#8211; O encontro que acontece h\u00e1 14 anos re\u00fane jornalistas, comunicadores populares, ativistas, movimentos sociais e quem se engaja na luta pela democratiza\u00e7\u00e3o da comunica\u00e7\u00e3o no Brasil.<!--more--><\/p>\n<p>A oitava edi\u00e7\u00e3o nacional foi no audit\u00f3rio Vladimir Herzog, no Sindicato dos Jornalistas de S\u00e3o Paulo, e foi ampliada com a participa\u00e7\u00e3o de estudantes e jovens comunicadores e ativistas digitais.<\/p>\n<p>Em debate, o fortalecimento das m\u00eddias alternativas e da comunica\u00e7\u00e3o p\u00fablica, os desafios colocados pela intelig\u00eancia artificial, a regula\u00e7\u00e3o das plataformas e a rela\u00e7\u00e3o da juventude com a comunica\u00e7\u00e3o.<\/p>\n<p>S\u00e3o temas centrais na batalha da informa\u00e7\u00e3o, hoje mais acelerada e com mais manipula\u00e7\u00e3o.<\/p>\n<p>Assista:<\/p>\n<p>&nbsp;<\/p>\n<div class=\"jetpack-video-wrapper\"><iframe loading=\"lazy\" title=\"ENCONTRO RE\u00daNE COMUNICADORES E ATIVISTAS DIGITAIS PROGRESSITAS\" width=\"600\" height=\"338\" src=\"https:\/\/www.youtube.com\/embed\/7fifjRVD2r0?feature=oembed\" frameborder=\"0\" allow=\"accelerometer; autoplay; clipboard-write; encrypted-media; gyroscope; picture-in-picture; web-share\" referrerpolicy=\"strict-origin-when-cross-origin\" allowfullscreen><\/iframe><\/div>\n","protected":false},"excerpt":{"rendered":"<p>No Brasil 247 &#8211; O encontro que acontece h\u00e1 14 anos re\u00fane jornalistas, comunicadores populares, ativistas, movimentos sociais e quem se engaja na luta pela democratiza\u00e7\u00e3o da comunica\u00e7\u00e3o no Brasil.<\/p>\n","protected":false},"author":1,"featured_media":0,"comment_status":"closed","ping_status":"open","sticky":false,"template":"","format":"standard","meta":{"_exactmetrics_skip_tracking":false,"_exactmetrics_sitenote_active":false,"_exactmetrics_sitenote_note":"","_exactmetrics_sitenote_category":0,"jetpack_post_was_ever_published":false,"_jetpack_newsletter_access":"","_jetpack_dont_email_post_to_subs":false,"_jetpack_newsletter_tier_id":0,"_jetpack_memberships_contains_paywalled_content":false,"_jetpack_memberships_contains_paid_content":false,"footnotes":"","jetpack_publicize_message":"","jetpack_publicize_feature_enabled":true,"jetpack_social_post_already_shared":true,"jetpack_social_options":{"image_generator_settings":{"template":"highway","enabled":false},"version":2}},"categories":[1],"tags":[1033,71,1032],"class_list":["post-35626","post","type-post","status-publish","format-standard","hentry","category-notas","tag-ativistas-digitais","tag-blogprog","tag-comunicadores"],"jetpack_publicize_connections":[],"jetpack_sharing_enabled":true,"jetpack_featured_media_url":"","jetpack_shortlink":"https:\/\/wp.me\/p7wKYW-9gC","jetpack-related-posts":[],"_links":{"self":[{"href":"http:\/\/blogdalucianaoliveira.com.br\/blog\/wp-json\/wp\/v2\/posts\/35626","targetHints":{"allow":["GET"]}}],"collection":[{"href":"http:\/\/blogdalucianaoliveira.com.br\/blog\/wp-json\/wp\/v2\/posts"}],"about":[{"href":"http:\/\/blogdalucianaoliveira.com.br\/blog\/wp-json\/wp\/v2\/types\/post"}],"author":[{"embeddable":true,"href":"http:\/\/blogdalucianaoliveira.com.br\/blog\/wp-json\/wp\/v2\/users\/1"}],"replies":[{"embeddable":true,"href":"http:\/\/blogdalucianaoliveira.com.br\/blog\/wp-json\/wp\/v2\/comments?post=35626"}],"version-history":[{"count":1,"href":"http:\/\/blogdalucianaoliveira.com.br\/blog\/wp-json\/wp\/v2\/posts\/35626\/revisions"}],"predecessor-version":[{"id":35628,"href":"http:\/\/blogdalucianaoliveira.com.br\/blog\/wp-json\/wp\/v2\/posts\/35626\/revisions\/35628"}],"wp:attachment":[{"href":"http:\/\/blogdalucianaoliveira.com.br\/blog\/wp-json\/wp\/v2\/media?parent=35626"}],"wp:term":[{"taxonomy":"category","embeddable":true,"href":"http:\/\/blogdalucianaoliveira.com.br\/blog\/wp-json\/wp\/v2\/categories?post=35626"},{"taxonomy":"post_tag","embeddable":true,"href":"http:\/\/blogdalucianaoliveira.com.br\/blog\/wp-json\/wp\/v2\/tags?post=35626"}],"curies":[{"name":"wp","href":"https:\/\/api.w.org\/{rel}","templated":true}]}}