{"id":35630,"date":"2024-07-26T10:29:54","date_gmt":"2024-07-26T14:29:54","guid":{"rendered":"http:\/\/blogdalucianaoliveira.com.br\/blog\/?p=35630"},"modified":"2024-07-26T10:29:54","modified_gmt":"2024-07-26T14:29:54","slug":"setor-cultural-emite-nota-de-repudio-ao-paar-da-sejucel","status":"publish","type":"post","link":"http:\/\/blogdalucianaoliveira.com.br\/blog\/2024\/07\/26\/setor-cultural-emite-nota-de-repudio-ao-paar-da-sejucel\/","title":{"rendered":"Setor cultural emite nota de rep\u00fadio ao PAAR da Sejucel"},"content":{"rendered":"<p><img data-recalc-dims=\"1\" loading=\"lazy\" decoding=\"async\" data-attachment-id=\"35631\" data-permalink=\"http:\/\/blogdalucianaoliveira.com.br\/blog\/2024\/07\/26\/setor-cultural-emite-nota-de-repudio-ao-paar-da-sejucel\/img_7089\/\" data-orig-file=\"https:\/\/i0.wp.com\/blogdalucianaoliveira.com.br\/blog\/wp-content\/uploads\/2024\/07\/IMG_7089.jpeg?fit=1070%2C416\" data-orig-size=\"1070,416\" data-comments-opened=\"0\" data-image-meta=\"{&quot;aperture&quot;:&quot;0&quot;,&quot;credit&quot;:&quot;&quot;,&quot;camera&quot;:&quot;&quot;,&quot;caption&quot;:&quot;&quot;,&quot;created_timestamp&quot;:&quot;0&quot;,&quot;copyright&quot;:&quot;&quot;,&quot;focal_length&quot;:&quot;0&quot;,&quot;iso&quot;:&quot;0&quot;,&quot;shutter_speed&quot;:&quot;0&quot;,&quot;title&quot;:&quot;&quot;,&quot;orientation&quot;:&quot;1&quot;}\" data-image-title=\"IMG_7089\" data-image-description=\"\" data-image-caption=\"\" data-medium-file=\"https:\/\/i0.wp.com\/blogdalucianaoliveira.com.br\/blog\/wp-content\/uploads\/2024\/07\/IMG_7089.jpeg?fit=300%2C117\" data-large-file=\"https:\/\/i0.wp.com\/blogdalucianaoliveira.com.br\/blog\/wp-content\/uploads\/2024\/07\/IMG_7089.jpeg?fit=600%2C233\" class=\"alignnone size-full wp-image-35631\" src=\"https:\/\/i0.wp.com\/blogdalucianaoliveira.com.br\/blog\/wp-content\/uploads\/2024\/07\/IMG_7089.jpeg?resize=600%2C233\" alt=\"\" width=\"600\" height=\"233\" srcset=\"https:\/\/i0.wp.com\/blogdalucianaoliveira.com.br\/blog\/wp-content\/uploads\/2024\/07\/IMG_7089.jpeg?w=1070 1070w, https:\/\/i0.wp.com\/blogdalucianaoliveira.com.br\/blog\/wp-content\/uploads\/2024\/07\/IMG_7089.jpeg?resize=300%2C117 300w, https:\/\/i0.wp.com\/blogdalucianaoliveira.com.br\/blog\/wp-content\/uploads\/2024\/07\/IMG_7089.jpeg?resize=1024%2C398 1024w, https:\/\/i0.wp.com\/blogdalucianaoliveira.com.br\/blog\/wp-content\/uploads\/2024\/07\/IMG_7089.jpeg?resize=768%2C299 768w, https:\/\/i0.wp.com\/blogdalucianaoliveira.com.br\/blog\/wp-content\/uploads\/2024\/07\/IMG_7089.jpeg?resize=772%2C300 772w\" sizes=\"auto, (max-width: 600px) 100vw, 600px\" \/><\/p>\n<p class=\"s5\">\u200b<span class=\"s4\"><span class=\"bumpedFont15\">Os artistas e grupos art\u00edsticos do Estado de Rond\u00f4nia v\u00eam por meio desta expressar o seu mais alto rep\u00fadio quanto \u00e0s recentes a\u00e7\u00f5es da Sejucel\/RO, conforme consignado a seguir:<\/span><\/span><!--more--><\/p>\n<p class=\"s5\">\u200b<span class=\"s4\"><span class=\"bumpedFont15\">Na data de 24\/07\/24 a mesma realizou uma audi\u00eancia p\u00fablica na Capital Porto Velho, \u00e0s 19h, de forma presencial no Teatro Estadual Guapor\u00e9. Em que pese ter havido transmiss\u00e3o on-line por meio do (youtube\/instagram\/facebook), n\u00e3o houve ampla divulga\u00e7\u00e3o, bem como foi impossibilitada as participa\u00e7\u00f5es efetivas do Conselho Estadual de Pol\u00edtica Cultural de Rond\u00f4nia (CEPC\/RO) e dos fazedores de cultura do interior do Estado, os quais a tudo assistiram sem a menor possibilidade de expressar as suas opini\u00f5es ou de questionar alguns equ\u00edvocos que ali estavam sendo apresentados. <\/span><\/span><\/p>\n<p class=\"s5\">\u200b<span class=\"s4\"><span class=\"bumpedFont15\">Nesta audi\u00eancia p\u00fablica, sem portaria, a Sejucel apresentou uma proposta do PAAR (Plano Anual de Aplica\u00e7\u00e3o dos Recursos da PNAB) aos artistas e conselheiros ali presentes, proposta esta muito divergente da que foi elaborada e apresentada pelo Conselho Estadual, a qual foi advinda de 7(sete) escutas \u00a0e uma oitava reuni\u00e3o de alinhamento de todas as ideias levantadas nas escutas, realizadas de forma exaustiva com todas as setoriais e com a participa\u00e7\u00e3o de artistas de todo o Estado de Rond\u00f4nia. <\/span><\/span><\/p>\n<p class=\"s5\">\u200b<span class=\"s4\"><span class=\"bumpedFont15\">REPUDIAMOS o DESPREZO e a DESCONSIDERA\u00c7\u00c3O do grande trabalho que foi realizado desde maio de 2024 pelo CEPC e por toda a classe art\u00edstica, no qual ouviu-se toda a comunidade art\u00edstica para a elabora\u00e7\u00e3o de uma proposta que atendesse de fato aos reais anseios desta nobre classe, que fomenta a pura arte nos quatro cantos de nosso estado, a qual foi substitu\u00edda por uma proposta que n\u00e3o condiz com as reais necessidades e anseios da classe art\u00edstica.<\/span><\/span><\/p>\n<p class=\"s5\">\u200b<span class=\"s4\"><span class=\"bumpedFont15\">Fica aqui a nossa manifesta\u00e7\u00e3o contra esse absurdo e a nossa manifesta\u00e7\u00e3o para que seja revisto o que foi apresentado nessa ocasi\u00e3o, bem como o nosso apoio ao CEPC-RO que foi claramente DESRESPEITADO.<\/span><\/span><\/p>\n<p class=\"s5\">\u200b<span class=\"s4\"><span class=\"bumpedFont15\">Por fim, a Sejucel vem deslegitimando o trabalho do Conselho junto a classe art\u00edstica espalhando desinforma\u00e7\u00e3o destinadas \u00e0 algumas setoriais de cultura, no intuito de desacreditar o trabalho de constru\u00e7\u00e3o coletiva que vem sendo realizado.<\/span><\/span><\/p>\n<p class=\"s5\">\u200b<span class=\"s4\"><span class=\"bumpedFont15\">Os recursos federais advindos das Leis Paulo Gustavo e Aldir Blanc s\u00e3o estritamente para atender \u00e0s necessidades da Classe art\u00edstica, para FOMENTAR A CULTURA e possibilitar de forma individual ou em grupo a manuten\u00e7\u00e3o e o surgimento de novos artistas com suas diversas artes e culturas, n\u00e3o sendo cab\u00edvel o desvio de recursos para eventos promovidos pelo estado ou prefeituras.<\/span><\/span><\/p>\n<p>&nbsp;<\/p>\n<p><span class=\"s4\"><span class=\"bumpedFont15\">Assinam:<\/span><\/span><\/p>\n<p>&nbsp;<\/p>\n<div class=\"s11\"><span class=\"s10\">1. <\/span><span class=\"s4\"><span class=\"bumpedFont15\">Izabela de Lima Feitosa (Festival Sonora) &#8211; Porto Velho RO<\/span><\/span><\/div>\n<div class=\"s11\"><span class=\"s10\">2. <\/span><span class=\"s4\"><span class=\"bumpedFont15\">Carolina Zemuner (PPKast Podcast) &#8211; Porto Velho RO<\/span><\/span><\/div>\n<div class=\"s11\"><span class=\"s10\">3. <\/span><span class=\"s4\"><span class=\"bumpedFont15\">Joes\u00e9r Alvarez (Coletivo Madeirista) &#8211; Porto Velho RO<\/span><\/span><\/div>\n<div class=\"s11\"><span class=\"s10\">4. <\/span><span class=\"s4\"><span class=\"bumpedFont15\">Ariana Boaventura (Coletivo Madeirista) &#8211; Porto Velho RO<\/span><\/span><\/div>\n<div class=\"s11\"><span class=\"s10\">5. <\/span><span class=\"s4\"><span class=\"bumpedFont15\">Jos\u00e9 Adriano de Souza (Cacoal)<\/span><\/span><\/div>\n<div class=\"s11\"><span class=\"s10\">6. <\/span><span class=\"s4\"><span class=\"bumpedFont15\">Frank Cesar Busatto &#8211; Porto Velho RO<\/span><\/span><\/div>\n<div class=\"s11\"><span class=\"s10\">7. <\/span><span class=\"s4\"><span class=\"bumpedFont15\">Negra Mari (Madeira Festival e Bera rap Festival) Ariquemes RO<\/span><\/span><\/div>\n<div class=\"s11\"><span class=\"s10\">8. <\/span><span class=\"s4\"><span class=\"bumpedFont15\">Daniele Silva &#8211; Fada Inad Espa\u00e7o Cultural (Ji-Paran\u00e1)<\/span><\/span><\/div>\n<div class=\"s11\"><span class=\"s10\">9. <\/span><span class=\"s4\"><span class=\"bumpedFont15\">Delgado Santiago &#8211; Cultura Rock Underground &#8211; Ji-Paran\u00e1 <\/span><\/span><\/div>\n<div class=\"s11\"><span class=\"s10\">10. <\/span><span class=\"s4\"><span class=\"bumpedFont15\">Keyla Barbosa &#8211; MULTIVERSO Projetos &amp; Eventos Ji-Paran\u00e1 RO<\/span><\/span><\/div>\n<div class=\"s11\"><span class=\"s10\">11. <\/span><span class=\"s4\"><span class=\"bumpedFont15\">Ma\u00edsa Mendes (Festival Imagine)<\/span><\/span><\/div>\n<div class=\"s11\"><span class=\"s10\">12. <\/span><span class=\"s4\"><span class=\"bumpedFont15\">Ra\u00edssa Dourado (Eldorado Filmes) Porto Velho RO<\/span><\/span><\/div>\n<div class=\"s11\"><span class=\"s10\">13. <\/span><span class=\"s4\"><span class=\"bumpedFont15\">Marfiza (Magma Produtora) \u2013 Jaru RO<\/span><\/span><\/div>\n<div class=\"s11\"><span class=\"s10\">14. <\/span><span class=\"s4\"><span class=\"bumpedFont15\">J\u00f3ria Lima (Associa\u00e7\u00e3o Cultural An\u00f4made) &#8211; Porto Velho RO<\/span><\/span><\/div>\n<div class=\"s11\"><span class=\"s10\">15. <\/span><span class=\"s4\"><span class=\"bumpedFont15\">Benedita Nascimento (Festival Canta Mulher\/ F\u00f3rum Popular de Mulheres) <\/span><\/span><\/div>\n<div class=\"s11\"><span class=\"s10\">16. <\/span><span class=\"s4\"><span class=\"bumpedFont15\">Francisco Santos Lima &#8211; O Imaginario \/ Porto Velho RO<\/span><\/span><\/div>\n<div class=\"s11\"><span class=\"s10\">17. <\/span><span class=\"s4\"><span class=\"bumpedFont15\">Rafael Saskuate (Saskuatisa Produ\u00e7\u00f5es)<\/span><\/span><\/div>\n<div class=\"s11\"><span class=\"s10\">18. <\/span><span class=\"s4\"><span class=\"bumpedFont15\">Firminetto Mendes\/Senadora &#8211; membro da Comiss\u00e3o Nacional dos Pontos de Cultura e da Associa\u00e7\u00e3o de Artes e Cultura Arterial de Ji-paran\u00e1-RO<\/span><\/span><\/div>\n<div class=\"s11\"><span class=\"s10\">19. <\/span><span class=\"s4\"><span class=\"bumpedFont15\">Adailton Alves &#8211; Departamento de Artes\/UNIR<\/span><\/span><\/div>\n<div class=\"s11\"><span class=\"s10\">20. <\/span><span class=\"s4\"><span class=\"bumpedFont15\">Lucas Sampaio &#8211; Artista<\/span><\/span><\/div>\n<div class=\"s11\"><span class=\"s10\">21. <\/span><span class=\"s4\"><span class=\"bumpedFont15\">Leninha Bastos &#8211; Atriz \u2013 Ji-Paran\u00e1<\/span><\/span><\/div>\n<div class=\"s11\"><span class=\"s10\">22. <\/span><span class=\"s4\"><span class=\"bumpedFont15\">Carlos Reis &#8211; Artista: audiovisual, literatura e teatro \u2013 Ji-Paran\u00e1<\/span><\/span><\/div>\n<div class=\"s11\"><span class=\"s10\">23. <\/span><span class=\"s12\"><span class=\"bumpedFont15\">\u2060<\/span><\/span><span class=\"s4\"><span class=\"bumpedFont15\">Jo\u00e3o Marcos Pancoti de Fran\u00e7a &#8211; Cantor e compositor \u2013 Ji-Paran\u00e1<\/span><\/span><\/div>\n<div class=\"s11\"><span class=\"s10\">24. <\/span><span class=\"s4\"><span class=\"bumpedFont15\">\u00c9dier William Medeiros da Silva \u2013 Produtor &#8211; Porto Velho RO<\/span><\/span><\/div>\n<div class=\"s11\"><span class=\"s10\">25. <\/span><span class=\"s4\"><span class=\"bumpedFont15\">Fabiano Barros &#8211; CONEX\u00c3O NORTE PRODU\u00c7\u00d5ES &#8211; Porto Velho RO<\/span><\/span><\/div>\n<div class=\"s11\"><span class=\"s10\">26. <\/span><span class=\"s4\"><span class=\"bumpedFont15\">Keven Fongaro &#8211; Cineasta<\/span><\/span><\/div>\n<div class=\"s11\"><span class=\"s10\">27. <\/span><span class=\"s4\"><span class=\"bumpedFont15\">Junior DuZ CariocaS &#8211; (Artista \/ Musico \/ Cineasta &#8211; Produtora Cariocas Rec Filmes)<\/span><\/span><\/div>\n<div class=\"s11\"><span class=\"s10\">28. <\/span><span class=\"s4\"><span class=\"bumpedFont15\">Renato Fernandes Caetano &#8211; Coletivo Vozes e EnCantos Amaz\u00f4nicos <\/span><\/span><\/div>\n<div class=\"s11\"><span class=\"s10\">29. <\/span><span class=\"s4\"><span class=\"bumpedFont15\">Jussara Botter- Roteirista e Audiovisual<\/span><\/span><\/div>\n<div class=\"s11\"><span class=\"s10\">30. <\/span><span class=\"s4\"><span class=\"bumpedFont15\">Olavo Milit\u00e3o dos Santos J\u00fanior- Produz Filmes <\/span><\/span><\/div>\n<div class=\"s11\"><span class=\"s10\">31. <\/span><span class=\"s4\"><span class=\"bumpedFont15\">Otavio de Sousa &#8211; Au\u00e1 Coletivo Art\u00edstico (Ji-Paran\u00e1)<\/span><\/span><\/div>\n<div class=\"s11\"><span class=\"s10\">32. <\/span><span class=\"s4\"><span class=\"bumpedFont15\">Klinger Relvas &#8211; Rep\u00fablica Federativa do Candiru e casa de Cultura Boto Rosa Porto Velho RO <\/span><\/span><\/div>\n<div class=\"s11\"><span class=\"s10\">33. <\/span><span class=\"s4\"><span class=\"bumpedFont15\">Selma Pavanelli &#8211; Teatro Ruante\/Porto Velho<\/span><\/span><\/div>\n<div class=\"s11\"><span class=\"s10\">34. <\/span><span class=\"s4\"><span class=\"bumpedFont15\">Rafael Nunes Reis \u2013 Teatro \u2013 Vilhena RO<\/span><\/span><\/div>\n<div class=\"s11\"><span class=\"s10\">35. <\/span><span class=\"s4\"><span class=\"bumpedFont15\">Andr\u00e9a dos Santos Melo &#8211; Coletivo Gaia &#8211; Porto Velho RO<\/span><\/span><\/div>\n<div class=\"s11\"><span class=\"s10\">36. <\/span><span class=\"s4\"><span class=\"bumpedFont15\">Ralfe Barbosa &#8211; Grupo de artes\u00e3os Ra\u00edzes de Cacoal <\/span><\/span><\/div>\n<div class=\"s11\"><span class=\"s10\">37. <\/span><span class=\"s4\"><span class=\"bumpedFont15\">Eduarda Reis &#8211; Produtora cultural<\/span><\/span><\/div>\n<div class=\"s11\"><span class=\"s10\">38. <\/span><span class=\"s4\"><span class=\"bumpedFont15\">Herc\u00edlio Santana &#8211; Musico\/Naviola banda<\/span><\/span><\/div>\n<div class=\"s11\"><span class=\"s10\">39. <\/span><span class=\"s4\"><span class=\"bumpedFont15\">Carolina &#8211; Nortismo Produtora Audiovisual <\/span><\/span><\/div>\n<div class=\"s11\"><span class=\"s10\">40. <\/span><span class=\"s4\"><span class=\"bumpedFont15\">Babby Teixeira- Artista\/fot\u00f3grafa<\/span><\/span><\/div>\n<div class=\"s11\"><span class=\"s10\">41. <\/span><span class=\"s4\"><span class=\"bumpedFont15\">Vitor Sal &#8211; DJ e Artista Visual (Terra \u00d4ca\/ BERADA)<\/span><\/span><\/div>\n<div class=\"s11\"><span class=\"s10\">42. <\/span><span class=\"s4\"><span class=\"bumpedFont15\">Rodrigo Pedro Casteleira \u2013 Performer \u00a0&#8211; Vilhena RO<\/span><\/span><\/div>\n<div class=\"s11\"><span class=\"s10\">43. <\/span><span class=\"s4\"><span class=\"bumpedFont15\">Rafaela Correia &#8211; Coletivo Somar <\/span><\/span><\/div>\n<div class=\"s11\"><span class=\"s10\">44. <\/span><span class=\"s4\"><span class=\"bumpedFont15\">Val Barbosa (Produtora Cultural) &#8211; Porto Velho RO<\/span><\/span><\/div>\n<div class=\"s11\"><span class=\"s10\">45. <\/span><span class=\"s4\"><span class=\"bumpedFont15\">Gabriel Corvalan (teatro)<\/span><\/span><\/div>\n<div class=\"s11\"><span class=\"s10\">46. <\/span><span class=\"s4\"><span class=\"bumpedFont15\">Adrieli Lara (dan\u00e7a)<\/span><\/span><\/div>\n<div class=\"s11\"><span class=\"s10\">47. <\/span><span class=\"s4\"><span class=\"bumpedFont15\">Samuel Pessoa &#8211; Produtor Cultural, Cantor e Compositor &#8211; Porto Velho RO<\/span><\/span><\/div>\n<div class=\"s11\"><span class=\"s10\">48. <\/span><span class=\"s4\"><span class=\"bumpedFont15\">Carlos Neves &#8211; Conselheiro Municipal de Cultura e Produtor Cultural(Rolim de Moura)<\/span><\/span><\/div>\n<div class=\"s11\"><span class=\"s10\">49. <\/span><span class=\"s4\"><span class=\"bumpedFont15\">Cau\u00e3 Silveira &#8211; DJ e Produtor ( BERADA \/ ILUMIN\u00c1RIA ) &#8211; Porto Velho RO<\/span><\/span><\/div>\n<div class=\"s11\"><span class=\"s10\">50. <\/span><span class=\"s4\"><span class=\"bumpedFont15\">Deivis Nascimento (Coletivo Madeirista) &#8211; Porto Velho RO<\/span><\/span><\/div>\n<div class=\"s11\"><span class=\"s10\">51. <\/span><span class=\"s4\"><span class=\"bumpedFont15\">Lucimar Ribeiro Rodrigues \u2013 artista \u2013 Vilhena RO<\/span><\/span><\/div>\n<div class=\"s11\"><span class=\"s10\">52. <\/span><span class=\"s4\"><span class=\"bumpedFont15\">Luiz Weymilawa Surui-Associacao Gap Ey.T.I Sete de Setembro\/Cacoal<\/span><\/span><\/div>\n<div class=\"s11\"><span class=\"s10\">53. <\/span><span class=\"s4\"><span class=\"bumpedFont15\">Alexandra B.Surui-Museu Paiter A Soe.T.I Sete de Setembro\/Cacoal<\/span><\/span><\/div>\n<div class=\"s11\"><span class=\"s10\">54. <\/span><span class=\"s4\"><span class=\"bumpedFont15\">Gildasio F. Santos &#8211; compositor<\/span><\/span><\/div>\n<div class=\"s11\"><span class=\"s10\">55. <\/span><span class=\"s4\"><span class=\"bumpedFont15\">Jamile Pereira Soares- Artista- Teatro &#8211; Porto Velho RO<\/span><\/span><\/div>\n<div class=\"s11\"><span class=\"s10\">56. <\/span><span class=\"s4\"><span class=\"bumpedFont15\">Berenice Perp\u00e9tua Sim\u00e3o \u2013 CMPC &#8211; Porto Velho RO<\/span><\/span><\/div>\n<div class=\"s11\"><span class=\"s10\">57. <\/span><span class=\"s4\"><span class=\"bumpedFont15\">Helionice de Moura Silva &#8211; Ponto de Cultura Gaia Amiga.<\/span><\/span><\/div>\n<div class=\"s11\"><span class=\"s10\">58. <\/span><span class=\"s4\"><span class=\"bumpedFont15\">Ana Luiza Souza Ribeiro &#8211; Artista\/Artes\u00e3<\/span><\/span><\/div>\n<div class=\"s11\"><span class=\"s10\">59. <\/span><span class=\"s4\"><span class=\"bumpedFont15\">Pety Cristine (Rolim de Moura)<\/span><\/span><\/div>\n<div class=\"s11\"><span class=\"s10\">60. <\/span><span class=\"s4\"><span class=\"bumpedFont15\">Ana Clara Ribeiro &#8211; Roteirista\/Diretora<\/span><\/span><\/div>\n<div class=\"s11\"><span class=\"s10\">61. <\/span><span class=\"s4\"><span class=\"bumpedFont15\">Alinne Mape &#8211; Atriz \/artista de teatro <\/span><\/span><\/div>\n<div class=\"s11\"><span class=\"s10\">62. <\/span><span class=\"s4\"><span class=\"bumpedFont15\">Alan Souza Silva \u2013 teatro Vilhena-RO<\/span><\/span><\/div>\n<div class=\"s11\"><span class=\"s10\">63. <\/span><span class=\"s4\"><span class=\"bumpedFont15\">\u00c9rika Patr\u00edcia Melo &#8211; Bloco Eu Te Avisei\/Casa da Mata Projetos Culturais &#8211; Porto Velho RO<\/span><\/span><\/div>\n<div class=\"s11\"><span class=\"s10\">64. <\/span><span class=\"s4\"><span class=\"bumpedFont15\">Zeneida Lins (Darsalam Produ\u00e7\u00f5es)<\/span><\/span><\/div>\n<div class=\"s11\"><span class=\"s10\">65. <\/span><span class=\"s4\"><span class=\"bumpedFont15\">Elisabete Christofoletti (Coletivo Madeirista) &#8211; Porto Velho RO<\/span><\/span><\/div>\n<div class=\"s11\"><span class=\"s10\">66. <\/span><span class=\"s4\"><span class=\"bumpedFont15\">Nilson Santos (Coletivo Madeirista) &#8211; Porto Velho RO<\/span><\/span><\/div>\n<div class=\"s11\"><span class=\"s10\">67. <\/span><span class=\"s4\"><span class=\"bumpedFont15\">Marcela Kopanakis &#8211; Figurinista e produtora cultural (Revista Birib\u00e1) &#8211; Porto Velho RO<\/span><\/span><\/div>\n<div class=\"s11\"><span class=\"s10\">68. <\/span><span class=\"s4\"><span class=\"bumpedFont15\">Associa\u00e7\u00e3o Mapinguari &#8211; Porto Velho RO<\/span><\/span><\/div>\n<div class=\"s11\"><span class=\"s10\">69. <\/span><span class=\"s4\"><span class=\"bumpedFont15\">Associa\u00e7\u00e3o Verde Vida<\/span><\/span><\/div>\n<div class=\"s11\"><span class=\"s10\">70. <\/span><span class=\"s4\"><span class=\"bumpedFont15\">Bira Louren\u00e7o &#8211; m\u00fasico &#8211; Porto Velho RO<\/span><\/span><\/div>\n<div class=\"s11\"><span class=\"s10\">71. <\/span><span class=\"s4\"><span class=\"bumpedFont15\">Jussara Assmann &#8211; produtora &#8211; Porto Velho RO<\/span><\/span><\/div>\n<div class=\"s11\"><span class=\"s10\">72. <\/span><span class=\"s4\"><span class=\"bumpedFont15\">Joeser Junior (Coletivo Madeirista) &#8211; Porto Velho RO<\/span><\/span><\/div>\n<div class=\"s11\"><span class=\"s10\">73. <\/span><span class=\"s4\"><span class=\"bumpedFont15\">Janaina Leity (Coletivo Madeirista) &#8211; Porto Velho RO<\/span><\/span><\/div>\n<div class=\"s11\"><span class=\"s10\">74. <\/span><span class=\"s4\"><span class=\"bumpedFont15\">Kessi Lorrayne (Cultura Rock Underground &#8211; Ji-Paran\u00e1)<\/span><\/span><\/div>\n<div class=\"s11\"><span class=\"s10\">75. <\/span><span class=\"s4\"><span class=\"bumpedFont15\">\u00camilim Johnson &#8211; m\u00fasica<\/span><\/span><\/div>\n<div class=\"s11\"><span class=\"s10\">76. <\/span><span class=\"s4\"><span class=\"bumpedFont15\">Stephanie Matos (Teatro Ruante) \u00a0&#8211; Porto Velho RO<\/span><\/span><\/div>\n<div class=\"s11\"><span class=\"s10\">77. <\/span><span class=\"s4\"><span class=\"bumpedFont15\">Ismael Barreto (Artes Visuais) \u2013 Porto Velho RO<\/span><\/span><\/div>\n<div class=\"s11\"><span class=\"s10\">78. <\/span><span class=\"s4\"><span class=\"bumpedFont15\">Guilherme F\u00e1bio de Lima Ito \u2013 Artista \u2013 Vilhena-RO<\/span><\/span><\/div>\n<div class=\"s13\"><span class=\"s10\">79. <\/span><span class=\"s4\"><span class=\"bumpedFont15\">Andr\u00e9ia Machado- Associa\u00e7\u00e3o Cultural, Educa\u00e7\u00e3o, Meio Ambiente e Desenvolvimento Sustent\u00e1vel Diversidade Amaz\u00f4nica (ACEMDA) \u2013 Vilhena RO<\/span><\/span><\/div>\n<div class=\"s13\"><span class=\"s10\">80. <\/span><span class=\"s4\"><span class=\"bumpedFont15\">Valdete Sousa Silva- representante da setorial de Teatro e Presidente do CEPC-RO \u2013 Vilhena-RO<\/span><\/span><\/div>\n<div class=\"s13\"><span class=\"s10\">81. <\/span><span class=\"s4\"><span class=\"bumpedFont15\">Isabela Tabalipa Lira \u2013 Atriz e arquiteta \u2013 Teatro Wankabuki \u2013 Vilhena RO<\/span><\/span><\/div>\n<div class=\"s13\"><span class=\"s10\">82. <\/span><span class=\"s4\"><span class=\"bumpedFont15\">Nathalya Sousa Oliveira \u2013 artes visuais &#8211; Ji-Paran\u00e1 RO<\/span><\/span><\/div>\n<div class=\"s13\"><span class=\"s10\">83. <\/span><span class=\"s4\"><span class=\"bumpedFont15\">Shely A. Ribeiro Lisboa \u2013 Teatro Vilhena-RO<\/span><\/span><\/div>\n<div class=\"s13\"><span class=\"s10\">84. <\/span><span class=\"s4\"><span class=\"bumpedFont15\">Ivan Marinho \u2013 <\/span><\/span><span class=\"s4\"><span class=\"bumpedFont15\">Fada Inad Espa\u00e7o Cultural <\/span><\/span><span class=\"s4\"><span class=\"bumpedFont15\">\u2013 Ji-Paran\u00e1<\/span><\/span><\/div>\n<div class=\"s13\"><span class=\"s10\">85. <\/span><span class=\"s14\"><span class=\"bumpedFont15\">Maria do Socorro Batista de Lima &#8211; artesanato \u00a0&#8211; Cacoal-Ro<\/span><\/span><\/div>\n<div>86. Associa\u00e7\u00e3o Cultural Pirarucu do Madeira<\/div>\n","protected":false},"excerpt":{"rendered":"<p>\u200bOs artistas e grupos art\u00edsticos do Estado de Rond\u00f4nia v\u00eam por meio desta expressar o seu mais alto rep\u00fadio quanto \u00e0s recentes a\u00e7\u00f5es da Sejucel\/RO, conforme consignado a seguir:<\/p>\n","protected":false},"author":1,"featured_media":0,"comment_status":"closed","ping_status":"open","sticky":false,"template":"","format":"standard","meta":{"_exactmetrics_skip_tracking":false,"_exactmetrics_sitenote_active":false,"_exactmetrics_sitenote_note":"","_exactmetrics_sitenote_category":0,"jetpack_post_was_ever_published":false,"_jetpack_newsletter_access":"","_jetpack_dont_email_post_to_subs":false,"_jetpack_newsletter_tier_id":0,"_jetpack_memberships_contains_paywalled_content":false,"_jetpack_memberships_contains_paid_content":false,"footnotes":"","jetpack_publicize_message":"","jetpack_publicize_feature_enabled":true,"jetpack_social_post_already_shared":true,"jetpack_social_options":{"image_generator_settings":{"template":"highway","enabled":false},"version":2}},"categories":[1],"tags":[77,1069,429],"class_list":["post-35630","post","type-post","status-publish","format-standard","hentry","category-notas","tag-cultura","tag-paar","tag-sejucel"],"jetpack_publicize_connections":[],"jetpack_sharing_enabled":true,"jetpack_featured_media_url":"","jetpack_shortlink":"https:\/\/wp.me\/p7wKYW-9gG","jetpack-related-posts":[],"_links":{"self":[{"href":"http:\/\/blogdalucianaoliveira.com.br\/blog\/wp-json\/wp\/v2\/posts\/35630","targetHints":{"allow":["GET"]}}],"collection":[{"href":"http:\/\/blogdalucianaoliveira.com.br\/blog\/wp-json\/wp\/v2\/posts"}],"about":[{"href":"http:\/\/blogdalucianaoliveira.com.br\/blog\/wp-json\/wp\/v2\/types\/post"}],"author":[{"embeddable":true,"href":"http:\/\/blogdalucianaoliveira.com.br\/blog\/wp-json\/wp\/v2\/users\/1"}],"replies":[{"embeddable":true,"href":"http:\/\/blogdalucianaoliveira.com.br\/blog\/wp-json\/wp\/v2\/comments?post=35630"}],"version-history":[{"count":2,"href":"http:\/\/blogdalucianaoliveira.com.br\/blog\/wp-json\/wp\/v2\/posts\/35630\/revisions"}],"predecessor-version":[{"id":35633,"href":"http:\/\/blogdalucianaoliveira.com.br\/blog\/wp-json\/wp\/v2\/posts\/35630\/revisions\/35633"}],"wp:attachment":[{"href":"http:\/\/blogdalucianaoliveira.com.br\/blog\/wp-json\/wp\/v2\/media?parent=35630"}],"wp:term":[{"taxonomy":"category","embeddable":true,"href":"http:\/\/blogdalucianaoliveira.com.br\/blog\/wp-json\/wp\/v2\/categories?post=35630"},{"taxonomy":"post_tag","embeddable":true,"href":"http:\/\/blogdalucianaoliveira.com.br\/blog\/wp-json\/wp\/v2\/tags?post=35630"}],"curies":[{"name":"wp","href":"https:\/\/api.w.org\/{rel}","templated":true}]}}