{"id":35649,"date":"2024-07-29T12:00:55","date_gmt":"2024-07-29T16:00:55","guid":{"rendered":"http:\/\/blogdalucianaoliveira.com.br\/blog\/?p=35649"},"modified":"2024-07-29T12:00:55","modified_gmt":"2024-07-29T16:00:55","slug":"mpf-apura-suposto-abuso-da-liberdade-de-crenca-por-parte-de-cristaos-em-aldeia-indigena-de-rondonia","status":"publish","type":"post","link":"http:\/\/blogdalucianaoliveira.com.br\/blog\/2024\/07\/29\/mpf-apura-suposto-abuso-da-liberdade-de-crenca-por-parte-de-cristaos-em-aldeia-indigena-de-rondonia\/","title":{"rendered":"MPF apura suposto abuso da liberdade de cren\u00e7a por parte de crist\u00e3os em aldeia ind\u00edgena de Rond\u00f4nia"},"content":{"rendered":"<p><img data-recalc-dims=\"1\" loading=\"lazy\" decoding=\"async\" data-attachment-id=\"35650\" data-permalink=\"http:\/\/blogdalucianaoliveira.com.br\/blog\/2024\/07\/29\/mpf-apura-suposto-abuso-da-liberdade-de-crenca-por-parte-de-cristaos-em-aldeia-indigena-de-rondonia\/img_7315\/\" data-orig-file=\"https:\/\/i0.wp.com\/blogdalucianaoliveira.com.br\/blog\/wp-content\/uploads\/2024\/07\/IMG_7315.jpeg?fit=1029%2C658\" data-orig-size=\"1029,658\" data-comments-opened=\"0\" data-image-meta=\"{&quot;aperture&quot;:&quot;0&quot;,&quot;credit&quot;:&quot;&quot;,&quot;camera&quot;:&quot;&quot;,&quot;caption&quot;:&quot;&quot;,&quot;created_timestamp&quot;:&quot;0&quot;,&quot;copyright&quot;:&quot;&quot;,&quot;focal_length&quot;:&quot;0&quot;,&quot;iso&quot;:&quot;0&quot;,&quot;shutter_speed&quot;:&quot;0&quot;,&quot;title&quot;:&quot;&quot;,&quot;orientation&quot;:&quot;1&quot;}\" data-image-title=\"IMG_7315\" data-image-description=\"\" data-image-caption=\"\" data-medium-file=\"https:\/\/i0.wp.com\/blogdalucianaoliveira.com.br\/blog\/wp-content\/uploads\/2024\/07\/IMG_7315.jpeg?fit=300%2C192\" data-large-file=\"https:\/\/i0.wp.com\/blogdalucianaoliveira.com.br\/blog\/wp-content\/uploads\/2024\/07\/IMG_7315.jpeg?fit=600%2C384\" class=\"alignnone size-full wp-image-35650\" src=\"https:\/\/i0.wp.com\/blogdalucianaoliveira.com.br\/blog\/wp-content\/uploads\/2024\/07\/IMG_7315.jpeg?resize=600%2C384\" alt=\"\" width=\"600\" height=\"384\" srcset=\"https:\/\/i0.wp.com\/blogdalucianaoliveira.com.br\/blog\/wp-content\/uploads\/2024\/07\/IMG_7315.jpeg?w=1029 1029w, https:\/\/i0.wp.com\/blogdalucianaoliveira.com.br\/blog\/wp-content\/uploads\/2024\/07\/IMG_7315.jpeg?resize=300%2C192 300w, https:\/\/i0.wp.com\/blogdalucianaoliveira.com.br\/blog\/wp-content\/uploads\/2024\/07\/IMG_7315.jpeg?resize=1024%2C655 1024w, https:\/\/i0.wp.com\/blogdalucianaoliveira.com.br\/blog\/wp-content\/uploads\/2024\/07\/IMG_7315.jpeg?resize=768%2C491 768w, https:\/\/i0.wp.com\/blogdalucianaoliveira.com.br\/blog\/wp-content\/uploads\/2024\/07\/IMG_7315.jpeg?resize=469%2C300 469w\" sizes=\"auto, (max-width: 600px) 100vw, 600px\" \/><\/p>\n<p><strong>Porto Velho, RO \u2013\u00a0<\/strong>O Minist\u00e9rio P\u00fablico Federal (MPF) emitiu a Portaria n\u00ba 35, datada de 25 de julho de 2024, com o objetivo de investigar uma den\u00fancia de abuso do exerc\u00edcio do direito de liberdade de cren\u00e7a por integrantes de uma religi\u00e3o crist\u00e3 na Aldeia Sagarana, localizada na Terra Ind\u00edgena Sagarana. A\u00a0aldeia est\u00e1 localizada no Vale do Guapor\u00e9, no afluente Baia da Coca. <!--more--><\/p>\n<p>A portaria foi fundamentada nos artigos 127 e 129 da Constitui\u00e7\u00e3o Federal, que atribuem ao MPF a defesa da ordem jur\u00eddica, do regime democr\u00e1tico e dos interesses sociais e individuais indispon\u00edveis. A medida tamb\u00e9m se baseia em artigos da Lei Complementar n\u00ba 75, de 1993, e na Conven\u00e7\u00e3o n\u00ba 169 da Organiza\u00e7\u00e3o Internacional do Trabalho (OIT) sobre Povos Ind\u00edgenas e Tribais.<\/p>\n<p>O documento salienta a fun\u00e7\u00e3o institucional do MPF de zelar pelo respeito dos Poderes P\u00fablicos e servi\u00e7os de relev\u00e2ncia p\u00fablica, promovendo as a\u00e7\u00f5es necess\u00e1rias para garantir os direitos assegurados na Constitui\u00e7\u00e3o, inclusive por meio de Inqu\u00e9ritos Civis e A\u00e7\u00f5es Civis P\u00fablicas para proteger o patrim\u00f4nio p\u00fablico e social, o meio ambiente e outros interesses coletivos.<\/p>\n<p>A portaria enfatiza a responsabilidade do Estado em assegurar a plena efetividade dos direitos sociais, econ\u00f4micos e culturais das comunidades ind\u00edgenas, respeitando sua identidade social e cultural, costumes, tradi\u00e7\u00f5es e institui\u00e7\u00f5es. Menciona ainda que a melhoria das condi\u00e7\u00f5es de vida, trabalho, sa\u00fade e educa\u00e7\u00e3o dos povos ind\u00edgenas deve ser prioridade nos planos de desenvolvimento econ\u00f4mico das regi\u00f5es que habitam, conforme o disposto na Conven\u00e7\u00e3o n\u00ba 169 da OIT.<\/p>\n<p>A convers\u00e3o do Procedimento Preparat\u00f3rio em Inqu\u00e9rito Civil atende a uma determina\u00e7\u00e3o espec\u00edfica contida no documento PR-RO-00027946\/2024. O Procurador da Rep\u00fablica Leonardo Trevizani Caberlon, signat\u00e1rio da portaria, determinou a regulariza\u00e7\u00e3o do inqu\u00e9rito com o cumprimento das dilig\u00eancias especificadas no despacho anterior.<\/p>\n<p>A portaria destaca que o direito \u00e0 cren\u00e7a religiosa \u00e9 um direito individual indispon\u00edvel e que qualquer abuso desse direito, especialmente em rela\u00e7\u00e3o \u00e0s comunidades ind\u00edgenas, deve ser devidamente investigado.<\/p>\n<p>O inqu\u00e9rito civil instaurado visa esclarecer os fatos e assegurar que os direitos das comunidades ind\u00edgenas sejam plenamente respeitados, conforme previsto na legisla\u00e7\u00e3o brasileira e nos tratados internacionais ratificados pelo Brasil.<\/p>\n","protected":false},"excerpt":{"rendered":"<p>Porto Velho, RO \u2013\u00a0O Minist\u00e9rio P\u00fablico Federal (MPF) emitiu a Portaria n\u00ba 35, datada de 25 de julho de 2024, com o objetivo de investigar uma den\u00fancia de abuso do exerc\u00edcio do direito de liberdade de cren\u00e7a por integrantes de uma religi\u00e3o crist\u00e3 na Aldeia Sagarana, localizada na Terra Ind\u00edgena Sagarana. A\u00a0aldeia est\u00e1 localizada no&#8230;<a class=\"more-link\" href=\"http:\/\/blogdalucianaoliveira.com.br\/blog\/2024\/07\/29\/mpf-apura-suposto-abuso-da-liberdade-de-crenca-por-parte-de-cristaos-em-aldeia-indigena-de-rondonia\/\">Continue a leitura <span class=\"meta-nav\">&raquo;<\/span><\/a><\/p>\n","protected":false},"author":1,"featured_media":0,"comment_status":"closed","ping_status":"open","sticky":false,"template":"","format":"standard","meta":{"_exactmetrics_skip_tracking":false,"_exactmetrics_sitenote_active":false,"_exactmetrics_sitenote_note":"","_exactmetrics_sitenote_category":0,"jetpack_post_was_ever_published":false,"_jetpack_newsletter_access":"","_jetpack_dont_email_post_to_subs":false,"_jetpack_newsletter_tier_id":0,"_jetpack_memberships_contains_paywalled_content":false,"_jetpack_memberships_contains_paid_content":false,"footnotes":"","jetpack_publicize_message":"","jetpack_publicize_feature_enabled":true,"jetpack_social_post_already_shared":true,"jetpack_social_options":{"image_generator_settings":{"template":"highway","enabled":false},"version":2}},"categories":[1],"tags":[1072,306,1071],"class_list":["post-35649","post","type-post","status-publish","format-standard","hentry","category-notas","tag-abuso","tag-indigenas","tag-sagarana"],"jetpack_publicize_connections":[],"jetpack_sharing_enabled":true,"jetpack_featured_media_url":"","jetpack_shortlink":"https:\/\/wp.me\/p7wKYW-9gZ","jetpack-related-posts":[],"_links":{"self":[{"href":"http:\/\/blogdalucianaoliveira.com.br\/blog\/wp-json\/wp\/v2\/posts\/35649","targetHints":{"allow":["GET"]}}],"collection":[{"href":"http:\/\/blogdalucianaoliveira.com.br\/blog\/wp-json\/wp\/v2\/posts"}],"about":[{"href":"http:\/\/blogdalucianaoliveira.com.br\/blog\/wp-json\/wp\/v2\/types\/post"}],"author":[{"embeddable":true,"href":"http:\/\/blogdalucianaoliveira.com.br\/blog\/wp-json\/wp\/v2\/users\/1"}],"replies":[{"embeddable":true,"href":"http:\/\/blogdalucianaoliveira.com.br\/blog\/wp-json\/wp\/v2\/comments?post=35649"}],"version-history":[{"count":1,"href":"http:\/\/blogdalucianaoliveira.com.br\/blog\/wp-json\/wp\/v2\/posts\/35649\/revisions"}],"predecessor-version":[{"id":35651,"href":"http:\/\/blogdalucianaoliveira.com.br\/blog\/wp-json\/wp\/v2\/posts\/35649\/revisions\/35651"}],"wp:attachment":[{"href":"http:\/\/blogdalucianaoliveira.com.br\/blog\/wp-json\/wp\/v2\/media?parent=35649"}],"wp:term":[{"taxonomy":"category","embeddable":true,"href":"http:\/\/blogdalucianaoliveira.com.br\/blog\/wp-json\/wp\/v2\/categories?post=35649"},{"taxonomy":"post_tag","embeddable":true,"href":"http:\/\/blogdalucianaoliveira.com.br\/blog\/wp-json\/wp\/v2\/tags?post=35649"}],"curies":[{"name":"wp","href":"https:\/\/api.w.org\/{rel}","templated":true}]}}