{"id":35666,"date":"2024-07-30T15:26:30","date_gmt":"2024-07-30T19:26:30","guid":{"rendered":"http:\/\/blogdalucianaoliveira.com.br\/blog\/?p=35666"},"modified":"2024-07-30T15:32:53","modified_gmt":"2024-07-30T19:32:53","slug":"projeto-cultural-sarau-itinerante-cultura-e-arte-no-beradao-acontecera-no-distrito-de-sao-carlos-baixo-madeira","status":"publish","type":"post","link":"http:\/\/blogdalucianaoliveira.com.br\/blog\/2024\/07\/30\/projeto-cultural-sarau-itinerante-cultura-e-arte-no-beradao-acontecera-no-distrito-de-sao-carlos-baixo-madeira\/","title":{"rendered":"Projeto Cultural: \u201cSarau Itinerante: Cultura \u00e9 Arte no Berad\u00e3o\u201d acontecer\u00e1 no Distrito de S\u00e3o Carlos \u2013 Baixo Madeira"},"content":{"rendered":"<p><img data-recalc-dims=\"1\" loading=\"lazy\" decoding=\"async\" data-attachment-id=\"35669\" data-permalink=\"http:\/\/blogdalucianaoliveira.com.br\/blog\/2024\/07\/30\/projeto-cultural-sarau-itinerante-cultura-e-arte-no-beradao-acontecera-no-distrito-de-sao-carlos-baixo-madeira\/1bd4e6be-26ea-42f2-ab43-b066a7c7776e\/\" data-orig-file=\"https:\/\/i0.wp.com\/blogdalucianaoliveira.com.br\/blog\/wp-content\/uploads\/2024\/07\/1bd4e6be-26ea-42f2-ab43-b066a7c7776e.jpeg?fit=1600%2C1600\" data-orig-size=\"1600,1600\" data-comments-opened=\"0\" data-image-meta=\"{&quot;aperture&quot;:&quot;0&quot;,&quot;credit&quot;:&quot;&quot;,&quot;camera&quot;:&quot;&quot;,&quot;caption&quot;:&quot;&quot;,&quot;created_timestamp&quot;:&quot;0&quot;,&quot;copyright&quot;:&quot;&quot;,&quot;focal_length&quot;:&quot;0&quot;,&quot;iso&quot;:&quot;0&quot;,&quot;shutter_speed&quot;:&quot;0&quot;,&quot;title&quot;:&quot;&quot;,&quot;orientation&quot;:&quot;0&quot;}\" data-image-title=\"1bd4e6be-26ea-42f2-ab43-b066a7c7776e\" data-image-description=\"\" data-image-caption=\"\" data-medium-file=\"https:\/\/i0.wp.com\/blogdalucianaoliveira.com.br\/blog\/wp-content\/uploads\/2024\/07\/1bd4e6be-26ea-42f2-ab43-b066a7c7776e.jpeg?fit=300%2C300\" data-large-file=\"https:\/\/i0.wp.com\/blogdalucianaoliveira.com.br\/blog\/wp-content\/uploads\/2024\/07\/1bd4e6be-26ea-42f2-ab43-b066a7c7776e.jpeg?fit=600%2C600\" class=\"alignnone size-full wp-image-35669\" src=\"https:\/\/i0.wp.com\/blogdalucianaoliveira.com.br\/blog\/wp-content\/uploads\/2024\/07\/1bd4e6be-26ea-42f2-ab43-b066a7c7776e.jpeg?resize=600%2C600\" alt=\"\" width=\"600\" height=\"600\" srcset=\"https:\/\/i0.wp.com\/blogdalucianaoliveira.com.br\/blog\/wp-content\/uploads\/2024\/07\/1bd4e6be-26ea-42f2-ab43-b066a7c7776e.jpeg?w=1600 1600w, https:\/\/i0.wp.com\/blogdalucianaoliveira.com.br\/blog\/wp-content\/uploads\/2024\/07\/1bd4e6be-26ea-42f2-ab43-b066a7c7776e.jpeg?resize=300%2C300 300w, https:\/\/i0.wp.com\/blogdalucianaoliveira.com.br\/blog\/wp-content\/uploads\/2024\/07\/1bd4e6be-26ea-42f2-ab43-b066a7c7776e.jpeg?resize=1024%2C1024 1024w, https:\/\/i0.wp.com\/blogdalucianaoliveira.com.br\/blog\/wp-content\/uploads\/2024\/07\/1bd4e6be-26ea-42f2-ab43-b066a7c7776e.jpeg?resize=150%2C150 150w, https:\/\/i0.wp.com\/blogdalucianaoliveira.com.br\/blog\/wp-content\/uploads\/2024\/07\/1bd4e6be-26ea-42f2-ab43-b066a7c7776e.jpeg?resize=768%2C768 768w, https:\/\/i0.wp.com\/blogdalucianaoliveira.com.br\/blog\/wp-content\/uploads\/2024\/07\/1bd4e6be-26ea-42f2-ab43-b066a7c7776e.jpeg?resize=1536%2C1536 1536w, https:\/\/i0.wp.com\/blogdalucianaoliveira.com.br\/blog\/wp-content\/uploads\/2024\/07\/1bd4e6be-26ea-42f2-ab43-b066a7c7776e.jpeg?w=1200 1200w\" sizes=\"auto, (max-width: 600px) 100vw, 600px\" \/><\/p>\n<p class=\"s3\"><span class=\"s4\"><span class=\"bumpedFont15\">Neste <\/span><\/span><span class=\"s4\"><span class=\"bumpedFont15\">s\u00e1bado<\/span><\/span><span class=\"s4\"><span class=\"bumpedFont15\">,<\/span><\/span> <span class=\"s4\"><span class=\"bumpedFont15\">dia <\/span><\/span><span class=\"s2\"><span class=\"bumpedFont15\">0<\/span><\/span><span class=\"s2\"><span class=\"bumpedFont15\">3<\/span><\/span><span class=\"s2\"><span class=\"bumpedFont15\"> de <\/span><\/span><span class=\"s2\"><span class=\"bumpedFont15\">agosto <\/span><\/span><span class=\"s2\"><span class=\"bumpedFont15\">de 2024, das <\/span><\/span><span class=\"s2\"><span class=\"bumpedFont15\">19<\/span><\/span><span class=\"s2\"><span class=\"bumpedFont15\">h \u00e0s <\/span><\/span><span class=\"s2\"><span class=\"bumpedFont15\">21<\/span><\/span><span class=\"s2\"><span class=\"bumpedFont15\">h30min<\/span><\/span><span class=\"s4\"><span class=\"bumpedFont15\">,<\/span><\/span><span class=\"s4\"><span class=\"bumpedFont15\"> acontec<\/span><\/span><span class=\"s4\"><span class=\"bumpedFont15\">er\u00e1<\/span><\/span><span class=\"s4\"><span class=\"bumpedFont15\"> no <\/span><\/span><span class=\"s2\"><span class=\"bumpedFont15\">P\u00e1tio da Igreja Cat\u00f3lica <\/span><\/span><span class=\"s2\"><span class=\"bumpedFont15\">no Distrito de S\u00e3o Carlos \u2013 Baixo Madeira<\/span><\/span><span class=\"s4\"><span class=\"bumpedFont15\">, <\/span><\/span><span class=\"s4\"><span class=\"bumpedFont15\">o projeto cultural \u201c<\/span><\/span><span class=\"s2\"><span class=\"bumpedFont15\">Sarau Itinerante: Cultura \u00e9 <\/span><\/span><span class=\"s2\"><span class=\"bumpedFont15\">A<\/span><\/span><span class=\"s2\"><span class=\"bumpedFont15\">rte no <\/span><\/span><span class=\"s2\"><span class=\"bumpedFont15\">B<\/span><\/span><span class=\"s2\"><span class=\"bumpedFont15\">erad\u00e3o<\/span><\/span><span class=\"s4\"><span class=\"bumpedFont15\">\u201d. <\/span><\/span><!--more--><\/p>\n<p class=\"s3\"><span class=\"s4\"><span class=\"bumpedFont15\">O projeto <\/span><\/span><span class=\"s4\"><span class=\"bumpedFont15\">\u00e9 idealizado e realizado pelos <\/span><\/span><span class=\"s4\"><span class=\"bumpedFont15\">membros do Coletivo Vozes e <\/span><\/span><span class=\"s4\"><span class=\"bumpedFont15\">EnCantos<\/span><\/span><span class=\"s4\"><span class=\"bumpedFont15\"> Amaz\u00f4nicos<\/span><\/span><span class=\"s4\"><span class=\"bumpedFont15\">,<\/span><\/span><span class=\"s4\"><span class=\"bumpedFont15\"> que realizam <\/span><\/span><span class=\"s4\"><span class=\"bumpedFont15\">outras <\/span><\/span><span class=\"s4\"><span class=\"bumpedFont15\">produ\u00e7\u00f5es culturais <\/span><\/span><span class=\"s4\"><span class=\"bumpedFont15\">e <\/span><\/span><span class=\"s4\"><span class=\"bumpedFont15\">pesquisas acad\u00eamicas <\/span><\/span><span class=\"s4\"><span class=\"bumpedFont15\">na regi\u00e3o do Distrito de S\u00e3o Carlos<\/span><\/span><span class=\"s4\"><span class=\"bumpedFont15\">. C<\/span><\/span><span class=\"s4\"><span class=\"bumpedFont15\">om o projeto<\/span><\/span> <span class=\"s4\"><span class=\"bumpedFont15\">o <\/span><\/span><span class=\"s4\"><span class=\"bumpedFont15\">Coletivo Vozes e <\/span><\/span><span class=\"s4\"><span class=\"bumpedFont15\">EnCantos<\/span><\/span><span class=\"s4\"><span class=\"bumpedFont15\">Amaz\u00f4nicos <\/span><\/span><span class=\"s4\"><span class=\"bumpedFont15\">reunir<\/span><\/span><span class=\"s4\"><span class=\"bumpedFont15\">\u00e1<\/span><\/span> <span class=\"s4\"><span class=\"bumpedFont15\">os <\/span><\/span><span class=\"s4\"><span class=\"bumpedFont15\">artistas <\/span><\/span><span class=\"s4\"><span class=\"bumpedFont15\">do Distrito de S\u00e3o Carlos: <\/span><\/span><span class=\"s4\"><span class=\"bumpedFont15\">m\u00fasicos, artistas pl\u00e1sticos, <\/span><\/span><span class=\"s4\"><span class=\"bumpedFont15\">artes\u00e3os, <\/span><\/span><span class=\"s4\"><span class=\"bumpedFont15\">poetas<\/span><\/span><span class=\"s4\"><span class=\"bumpedFont15\">, <\/span><\/span><span class=\"s4\"><span class=\"bumpedFont15\">produtores<\/span><\/span><span class=\"s4\"><span class=\"bumpedFont15\">culturais<\/span><\/span><span class=\"s4\"><span class=\"bumpedFont15\">, mulheres ribeirinhas, feirantes <\/span><\/span><span class=\"s4\"><span class=\"bumpedFont15\">etc.<\/span><\/span><span class=\"s4\"><span class=\"bumpedFont15\">, <\/span><\/span><span class=\"s4\"><span class=\"bumpedFont15\">que far\u00e3o apresenta\u00e7\u00f5es <\/span><\/span><span class=\"s4\"><span class=\"bumpedFont15\">e exposi\u00e7\u00f5es <\/span><\/span><span class=\"s4\"><span class=\"bumpedFont15\">para o p\u00fablico em geral <\/span><\/span><span class=\"s4\"><span class=\"bumpedFont15\">da Comunidade Ribeirinha de S\u00e3o Carlos e das demais comunidades do Distrito<\/span><\/span><span class=\"s4\"><span class=\"bumpedFont15\">. <\/span><\/span><\/p>\n<p class=\"s3\"><span class=\"s4\"><span class=\"bumpedFont15\">O evento tem como intuito principal o desenvolvimento e incentivo da cultura <\/span><\/span><span class=\"s4\"><span class=\"bumpedFont15\">e da economia local, <\/span><\/span><span class=\"s4\"><span class=\"bumpedFont15\">por meio das artes integradas: m\u00fasica, poesia, <\/span><\/span><span class=\"s4\"><span class=\"bumpedFont15\">exposi\u00e7\u00e3o de artes pl\u00e1sticas<\/span><\/span><span class=\"s4\"><span class=\"bumpedFont15\">, <\/span><\/span><span class=\"s4\"><span class=\"bumpedFont15\">de <\/span><\/span><span class=\"s4\"><span class=\"bumpedFont15\">fotografias<\/span><\/span><span class=\"s4\"><span class=\"bumpedFont15\">, <\/span><\/span><span class=\"s4\"><span class=\"bumpedFont15\">de obras de literatura<\/span><\/span><span class=\"s4\"><span class=\"bumpedFont15\"> regional<\/span><\/span><span class=\"s4\"><span class=\"bumpedFont15\"> infantojuvenil<\/span><\/span><span class=\"s4\"><span class=\"bumpedFont15\">, <\/span><\/span><span class=\"s4\"><span class=\"bumpedFont15\">exibi\u00e7\u00e3o <\/span><\/span><span class=\"s4\"><span class=\"bumpedFont15\">de curta<\/span><\/span> <span class=\"s4\"><span class=\"bumpedFont15\">e da realiza\u00e7\u00e3o da <\/span><\/span><span class=\"s4\"><span class=\"bumpedFont15\">II Feira Cultural e Artesanal de S\u00e3o Carlos, coordenada <\/span><\/span><span class=\"s4\"><span class=\"bumpedFont15\">e realizada <\/span><\/span><span class=\"s4\"><span class=\"bumpedFont15\">pela <\/span><\/span><span class=\"s4\"><span class=\"bumpedFont15\">Associa\u00e7\u00e3o de Mulheres Ribeirinhas do Baixo Madeira <\/span><\/span><span class=\"s4\"><span class=\"bumpedFont15\">(<\/span><\/span><span class=\"s4\"><span class=\"bumpedFont15\">ASMURBAM<\/span><\/span><span class=\"s4\"><span class=\"bumpedFont15\">).<\/span><\/span><\/p>\n<p class=\"s3\"><span class=\"s2\"><span class=\"bumpedFont15\">Servi\u00e7os<\/span><\/span><\/p>\n<p class=\"s3\"><span class=\"s2\"><span class=\"bumpedFont15\">\u2013 <\/span><\/span><span class=\"s4\"><span class=\"bumpedFont15\">O qu\u00ea: <\/span><\/span><span class=\"s2\"><span class=\"bumpedFont15\">Sarau <\/span><\/span><span class=\"s2\"><span class=\"bumpedFont15\">Itinerante: Cultura \u00e9 <\/span><\/span><span class=\"s2\"><span class=\"bumpedFont15\">Art<\/span><\/span><span class=\"s2\"><span class=\"bumpedFont15\">e no <\/span><\/span><span class=\"s2\"><span class=\"bumpedFont15\">Berad\u00e3o<\/span><\/span><\/p>\n<p class=\"s3\"><span class=\"s2\"><span class=\"bumpedFont15\">\u2013 <\/span><\/span><span class=\"s4\"><span class=\"bumpedFont15\">Data:<\/span><\/span> <span class=\"s2\"><span class=\"bumpedFont15\">0<\/span><\/span><span class=\"s2\"><span class=\"bumpedFont15\">3<\/span><\/span><span class=\"s2\"><span class=\"bumpedFont15\"> de <\/span><\/span><span class=\"s2\"><span class=\"bumpedFont15\">agosto <\/span><\/span><span class=\"s2\"><span class=\"bumpedFont15\">de 202<\/span><\/span><span class=\"s2\"><span class=\"bumpedFont15\">4<\/span><\/span><span class=\"s2\"><span class=\"bumpedFont15\"> (s\u00e1bado)<\/span><\/span><\/p>\n<p class=\"s3\"><span class=\"s2\"><span class=\"bumpedFont15\">\u2013 <\/span><\/span><span class=\"s4\"><span class=\"bumpedFont15\">Ho<\/span><\/span><span class=\"s4\"><span class=\"bumpedFont15\">r\u00e1rio<\/span><\/span><span class=\"s4\"><span class=\"bumpedFont15\">: <\/span><\/span><span class=\"s2\"><span class=\"bumpedFont15\">19<\/span><\/span><span class=\"s2\"><span class=\"bumpedFont15\">h as <\/span><\/span><span class=\"s2\"><span class=\"bumpedFont15\">21<\/span><\/span><span class=\"s2\"><span class=\"bumpedFont15\">h30min<\/span><\/span><\/p>\n<p class=\"s3\"><span class=\"s2\"><span class=\"bumpedFont15\">\u2013 <\/span><\/span><span class=\"s4\"><span class=\"bumpedFont15\">Onde: <\/span><\/span><span class=\"s2\"><span class=\"bumpedFont15\">P\u00e1tio da Igreja Cat\u00f3lica \u2013 S\u00e3o Carlos, Baixo Madeira<\/span><\/span><\/p>\n<p class=\"s3\"><span class=\"s2\"><span class=\"bumpedFont15\">\u2013 <\/span><\/span><span class=\"s4\"><span class=\"bumpedFont15\">Acessibilidade: <\/span><\/span><span class=\"s2\"><span class=\"bumpedFont15\">Int\u00e9rprete de Libras<\/span><\/span><span class=\"s2\"><span class=\"bumpedFont15\"> e pessoa de apoio a idosos, cadeirantes e pessoas com mobilidade reduzida<\/span><\/span><span class=\"s2\"><span class=\"bumpedFont15\">.<\/span><\/span><\/p>\n<p class=\"s3\"><span class=\"s4\"><span class=\"bumpedFont15\">\u2013 Contato<\/span><\/span><span class=\"s4\"><span class=\"bumpedFont15\">s<\/span><\/span><span class=\"s4\"><span class=\"bumpedFont15\">: <\/span><\/span><a href=\"mailto:renatusfc@gmail.com\"><span class=\"s5\"><span class=\"bumpedFont15\">renatusfc@gmail.com<\/span><\/span><\/a> <span class=\"s4\"><span class=\"bumpedFont15\">\/ (69) 992<\/span><\/span><span class=\"s4\"><span class=\"bumpedFont15\">49<\/span><\/span><span class=\"s4\"><span class=\"bumpedFont15\">&#8211;<\/span><\/span><span class=\"s4\"><span class=\"bumpedFont15\">5018<\/span><\/span><\/p>\n<p class=\"s3\"><span class=\"s2\"><span class=\"bumpedFont15\">Atividades Culturais<\/span><\/span><\/p>\n<p class=\"s3\"><span class=\"s4\"><span class=\"bumpedFont15\">\u2013 <\/span><\/span><span class=\"s4\"><span class=\"bumpedFont15\">II Feira Cultural e Artesanal de S\u00e3o Carlos<\/span><\/span><\/p>\n<p class=\"s3\"><span class=\"s4\"><span class=\"bumpedFont15\">\u2013 <\/span><\/span><span class=\"s4\"><span class=\"bumpedFont15\">Apresenta\u00e7\u00f5es Musicais e Declama\u00e7\u00e3o de Poesias<\/span><\/span><\/p>\n<p class=\"s3\"><span class=\"s4\"><span class=\"bumpedFont15\">\u2013 <\/span><\/span><span class=\"s4\"><span class=\"bumpedFont15\">Exposi\u00e7\u00f5es de Artes Pl\u00e1sticas, Fotografias e Artesanatos<\/span><\/span><\/p>\n<p class=\"s3\"><span class=\"s4\"><span class=\"bumpedFont15\">\u2013 <\/span><\/span><span class=\"s4\"><span class=\"bumpedFont15\">Exibi\u00e7\u00e3o do Document\u00e1rio \u201cS\u00e3o Carlos do Rio Madeira: Identidade e Territ\u00f3rio\u201d<\/span><\/span><\/p>\n<p class=\"s3\"><span class=\"s2\"><span class=\"bumpedFont15\">Atividades da II Feira Cultural e Artesanal de S\u00e3o Carlos<\/span><\/span><\/p>\n<p class=\"s3\"><span class=\"s4\"><span class=\"bumpedFont15\">\u2013 <\/span><\/span><span class=\"s4\"><span class=\"bumpedFont15\">Sucos naturais, caf\u00e9, \u00e1gua de coco<\/span><\/span><\/p>\n<p class=\"s3\"><span class=\"s4\"><span class=\"bumpedFont15\">\u2013 <\/span><\/span><span class=\"s4\"><span class=\"bumpedFont15\">Peixe assado, bai\u00e3o de dois, espetinho<\/span><\/span><\/p>\n<p class=\"s3\"><span class=\"s4\"><span class=\"bumpedFont15\">\u2013 <\/span><\/span><span class=\"s4\"><span class=\"bumpedFont15\">Farinha, goma, castanha, banana grande, melancia<\/span><\/span><\/p>\n<p class=\"s3\"><span class=\"s4\"><span class=\"bumpedFont15\">\u2013 <\/span><\/span><span class=\"s4\"><span class=\"bumpedFont15\">Tapiocas, mingau de banana, bolos de macaxeira e de milho<\/span><\/span><\/p>\n<p class=\"s3\"><span class=\"s4\"><span class=\"bumpedFont15\">\u2013 <\/span><\/span><span class=\"s4\"><span class=\"bumpedFont15\">E muito mais para voc\u00ea e sua fam\u00edlia se deliciar em nossa Feira Cultural e Artesanal<\/span><\/span><span class=\"s4\"><span class=\"bumpedFont15\">.<\/span><\/span><\/p>\n<p class=\"s3\"><span class=\"s2\"><span class=\"bumpedFont15\">Fomento<\/span><\/span><span class=\"s2\"><span class=\"bumpedFont15\"> e Apoio<\/span><\/span><\/p>\n<p class=\"s3\"><span class=\"s2\"><span class=\"bumpedFont15\">\u2013 <\/span><\/span><span class=\"s4\"><span class=\"bumpedFont15\">Evento fomentado com Recursos da Lei Paulo Gustavo (Lei Complementar n\u00ba 195\/2022), por meio do Edital de Chamamento P\u00fablico N\u00ba 003\/2023\/FUNCULTURAL \u2013 Prefeitura de Porto Velho-RO<\/span><\/span><span class=\"s4\"><span class=\"bumpedFont15\">, Minist\u00e9rio da Cultura, Governo Federal.<\/span><\/span><\/p>\n<p class=\"s3\"><span class=\"s4\"><span class=\"bumpedFont15\">\u2013 Apoio:<\/span><\/span> <span class=\"s4\"><span class=\"bumpedFont15\">Associa\u00e7\u00e3o Vozes e <\/span><\/span><span class=\"s4\"><span class=\"bumpedFont15\">EnCantos<\/span><\/span><span class=\"s4\"><span class=\"bumpedFont15\"> Amaz\u00f4nicos de Desenvolvimento Cultural, Social e Sustent\u00e1vel de Povos e Comunidades Tradicionais <\/span><\/span><span class=\"s4\"><span class=\"bumpedFont15\">(<\/span><\/span><span class=\"s4\"><span class=\"bumpedFont15\">AVEA<\/span><\/span><span class=\"s4\"><span class=\"bumpedFont15\">), <\/span><\/span><span class=\"s4\"><span class=\"bumpedFont15\">Associa\u00e7\u00e3o de Mulheres Ribeirinhas do Baixo Madeira <\/span><\/span><span class=\"s4\"><span class=\"bumpedFont15\">(<\/span><\/span><span class=\"s4\"><span class=\"bumpedFont15\">ASMURBAM<\/span><\/span><span class=\"s4\"><span class=\"bumpedFont15\">) e Par\u00f3quia Nossa Senhora de Aparecida.<\/span><\/span><\/p>\n<p class=\"s3\"><span class=\"s4\"><span class=\"bumpedFont15\">Produtor cultural respons\u00e1vel: <\/span><\/span><span class=\"s4\"><span class=\"bumpedFont15\">Renato Fernandes Caetano<\/span><\/span><\/p>\n<p><img data-recalc-dims=\"1\" loading=\"lazy\" decoding=\"async\" data-attachment-id=\"35671\" data-permalink=\"http:\/\/blogdalucianaoliveira.com.br\/blog\/2024\/07\/30\/projeto-cultural-sarau-itinerante-cultura-e-arte-no-beradao-acontecera-no-distrito-de-sao-carlos-baixo-madeira\/1368eed9-71d4-46e0-9a5d-3f462bb2de46-2\/\" data-orig-file=\"https:\/\/i0.wp.com\/blogdalucianaoliveira.com.br\/blog\/wp-content\/uploads\/2024\/07\/1368eed9-71d4-46e0-9a5d-3f462bb2de46-1.jpeg?fit=1600%2C1600\" data-orig-size=\"1600,1600\" data-comments-opened=\"0\" data-image-meta=\"{&quot;aperture&quot;:&quot;0&quot;,&quot;credit&quot;:&quot;&quot;,&quot;camera&quot;:&quot;&quot;,&quot;caption&quot;:&quot;&quot;,&quot;created_timestamp&quot;:&quot;0&quot;,&quot;copyright&quot;:&quot;&quot;,&quot;focal_length&quot;:&quot;0&quot;,&quot;iso&quot;:&quot;0&quot;,&quot;shutter_speed&quot;:&quot;0&quot;,&quot;title&quot;:&quot;&quot;,&quot;orientation&quot;:&quot;0&quot;}\" data-image-title=\"1368eed9-71d4-46e0-9a5d-3f462bb2de46\" data-image-description=\"\" data-image-caption=\"\" data-medium-file=\"https:\/\/i0.wp.com\/blogdalucianaoliveira.com.br\/blog\/wp-content\/uploads\/2024\/07\/1368eed9-71d4-46e0-9a5d-3f462bb2de46-1.jpeg?fit=300%2C300\" data-large-file=\"https:\/\/i0.wp.com\/blogdalucianaoliveira.com.br\/blog\/wp-content\/uploads\/2024\/07\/1368eed9-71d4-46e0-9a5d-3f462bb2de46-1.jpeg?fit=600%2C600\" class=\"alignnone size-full wp-image-35671\" src=\"https:\/\/i0.wp.com\/blogdalucianaoliveira.com.br\/blog\/wp-content\/uploads\/2024\/07\/1368eed9-71d4-46e0-9a5d-3f462bb2de46-1.jpeg?resize=600%2C600\" alt=\"\" width=\"600\" height=\"600\" srcset=\"https:\/\/i0.wp.com\/blogdalucianaoliveira.com.br\/blog\/wp-content\/uploads\/2024\/07\/1368eed9-71d4-46e0-9a5d-3f462bb2de46-1.jpeg?w=1600 1600w, https:\/\/i0.wp.com\/blogdalucianaoliveira.com.br\/blog\/wp-content\/uploads\/2024\/07\/1368eed9-71d4-46e0-9a5d-3f462bb2de46-1.jpeg?resize=300%2C300 300w, https:\/\/i0.wp.com\/blogdalucianaoliveira.com.br\/blog\/wp-content\/uploads\/2024\/07\/1368eed9-71d4-46e0-9a5d-3f462bb2de46-1.jpeg?resize=1024%2C1024 1024w, https:\/\/i0.wp.com\/blogdalucianaoliveira.com.br\/blog\/wp-content\/uploads\/2024\/07\/1368eed9-71d4-46e0-9a5d-3f462bb2de46-1.jpeg?resize=150%2C150 150w, https:\/\/i0.wp.com\/blogdalucianaoliveira.com.br\/blog\/wp-content\/uploads\/2024\/07\/1368eed9-71d4-46e0-9a5d-3f462bb2de46-1.jpeg?resize=768%2C768 768w, https:\/\/i0.wp.com\/blogdalucianaoliveira.com.br\/blog\/wp-content\/uploads\/2024\/07\/1368eed9-71d4-46e0-9a5d-3f462bb2de46-1.jpeg?resize=1536%2C1536 1536w, https:\/\/i0.wp.com\/blogdalucianaoliveira.com.br\/blog\/wp-content\/uploads\/2024\/07\/1368eed9-71d4-46e0-9a5d-3f462bb2de46-1.jpeg?w=1200 1200w\" sizes=\"auto, (max-width: 600px) 100vw, 600px\" \/><\/p>\n","protected":false},"excerpt":{"rendered":"<p>Neste s\u00e1bado, dia 03 de agosto de 2024, das 19h \u00e0s 21h30min, acontecer\u00e1 no P\u00e1tio da Igreja Cat\u00f3lica no Distrito de S\u00e3o Carlos \u2013 Baixo Madeira, o projeto cultural \u201cSarau Itinerante: Cultura \u00e9 Arte no Berad\u00e3o\u201d.<\/p>\n","protected":false},"author":1,"featured_media":0,"comment_status":"closed","ping_status":"open","sticky":false,"template":"","format":"standard","meta":{"_exactmetrics_skip_tracking":false,"_exactmetrics_sitenote_active":false,"_exactmetrics_sitenote_note":"","_exactmetrics_sitenote_category":0,"jetpack_post_was_ever_published":false,"_jetpack_newsletter_access":"","_jetpack_dont_email_post_to_subs":false,"_jetpack_newsletter_tier_id":0,"_jetpack_memberships_contains_paywalled_content":false,"_jetpack_memberships_contains_paid_content":false,"footnotes":"","jetpack_publicize_message":"","jetpack_publicize_feature_enabled":true,"jetpack_social_post_already_shared":true,"jetpack_social_options":{"image_generator_settings":{"template":"highway","enabled":false},"version":2}},"categories":[1],"tags":[],"class_list":["post-35666","post","type-post","status-publish","format-standard","hentry","category-notas"],"jetpack_publicize_connections":[],"jetpack_sharing_enabled":true,"jetpack_featured_media_url":"","jetpack_shortlink":"https:\/\/wp.me\/p7wKYW-9hg","jetpack-related-posts":[],"_links":{"self":[{"href":"http:\/\/blogdalucianaoliveira.com.br\/blog\/wp-json\/wp\/v2\/posts\/35666","targetHints":{"allow":["GET"]}}],"collection":[{"href":"http:\/\/blogdalucianaoliveira.com.br\/blog\/wp-json\/wp\/v2\/posts"}],"about":[{"href":"http:\/\/blogdalucianaoliveira.com.br\/blog\/wp-json\/wp\/v2\/types\/post"}],"author":[{"embeddable":true,"href":"http:\/\/blogdalucianaoliveira.com.br\/blog\/wp-json\/wp\/v2\/users\/1"}],"replies":[{"embeddable":true,"href":"http:\/\/blogdalucianaoliveira.com.br\/blog\/wp-json\/wp\/v2\/comments?post=35666"}],"version-history":[{"count":3,"href":"http:\/\/blogdalucianaoliveira.com.br\/blog\/wp-json\/wp\/v2\/posts\/35666\/revisions"}],"predecessor-version":[{"id":35672,"href":"http:\/\/blogdalucianaoliveira.com.br\/blog\/wp-json\/wp\/v2\/posts\/35666\/revisions\/35672"}],"wp:attachment":[{"href":"http:\/\/blogdalucianaoliveira.com.br\/blog\/wp-json\/wp\/v2\/media?parent=35666"}],"wp:term":[{"taxonomy":"category","embeddable":true,"href":"http:\/\/blogdalucianaoliveira.com.br\/blog\/wp-json\/wp\/v2\/categories?post=35666"},{"taxonomy":"post_tag","embeddable":true,"href":"http:\/\/blogdalucianaoliveira.com.br\/blog\/wp-json\/wp\/v2\/tags?post=35666"}],"curies":[{"name":"wp","href":"https:\/\/api.w.org\/{rel}","templated":true}]}}