{"id":35678,"date":"2024-07-31T12:45:24","date_gmt":"2024-07-31T16:45:24","guid":{"rendered":"http:\/\/blogdalucianaoliveira.com.br\/blog\/?p=35678"},"modified":"2024-07-31T12:45:24","modified_gmt":"2024-07-31T16:45:24","slug":"apos-dois-meses-desintrusao-na-terra-indigena-karipuna-e-finalizada","status":"publish","type":"post","link":"http:\/\/blogdalucianaoliveira.com.br\/blog\/2024\/07\/31\/apos-dois-meses-desintrusao-na-terra-indigena-karipuna-e-finalizada\/","title":{"rendered":"Ap\u00f3s dois meses, desintrus\u00e3o na Terra Ind\u00edgena Karipuna \u00e9 finalizada"},"content":{"rendered":"<p><img data-recalc-dims=\"1\" loading=\"lazy\" decoding=\"async\" data-attachment-id=\"35679\" data-permalink=\"http:\/\/blogdalucianaoliveira.com.br\/blog\/2024\/07\/31\/apos-dois-meses-desintrusao-na-terra-indigena-karipuna-e-finalizada\/img_7393\/\" data-orig-file=\"https:\/\/i0.wp.com\/blogdalucianaoliveira.com.br\/blog\/wp-content\/uploads\/2024\/07\/IMG_7393.jpeg?fit=1091%2C589\" data-orig-size=\"1091,589\" data-comments-opened=\"0\" data-image-meta=\"{&quot;aperture&quot;:&quot;0&quot;,&quot;credit&quot;:&quot;&quot;,&quot;camera&quot;:&quot;&quot;,&quot;caption&quot;:&quot;&quot;,&quot;created_timestamp&quot;:&quot;0&quot;,&quot;copyright&quot;:&quot;&quot;,&quot;focal_length&quot;:&quot;0&quot;,&quot;iso&quot;:&quot;0&quot;,&quot;shutter_speed&quot;:&quot;0&quot;,&quot;title&quot;:&quot;&quot;,&quot;orientation&quot;:&quot;1&quot;}\" data-image-title=\"IMG_7393\" data-image-description=\"\" data-image-caption=\"\" data-medium-file=\"https:\/\/i0.wp.com\/blogdalucianaoliveira.com.br\/blog\/wp-content\/uploads\/2024\/07\/IMG_7393.jpeg?fit=300%2C162\" data-large-file=\"https:\/\/i0.wp.com\/blogdalucianaoliveira.com.br\/blog\/wp-content\/uploads\/2024\/07\/IMG_7393.jpeg?fit=600%2C324\" class=\"alignnone size-full wp-image-35679\" src=\"https:\/\/i0.wp.com\/blogdalucianaoliveira.com.br\/blog\/wp-content\/uploads\/2024\/07\/IMG_7393.jpeg?resize=600%2C324\" alt=\"\" width=\"600\" height=\"324\" srcset=\"https:\/\/i0.wp.com\/blogdalucianaoliveira.com.br\/blog\/wp-content\/uploads\/2024\/07\/IMG_7393.jpeg?w=1091 1091w, https:\/\/i0.wp.com\/blogdalucianaoliveira.com.br\/blog\/wp-content\/uploads\/2024\/07\/IMG_7393.jpeg?resize=300%2C162 300w, https:\/\/i0.wp.com\/blogdalucianaoliveira.com.br\/blog\/wp-content\/uploads\/2024\/07\/IMG_7393.jpeg?resize=1024%2C553 1024w, https:\/\/i0.wp.com\/blogdalucianaoliveira.com.br\/blog\/wp-content\/uploads\/2024\/07\/IMG_7393.jpeg?resize=768%2C415 768w, https:\/\/i0.wp.com\/blogdalucianaoliveira.com.br\/blog\/wp-content\/uploads\/2024\/07\/IMG_7393.jpeg?resize=556%2C300 556w\" sizes=\"auto, (max-width: 600px) 100vw, 600px\" \/><\/p>\n<div class=\"post-item-wrap\">\n<p>Ag\u00eancia Brasil &#8211; O governo fez nesta ter\u00e7a-feira (30), na aldeia Panorama, em Rond\u00f4nia, entre a capital Porto Velho e o munic\u00edpio de Nova Mamor\u00e9, uma cerim\u00f4nia para marcar a conclus\u00e3o da opera\u00e7\u00e3o de retirada de invasores da Terra Ind\u00edgena Karipuna. <img data-recalc-dims=\"1\" decoding=\"async\" src=\"https:\/\/i0.wp.com\/agenciabrasil.ebc.com.br\/ebc.png?w=600&#038;ssl=1\" \/><img data-recalc-dims=\"1\" decoding=\"async\" src=\"https:\/\/i0.wp.com\/agenciabrasil.ebc.com.br\/ebc.gif?w=600&#038;ssl=1\" \/><br \/>\nO processo de desintrus\u00e3o, que \u00e9 a retirada dos invasores ilegais, come\u00e7ou em junho e marca o retorno dos povos origin\u00e1rios. Os karipuna j\u00e1 t\u00eam direito homologado \u00e0 \u00e1rea desde 1998, mas somente, em 2020, conseguiram, no Supremo Tribunal Federal (STF),\u00a0a retirada definitiva dos madeireiros e grileiros que ocupavam a regi\u00e3o.<\/p>\n<p>Essa \u00e9 a quarta desintrus\u00e3o realizada pelo governo federal\u00a0desde 2023, conforme\u00a0o secret\u00e1rio-executivo do Minist\u00e9rio dos Povos Ind\u00edgenas e atual ministro em exerc\u00edcio, Eloy Terena. Tamb\u00e9m ocorreram opera\u00e7\u00f5es nas terras ind\u00edgenas Apyterewa, Trincheira Bacaj\u00e1, Alto Rio Gama, no Par\u00e1. Na Terra Ind\u00edgena Yanomami, em Roraima,\u00a0a opera\u00e7\u00e3o ainda n\u00e3o foi finalizada.<\/p>\n<div class=\"dnd-widget-wrapper context-grande_6colunas type-image atom-align-left\">\n<div class=\"dnd-atom-rendered\">\n<div class=\"shadow overflow-hidden rounded-lg d-block w-100\"><img data-recalc-dims=\"1\" decoding=\"async\" class=\"flex-fill img-cover\" title=\"Bruno Peres\/Ag\u00eancia Brasil\" src=\"https:\/\/i0.wp.com\/imagens.ebc.com.br\/SPQx6mxWpkRAlG48RFUqyyNU2Y8%3D\/463x0\/smart\/https%3A\/\/agenciabrasil.ebc.com.br\/sites\/default\/files\/thumbnails\/image\/2024\/07\/30\/20240730145356_mg_6454.jpg?w=600&#038;ssl=1\" alt=\"Nova Mamor\u00e9 (RO) 31\/07\/2024 \u2013 Ministro interino dos povos\u00a0ind\u00edgenas, Eloy Terena durante ato do governo federal para marcar a entrega da desintrus\u00e3o da Terra Ind\u00edgena Karipuna, em Rond\u00f4nia, na Aldeia Panorama. Durante a solenidade, os \u00f3rg\u00e3os envolvidos na opera\u00e7\u00e3o efetuar\u00e3o a entrega dos resultados da desintrus\u00e3o do territ\u00f3rio ind\u00edgena. Localizada entre os munic\u00edpios de Porto Velho e Nova Mamor\u00e9, a Terra Karipuna sofria constantes invas\u00f5es que resultaram em desmatamento, grilagem de terra e outras a\u00e7\u00f5es ilegais. O processo de desintrus\u00e3o, determinado pela Justi\u00e7a, teve in\u00edcio em junho e foi conclu\u00eddo em julho deste ano. Foto: Bruno Peres\/Ag\u00eancia Brasil\" \/><\/div>\n<\/div>\n<div class=\"dnd-caption-wrapper\">\n<h6 class=\"meta\">Nova Mamor\u00e9 (RO) 31\/07\/2024 \u2013 Ministro interino dos Povos Ind\u00edgenas, Eloy Terena, durante ato para marcar a entrega da Terra Ind\u00edgena Karipuna. Foto:\u00a0<strong>Bruno Peres\/Ag\u00eancia Brasil<\/strong><\/h6>\n<\/div>\n<\/div>\n<p>&#8220;Proteger terra ind\u00edgena \u00e9 compromisso constitucional do Estado brasileiro&#8221;, afirmou Eloy Terena.<\/p>\n<h2>Hist\u00f3rico<\/h2>\n<p>O povo ind\u00edgena Karipuna, que j\u00e1 contou com uma popula\u00e7\u00e3o de cerca de 5 mil pessoas, no momento do primeiro contato com os\u00a0n\u00e3o ind\u00edgenas, ocupava uma \u00e1rea de mais de 200 mil hectares. Em 1988, a \u00e1rea foi reduzida para 153 mil hectares, um pouco menor que Altamira, no Par\u00e1, a maior cidade do pa\u00eds em extens\u00e3o territorial, que conta com 159 mil hectares.<\/p>\n<p>O contato com os n\u00e3o ind\u00edgenas e a chegada de doen\u00e7as virais, como gripe, coqueluche e catapora, levou ao povo quase \u00e0 extin\u00e7\u00e3o, com\u00a0apenas sete indiv\u00edduos. Agora, s\u00e3o 63.<\/p>\n<div class=\"dnd-widget-wrapper context-grande_6colunas type-image atom-align-right\">\n<div class=\"dnd-atom-rendered\">\n<div class=\"shadow overflow-hidden rounded-lg d-block w-100\"><img data-recalc-dims=\"1\" decoding=\"async\" class=\"flex-fill img-cover\" title=\"Bruno Peres\/Ag\u00eancia Brasil\" src=\"https:\/\/i0.wp.com\/imagens.ebc.com.br\/kndWyylxNTt2J4Pi5MGA8qJbaqs%3D\/463x0\/smart\/https%3A\/\/agenciabrasil.ebc.com.br\/sites\/default\/files\/thumbnails\/image\/2024\/07\/30\/20240730150733_mg_6472.jpg?w=600&#038;ssl=1\" alt=\"Nova Mamor\u00e9 (RO) 31\/07\/2024 \u2013 Cacique Andr\u00e9 Karipuna posa para foto ap\u00f3s ato do governo federal para marcar a entrega da desintrus\u00e3o da Terra Ind\u00edgena Karipuna, em Rond\u00f4nia, na Aldeia Panorama. Durante a solenidade, os \u00f3rg\u00e3os envolvidos na opera\u00e7\u00e3o efetuar\u00e3o a entrega dos resultados da desintrus\u00e3o do territ\u00f3rio ind\u00edgena. Localizada entre os munic\u00edpios de Porto Velho e Nova Mamor\u00e9, a Terra Karipuna sofria constantes invas\u00f5es que resultaram em desmatamento, grilagem de terra e outras a\u00e7\u00f5es ilegais. O processo de desintrus\u00e3o, determinado pela Justi\u00e7a, teve in\u00edcio em junho e foi conclu\u00eddo em julho deste ano. Foto: Bruno Peres\/Ag\u00eancia Brasil\" \/><\/div>\n<\/div>\n<div class=\"dnd-caption-wrapper\">\n<h6 class=\"meta\">Nova Mamor\u00e9 (RO) 31\/07\/2024 \u2013 Cacique Andr\u00e9 Karipuna posa para foto ap\u00f3s ato\u00a0para marcar o fim da desintrus\u00e3o da Terra Ind\u00edgena Karipuna,\u00a0na Aldeia Panorama. Foto:<strong>Bruno Peres\/Ag\u00eancia Brasil<\/strong><\/h6>\n<\/div>\n<\/div>\n<p>\u201cNo passado, muitos faleceram atrav\u00e9s das doen\u00e7as e por causa do contato. Quase fomos extintos\u201d, conta Andr\u00e9 Karipuna, cacique da Aldeia Panorama.<\/p>\n<p>\u201c\u00c9 a nossa miss\u00e3o institucional manter essa terra livre, fazer com que essa popula\u00e7\u00e3o aumente, fazer com que os direitos sociais cheguem, fazer com que todo esse quadro do passado n\u00e3o se repita\u201d, destacou Joenia Wapichana, presidenta da Funda\u00e7\u00e3o Nacional dos Povos Ind\u00edgenas, ao participar da cerim\u00f4nia que marcou o fim da desintrus\u00e3o do territ\u00f3rio.<\/p>\n<h2>Desintrus\u00e3o<\/h2>\n<p>A opera\u00e7\u00e3o para retirar grileiros e extrativistas ilegais contou com a participa\u00e7\u00e3o de mais de 20 \u00f3rg\u00e3os federais. Foram apreendidos 54 metros c\u00fabicos de madeira ilegal e foram destru\u00eddas\u00a025 edifica\u00e7\u00f5es,17 pontes e seis acessos \u00e0 terra ind\u00edgena.<\/p>\n<p>&nbsp;<\/p>\n<div class=\"dnd-widget-wrapper context-grande_6colunas type-image atom-align-left\">\n<div class=\"dnd-atom-rendered\">\n<div class=\"shadow overflow-hidden rounded-lg d-block w-100\"><img data-recalc-dims=\"1\" decoding=\"async\" class=\"flex-fill img-cover\" title=\"Bruno Peres\/Ag\u00eancia Brasil\" src=\"https:\/\/i0.wp.com\/imagens.ebc.com.br\/NqO4IwaNYuUtCZOZDyD7g7o-9bw%3D\/463x0\/smart\/https%3A\/\/agenciabrasil.ebc.com.br\/sites\/default\/files\/thumbnails\/image\/2024\/07\/30\/20240730153422_mg_6582.jpg?w=600&#038;ssl=1\" alt=\"Nova Mamor\u00e9 (RO) 31\/07\/2024 \u2013 Presidenta Da\u00a0Funai, Joenia Wapichana posa para foto ap\u00f3s ato do governo federal para marcar a entrega da desintrus\u00e3o da Terra Ind\u00edgena Karipuna, em Rond\u00f4nia, na Aldeia Panorama. Durante a solenidade, os \u00f3rg\u00e3os envolvidos na opera\u00e7\u00e3o efetuar\u00e3o a entrega dos resultados da desintrus\u00e3o do territ\u00f3rio ind\u00edgena. Localizada entre os munic\u00edpios de Porto Velho e Nova Mamor\u00e9, a Terra Karipuna sofria constantes invas\u00f5es que resultaram em desmatamento, grilagem de terra e outras a\u00e7\u00f5es ilegais. O processo de desintrus\u00e3o, determinado pela Justi\u00e7a, teve in\u00edcio em junho e foi conclu\u00eddo em julho deste ano. Foto: Bruno Peres\/Ag\u00eancia Brasil\" \/><\/div>\n<\/div>\n<div class=\"dnd-caption-wrapper\">\n<h6 class=\"meta\">Nova Mamor\u00e9 (RO) &#8211; 31\/07\/2024 &#8211; Presidenta da Funai, Joenia Wapichana, celebra desintrus\u00e3o da Terra Ind\u00edgena Karipuna. <strong>Foto:\u00a0Bruno Peres\/Ag\u00eancia Brasil<\/strong><\/h6>\n<\/div>\n<\/div>\n<p>De acordo com o Instituto Brasileiro do Meio Ambiente e dos Recursos Naturais Renov\u00e1veis\u00a0(Ibama), a terra ind\u00edgena Karipuna foi a mais invadida no estado de Rond\u00f4nia ao longo dos anos. A conclus\u00e3o do processo de desintrus\u00e3o vai trazer mais prote\u00e7\u00e3o e seguran\u00e7a para essa popula\u00e7\u00e3o.<\/p>\n<p>A pr\u00f3xima fase \u00e9 o processo de consolida\u00e7\u00e3o do territ\u00f3rio, que envolver\u00e1 o Minist\u00e9rio dos Povos Origin\u00e1rios e a Funai para a regulariza\u00e7\u00e3o fundi\u00e1ria e implementa\u00e7\u00e3o de pol\u00edticas p\u00fablicas indigenistas.<\/p>\n<\/div>\n<p class=\"alt-font font-italic my-2 small text-info\">Edi\u00e7\u00e3o: Carolina Pimentel<\/p>\n","protected":false},"excerpt":{"rendered":"<p>Ag\u00eancia Brasil &#8211; O governo fez nesta ter\u00e7a-feira (30), na aldeia Panorama, em Rond\u00f4nia, entre a capital Porto Velho e o munic\u00edpio de Nova Mamor\u00e9, uma cerim\u00f4nia para marcar a conclus\u00e3o da opera\u00e7\u00e3o de retirada de invasores da Terra Ind\u00edgena Karipuna. O processo de desintrus\u00e3o, que \u00e9 a retirada dos invasores ilegais, come\u00e7ou em junho&#8230;<a class=\"more-link\" href=\"http:\/\/blogdalucianaoliveira.com.br\/blog\/2024\/07\/31\/apos-dois-meses-desintrusao-na-terra-indigena-karipuna-e-finalizada\/\">Continue a leitura <span class=\"meta-nav\">&raquo;<\/span><\/a><\/p>\n","protected":false},"author":1,"featured_media":0,"comment_status":"closed","ping_status":"open","sticky":false,"template":"","format":"standard","meta":{"_exactmetrics_skip_tracking":false,"_exactmetrics_sitenote_active":false,"_exactmetrics_sitenote_note":"","_exactmetrics_sitenote_category":0,"jetpack_post_was_ever_published":false,"_jetpack_newsletter_access":"","_jetpack_dont_email_post_to_subs":false,"_jetpack_newsletter_tier_id":0,"_jetpack_memberships_contains_paywalled_content":false,"_jetpack_memberships_contains_paid_content":false,"footnotes":"","jetpack_publicize_message":"","jetpack_publicize_feature_enabled":true,"jetpack_social_post_already_shared":true,"jetpack_social_options":{"image_generator_settings":{"template":"highway","enabled":false},"version":2}},"categories":[1],"tags":[],"class_list":["post-35678","post","type-post","status-publish","format-standard","hentry","category-notas"],"jetpack_publicize_connections":[],"jetpack_sharing_enabled":true,"jetpack_featured_media_url":"","jetpack_shortlink":"https:\/\/wp.me\/p7wKYW-9hs","jetpack-related-posts":[],"_links":{"self":[{"href":"http:\/\/blogdalucianaoliveira.com.br\/blog\/wp-json\/wp\/v2\/posts\/35678","targetHints":{"allow":["GET"]}}],"collection":[{"href":"http:\/\/blogdalucianaoliveira.com.br\/blog\/wp-json\/wp\/v2\/posts"}],"about":[{"href":"http:\/\/blogdalucianaoliveira.com.br\/blog\/wp-json\/wp\/v2\/types\/post"}],"author":[{"embeddable":true,"href":"http:\/\/blogdalucianaoliveira.com.br\/blog\/wp-json\/wp\/v2\/users\/1"}],"replies":[{"embeddable":true,"href":"http:\/\/blogdalucianaoliveira.com.br\/blog\/wp-json\/wp\/v2\/comments?post=35678"}],"version-history":[{"count":2,"href":"http:\/\/blogdalucianaoliveira.com.br\/blog\/wp-json\/wp\/v2\/posts\/35678\/revisions"}],"predecessor-version":[{"id":35681,"href":"http:\/\/blogdalucianaoliveira.com.br\/blog\/wp-json\/wp\/v2\/posts\/35678\/revisions\/35681"}],"wp:attachment":[{"href":"http:\/\/blogdalucianaoliveira.com.br\/blog\/wp-json\/wp\/v2\/media?parent=35678"}],"wp:term":[{"taxonomy":"category","embeddable":true,"href":"http:\/\/blogdalucianaoliveira.com.br\/blog\/wp-json\/wp\/v2\/categories?post=35678"},{"taxonomy":"post_tag","embeddable":true,"href":"http:\/\/blogdalucianaoliveira.com.br\/blog\/wp-json\/wp\/v2\/tags?post=35678"}],"curies":[{"name":"wp","href":"https:\/\/api.w.org\/{rel}","templated":true}]}}