{"id":3568,"date":"2016-08-30T18:16:21","date_gmt":"2016-08-30T22:16:21","guid":{"rendered":"http:\/\/blogdalucianaoliveira.com.br\/blog\/?p=3568"},"modified":"2016-08-30T18:16:21","modified_gmt":"2016-08-30T22:16:21","slug":"depois-de-revelar-que-temer-esta-sendo-delatado-numero-2-da-pgr-renuncia","status":"publish","type":"post","link":"http:\/\/blogdalucianaoliveira.com.br\/blog\/2016\/08\/30\/depois-de-revelar-que-temer-esta-sendo-delatado-numero-2-da-pgr-renuncia\/","title":{"rendered":"DEPOIS DE REVELAR QUE TEMER EST\u00c1 SENDO DELATADO, N\u00daMERO 2 DA PGR RENUNCIA"},"content":{"rendered":"<p><img data-recalc-dims=\"1\" loading=\"lazy\" decoding=\"async\" data-attachment-id=\"3569\" data-permalink=\"http:\/\/blogdalucianaoliveira.com.br\/blog\/2016\/08\/30\/depois-de-revelar-que-temer-esta-sendo-delatado-numero-2-da-pgr-renuncia\/image-789\/\" data-orig-file=\"https:\/\/i0.wp.com\/blogdalucianaoliveira.com.br\/blog\/wp-content\/uploads\/2016\/08\/image-156.jpeg?fit=742%2C390\" data-orig-size=\"742,390\" data-comments-opened=\"0\" data-image-meta=\"{&quot;aperture&quot;:&quot;0&quot;,&quot;credit&quot;:&quot;&quot;,&quot;camera&quot;:&quot;&quot;,&quot;caption&quot;:&quot;&quot;,&quot;created_timestamp&quot;:&quot;0&quot;,&quot;copyright&quot;:&quot;&quot;,&quot;focal_length&quot;:&quot;0&quot;,&quot;iso&quot;:&quot;0&quot;,&quot;shutter_speed&quot;:&quot;0&quot;,&quot;title&quot;:&quot;&quot;,&quot;orientation&quot;:&quot;0&quot;}\" data-image-title=\"image\" data-image-description=\"\" data-image-caption=\"\" data-medium-file=\"https:\/\/i0.wp.com\/blogdalucianaoliveira.com.br\/blog\/wp-content\/uploads\/2016\/08\/image-156.jpeg?fit=300%2C158\" data-large-file=\"https:\/\/i0.wp.com\/blogdalucianaoliveira.com.br\/blog\/wp-content\/uploads\/2016\/08\/image-156.jpeg?fit=600%2C315\" src=\"https:\/\/i0.wp.com\/blogdalucianaoliveira.com.br\/blog\/wp-content\/uploads\/2016\/08\/image-156.jpeg?resize=600%2C315\" alt=\"image\" width=\"600\" height=\"315\" class=\"alignnone size-full wp-image-3569\" srcset=\"https:\/\/i0.wp.com\/blogdalucianaoliveira.com.br\/blog\/wp-content\/uploads\/2016\/08\/image-156.jpeg?w=742 742w, https:\/\/i0.wp.com\/blogdalucianaoliveira.com.br\/blog\/wp-content\/uploads\/2016\/08\/image-156.jpeg?resize=300%2C158 300w, https:\/\/i0.wp.com\/blogdalucianaoliveira.com.br\/blog\/wp-content\/uploads\/2016\/08\/image-156.jpeg?resize=571%2C300 571w\" sizes=\"auto, (max-width: 600px) 100vw, 600px\" \/><\/p>\n<p>247 &#8211; A vice-procuradora da Rep\u00fablica, Ela Wiecko, renunciou ao cargo depois de ter revelado que o presidente interino, Michel Temer, &#8220;est\u00e1 sendo delatado&#8221;.<!--more--><\/p>\n<p>Em entrevista concedida hoje ao site da revista Veja, ela tamb\u00e9m classificou o processo de impeachment de Dilma Rousseff como &#8220;um golpe&#8221; e declarou que &#8220;tem muita gente dentro da institui\u00e7\u00e3o&#8221; que pensa como ela.<\/p>\n<p>Recentemente, a vice de Rodrigo Janot virou not\u00edcia na imprensa por ter aparecido em um v\u00eddeo participando de um protesto a favor de Dilma em Portugal. Na entrevista, ela diz que estava de f\u00e9rias e participou como cidad\u00e3, n\u00e3o como procuradora.<\/p>\n","protected":false},"excerpt":{"rendered":"<p>247 &#8211; A vice-procuradora da Rep\u00fablica, Ela Wiecko, renunciou ao cargo depois de ter revelado que o presidente interino, Michel Temer, &#8220;est\u00e1 sendo delatado&#8221;.<\/p>\n","protected":false},"author":1,"featured_media":0,"comment_status":"closed","ping_status":"open","sticky":false,"template":"","format":"standard","meta":{"_exactmetrics_skip_tracking":false,"_exactmetrics_sitenote_active":false,"_exactmetrics_sitenote_note":"","_exactmetrics_sitenote_category":0,"jetpack_post_was_ever_published":false,"_jetpack_newsletter_access":"","_jetpack_dont_email_post_to_subs":false,"_jetpack_newsletter_tier_id":0,"_jetpack_memberships_contains_paywalled_content":false,"_jetpack_memberships_contains_paid_content":false,"footnotes":"","jetpack_publicize_message":"","jetpack_publicize_feature_enabled":true,"jetpack_social_post_already_shared":true,"jetpack_social_options":{"image_generator_settings":{"template":"highway","enabled":false},"version":2}},"categories":[1],"tags":[],"class_list":["post-3568","post","type-post","status-publish","format-standard","hentry","category-notas"],"jetpack_publicize_connections":[],"jetpack_sharing_enabled":true,"jetpack_featured_media_url":"","jetpack_shortlink":"https:\/\/wp.me\/p7wKYW-Vy","jetpack-related-posts":[],"_links":{"self":[{"href":"http:\/\/blogdalucianaoliveira.com.br\/blog\/wp-json\/wp\/v2\/posts\/3568","targetHints":{"allow":["GET"]}}],"collection":[{"href":"http:\/\/blogdalucianaoliveira.com.br\/blog\/wp-json\/wp\/v2\/posts"}],"about":[{"href":"http:\/\/blogdalucianaoliveira.com.br\/blog\/wp-json\/wp\/v2\/types\/post"}],"author":[{"embeddable":true,"href":"http:\/\/blogdalucianaoliveira.com.br\/blog\/wp-json\/wp\/v2\/users\/1"}],"replies":[{"embeddable":true,"href":"http:\/\/blogdalucianaoliveira.com.br\/blog\/wp-json\/wp\/v2\/comments?post=3568"}],"version-history":[{"count":1,"href":"http:\/\/blogdalucianaoliveira.com.br\/blog\/wp-json\/wp\/v2\/posts\/3568\/revisions"}],"predecessor-version":[{"id":3570,"href":"http:\/\/blogdalucianaoliveira.com.br\/blog\/wp-json\/wp\/v2\/posts\/3568\/revisions\/3570"}],"wp:attachment":[{"href":"http:\/\/blogdalucianaoliveira.com.br\/blog\/wp-json\/wp\/v2\/media?parent=3568"}],"wp:term":[{"taxonomy":"category","embeddable":true,"href":"http:\/\/blogdalucianaoliveira.com.br\/blog\/wp-json\/wp\/v2\/categories?post=3568"},{"taxonomy":"post_tag","embeddable":true,"href":"http:\/\/blogdalucianaoliveira.com.br\/blog\/wp-json\/wp\/v2\/tags?post=3568"}],"curies":[{"name":"wp","href":"https:\/\/api.w.org\/{rel}","templated":true}]}}