{"id":35682,"date":"2024-07-31T18:01:06","date_gmt":"2024-07-31T22:01:06","guid":{"rendered":"http:\/\/blogdalucianaoliveira.com.br\/blog\/?p=35682"},"modified":"2024-07-31T18:01:06","modified_gmt":"2024-07-31T22:01:06","slug":"documentario-registra-a-vida-e-a-obra-do-compositor-ernesto-melo","status":"publish","type":"post","link":"http:\/\/blogdalucianaoliveira.com.br\/blog\/2024\/07\/31\/documentario-registra-a-vida-e-a-obra-do-compositor-ernesto-melo\/","title":{"rendered":"Document\u00e1rio registra a vida e a obra do compositor Ernesto Melo"},"content":{"rendered":"<p><img data-recalc-dims=\"1\" loading=\"lazy\" decoding=\"async\" data-attachment-id=\"35683\" data-permalink=\"http:\/\/blogdalucianaoliveira.com.br\/blog\/2024\/07\/31\/documentario-registra-a-vida-e-a-obra-do-compositor-ernesto-melo\/img_7405\/\" data-orig-file=\"https:\/\/i0.wp.com\/blogdalucianaoliveira.com.br\/blog\/wp-content\/uploads\/2024\/07\/IMG_7405.jpeg?fit=1048%2C628\" data-orig-size=\"1048,628\" data-comments-opened=\"0\" data-image-meta=\"{&quot;aperture&quot;:&quot;0&quot;,&quot;credit&quot;:&quot;&quot;,&quot;camera&quot;:&quot;&quot;,&quot;caption&quot;:&quot;&quot;,&quot;created_timestamp&quot;:&quot;0&quot;,&quot;copyright&quot;:&quot;&quot;,&quot;focal_length&quot;:&quot;0&quot;,&quot;iso&quot;:&quot;0&quot;,&quot;shutter_speed&quot;:&quot;0&quot;,&quot;title&quot;:&quot;&quot;,&quot;orientation&quot;:&quot;1&quot;}\" data-image-title=\"IMG_7405\" data-image-description=\"\" data-image-caption=\"\" data-medium-file=\"https:\/\/i0.wp.com\/blogdalucianaoliveira.com.br\/blog\/wp-content\/uploads\/2024\/07\/IMG_7405.jpeg?fit=300%2C180\" data-large-file=\"https:\/\/i0.wp.com\/blogdalucianaoliveira.com.br\/blog\/wp-content\/uploads\/2024\/07\/IMG_7405.jpeg?fit=600%2C360\" class=\"alignnone size-full wp-image-35683\" src=\"https:\/\/i0.wp.com\/blogdalucianaoliveira.com.br\/blog\/wp-content\/uploads\/2024\/07\/IMG_7405.jpeg?resize=600%2C360\" alt=\"\" width=\"600\" height=\"360\" srcset=\"https:\/\/i0.wp.com\/blogdalucianaoliveira.com.br\/blog\/wp-content\/uploads\/2024\/07\/IMG_7405.jpeg?w=1048 1048w, https:\/\/i0.wp.com\/blogdalucianaoliveira.com.br\/blog\/wp-content\/uploads\/2024\/07\/IMG_7405.jpeg?resize=300%2C180 300w, https:\/\/i0.wp.com\/blogdalucianaoliveira.com.br\/blog\/wp-content\/uploads\/2024\/07\/IMG_7405.jpeg?resize=1024%2C614 1024w, https:\/\/i0.wp.com\/blogdalucianaoliveira.com.br\/blog\/wp-content\/uploads\/2024\/07\/IMG_7405.jpeg?resize=768%2C460 768w, https:\/\/i0.wp.com\/blogdalucianaoliveira.com.br\/blog\/wp-content\/uploads\/2024\/07\/IMG_7405.jpeg?resize=501%2C300 501w\" sizes=\"auto, (max-width: 600px) 100vw, 600px\" \/><\/p>\n<p>Por <strong>Adaides Batista dos Santos \u2013 Dad\u00e1 &#8211; <\/strong>Ernesto Melo, conhecido carinhosamente como &#8220;o poeta da cidade\u201d de Porto Velho, \u00e9 o protagonista de um document\u00e1rio que celebra sua vida e obra. Este compositor popular, cuja m\u00fasica e poesia capturam a alma e a hist\u00f3ria de Porto Velho, no document\u00e1rio convida o p\u00fablico a uma viagem pelos bairros antigos da cidade, onde canta suas can\u00e7\u00f5es e conversa com antigos moradores, poetas e compositores, sobre a hist\u00f3ria da cidade de Porto Velho e seus bairros.<!--more--><\/p>\n<p>O projeto \u201cMestre Ernesto Melo canta Porto Velho\u201d foi contemplado e \u00e9 subsidiado pelo incentivo da Lei Paulo Gustavo. \u00c9rika Melo, a filha do poeta da cidade, assina o roteiro e a produ\u00e7\u00e3o do document\u00e1rio em m\u00e9dia metragem \u2013 30min, que promete ser um belo registro profissional em v\u00eddeo, \u00a0da obra e da vida do compositor consagrado como o poeta que, em seus versos, canta os locais, as paisagens, os encantos, os amores, o cheiro, o perfume, as mulheres, as d\u00e1divas e o \u201cjeito\u201d da cidade de Porto Velho.<\/p>\n<p>Ernesto Melo, Contador, funcion\u00e1rio p\u00fablico federal aposentado do Minist\u00e9rio do Trabalho, Superintend\u00eancia Regional do Trabalho e Emprego em Rond\u00f4nia, nascido na resid\u00eancia da fam\u00edlia nos idos de agosto de 1.951, na Rua Gon\u00e7alves Dias, 163 \u2013 CENTRO, em Porto Velho, Rond\u00f4nia, \u00e9 sambista. E dos bons. Escreve, toca viol\u00e3o, banjo e cavaquinho, tendo sido um compositor mais voltado para escrever sobre Porto Velho, sua hist\u00f3ria e suas est\u00f3rias, suas nuances e situa\u00e7\u00f5es, sobre nossos personagens folcl\u00f3ricos e art\u00edsticos; e sobre os bairros antigos de Porto Velho, notadamente, o Mocambo.<\/p>\n<p>\u201cSou int\u00e9rprete por necessidade, pelo dever de of\u00edcio de cantar nossa cidade, aos jovens, para que o amor e o interesse por suas ra\u00edzes n\u00e3o se diluam no tempo e no espa\u00e7o do resgate oral, haja vista carecermos, h\u00e1 tempos, de um Museu da Imagem e do Som. Aos mais vividos, tento passar as reminisc\u00eancias, sem o ran\u00e7o do saudosismo m\u00f3rbido, do in\u00edcio de nossa hist\u00f3ria, que por si s\u00f3, \u00e9 t\u00e3o recente. Aos migrantes, tento oferecer um pouco da hist\u00f3ria oral desse povo acolhedor e da terra que passou a tamb\u00e9m ser sua\u201d, declara Ernesto Melo.<\/p>\n<p>Conforme o roteiro de \u00c9rika Melo, o document\u00e1rio registra o poeta da cidade visitando bairros antigos da cidade e l\u00e1 encontra com amigos e a\u00ed rola uma conversa sobre a hist\u00f3ria do bairro e canta-se a can\u00e7\u00e3o autoral do poeta sobre aquele bairro.\u00a0 Por isso j\u00e1 se avalia que a trilha sonora do document\u00e1rio ser\u00e1 simplesmente de primeir\u00edssima qualidade.<\/p>\n<p>Numa das cenas do document\u00e1rio\u00a0mostra Ernesto e o Mestre Bainha &#8211; o maior baluarte do samba de todos os tempos do estado de Rond\u00f4nia -, no bairro Mocambo, sentados em uma mesa, na Pra\u00e7a S\u00e3o Jos\u00e9. Cantam juntos a m\u00fasica \u201cAmanhecer no Mocambo\u201d. Em seguida, relembram hist\u00f3rias marcantes do bairro centen\u00e1rio, onde parte da boemia de Porto Velho se reunia nos bares, cabar\u00e9s e festas.<\/p>\n<p>Em outra cena do document\u00e1rio, Ernesto Melo andando pelo bairro Arigol\u00e2ndia, encontra-se com Gerv\u00e1sio, morador antigo do bairro e uma lenda viva do futebol porto-velhense.\u00a0 Juntos cantam a can\u00e7\u00e3o \u201cArigol\u00e2ndia uma hist\u00f3ria\u201d, e depois conversam sobre as pessoas e lugares citados na m\u00fasica, a hist\u00f3ria e momentos vividos na regi\u00e3o do bairro Arigol\u00e2ndia. A m\u00fasica \u201cArigol\u00e2ndia uma hist\u00f3ria\u201d est\u00e1 registrada no \u00faltimo trabalho do compositor \u201cMestre Ernesto Melo, O Poeta da Cidade Vol. II\u201d, e tem uma letra primorosa, destacando o belo verso \u201cArigol\u00e2ndia se esconde, naquela curva do rio\u201d.<\/p>\n<p>No document\u00e1rio, Ernesto n\u00e3o apenas canta suas can\u00e7\u00f5es, mas tamb\u00e9m compartilha hist\u00f3rias e mem\u00f3rias dos tempos passados. Cada melodia \u00e9 entremeada com conversas \u00edntimas onde ele relembra a inf\u00e2ncia, os personagens ic\u00f4nicos e os eventos que moldaram a identidade dos bairros hist\u00f3ricos. Suas palavras e melodias s\u00e3o uma homenagem aos lugares e pessoas que fizeram parte da evolu\u00e7\u00e3o cultural de Porto Velho.<\/p>\n<p>Ernesto Melo nos anos 2000 fundou o Grupo \u201cA Fina Flor do Samba\u201d. Em 2018, foi reconhecido pelo Minist\u00e9rio da Cultura como Mestre da Cultura Popular Imaterial e no ano de 2020 recebeu o T\u00edtulo de Imortal da Academia Rondoniense de Letras, Ci\u00eancias e Artes \u2013 ARL, ocupando a cadeira de n\u00b0 13 cujo Patrono \u00e9 Jos\u00e9 Alves da Silva, o saudoso \u00a0Zezinho Maranh\u00e3o.<\/p>\n<p>O document\u00e1rio \u00e9 mais do que uma biografia musical; \u00e9 um registro afetivo da mem\u00f3ria coletiva de Porto Velho. Atrav\u00e9s dos olhos e da voz de Ernesto Melo, o p\u00fablico \u00e9 convidado a redescobrir e valorizar a rica heran\u00e7a cultural da cidade. Em cada acorde e em cada verso, Ernesto demonstra seu amor profundo por Porto Velho e seu compromisso em preservar suas hist\u00f3rias para as futuras gera\u00e7\u00f5es.<\/p>\n","protected":false},"excerpt":{"rendered":"<p>Por Adaides Batista dos Santos \u2013 Dad\u00e1 &#8211; Ernesto Melo, conhecido carinhosamente como &#8220;o poeta da cidade\u201d de Porto Velho, \u00e9 o protagonista de um document\u00e1rio que celebra sua vida e obra. Este compositor popular, cuja m\u00fasica e poesia capturam a alma e a hist\u00f3ria de Porto Velho, no document\u00e1rio convida o p\u00fablico a uma&#8230;<a class=\"more-link\" href=\"http:\/\/blogdalucianaoliveira.com.br\/blog\/2024\/07\/31\/documentario-registra-a-vida-e-a-obra-do-compositor-ernesto-melo\/\">Continue a leitura <span class=\"meta-nav\">&raquo;<\/span><\/a><\/p>\n","protected":false},"author":1,"featured_media":0,"comment_status":"closed","ping_status":"open","sticky":false,"template":"","format":"standard","meta":{"_exactmetrics_skip_tracking":false,"_exactmetrics_sitenote_active":false,"_exactmetrics_sitenote_note":"","_exactmetrics_sitenote_category":0,"jetpack_post_was_ever_published":false,"_jetpack_newsletter_access":"","_jetpack_dont_email_post_to_subs":false,"_jetpack_newsletter_tier_id":0,"_jetpack_memberships_contains_paywalled_content":false,"_jetpack_memberships_contains_paid_content":false,"footnotes":"","jetpack_publicize_message":"","jetpack_publicize_feature_enabled":true,"jetpack_social_post_already_shared":true,"jetpack_social_options":{"image_generator_settings":{"template":"highway","enabled":false},"version":2}},"categories":[1],"tags":[],"class_list":["post-35682","post","type-post","status-publish","format-standard","hentry","category-notas"],"jetpack_publicize_connections":[],"jetpack_sharing_enabled":true,"jetpack_featured_media_url":"","jetpack_shortlink":"https:\/\/wp.me\/p7wKYW-9hw","jetpack-related-posts":[],"_links":{"self":[{"href":"http:\/\/blogdalucianaoliveira.com.br\/blog\/wp-json\/wp\/v2\/posts\/35682","targetHints":{"allow":["GET"]}}],"collection":[{"href":"http:\/\/blogdalucianaoliveira.com.br\/blog\/wp-json\/wp\/v2\/posts"}],"about":[{"href":"http:\/\/blogdalucianaoliveira.com.br\/blog\/wp-json\/wp\/v2\/types\/post"}],"author":[{"embeddable":true,"href":"http:\/\/blogdalucianaoliveira.com.br\/blog\/wp-json\/wp\/v2\/users\/1"}],"replies":[{"embeddable":true,"href":"http:\/\/blogdalucianaoliveira.com.br\/blog\/wp-json\/wp\/v2\/comments?post=35682"}],"version-history":[{"count":1,"href":"http:\/\/blogdalucianaoliveira.com.br\/blog\/wp-json\/wp\/v2\/posts\/35682\/revisions"}],"predecessor-version":[{"id":35684,"href":"http:\/\/blogdalucianaoliveira.com.br\/blog\/wp-json\/wp\/v2\/posts\/35682\/revisions\/35684"}],"wp:attachment":[{"href":"http:\/\/blogdalucianaoliveira.com.br\/blog\/wp-json\/wp\/v2\/media?parent=35682"}],"wp:term":[{"taxonomy":"category","embeddable":true,"href":"http:\/\/blogdalucianaoliveira.com.br\/blog\/wp-json\/wp\/v2\/categories?post=35682"},{"taxonomy":"post_tag","embeddable":true,"href":"http:\/\/blogdalucianaoliveira.com.br\/blog\/wp-json\/wp\/v2\/tags?post=35682"}],"curies":[{"name":"wp","href":"https:\/\/api.w.org\/{rel}","templated":true}]}}