{"id":35687,"date":"2024-08-01T10:31:30","date_gmt":"2024-08-01T14:31:30","guid":{"rendered":"http:\/\/blogdalucianaoliveira.com.br\/blog\/?p=35687"},"modified":"2024-08-01T10:33:09","modified_gmt":"2024-08-01T14:33:09","slug":"centrao-governa-60-das-70-cidades-mais-desmatadas-do-brasil","status":"publish","type":"post","link":"http:\/\/blogdalucianaoliveira.com.br\/blog\/2024\/08\/01\/centrao-governa-60-das-70-cidades-mais-desmatadas-do-brasil\/","title":{"rendered":"Centr\u00e3o governa 60 das 70 cidades mais desmatadas do Brasil"},"content":{"rendered":"<h2><img data-recalc-dims=\"1\" loading=\"lazy\" decoding=\"async\" data-attachment-id=\"35692\" data-permalink=\"http:\/\/blogdalucianaoliveira.com.br\/blog\/2024\/08\/01\/centrao-governa-60-das-70-cidades-mais-desmatadas-do-brasil\/image_processing20240514-3791018-l1gnnj\/\" data-orig-file=\"https:\/\/i0.wp.com\/blogdalucianaoliveira.com.br\/blog\/wp-content\/uploads\/2024\/08\/image_processing20240514-3791018-l1gnnj.webp?fit=800%2C530\" data-orig-size=\"800,530\" data-comments-opened=\"0\" data-image-meta=\"{&quot;aperture&quot;:&quot;0&quot;,&quot;credit&quot;:&quot;&quot;,&quot;camera&quot;:&quot;&quot;,&quot;caption&quot;:&quot;&quot;,&quot;created_timestamp&quot;:&quot;0&quot;,&quot;copyright&quot;:&quot;&quot;,&quot;focal_length&quot;:&quot;0&quot;,&quot;iso&quot;:&quot;0&quot;,&quot;shutter_speed&quot;:&quot;0&quot;,&quot;title&quot;:&quot;&quot;,&quot;orientation&quot;:&quot;0&quot;}\" data-image-title=\"image_processing20240514-3791018-l1gnnj\" data-image-description=\"\" data-image-caption=\"\" data-medium-file=\"https:\/\/i0.wp.com\/blogdalucianaoliveira.com.br\/blog\/wp-content\/uploads\/2024\/08\/image_processing20240514-3791018-l1gnnj.webp?fit=300%2C199\" data-large-file=\"https:\/\/i0.wp.com\/blogdalucianaoliveira.com.br\/blog\/wp-content\/uploads\/2024\/08\/image_processing20240514-3791018-l1gnnj.webp?fit=600%2C398\" class=\"alignnone size-medium wp-image-35692\" src=\"https:\/\/i0.wp.com\/blogdalucianaoliveira.com.br\/blog\/wp-content\/uploads\/2024\/08\/image_processing20240514-3791018-l1gnnj.webp?resize=300%2C199\" alt=\"\" width=\"300\" height=\"199\" srcset=\"https:\/\/i0.wp.com\/blogdalucianaoliveira.com.br\/blog\/wp-content\/uploads\/2024\/08\/image_processing20240514-3791018-l1gnnj.webp?resize=300%2C199 300w, https:\/\/i0.wp.com\/blogdalucianaoliveira.com.br\/blog\/wp-content\/uploads\/2024\/08\/image_processing20240514-3791018-l1gnnj.webp?resize=768%2C509 768w, https:\/\/i0.wp.com\/blogdalucianaoliveira.com.br\/blog\/wp-content\/uploads\/2024\/08\/image_processing20240514-3791018-l1gnnj.webp?resize=453%2C300 453w, https:\/\/i0.wp.com\/blogdalucianaoliveira.com.br\/blog\/wp-content\/uploads\/2024\/08\/image_processing20240514-3791018-l1gnnj.webp?w=800 800w\" sizes=\"auto, (max-width: 300px) 100vw, 300px\" \/><\/h2>\n<h2 class=\"description\">MDB, Uni\u00e3o Brasil e PSD dominam a lista; entre os partidos progressistas, apenas PDT e PSB aparecem na rela\u00e7\u00e3o<\/h2>\n<p><!--more--><\/p>\n<div class=\"details-bar\">\n<div class=\"author-time\">\n<div class=\"author\">\nIgor Carvalho, no Brasil de Fato &#8211; MDB, Uni\u00e3o Brasil e PSD governam 60 dos 70 munic\u00edpios mais desmatados\u00a0na regi\u00e3o da Amaz\u00f4nia. Percentualmente, os tr\u00eas partidos, que integram o espectro da pol\u00edtica brasileira chamado de &#8220;centr\u00e3o&#8221;, s\u00e3o respons\u00e1veis por 85% da lista.<\/div>\n<\/div>\n<\/div>\n<p>O levantamento foi feito pelo\u00a0<strong>Brasil de Fato<\/strong>\u00a0utilizando a rela\u00e7\u00e3o dos 70 munic\u00edpios mais\u00a0desmatados da regi\u00e3o amaz\u00f4nica, que foi publicada pelo Minist\u00e9rio do Meio Ambiente e Mudan\u00e7a do Clima, atrav\u00e9s da Portaria 839, de 9 de novembro de 2023, pelo programa Uni\u00e3o com os Munic\u00edpios pela Redu\u00e7\u00e3o do Desmatamento e Inc\u00eandios Florestais na Amaz\u00f4nia.<\/p>\n<p>Os munic\u00edpios que aparecem no documento foram monitorados pelo\u00a0Instituto Nacional de Pesquisas Espaciais (Inpe), que utilizou dados do Deter, programa desenvolvido como um sistema de alertas para dar suporte \u00e0 fiscaliza\u00e7\u00e3o e controle de desmatamento e da degrada\u00e7\u00e3o florestal.<\/p>\n<p>O\u00a0MDB governa\u00a028, dos 70 munic\u00edpios que aparecem na rela\u00e7\u00e3o do\u00a0Minist\u00e9rio do Meio Ambiente. Desses, 18 est\u00e3o no estado do Par\u00e1, sete no Mato Grosso, dois no Amazonas e um no Acre.<\/p>\n<p><img data-recalc-dims=\"1\" loading=\"lazy\" decoding=\"async\" data-attachment-id=\"35694\" data-permalink=\"http:\/\/blogdalucianaoliveira.com.br\/blog\/2024\/08\/01\/centrao-governa-60-das-70-cidades-mais-desmatadas-do-brasil\/image_processing20240731-3708137-n6v0fh-1\/\" data-orig-file=\"https:\/\/i0.wp.com\/blogdalucianaoliveira.com.br\/blog\/wp-content\/uploads\/2024\/08\/image_processing20240731-3708137-n6v0fh-1.webp?fit=800%2C1513\" data-orig-size=\"800,1513\" data-comments-opened=\"0\" data-image-meta=\"{&quot;aperture&quot;:&quot;0&quot;,&quot;credit&quot;:&quot;&quot;,&quot;camera&quot;:&quot;&quot;,&quot;caption&quot;:&quot;&quot;,&quot;created_timestamp&quot;:&quot;0&quot;,&quot;copyright&quot;:&quot;&quot;,&quot;focal_length&quot;:&quot;0&quot;,&quot;iso&quot;:&quot;0&quot;,&quot;shutter_speed&quot;:&quot;0&quot;,&quot;title&quot;:&quot;&quot;,&quot;orientation&quot;:&quot;0&quot;}\" data-image-title=\"image_processing20240731-3708137-n6v0fh (1)\" data-image-description=\"\" data-image-caption=\"\" data-medium-file=\"https:\/\/i0.wp.com\/blogdalucianaoliveira.com.br\/blog\/wp-content\/uploads\/2024\/08\/image_processing20240731-3708137-n6v0fh-1.webp?fit=159%2C300\" data-large-file=\"https:\/\/i0.wp.com\/blogdalucianaoliveira.com.br\/blog\/wp-content\/uploads\/2024\/08\/image_processing20240731-3708137-n6v0fh-1.webp?fit=541%2C1024\" class=\"alignnone size-medium wp-image-35694\" src=\"https:\/\/i0.wp.com\/blogdalucianaoliveira.com.br\/blog\/wp-content\/uploads\/2024\/08\/image_processing20240731-3708137-n6v0fh-1.webp?resize=159%2C300\" alt=\"\" width=\"159\" height=\"300\" srcset=\"https:\/\/i0.wp.com\/blogdalucianaoliveira.com.br\/blog\/wp-content\/uploads\/2024\/08\/image_processing20240731-3708137-n6v0fh-1.webp?resize=159%2C300 159w, https:\/\/i0.wp.com\/blogdalucianaoliveira.com.br\/blog\/wp-content\/uploads\/2024\/08\/image_processing20240731-3708137-n6v0fh-1.webp?resize=541%2C1024 541w, https:\/\/i0.wp.com\/blogdalucianaoliveira.com.br\/blog\/wp-content\/uploads\/2024\/08\/image_processing20240731-3708137-n6v0fh-1.webp?resize=768%2C1452 768w, https:\/\/i0.wp.com\/blogdalucianaoliveira.com.br\/blog\/wp-content\/uploads\/2024\/08\/image_processing20240731-3708137-n6v0fh-1.webp?w=800 800w\" sizes=\"auto, (max-width: 159px) 100vw, 159px\" \/><\/p>\n<p>Dos 70 munic\u00edpios da lista, 26 est\u00e3o no Par\u00e1. O estado \u00e9 governado por\u00a0Helder Barbalho, filho do ex-governado Jader Barbalho. A fam\u00edlia est\u00e1 entre as principais lideran\u00e7as nacionais do MDB.<\/p>\n<p>Em resposta ao\u00a0<strong>Brasil de Fato<\/strong>, o MDB informou que \u00e9 &#8220;criador do Ibama e principal respons\u00e1vel pela constitucionaliza\u00e7\u00e3o das pol\u00edticas ambientais h\u00e1 tr\u00eas d\u00e9cadas. &#8220;O MDB apoia o atual governo federal no combate ao desmatamento, em especial na estrat\u00e9gia do Minist\u00e9rio do Meio Ambiente em priorizar o investimento nos 70 munic\u00edpios com mais problemas. O MDB tem como bandeira a\u00a0COP30, evento que discute as mudan\u00e7as clim\u00e1ticas, em Bel\u00e9m, em 2025, proposta feita por dirigentes do partido junto do governo federal.&#8221;<\/p>\n<p>Ap\u00f3s o MDB, aparece o Uni\u00e3o Brasil, que governa 23 munic\u00edpios da rela\u00e7\u00e3o, sendo 12 no Mato Grosso, cinco no Amazonas, quatro no Par\u00e1 e dois em Rond\u00f4nia.<\/p>\n<p>O PSD, presidido pelo ex-prefeito de S\u00e3o Paulo, Gilberto Kassab, que hoje \u00e9 secret\u00e1rio de Governo e Rela\u00e7\u00f5es Institucionais de S\u00e3o Paulo, aparece na rela\u00e7\u00e3o com a prefeitura de 6 munic\u00edpios. Sendo um no Mato Grosso, dois no Amazonas e tr\u00eas no Par\u00e1.<\/p>\n<p>O PL, partido do ex-presidente Jair Bolsonaro e do ex-ministro do Meio Ambiente Ricardo Salles, aparece com quatro cidades:\u00a0Machadinho D&#8217;Oeste (RO), Novo Mamor\u00e9 (RO), Mucaja\u00ed (RR) e a capital do Acre, Rio Branco.<\/p>\n<p>Entre os partidos progressistas, apenas PDT e PSB aparecem na rela\u00e7\u00e3o. Os pedetistas governam Tarau\u00e1ca (AC) e Cujubim (RO). J\u00e1 os socialistas controlam a prefeitura de Bom Jesus do Araguaia (MT). Dos 70 prefeitos, 42 concorrer\u00e3o \u00e0 reelei\u00e7\u00e3o neste ano.<\/p>\n<p><img data-recalc-dims=\"1\" decoding=\"async\" src=\"https:\/\/i0.wp.com\/images02.brasildefato.com.br\/104ae49e9a8f65aed05c90affc9f4eb7.webp?w=600&#038;ssl=1\" \/><\/p>\n<p>Consultados, Uni\u00e3o Brasil, PSD, PL, PP, Republicanos, PSDB e PSB n\u00e3o responderam ao\u00a0<strong>Brasil de Fato<\/strong>\u00a0at\u00e9 a publica\u00e7\u00e3o desta mat\u00e9ria. Caso se manifestem, o texto ser\u00e1 atualizado.<\/p>\n<p>&nbsp;<\/p>\n","protected":false},"excerpt":{"rendered":"<p>MDB, Uni\u00e3o Brasil e PSD dominam a lista; entre os partidos progressistas, apenas PDT e PSB aparecem na rela\u00e7\u00e3o<\/p>\n","protected":false},"author":1,"featured_media":0,"comment_status":"closed","ping_status":"open","sticky":false,"template":"","format":"standard","meta":{"_exactmetrics_skip_tracking":false,"_exactmetrics_sitenote_active":false,"_exactmetrics_sitenote_note":"","_exactmetrics_sitenote_category":0,"jetpack_post_was_ever_published":false,"_jetpack_newsletter_access":"","_jetpack_dont_email_post_to_subs":false,"_jetpack_newsletter_tier_id":0,"_jetpack_memberships_contains_paywalled_content":false,"_jetpack_memberships_contains_paid_content":false,"footnotes":"","jetpack_publicize_message":"","jetpack_publicize_feature_enabled":true,"jetpack_social_post_already_shared":true,"jetpack_social_options":{"image_generator_settings":{"template":"highway","enabled":false},"version":2}},"categories":[1],"tags":[579,1076,1077],"class_list":["post-35687","post","type-post","status-publish","format-standard","hentry","category-notas","tag-desmatamentos","tag-estados","tag-partidos"],"jetpack_publicize_connections":[],"jetpack_sharing_enabled":true,"jetpack_featured_media_url":"","jetpack_shortlink":"https:\/\/wp.me\/p7wKYW-9hB","jetpack-related-posts":[],"_links":{"self":[{"href":"http:\/\/blogdalucianaoliveira.com.br\/blog\/wp-json\/wp\/v2\/posts\/35687","targetHints":{"allow":["GET"]}}],"collection":[{"href":"http:\/\/blogdalucianaoliveira.com.br\/blog\/wp-json\/wp\/v2\/posts"}],"about":[{"href":"http:\/\/blogdalucianaoliveira.com.br\/blog\/wp-json\/wp\/v2\/types\/post"}],"author":[{"embeddable":true,"href":"http:\/\/blogdalucianaoliveira.com.br\/blog\/wp-json\/wp\/v2\/users\/1"}],"replies":[{"embeddable":true,"href":"http:\/\/blogdalucianaoliveira.com.br\/blog\/wp-json\/wp\/v2\/comments?post=35687"}],"version-history":[{"count":6,"href":"http:\/\/blogdalucianaoliveira.com.br\/blog\/wp-json\/wp\/v2\/posts\/35687\/revisions"}],"predecessor-version":[{"id":35696,"href":"http:\/\/blogdalucianaoliveira.com.br\/blog\/wp-json\/wp\/v2\/posts\/35687\/revisions\/35696"}],"wp:attachment":[{"href":"http:\/\/blogdalucianaoliveira.com.br\/blog\/wp-json\/wp\/v2\/media?parent=35687"}],"wp:term":[{"taxonomy":"category","embeddable":true,"href":"http:\/\/blogdalucianaoliveira.com.br\/blog\/wp-json\/wp\/v2\/categories?post=35687"},{"taxonomy":"post_tag","embeddable":true,"href":"http:\/\/blogdalucianaoliveira.com.br\/blog\/wp-json\/wp\/v2\/tags?post=35687"}],"curies":[{"name":"wp","href":"https:\/\/api.w.org\/{rel}","templated":true}]}}