{"id":35709,"date":"2024-08-01T14:53:56","date_gmt":"2024-08-01T18:53:56","guid":{"rendered":"http:\/\/blogdalucianaoliveira.com.br\/blog\/?p=35709"},"modified":"2024-08-01T14:53:56","modified_gmt":"2024-08-01T18:53:56","slug":"mpf-recomenda-que-prefeitura-de-ji-parana-ro-destine-imovel-para-moradia-de-estudantes-indigenas","status":"publish","type":"post","link":"http:\/\/blogdalucianaoliveira.com.br\/blog\/2024\/08\/01\/mpf-recomenda-que-prefeitura-de-ji-parana-ro-destine-imovel-para-moradia-de-estudantes-indigenas\/","title":{"rendered":"MPF recomenda que prefeitura de Ji-Paran\u00e1 (RO) destine im\u00f3vel para moradia de estudantes ind\u00edgenas"},"content":{"rendered":"<p><img data-recalc-dims=\"1\" loading=\"lazy\" decoding=\"async\" data-attachment-id=\"35710\" data-permalink=\"http:\/\/blogdalucianaoliveira.com.br\/blog\/2024\/08\/01\/mpf-recomenda-que-prefeitura-de-ji-parana-ro-destine-imovel-para-moradia-de-estudantes-indigenas\/img_7438\/\" data-orig-file=\"https:\/\/i0.wp.com\/blogdalucianaoliveira.com.br\/blog\/wp-content\/uploads\/2024\/08\/IMG_7438.jpeg?fit=1070%2C704\" data-orig-size=\"1070,704\" data-comments-opened=\"0\" data-image-meta=\"{&quot;aperture&quot;:&quot;0&quot;,&quot;credit&quot;:&quot;&quot;,&quot;camera&quot;:&quot;&quot;,&quot;caption&quot;:&quot;&quot;,&quot;created_timestamp&quot;:&quot;0&quot;,&quot;copyright&quot;:&quot;&quot;,&quot;focal_length&quot;:&quot;0&quot;,&quot;iso&quot;:&quot;0&quot;,&quot;shutter_speed&quot;:&quot;0&quot;,&quot;title&quot;:&quot;&quot;,&quot;orientation&quot;:&quot;1&quot;}\" data-image-title=\"IMG_7438\" data-image-description=\"\" data-image-caption=\"\" data-medium-file=\"https:\/\/i0.wp.com\/blogdalucianaoliveira.com.br\/blog\/wp-content\/uploads\/2024\/08\/IMG_7438.jpeg?fit=300%2C197\" data-large-file=\"https:\/\/i0.wp.com\/blogdalucianaoliveira.com.br\/blog\/wp-content\/uploads\/2024\/08\/IMG_7438.jpeg?fit=600%2C395\" class=\"alignnone size-full wp-image-35710\" src=\"https:\/\/i0.wp.com\/blogdalucianaoliveira.com.br\/blog\/wp-content\/uploads\/2024\/08\/IMG_7438.jpeg?resize=600%2C395\" alt=\"\" width=\"600\" height=\"395\" srcset=\"https:\/\/i0.wp.com\/blogdalucianaoliveira.com.br\/blog\/wp-content\/uploads\/2024\/08\/IMG_7438.jpeg?w=1070 1070w, https:\/\/i0.wp.com\/blogdalucianaoliveira.com.br\/blog\/wp-content\/uploads\/2024\/08\/IMG_7438.jpeg?resize=300%2C197 300w, https:\/\/i0.wp.com\/blogdalucianaoliveira.com.br\/blog\/wp-content\/uploads\/2024\/08\/IMG_7438.jpeg?resize=1024%2C674 1024w, https:\/\/i0.wp.com\/blogdalucianaoliveira.com.br\/blog\/wp-content\/uploads\/2024\/08\/IMG_7438.jpeg?resize=768%2C505 768w, https:\/\/i0.wp.com\/blogdalucianaoliveira.com.br\/blog\/wp-content\/uploads\/2024\/08\/IMG_7438.jpeg?resize=456%2C300 456w\" sizes=\"auto, (max-width: 600px) 100vw, 600px\" \/><\/p>\n<p align=\"left\">MPF &#8211; Um im\u00f3vel constru\u00eddo em Ji-Paran\u00e1 (RO) com verbas federais deve ser destinado para a finalidade \u00e0 qual foi planejado: ser a Casa do Estudante Ind\u00edgena. Essa \u00e9 a recomenda\u00e7\u00e3o do Minist\u00e9rio P\u00fablico Federal (MPF) para a Prefeitura, que ap\u00f3s a constru\u00e7\u00e3o, por falta de administra\u00e7\u00e3o, destinou o im\u00f3vel a uma cooperativa. <!--more--><br \/>\nA prefeitura tem 20 dias para informar se acatar\u00e1 a recomenda\u00e7\u00e3o e quais as provid\u00eancias foram adotadas.<\/p>\n<p align=\"left\">Antes de expedir a recomenda\u00e7\u00e3o, o MPF pediu, por of\u00edcio, que a Prefeitura informasse se o im\u00f3vel continua sendo utilizado pela cooperativa, quais as condi\u00e7\u00f5es atuais da casa e as informa\u00e7\u00f5es sobre sua destina\u00e7\u00e3o para a moradia de estudantes ind\u00edgenas. No entanto, n\u00e3o houve resposta.<\/p>\n<p align=\"left\">Em visita ao im\u00f3vel, a equipe do MPF observou que a casa se encontra, aparentemente, abandonada, com ac\u00famulo de folhas e animais mortos. O MPF fez contato com a Procuradoria Municipal, mas tamb\u00e9m n\u00e3o obteve retorno. A casa est\u00e1 localizada \u00e0 rua Vilagram Cabrita, n\u00ba 197, Bairro Casa Preta, esquina com a Rua S\u00e3o Jo\u00e3o, em Ji-Paran\u00e1.<\/p>\n<p align=\"left\"><b>Sem aluguel<\/b> \u2013 A Universidade Federal de Rond\u00f4nia (Unir) oferece, no campus de Ji-Paran\u00e1, o curso de Licenciatura em Educa\u00e7\u00e3o B\u00e1sica Intercultural, para forma\u00e7\u00e3o de professores para escolas ind\u00edgenas. O curso tem, atualmente, mais de 300 alunos ind\u00edgenas matriculados, de diversas etnias e de v\u00e1rios munic\u00edpios rondonienses. Alguns estudantes viajam quase 700 quil\u00f4metros para frequentar as aulas presenciais.<\/p>\n<p align=\"left\">Recentemente, esses alunos procuraram o MPF para relatar que estavam em barracas no campus de Ji-Paran\u00e1 por n\u00e3o conseguirem alugar resid\u00eancias na cidade. De forma emergencial, o MPF expediu recomenda\u00e7\u00e3o para que a Unir permita que os alunos permane\u00e7am temporariamente nas barracas no campus, enquanto a situa\u00e7\u00e3o de moradia n\u00e3o se resolve.<\/p>\n<p align=\"left\">Os alunos ind\u00edgenas apontam que n\u00e3o conseguem alugar resid\u00eancias porque os propriet\u00e1rios de im\u00f3veis exigem um per\u00edodo m\u00ednimo de contrato de seis meses, mas o per\u00edodo letivo presencial do curso \u00e9 de dois meses. Al\u00e9m disso, eles relataram que o valor da bolsa de estudos est\u00e1 sem reajuste h\u00e1 mais de 6 anos e \u00e9 insuficiente para pagar aluguel e custear as despesas de alimenta\u00e7\u00e3o, higiene, transporte etc. Al\u00e9m disso, mesmo quando conseguem alugar, as casas s\u00e3o distantes da Unir e s\u00e3o furtadas.<\/p>\n<p align=\"left\">A procuradora da Rep\u00fablica Caroline de F\u00e1tima Helpa, que assina a recomenda\u00e7\u00e3o, defende que a moradia dos acad\u00eamicos ind\u00edgenas \u00e9 assunto que interessa a todos. \u201cH\u00e1 um bin\u00f4mio de interesses: de um lado os acad\u00eamicos que visam conquistar uma forma\u00e7\u00e3o profissional e melhoria de suas respectivas condi\u00e7\u00f5es de vida \u2013 o que \u00e9 digno; de outro, o interesse do Estado em ter profissionais qualificados para atendimento das demandas estudantis, sobretudo em territ\u00f3rios mais distantes dos centros urbanos, como forma de diminuir as desigualdades econ\u00f4micas, financeiras e culturais, e melhoria do bem-estar de todos\u201d, explicou na recomenda\u00e7\u00e3o.<\/p>\n<p>Procedimento n.1.31.001.000246\/2023-44<\/p>\n<div>\n<p class=\"western\" align=\"justify\">Assessoria de Comunica\u00e7\u00e3o<br \/>\nMinist\u00e9rio P\u00fablico Federal em Rond\u00f4nia<br \/>\n<a href=\"tel:(69) 3216-0511\">(69) 3216-0511<\/a> \/ 98431-9761<br \/>\nprro-ascom@mpf.mp.br<br \/>\nwww.mpf.mp.br\/ro<br \/>\nTwitter: @MPF_RO<\/p>\n<\/div>\n","protected":false},"excerpt":{"rendered":"<p>MPF &#8211; Um im\u00f3vel constru\u00eddo em Ji-Paran\u00e1 (RO) com verbas federais deve ser destinado para a finalidade \u00e0 qual foi planejado: ser a Casa do Estudante Ind\u00edgena. Essa \u00e9 a recomenda\u00e7\u00e3o do Minist\u00e9rio P\u00fablico Federal (MPF) para a Prefeitura, que ap\u00f3s a constru\u00e7\u00e3o, por falta de administra\u00e7\u00e3o, destinou o im\u00f3vel a uma cooperativa.<\/p>\n","protected":false},"author":1,"featured_media":0,"comment_status":"closed","ping_status":"open","sticky":false,"template":"","format":"standard","meta":{"_exactmetrics_skip_tracking":false,"_exactmetrics_sitenote_active":false,"_exactmetrics_sitenote_note":"","_exactmetrics_sitenote_category":0,"jetpack_post_was_ever_published":false,"_jetpack_newsletter_access":"","_jetpack_dont_email_post_to_subs":false,"_jetpack_newsletter_tier_id":0,"_jetpack_memberships_contains_paywalled_content":false,"_jetpack_memberships_contains_paid_content":false,"footnotes":"","jetpack_publicize_message":"","jetpack_publicize_feature_enabled":true,"jetpack_social_post_already_shared":true,"jetpack_social_options":{"image_generator_settings":{"template":"highway","enabled":false},"version":2}},"categories":[1],"tags":[],"class_list":["post-35709","post","type-post","status-publish","format-standard","hentry","category-notas"],"jetpack_publicize_connections":[],"jetpack_sharing_enabled":true,"jetpack_featured_media_url":"","jetpack_shortlink":"https:\/\/wp.me\/p7wKYW-9hX","jetpack-related-posts":[],"_links":{"self":[{"href":"http:\/\/blogdalucianaoliveira.com.br\/blog\/wp-json\/wp\/v2\/posts\/35709","targetHints":{"allow":["GET"]}}],"collection":[{"href":"http:\/\/blogdalucianaoliveira.com.br\/blog\/wp-json\/wp\/v2\/posts"}],"about":[{"href":"http:\/\/blogdalucianaoliveira.com.br\/blog\/wp-json\/wp\/v2\/types\/post"}],"author":[{"embeddable":true,"href":"http:\/\/blogdalucianaoliveira.com.br\/blog\/wp-json\/wp\/v2\/users\/1"}],"replies":[{"embeddable":true,"href":"http:\/\/blogdalucianaoliveira.com.br\/blog\/wp-json\/wp\/v2\/comments?post=35709"}],"version-history":[{"count":1,"href":"http:\/\/blogdalucianaoliveira.com.br\/blog\/wp-json\/wp\/v2\/posts\/35709\/revisions"}],"predecessor-version":[{"id":35711,"href":"http:\/\/blogdalucianaoliveira.com.br\/blog\/wp-json\/wp\/v2\/posts\/35709\/revisions\/35711"}],"wp:attachment":[{"href":"http:\/\/blogdalucianaoliveira.com.br\/blog\/wp-json\/wp\/v2\/media?parent=35709"}],"wp:term":[{"taxonomy":"category","embeddable":true,"href":"http:\/\/blogdalucianaoliveira.com.br\/blog\/wp-json\/wp\/v2\/categories?post=35709"},{"taxonomy":"post_tag","embeddable":true,"href":"http:\/\/blogdalucianaoliveira.com.br\/blog\/wp-json\/wp\/v2\/tags?post=35709"}],"curies":[{"name":"wp","href":"https:\/\/api.w.org\/{rel}","templated":true}]}}