{"id":35715,"date":"2024-08-05T08:54:25","date_gmt":"2024-08-05T12:54:25","guid":{"rendered":"http:\/\/blogdalucianaoliveira.com.br\/blog\/?p=35715"},"modified":"2024-08-05T08:54:25","modified_gmt":"2024-08-05T12:54:25","slug":"videos-mostram-novo-ataque-brutal-de-jaguncos-contra-indigenas-guarani-kaiowa-no-ms","status":"publish","type":"post","link":"http:\/\/blogdalucianaoliveira.com.br\/blog\/2024\/08\/05\/videos-mostram-novo-ataque-brutal-de-jaguncos-contra-indigenas-guarani-kaiowa-no-ms\/","title":{"rendered":"V\u00eddeos mostram novo ataque brutal de jagun\u00e7os contra ind\u00edgenas Guarani Kaiow\u00e1 no MS"},"content":{"rendered":"<p><img data-recalc-dims=\"1\" loading=\"lazy\" decoding=\"async\" data-attachment-id=\"35716\" data-permalink=\"http:\/\/blogdalucianaoliveira.com.br\/blog\/2024\/08\/05\/videos-mostram-novo-ataque-brutal-de-jaguncos-contra-indigenas-guarani-kaiowa-no-ms\/img_7707\/\" data-orig-file=\"https:\/\/i0.wp.com\/blogdalucianaoliveira.com.br\/blog\/wp-content\/uploads\/2024\/08\/IMG_7707.jpeg?fit=1161%2C593\" data-orig-size=\"1161,593\" data-comments-opened=\"0\" data-image-meta=\"{&quot;aperture&quot;:&quot;0&quot;,&quot;credit&quot;:&quot;&quot;,&quot;camera&quot;:&quot;&quot;,&quot;caption&quot;:&quot;&quot;,&quot;created_timestamp&quot;:&quot;0&quot;,&quot;copyright&quot;:&quot;&quot;,&quot;focal_length&quot;:&quot;0&quot;,&quot;iso&quot;:&quot;0&quot;,&quot;shutter_speed&quot;:&quot;0&quot;,&quot;title&quot;:&quot;&quot;,&quot;orientation&quot;:&quot;1&quot;}\" data-image-title=\"IMG_7707\" data-image-description=\"\" data-image-caption=\"\" data-medium-file=\"https:\/\/i0.wp.com\/blogdalucianaoliveira.com.br\/blog\/wp-content\/uploads\/2024\/08\/IMG_7707.jpeg?fit=300%2C153\" data-large-file=\"https:\/\/i0.wp.com\/blogdalucianaoliveira.com.br\/blog\/wp-content\/uploads\/2024\/08\/IMG_7707.jpeg?fit=600%2C306\" class=\"alignnone size-full wp-image-35716\" src=\"https:\/\/i0.wp.com\/blogdalucianaoliveira.com.br\/blog\/wp-content\/uploads\/2024\/08\/IMG_7707.jpeg?resize=600%2C306\" alt=\"\" width=\"600\" height=\"306\" srcset=\"https:\/\/i0.wp.com\/blogdalucianaoliveira.com.br\/blog\/wp-content\/uploads\/2024\/08\/IMG_7707.jpeg?w=1161 1161w, https:\/\/i0.wp.com\/blogdalucianaoliveira.com.br\/blog\/wp-content\/uploads\/2024\/08\/IMG_7707.jpeg?resize=300%2C153 300w, https:\/\/i0.wp.com\/blogdalucianaoliveira.com.br\/blog\/wp-content\/uploads\/2024\/08\/IMG_7707.jpeg?resize=1024%2C523 1024w, https:\/\/i0.wp.com\/blogdalucianaoliveira.com.br\/blog\/wp-content\/uploads\/2024\/08\/IMG_7707.jpeg?resize=768%2C392 768w, https:\/\/i0.wp.com\/blogdalucianaoliveira.com.br\/blog\/wp-content\/uploads\/2024\/08\/IMG_7707.jpeg?resize=587%2C300 587w\" sizes=\"auto, (max-width: 600px) 100vw, 600px\" \/><\/p>\n<p>Revista F\u00f3rum &#8211; Conselho Indigenista Mission\u00e1rio (Cimi) divulgou v\u00eddeos que mostram novos <strong>ataques brutais de jagun\u00e7os de fazendeiros <\/strong>contra <a href=\"https:\/\/revistaforum.com.br\/temas\/povos-indigenas-1207.html\" target=\"_blank\" rel=\"noopener\">ind\u00edgenas<\/a>\u00a0Guarani Kaiow\u00e1 no Mato Grosso do Sul, na noite deste domingo (5). No s\u00e1bado (4), <a href=\"https:\/\/revistaforum.com.br\/brasil\/centro-oeste\/2024\/8\/4\/pega-teu-povo-sai-daqui-ou-vocs-vo-morrer-disse-agente-da-fora-nacional-guarani-kaiowa-163320.html\" target=\"_blank\" rel=\"noopener\">um grupo armado j\u00e1 havia deflagrado ataques<\/a>em meio \u00e0s retomadas na Terra Ind\u00edgena Panambi-Lagoa Rica,\u00a0identificada e delimitada desde 2011,\u00a0em Douradina (MS), deixando ao menos dez\u00a0Guarani Kaiow\u00e1 feridos, dois em estado grave.<!--more--><\/p>\n<p>Segundo o Cimi, os novos ataques ocorreram com base em<strong> fake news <\/strong>publicadas em perfis de ruralistas nas redes sociais afirmando que os Guarani e Kaiow\u00e1 \u201cinvadiram\u201d mais fazendas em Douradina, indo al\u00e9m das sete retomadas em que j\u00e1 se encontram dentro dos limites da Terra Ind\u00edgena Lagoa Panambi. O \u00f3rg\u00e3o afirma que &#8220;essa\u00a0foi a senha para no come\u00e7o da noite, entre 18 e 19 horas, mais um ataque contra os ind\u00edgenas ter in\u00edcio, desta vez na retomada Yvy Ajere&#8221;.<\/p>\n<p>A entidade informa, ainda, que testemunhas t\u00eam afirmado que a For\u00e7a Nacional, que est\u00e1 na regi\u00e3o, n\u00e3o teria atuado para impedir as agress\u00f5es de jagun\u00e7os, que est\u00e3o atacando os ind\u00edgenas com inc\u00eandios e disparos de muni\u00e7\u00e3o letal com arma de fogo e bala de borracha.<\/p>\n<div class=\"content-banner\"><\/div>\n<p><strong>Veja v\u00eddeos:\u00a0<\/strong><\/p>\n<div class=\"content-banner\"><a href=\"https:\/\/x.com\/ciminacional\/status\/1820265714869035234\">https:\/\/x.com\/ciminacional\/status\/1820265714869035234<\/a><\/div>\n<div><\/div>\n<div><\/div>\n<div><a href=\"https:\/\/x.com\/ciminacional\/status\/1820265927058804917?s=46\">https:\/\/x.com\/ciminacional\/status\/1820265927058804917?s=46<\/a><\/div>\n<div><\/div>\n<div><strong><a href=\"https:\/\/x.com\/ciminacional\/status\/1820265927058804917?s=46\">https:\/\/x.com\/ciminacional\/status\/1820265927058804917?s=46<\/a><\/strong><\/div>\n<p>&nbsp;<\/p>\n<h2><strong>Minist\u00e9rio dos Povos Ind\u00edgenas se manifesta<\/strong><\/h2>\n<p>Em nota oficial sobre os ataques divulgada na noite deste domingo (4), o Minist\u00e9rio dos Povos Ind\u00edgenas (MPI) informou que equipes da pasta e da Funai que estavam de prontid\u00e3o no Mato Gross do Sul foi at\u00e9 o territ\u00f3rio dos povos origin\u00e1rios junto a agentes do Minist\u00e9rio P\u00fablico Federal (MPF) para prestar atendimento \u00e0s v\u00edtimas.<\/p>\n<p>Al\u00e9m disso, o MPI informou que acionou o Minist\u00e9rio da Justi\u00e7a para obter explica\u00e7\u00f5es sobre a aus\u00eancia da For\u00e7a Nacional no territ\u00f3rio ind\u00edgena antes do ataque, e anunciou medidas para conter a investida dos fazendeiros contra os povos origin\u00e1rios.<\/p>\n<p>&#8220;A For\u00e7a Nacional informou que o confronto ocorreu no in\u00edcio da tarde, no momento em que fazia o patrulhamento em outra \u00e1rea da mesma regi\u00e3o onde acontecem outras retomadas. O MPI tamb\u00e9m emitiu of\u00edcio para o diretor-geral da Pol\u00edcia Federal, solicitando a imediata investiga\u00e7\u00e3o sobre os ataques contra os ind\u00edgenas Guarani Kaiow\u00e1.\u00a0O MPI fez, ainda, contato com o Comandante do 3\u00ba Batalh\u00e3o da Pol\u00edcia Militar, que indicou que havia refor\u00e7ado o policiamento e permaneceriam no local durante a noite para evitar um novo ataque.\u00a0As equipes do MPI e da Funai seguem monitorando a situa\u00e7\u00e3o de forma permanente, e a ministra Sonia Guajajara est\u00e1 em contato direto com o Minist\u00e9rio da Justi\u00e7a&#8221;, diz trecho do comunicado.<\/p>\n<h2><strong>Feridos est\u00e3o fora de perigo<\/strong><\/h2>\n<p>Os tr\u00eas ind\u00edgenas Guarani e Kaiow\u00e1, feridos durante o\u00a0 ataque em Douradina est\u00e3o fora de perigo de morte, segundo informa\u00e7\u00f5es da equipe m\u00e9dica do Hospital da Vida em Dourados.<\/p>\n<p>A atualiza\u00e7\u00e3o foi passada na manh\u00e3 deste domingo (4) a representantes do Minist\u00e9rio P\u00fablico Federal (MPF) e do Minist\u00e9rio dos Povos Ind\u00edgenas (MPI). Os representantes se dirigiram em seguida \u00e0s retomadas da Terra Ind\u00edgena Lagoa Panambi para ouvir depoimentos sobre o ataque ocorrido no s\u00e1bado (3).<\/p>\n<p>J.F.C, de 17 anos, foi baleado no pesco\u00e7o; E.A.G, de 20 anos, sofreu um disparo na cabe\u00e7a; e R.H.C, de 16 anos, foi atingido na cintura e nas n\u00e1degas. Ao todo, dez ind\u00edgenas ficaram feridos, incluindo uma idosa atingida por balas de borracha.<\/p>\n<p>A Secretaria Especial de Sa\u00fade Ind\u00edgena (Sesai) mobilizou atendimento emergencial com apoio do Corpo de Bombeiros para transportar os feridos mais graves para Dourados. A For\u00e7a Nacional retornou \u00e0 \u00e1rea ap\u00f3s press\u00e3o.<\/p>\n<p>Relatos dos ind\u00edgenas apontam que os jovens feridos estavam protegendo os barracos nas retomadas Kurupa\u2019yty e Pikyxyin, onde mais de 30 crian\u00e7as e quatro beb\u00eas estavam abrigados. Essas \u00e1reas, situadas ao norte da Terra Ind\u00edgena, eram consideradas mais seguras, longe da concentra\u00e7\u00e3o de jagun\u00e7os acampados na retomada Yvy Ajere.<\/p>\n<p>A Terra Ind\u00edgena Lagoa Panambi conta com sete retomadas. Recentemente, as retomadas Guaaroka e Yvy Ajere t\u00eam sido alvo de antagonismo ruralista, resultando em liminares de reintegra\u00e7\u00e3o de posse e conv\u00edvio com acampamentos de jagun\u00e7os. Os ataques, inicialmente concentrados nessas \u00e1reas, se espalharam para outras retomadas.<\/p>\n<p>O incidente ressalta a tens\u00e3o e os conflitos cont\u00ednuos na regi\u00e3o, necessitando de uma interven\u00e7\u00e3o efetiva para proteger a vida e os direitos dos povos ind\u00edgenas.<\/p>\n<h2><strong>Acampamento do MST incendiado<\/strong><\/h2>\n<p>Pelas redes sociais, o Cimi denunciou outro ataque do mesmo grupo que aterroriza os povos origin\u00e1rios, dessa vez contra o acampamento Esperan\u00e7a, do Movimento dos Trabalhadores e Trabalhadoras Rurais Sem Terra (MST), localizado em Dourados (MS).<\/p>\n<p>&#8220;Retalia\u00e7\u00e3o e viol\u00eancia &#8211; o acampamento Esperan\u00e7a, do MST em Dourados (MS), foi atacado e incendiado na madrugada deste domingo (4). Representantes do Esperan\u00e7a estiveram na segunda (29) nas retomadas de Douradina prestando solidariedade aos Guarani e Kaiow\u00e1&#8221;, diz a legenda do v\u00eddeo que mostra o inc\u00eancio<\/p>\n<p>Cerca de 300 fam\u00edlias moram no Acampamento Esperan\u00e7a, a poucos quil\u00f4metros de Douradina, que foi atacado e incendiado. Integrantes do local haviam visitado a Terra Ind\u00edgena Lagoa Panambi na segunda-feira (29) para prestar solidariedade e levar mantimentos \u00e0s retomadas Guarani e Kaiow\u00e1.<\/p>\n<p>Durante a visita, os ve\u00edculos da comitiva de solidariedade, composta por movimentos sociais, incluindo o MST, foram parados e inspecionados pelo Departamento de Opera\u00e7\u00f5es de Fronteira (DOF). Documentos pessoais e placas dos carros foram fotografadas. No entanto, apenas os membros do MST foram obrigados a sair dos ve\u00edculos e informados de que seriam autuados por invas\u00e3o de propriedade privada.<\/p>\n<p>No ataque da madrugada, testemunhas relataram a presen\u00e7a de cerca de dez caminhonetes e duas motocicletas.<\/p>\n<p>&#8220;Fazendeiros n\u00e3o permitiram que o corpo de bombeiros agisse rapidamente, bloqueando o acesso imediato ao local dos inc\u00eandios. Alguns barracos foram destru\u00eddos pelo fogo, mas a infraestrutura ser\u00e1 recuperada depois&#8221;, afirmou uma nota do acampamento Esperan\u00e7a. O texto enfatiza que a solidariedade do MST aos Guarani e Kaiow\u00e1 permanecer\u00e1 firme.<\/p>\n<p>A nota ainda critica a aus\u00eancia deliberada das autoridades de seguran\u00e7a. &#8220;A in\u00e9rcia e a falta de a\u00e7\u00f5es concretas de reforma agr\u00e1ria e demarca\u00e7\u00e3o de terras ind\u00edgenas intensificam os conflitos agr\u00e1rios. Audi\u00eancias e boas conversas s\u00e3o ineficazes&#8221;, conclui o comunicado do acampamento Esperan\u00e7a.<\/p>\n","protected":false},"excerpt":{"rendered":"<p>Revista F\u00f3rum &#8211; Conselho Indigenista Mission\u00e1rio (Cimi) divulgou v\u00eddeos que mostram novos ataques brutais de jagun\u00e7os de fazendeiros contra ind\u00edgenas\u00a0Guarani Kaiow\u00e1 no Mato Grosso do Sul, na noite deste domingo (5). No s\u00e1bado (4), um grupo armado j\u00e1 havia deflagrado ataquesem meio \u00e0s retomadas na Terra Ind\u00edgena Panambi-Lagoa Rica,\u00a0identificada e delimitada desde 2011,\u00a0em Douradina (MS),&#8230;<a class=\"more-link\" href=\"http:\/\/blogdalucianaoliveira.com.br\/blog\/2024\/08\/05\/videos-mostram-novo-ataque-brutal-de-jaguncos-contra-indigenas-guarani-kaiowa-no-ms\/\">Continue a leitura <span class=\"meta-nav\">&raquo;<\/span><\/a><\/p>\n","protected":false},"author":1,"featured_media":0,"comment_status":"closed","ping_status":"open","sticky":false,"template":"","format":"standard","meta":{"_exactmetrics_skip_tracking":false,"_exactmetrics_sitenote_active":false,"_exactmetrics_sitenote_note":"","_exactmetrics_sitenote_category":0,"jetpack_post_was_ever_published":false,"_jetpack_newsletter_access":"","_jetpack_dont_email_post_to_subs":false,"_jetpack_newsletter_tier_id":0,"_jetpack_memberships_contains_paywalled_content":false,"_jetpack_memberships_contains_paid_content":false,"footnotes":"","jetpack_publicize_message":"","jetpack_publicize_feature_enabled":true,"jetpack_social_post_already_shared":true,"jetpack_social_options":{"image_generator_settings":{"template":"highway","enabled":false},"version":2}},"categories":[1],"tags":[390,1079,1080],"class_list":["post-35715","post","type-post","status-publish","format-standard","hentry","category-notas","tag-ataques","tag-guarani-kaiowa","tag-jaguncos"],"jetpack_publicize_connections":[],"jetpack_sharing_enabled":true,"jetpack_featured_media_url":"","jetpack_shortlink":"https:\/\/wp.me\/p7wKYW-9i3","jetpack-related-posts":[],"_links":{"self":[{"href":"http:\/\/blogdalucianaoliveira.com.br\/blog\/wp-json\/wp\/v2\/posts\/35715","targetHints":{"allow":["GET"]}}],"collection":[{"href":"http:\/\/blogdalucianaoliveira.com.br\/blog\/wp-json\/wp\/v2\/posts"}],"about":[{"href":"http:\/\/blogdalucianaoliveira.com.br\/blog\/wp-json\/wp\/v2\/types\/post"}],"author":[{"embeddable":true,"href":"http:\/\/blogdalucianaoliveira.com.br\/blog\/wp-json\/wp\/v2\/users\/1"}],"replies":[{"embeddable":true,"href":"http:\/\/blogdalucianaoliveira.com.br\/blog\/wp-json\/wp\/v2\/comments?post=35715"}],"version-history":[{"count":3,"href":"http:\/\/blogdalucianaoliveira.com.br\/blog\/wp-json\/wp\/v2\/posts\/35715\/revisions"}],"predecessor-version":[{"id":35719,"href":"http:\/\/blogdalucianaoliveira.com.br\/blog\/wp-json\/wp\/v2\/posts\/35715\/revisions\/35719"}],"wp:attachment":[{"href":"http:\/\/blogdalucianaoliveira.com.br\/blog\/wp-json\/wp\/v2\/media?parent=35715"}],"wp:term":[{"taxonomy":"category","embeddable":true,"href":"http:\/\/blogdalucianaoliveira.com.br\/blog\/wp-json\/wp\/v2\/categories?post=35715"},{"taxonomy":"post_tag","embeddable":true,"href":"http:\/\/blogdalucianaoliveira.com.br\/blog\/wp-json\/wp\/v2\/tags?post=35715"}],"curies":[{"name":"wp","href":"https:\/\/api.w.org\/{rel}","templated":true}]}}