{"id":35721,"date":"2024-08-05T19:45:20","date_gmt":"2024-08-05T23:45:20","guid":{"rendered":"http:\/\/blogdalucianaoliveira.com.br\/blog\/?p=35721"},"modified":"2024-08-05T19:45:20","modified_gmt":"2024-08-05T23:45:20","slug":"fumaca-das-queimadas-alcanca-o-sul-do-brasil","status":"publish","type":"post","link":"http:\/\/blogdalucianaoliveira.com.br\/blog\/2024\/08\/05\/fumaca-das-queimadas-alcanca-o-sul-do-brasil\/","title":{"rendered":"Fuma\u00e7a das queimadas alcan\u00e7a o Sul do Brasil"},"content":{"rendered":"<p><img data-recalc-dims=\"1\" loading=\"lazy\" decoding=\"async\" data-attachment-id=\"35722\" data-permalink=\"http:\/\/blogdalucianaoliveira.com.br\/blog\/2024\/08\/05\/fumaca-das-queimadas-alcanca-o-sul-do-brasil\/img_7713\/\" data-orig-file=\"https:\/\/i0.wp.com\/blogdalucianaoliveira.com.br\/blog\/wp-content\/uploads\/2024\/08\/IMG_7713.jpeg?fit=750%2C553\" data-orig-size=\"750,553\" data-comments-opened=\"0\" data-image-meta=\"{&quot;aperture&quot;:&quot;0&quot;,&quot;credit&quot;:&quot;&quot;,&quot;camera&quot;:&quot;&quot;,&quot;caption&quot;:&quot;&quot;,&quot;created_timestamp&quot;:&quot;0&quot;,&quot;copyright&quot;:&quot;&quot;,&quot;focal_length&quot;:&quot;0&quot;,&quot;iso&quot;:&quot;0&quot;,&quot;shutter_speed&quot;:&quot;0&quot;,&quot;title&quot;:&quot;&quot;,&quot;orientation&quot;:&quot;0&quot;}\" data-image-title=\"IMG_7713\" data-image-description=\"\" data-image-caption=\"\" data-medium-file=\"https:\/\/i0.wp.com\/blogdalucianaoliveira.com.br\/blog\/wp-content\/uploads\/2024\/08\/IMG_7713.jpeg?fit=300%2C221\" data-large-file=\"https:\/\/i0.wp.com\/blogdalucianaoliveira.com.br\/blog\/wp-content\/uploads\/2024\/08\/IMG_7713.jpeg?fit=600%2C442\" class=\"alignnone size-full wp-image-35722\" src=\"https:\/\/i0.wp.com\/blogdalucianaoliveira.com.br\/blog\/wp-content\/uploads\/2024\/08\/IMG_7713.jpeg?resize=600%2C442\" alt=\"\" width=\"600\" height=\"442\" srcset=\"https:\/\/i0.wp.com\/blogdalucianaoliveira.com.br\/blog\/wp-content\/uploads\/2024\/08\/IMG_7713.jpeg?w=750 750w, https:\/\/i0.wp.com\/blogdalucianaoliveira.com.br\/blog\/wp-content\/uploads\/2024\/08\/IMG_7713.jpeg?resize=300%2C221 300w, https:\/\/i0.wp.com\/blogdalucianaoliveira.com.br\/blog\/wp-content\/uploads\/2024\/08\/IMG_7713.jpeg?resize=407%2C300 407w\" sizes=\"auto, (max-width: 600px) 100vw, 600px\" \/><\/p>\n<p>Portal Terra &#8211; Nos \u00faltimos dias, a fuma\u00e7a resultante das queimadas tem chegado ao sul do Brasil, transportada pela circula\u00e7\u00e3o dos ventos. T\u00e3o densa, essa fuma\u00e7a pode ser vista claramente por imagens de sat\u00e9lite, evidenciando a gravidade da situa\u00e7\u00e3o.<!--more--><\/p>\n<p class=\"added-to-list1\" data-pf_style_display=\"block\" data-pf_style_visibility=\"visible\"><img data-recalc-dims=\"1\" decoding=\"async\" class=\"pf-large-image flex-width pf-size-full mediumImage\" title=\"Figura 1 - Fuma\u00e7a das queimadas chegam ao Sul do Brasil. Fonte: INPE\" src=\"https:\/\/i0.wp.com\/imagens.climatempo.com.br\/climapress\/galeria\/2024\/08\/3456bf08696650b87114d4e84f1ac79c.jpg?w=600&#038;ssl=1\" srcset=\"\" alt=\"Figura 1 - Fuma\u00e7a das queimadas chegam ao Sul do Brasil. Fonte: INPE\" data-pf_style_display=\"inline\" data-pf_style_visibility=\"visible\" data-pf_rect_width=\"480.359375\" data-pf_rect_height=\"18\" \/><\/p>\n<p class=\"added-to-list1\" data-pf_style_display=\"block\" data-pf_style_visibility=\"visible\"><strong data-pf_style_display=\"inline\" data-pf_style_visibility=\"visible\"><em data-pf_style_display=\"inline\" data-pf_style_visibility=\"visible\"><span class=\"text-node\">Figura 1 &#8211; Fuma\u00e7a das queimadas chegam ao Sul do Brasil. Fonte: INPE<\/span><\/em><\/strong><\/p>\n<p class=\"added-to-list1\" data-pf_style_display=\"block\" data-pf_style_visibility=\"visible\"><strong data-pf_style_display=\"inline\" data-pf_style_visibility=\"visible\"><span class=\"text-node\">Inverno: esta\u00e7\u00e3o cr\u00edtica para queimadas no Brasil<\/span><\/strong><\/p>\n<p class=\"added-to-list1\" data-pf_style_display=\"block\" data-pf_style_visibility=\"visible\"><br data-pf_style_display=\"inline\" data-pf_style_visibility=\"visible\" \/><span class=\"text-node\">O inverno no Brasil \u00e9 particularmente cr\u00edtico para as queimadas. Durante essa esta\u00e7\u00e3o, o <\/span><a href=\"https:\/\/www.climatempoconsultoria.com.br\/levantamento-de-dados-meteorologicos\/\" data-pf_style_display=\"inline\" data-pf_style_visibility=\"visible\"><span class=\"text-node\">Clima<\/span><\/a><span class=\"text-node\">seco, a baixa umidade do ar e a predomin\u00e2ncia de massas de ar seco se combinam, criando um ambiente altamente inflam\u00e1vel. A redu\u00e7\u00e3o dr\u00e1stica das chuvas faz com que a vegeta\u00e7\u00e3o perca umidade, tornando-se extremamente suscet\u00edvel ao fogo. Al\u00e9m disso, a umidade relativa do ar frequentemente cai abaixo de 20%, condi\u00e7\u00f5es ideais para a propaga\u00e7\u00e3o r\u00e1pida dos inc\u00eandios.<\/span><\/p>\n<p class=\"added-to-list1\" data-pf_style_display=\"block\" data-pf_style_visibility=\"visible\"><strong data-pf_style_display=\"inline\" data-pf_style_visibility=\"visible\"><span class=\"text-node\">Aumento alarmante de focos de queimadas em 2024<\/span><\/strong><\/p>\n<p class=\"added-to-list1\" data-pf_style_display=\"block\" data-pf_style_visibility=\"visible\"><br data-pf_style_display=\"inline\" data-pf_style_visibility=\"visible\" \/><span class=\"text-node\">Dados recentes do programa BDqueimadas do Instituto Nacional de Pesquisas Espaciais (INPE) mostram um aumento alarmante nos focos de queimadas no Brasil nos primeiros sete meses de 2024 em compara\u00e7\u00e3o com o mesmo per\u00edodo de 2023. Mato Grosso do Sul lidera o ranking, com um aumento impressionante de 1.138 focos em 2023 para 5.354 em 2024, representando uma diferen\u00e7a absoluta de 4.216 focos e um aumento percentual de 370,47%. Mato Grosso tamb\u00e9m apresentou um crescimento significativo, com os focos subindo de 7.541 em 2023 para 11.242 em 2024, resultando em uma diferen\u00e7a absoluta de 3.701 focos e um aumento percentual de 49,08%.<\/span><\/p>\n<p class=\"added-to-list1\" data-pf_style_display=\"block\" data-pf_style_visibility=\"visible\"><strong data-pf_style_display=\"inline\" data-pf_style_visibility=\"visible\"><span class=\"text-node\">O Papel dos ventos no transporte da fuma\u00e7a<\/span><\/strong><\/p>\n<p class=\"added-to-list1\" data-pf_style_display=\"block\" data-pf_style_visibility=\"visible\"><br data-pf_style_display=\"inline\" data-pf_style_visibility=\"visible\" \/><span class=\"text-node\">Os ventos em 850 hPa, aproximadamente 1.500 metros acima do n\u00edvel do mar, desempenham um papel crucial no transporte da fuma\u00e7a das queimadas. Eles dispersam os poluentes, impactando a qualidade do ar em regi\u00f5es distantes das fontes de inc\u00eandio. A Cordilheira dos Andes atua como uma barreira natural, alterando os padr\u00f5es de vento e direcionando a fuma\u00e7a para o Sudeste, afetando \u00e1reas como o Sudeste e Sul do Brasil. Al\u00e9m disso, os Andes bloqueiam a umidade vinda do Pac\u00edfico, contribuindo para a seca no interior do continente durante o inverno. Essa seca intensifica as queimadas, aumentando a quantidade de fuma\u00e7a gerada, que \u00e9 ent\u00e3o transportada pelos ventos para outras regi\u00f5es.<\/span><\/p>\n<p class=\"added-to-list1\" data-pf_style_display=\"block\" data-pf_style_visibility=\"visible\"><img data-recalc-dims=\"1\" decoding=\"async\" class=\"pf-large-image flex-width pf-size-full mediumImage\" title=\"Figura 2 - As setas brancas indicam o transporte da fuma\u00e7a pelos ventos. Fonte: INPE\" src=\"https:\/\/i0.wp.com\/imagens.climatempo.com.br\/climapress\/galeria\/2024\/08\/8b2a27c1428d1f25acda8f3d34f77987.jpg?w=600&#038;ssl=1\" srcset=\"\" alt=\"Figura 2 - As setas brancas indicam o transporte da fuma\u00e7a pelos ventos. Fonte: INPE\" data-pf_style_display=\"inline\" data-pf_style_visibility=\"visible\" data-pf_rect_width=\"565.65625\" data-pf_rect_height=\"18\" \/><\/p>\n<p class=\"added-to-list1\" data-pf_style_display=\"block\" data-pf_style_visibility=\"visible\"><strong data-pf_style_display=\"inline\" data-pf_style_visibility=\"visible\"><em data-pf_style_display=\"inline\" data-pf_style_visibility=\"visible\"><span class=\"text-node\">Figura 2 &#8211; As setas brancas indicam o transporte da fuma\u00e7a pelos ventos. Fonte: INPE<\/span><\/em><\/strong><\/p>\n<p class=\"added-to-list1\" data-pf_style_display=\"block\" data-pf_style_visibility=\"visible\"><br data-pf_style_display=\"inline\" data-pf_style_visibility=\"visible\" \/><span class=\"text-node\">A situa\u00e7\u00e3o das queimadas no Brasil \u00e9 preocupante, especialmente durante o inverno, quando as condi\u00e7\u00f5es clim\u00e1ticas favorecem a propaga\u00e7\u00e3o do fogo. O aumento nos focos de queimadas em 2024 em compara\u00e7\u00e3o com o ano anterior destaca a necessidade urgente de medidas para controlar e prevenir inc\u00eandios florestais, protegendo tanto o meio ambiente quanto a sa\u00fade p\u00fablica.<\/span><\/p>\n","protected":false},"excerpt":{"rendered":"<p>Portal Terra &#8211; Nos \u00faltimos dias, a fuma\u00e7a resultante das queimadas tem chegado ao sul do Brasil, transportada pela circula\u00e7\u00e3o dos ventos. T\u00e3o densa, essa fuma\u00e7a pode ser vista claramente por imagens de sat\u00e9lite, evidenciando a gravidade da situa\u00e7\u00e3o.<\/p>\n","protected":false},"author":1,"featured_media":0,"comment_status":"closed","ping_status":"open","sticky":false,"template":"","format":"standard","meta":{"_exactmetrics_skip_tracking":false,"_exactmetrics_sitenote_active":false,"_exactmetrics_sitenote_note":"","_exactmetrics_sitenote_category":0,"jetpack_post_was_ever_published":false,"_jetpack_newsletter_access":"","_jetpack_dont_email_post_to_subs":false,"_jetpack_newsletter_tier_id":0,"_jetpack_memberships_contains_paywalled_content":false,"_jetpack_memberships_contains_paid_content":false,"footnotes":"","jetpack_publicize_message":"","jetpack_publicize_feature_enabled":true,"jetpack_social_post_already_shared":true,"jetpack_social_options":{"image_generator_settings":{"template":"highway","enabled":false},"version":2}},"categories":[1],"tags":[605,295,1081],"class_list":["post-35721","post","type-post","status-publish","format-standard","hentry","category-notas","tag-fumaca","tag-queimadas","tag-sul"],"jetpack_publicize_connections":[],"jetpack_sharing_enabled":true,"jetpack_featured_media_url":"","jetpack_shortlink":"https:\/\/wp.me\/p7wKYW-9i9","jetpack-related-posts":[],"_links":{"self":[{"href":"http:\/\/blogdalucianaoliveira.com.br\/blog\/wp-json\/wp\/v2\/posts\/35721","targetHints":{"allow":["GET"]}}],"collection":[{"href":"http:\/\/blogdalucianaoliveira.com.br\/blog\/wp-json\/wp\/v2\/posts"}],"about":[{"href":"http:\/\/blogdalucianaoliveira.com.br\/blog\/wp-json\/wp\/v2\/types\/post"}],"author":[{"embeddable":true,"href":"http:\/\/blogdalucianaoliveira.com.br\/blog\/wp-json\/wp\/v2\/users\/1"}],"replies":[{"embeddable":true,"href":"http:\/\/blogdalucianaoliveira.com.br\/blog\/wp-json\/wp\/v2\/comments?post=35721"}],"version-history":[{"count":1,"href":"http:\/\/blogdalucianaoliveira.com.br\/blog\/wp-json\/wp\/v2\/posts\/35721\/revisions"}],"predecessor-version":[{"id":35723,"href":"http:\/\/blogdalucianaoliveira.com.br\/blog\/wp-json\/wp\/v2\/posts\/35721\/revisions\/35723"}],"wp:attachment":[{"href":"http:\/\/blogdalucianaoliveira.com.br\/blog\/wp-json\/wp\/v2\/media?parent=35721"}],"wp:term":[{"taxonomy":"category","embeddable":true,"href":"http:\/\/blogdalucianaoliveira.com.br\/blog\/wp-json\/wp\/v2\/categories?post=35721"},{"taxonomy":"post_tag","embeddable":true,"href":"http:\/\/blogdalucianaoliveira.com.br\/blog\/wp-json\/wp\/v2\/tags?post=35721"}],"curies":[{"name":"wp","href":"https:\/\/api.w.org\/{rel}","templated":true}]}}