{"id":35724,"date":"2024-08-05T21:31:20","date_gmt":"2024-08-06T01:31:20","guid":{"rendered":"http:\/\/blogdalucianaoliveira.com.br\/blog\/?p=35724"},"modified":"2024-08-05T21:35:05","modified_gmt":"2024-08-06T01:35:05","slug":"i-encontro-estadual-contra-o-feminicidio-transfeminicidio-e-lesbocidio-define-encaminhamentos","status":"publish","type":"post","link":"http:\/\/blogdalucianaoliveira.com.br\/blog\/2024\/08\/05\/i-encontro-estadual-contra-o-feminicidio-transfeminicidio-e-lesbocidio-define-encaminhamentos\/","title":{"rendered":"I Encontro Estadual contra o Feminic\u00eddio, Transfeminic\u00eddio e Lesboc\u00eddio define encaminhamentos"},"content":{"rendered":"<p><img data-recalc-dims=\"1\" loading=\"lazy\" decoding=\"async\" data-attachment-id=\"35726\" data-permalink=\"http:\/\/blogdalucianaoliveira.com.br\/blog\/2024\/08\/05\/i-encontro-estadual-contra-o-feminicidio-transfeminicidio-e-lesbocidio-define-encaminhamentos\/e8993972-e0f8-4ad7-9a91-9f27caeef6a3\/\" data-orig-file=\"https:\/\/i0.wp.com\/blogdalucianaoliveira.com.br\/blog\/wp-content\/uploads\/2024\/08\/E8993972-E0F8-4AD7-9A91-9F27CAEEF6A3-scaled.jpeg?fit=2560%2C2536\" data-orig-size=\"2560,2536\" data-comments-opened=\"0\" data-image-meta=\"{&quot;aperture&quot;:&quot;2.4&quot;,&quot;credit&quot;:&quot;&quot;,&quot;camera&quot;:&quot;iPhone 13&quot;,&quot;caption&quot;:&quot;&quot;,&quot;created_timestamp&quot;:&quot;1722705966&quot;,&quot;copyright&quot;:&quot;&quot;,&quot;focal_length&quot;:&quot;1.54&quot;,&quot;iso&quot;:&quot;500&quot;,&quot;shutter_speed&quot;:&quot;0.016666666666667&quot;,&quot;title&quot;:&quot;&quot;,&quot;orientation&quot;:&quot;1&quot;}\" data-image-title=\"E8993972-E0F8-4AD7-9A91-9F27CAEEF6A3\" data-image-description=\"\" data-image-caption=\"\" data-medium-file=\"https:\/\/i0.wp.com\/blogdalucianaoliveira.com.br\/blog\/wp-content\/uploads\/2024\/08\/E8993972-E0F8-4AD7-9A91-9F27CAEEF6A3-scaled.jpeg?fit=300%2C297\" data-large-file=\"https:\/\/i0.wp.com\/blogdalucianaoliveira.com.br\/blog\/wp-content\/uploads\/2024\/08\/E8993972-E0F8-4AD7-9A91-9F27CAEEF6A3-scaled.jpeg?fit=600%2C594\" class=\"alignnone size-full wp-image-35726\" src=\"https:\/\/i0.wp.com\/blogdalucianaoliveira.com.br\/blog\/wp-content\/uploads\/2024\/08\/E8993972-E0F8-4AD7-9A91-9F27CAEEF6A3-scaled.jpeg?resize=600%2C594\" alt=\"\" width=\"600\" height=\"594\" srcset=\"https:\/\/i0.wp.com\/blogdalucianaoliveira.com.br\/blog\/wp-content\/uploads\/2024\/08\/E8993972-E0F8-4AD7-9A91-9F27CAEEF6A3-scaled.jpeg?w=2560 2560w, https:\/\/i0.wp.com\/blogdalucianaoliveira.com.br\/blog\/wp-content\/uploads\/2024\/08\/E8993972-E0F8-4AD7-9A91-9F27CAEEF6A3-scaled.jpeg?resize=300%2C297 300w, https:\/\/i0.wp.com\/blogdalucianaoliveira.com.br\/blog\/wp-content\/uploads\/2024\/08\/E8993972-E0F8-4AD7-9A91-9F27CAEEF6A3-scaled.jpeg?resize=1024%2C1014 1024w, https:\/\/i0.wp.com\/blogdalucianaoliveira.com.br\/blog\/wp-content\/uploads\/2024\/08\/E8993972-E0F8-4AD7-9A91-9F27CAEEF6A3-scaled.jpeg?resize=150%2C150 150w, https:\/\/i0.wp.com\/blogdalucianaoliveira.com.br\/blog\/wp-content\/uploads\/2024\/08\/E8993972-E0F8-4AD7-9A91-9F27CAEEF6A3-scaled.jpeg?resize=768%2C761 768w, https:\/\/i0.wp.com\/blogdalucianaoliveira.com.br\/blog\/wp-content\/uploads\/2024\/08\/E8993972-E0F8-4AD7-9A91-9F27CAEEF6A3-scaled.jpeg?resize=1536%2C1521 1536w, https:\/\/i0.wp.com\/blogdalucianaoliveira.com.br\/blog\/wp-content\/uploads\/2024\/08\/E8993972-E0F8-4AD7-9A91-9F27CAEEF6A3-scaled.jpeg?resize=2048%2C2028 2048w, https:\/\/i0.wp.com\/blogdalucianaoliveira.com.br\/blog\/wp-content\/uploads\/2024\/08\/E8993972-E0F8-4AD7-9A91-9F27CAEEF6A3-scaled.jpeg?resize=303%2C300 303w, https:\/\/i0.wp.com\/blogdalucianaoliveira.com.br\/blog\/wp-content\/uploads\/2024\/08\/E8993972-E0F8-4AD7-9A91-9F27CAEEF6A3-scaled.jpeg?w=1200 1200w, https:\/\/i0.wp.com\/blogdalucianaoliveira.com.br\/blog\/wp-content\/uploads\/2024\/08\/E8993972-E0F8-4AD7-9A91-9F27CAEEF6A3-scaled.jpeg?w=1800 1800w\" sizes=\"auto, (max-width: 600px) 100vw, 600px\" \/><\/p>\n<p class=\"p1\">O primeiro passo foi dado para integrar Rond\u00f4nia \u00e0s a\u00e7\u00f5es preparat\u00f3rias ao encontro nacional que acontecer\u00e1 na segunda quinzena de novembro, em Bras\u00edlia.<\/p>\n<p class=\"p1\"><span class=\"s2\">\u00c9 um esfor\u00e7o nacional na luta contra o <\/span><span class=\"s1\">Feminic\u00eddio, Transfeminic\u00eddio e Lesboc\u00eddio, crimes que alcan\u00e7aram taxas ainda mais preocupantes no pa\u00eds. <\/span><!--more--><\/p>\n<p class=\"p1\"><span class=\"s2\">Em 2023, uma mulher morreu a cada 6 horas v\u00edtima de feminic\u00eddio no Brasil, segundo levantamento do F\u00f3rum Brasileiro de Seguran\u00e7a P\u00fablica.<\/span><\/p>\n<p class=\"p1\"><span class=\"s2\">Foram 1.463 mulheres v\u00edtimas desse tipo de crime, o que representa um aumento de 1,6% na compara\u00e7\u00e3o com o ano de 2022. \u00c9 o maior registro desde a cria\u00e7\u00e3o da lei, em 2015.<\/span><\/p>\n<p class=\"p1\"><span class=\"s2\">Rond\u00f4nia ocupa o primeiro lugar no ranking de feminic\u00eddios e o segundo lugar em homic\u00eddios de mulheres.<\/span><\/p>\n<p><img data-recalc-dims=\"1\" loading=\"lazy\" decoding=\"async\" data-attachment-id=\"35725\" data-permalink=\"http:\/\/blogdalucianaoliveira.com.br\/blog\/2024\/08\/05\/i-encontro-estadual-contra-o-feminicidio-transfeminicidio-e-lesbocidio-define-encaminhamentos\/img_7718\/\" data-orig-file=\"https:\/\/i0.wp.com\/blogdalucianaoliveira.com.br\/blog\/wp-content\/uploads\/2024\/08\/IMG_7718.jpeg?fit=1080%2C1066\" data-orig-size=\"1080,1066\" data-comments-opened=\"0\" data-image-meta=\"{&quot;aperture&quot;:&quot;0&quot;,&quot;credit&quot;:&quot;&quot;,&quot;camera&quot;:&quot;&quot;,&quot;caption&quot;:&quot;&quot;,&quot;created_timestamp&quot;:&quot;0&quot;,&quot;copyright&quot;:&quot;&quot;,&quot;focal_length&quot;:&quot;0&quot;,&quot;iso&quot;:&quot;0&quot;,&quot;shutter_speed&quot;:&quot;0&quot;,&quot;title&quot;:&quot;&quot;,&quot;orientation&quot;:&quot;0&quot;}\" data-image-title=\"IMG_7718\" data-image-description=\"\" data-image-caption=\"\" data-medium-file=\"https:\/\/i0.wp.com\/blogdalucianaoliveira.com.br\/blog\/wp-content\/uploads\/2024\/08\/IMG_7718.jpeg?fit=300%2C296\" data-large-file=\"https:\/\/i0.wp.com\/blogdalucianaoliveira.com.br\/blog\/wp-content\/uploads\/2024\/08\/IMG_7718.jpeg?fit=600%2C592\" class=\"alignnone size-full wp-image-35725\" src=\"https:\/\/i0.wp.com\/blogdalucianaoliveira.com.br\/blog\/wp-content\/uploads\/2024\/08\/IMG_7718.jpeg?resize=600%2C592\" alt=\"\" width=\"600\" height=\"592\" srcset=\"https:\/\/i0.wp.com\/blogdalucianaoliveira.com.br\/blog\/wp-content\/uploads\/2024\/08\/IMG_7718.jpeg?w=1080 1080w, https:\/\/i0.wp.com\/blogdalucianaoliveira.com.br\/blog\/wp-content\/uploads\/2024\/08\/IMG_7718.jpeg?resize=300%2C296 300w, https:\/\/i0.wp.com\/blogdalucianaoliveira.com.br\/blog\/wp-content\/uploads\/2024\/08\/IMG_7718.jpeg?resize=1024%2C1011 1024w, https:\/\/i0.wp.com\/blogdalucianaoliveira.com.br\/blog\/wp-content\/uploads\/2024\/08\/IMG_7718.jpeg?resize=768%2C758 768w, https:\/\/i0.wp.com\/blogdalucianaoliveira.com.br\/blog\/wp-content\/uploads\/2024\/08\/IMG_7718.jpeg?resize=304%2C300 304w\" sizes=\"auto, (max-width: 600px) 100vw, 600px\" \/><\/p>\n<p class=\"p1\"><span class=\"s2\">Com o encontro em Ji-paran\u00e1, as mulheres promovem o <\/span><span class=\"s2\">engajamento social, pol\u00edtico e cultural de participa\u00e7\u00e3o e <\/span>fortalecimento da Campanha Nacional &#8220;Nem Pense em Nos Matar, quem mata uma mulher, mata a humanidade&#8221;, do Levante Feminista.<\/p>\n<p><img data-recalc-dims=\"1\" loading=\"lazy\" decoding=\"async\" data-attachment-id=\"35732\" data-permalink=\"http:\/\/blogdalucianaoliveira.com.br\/blog\/2024\/08\/05\/i-encontro-estadual-contra-o-feminicidio-transfeminicidio-e-lesbocidio-define-encaminhamentos\/img_7481\/\" data-orig-file=\"https:\/\/i0.wp.com\/blogdalucianaoliveira.com.br\/blog\/wp-content\/uploads\/2024\/08\/IMG_7481-scaled.jpeg?fit=1920%2C2560\" data-orig-size=\"1920,2560\" data-comments-opened=\"0\" data-image-meta=\"{&quot;aperture&quot;:&quot;1.6&quot;,&quot;credit&quot;:&quot;&quot;,&quot;camera&quot;:&quot;iPhone 13&quot;,&quot;caption&quot;:&quot;&quot;,&quot;created_timestamp&quot;:&quot;1722626266&quot;,&quot;copyright&quot;:&quot;&quot;,&quot;focal_length&quot;:&quot;5.1&quot;,&quot;iso&quot;:&quot;32&quot;,&quot;shutter_speed&quot;:&quot;0.035714285714286&quot;,&quot;title&quot;:&quot;&quot;,&quot;orientation&quot;:&quot;1&quot;}\" data-image-title=\"IMG_7481\" data-image-description=\"\" data-image-caption=\"\" data-medium-file=\"https:\/\/i0.wp.com\/blogdalucianaoliveira.com.br\/blog\/wp-content\/uploads\/2024\/08\/IMG_7481-scaled.jpeg?fit=225%2C300\" data-large-file=\"https:\/\/i0.wp.com\/blogdalucianaoliveira.com.br\/blog\/wp-content\/uploads\/2024\/08\/IMG_7481-scaled.jpeg?fit=600%2C800\" class=\"alignnone size-full wp-image-35732\" src=\"https:\/\/i0.wp.com\/blogdalucianaoliveira.com.br\/blog\/wp-content\/uploads\/2024\/08\/IMG_7481-scaled.jpeg?resize=600%2C800\" alt=\"\" width=\"600\" height=\"800\" srcset=\"https:\/\/i0.wp.com\/blogdalucianaoliveira.com.br\/blog\/wp-content\/uploads\/2024\/08\/IMG_7481-scaled.jpeg?w=1920 1920w, https:\/\/i0.wp.com\/blogdalucianaoliveira.com.br\/blog\/wp-content\/uploads\/2024\/08\/IMG_7481-scaled.jpeg?resize=225%2C300 225w, https:\/\/i0.wp.com\/blogdalucianaoliveira.com.br\/blog\/wp-content\/uploads\/2024\/08\/IMG_7481-scaled.jpeg?resize=768%2C1024 768w, https:\/\/i0.wp.com\/blogdalucianaoliveira.com.br\/blog\/wp-content\/uploads\/2024\/08\/IMG_7481-scaled.jpeg?resize=1152%2C1536 1152w, https:\/\/i0.wp.com\/blogdalucianaoliveira.com.br\/blog\/wp-content\/uploads\/2024\/08\/IMG_7481-scaled.jpeg?resize=1536%2C2048 1536w, https:\/\/i0.wp.com\/blogdalucianaoliveira.com.br\/blog\/wp-content\/uploads\/2024\/08\/IMG_7481-scaled.jpeg?w=1800 1800w\" sizes=\"auto, (max-width: 600px) 100vw, 600px\" \/><\/p>\n<p class=\"p1\"><span class=\"s2\">\u201cNossa luta e resist\u00eancia criou <\/span>elos e semeou Girass\u00f3is pelo Estado de Rond\u00f4nia, na miss\u00e3o de assegurar por meio do Plano de A\u00e7\u00e3o e da Carta de Ji Paran\u00e1 a ado\u00e7\u00e3o de <span class=\"s2\">medidas pela fim da Viol\u00eancia contra Mulher\u201d, disse Benedita Nascimento do Levante Feminista de Rond\u00f4nia.<\/span><\/p>\n<p><img data-recalc-dims=\"1\" loading=\"lazy\" decoding=\"async\" data-attachment-id=\"35729\" data-permalink=\"http:\/\/blogdalucianaoliveira.com.br\/blog\/2024\/08\/05\/i-encontro-estadual-contra-o-feminicidio-transfeminicidio-e-lesbocidio-define-encaminhamentos\/img_7607-2\/\" data-orig-file=\"https:\/\/i0.wp.com\/blogdalucianaoliveira.com.br\/blog\/wp-content\/uploads\/2024\/08\/IMG_7607-scaled.jpeg?fit=2560%2C1920\" data-orig-size=\"2560,1920\" data-comments-opened=\"0\" data-image-meta=\"{&quot;aperture&quot;:&quot;1.6&quot;,&quot;credit&quot;:&quot;&quot;,&quot;camera&quot;:&quot;iPhone 13&quot;,&quot;caption&quot;:&quot;&quot;,&quot;created_timestamp&quot;:&quot;1722702063&quot;,&quot;copyright&quot;:&quot;&quot;,&quot;focal_length&quot;:&quot;5.1&quot;,&quot;iso&quot;:&quot;100&quot;,&quot;shutter_speed&quot;:&quot;0.016666666666667&quot;,&quot;title&quot;:&quot;&quot;,&quot;orientation&quot;:&quot;1&quot;}\" data-image-title=\"IMG_7607\" data-image-description=\"\" data-image-caption=\"\" data-medium-file=\"https:\/\/i0.wp.com\/blogdalucianaoliveira.com.br\/blog\/wp-content\/uploads\/2024\/08\/IMG_7607-scaled.jpeg?fit=300%2C225\" data-large-file=\"https:\/\/i0.wp.com\/blogdalucianaoliveira.com.br\/blog\/wp-content\/uploads\/2024\/08\/IMG_7607-scaled.jpeg?fit=600%2C450\" class=\"alignnone size-full wp-image-35729\" src=\"https:\/\/i0.wp.com\/blogdalucianaoliveira.com.br\/blog\/wp-content\/uploads\/2024\/08\/IMG_7607-scaled.jpeg?resize=600%2C450\" alt=\"\" width=\"600\" height=\"450\" srcset=\"https:\/\/i0.wp.com\/blogdalucianaoliveira.com.br\/blog\/wp-content\/uploads\/2024\/08\/IMG_7607-scaled.jpeg?w=2560 2560w, https:\/\/i0.wp.com\/blogdalucianaoliveira.com.br\/blog\/wp-content\/uploads\/2024\/08\/IMG_7607-scaled.jpeg?resize=300%2C225 300w, https:\/\/i0.wp.com\/blogdalucianaoliveira.com.br\/blog\/wp-content\/uploads\/2024\/08\/IMG_7607-scaled.jpeg?resize=1024%2C768 1024w, https:\/\/i0.wp.com\/blogdalucianaoliveira.com.br\/blog\/wp-content\/uploads\/2024\/08\/IMG_7607-scaled.jpeg?resize=768%2C576 768w, https:\/\/i0.wp.com\/blogdalucianaoliveira.com.br\/blog\/wp-content\/uploads\/2024\/08\/IMG_7607-scaled.jpeg?resize=1536%2C1152 1536w, https:\/\/i0.wp.com\/blogdalucianaoliveira.com.br\/blog\/wp-content\/uploads\/2024\/08\/IMG_7607-scaled.jpeg?resize=2048%2C1536 2048w, https:\/\/i0.wp.com\/blogdalucianaoliveira.com.br\/blog\/wp-content\/uploads\/2024\/08\/IMG_7607-scaled.jpeg?resize=400%2C300 400w, https:\/\/i0.wp.com\/blogdalucianaoliveira.com.br\/blog\/wp-content\/uploads\/2024\/08\/IMG_7607-scaled.jpeg?w=1200 1200w, https:\/\/i0.wp.com\/blogdalucianaoliveira.com.br\/blog\/wp-content\/uploads\/2024\/08\/IMG_7607-scaled.jpeg?w=1800 1800w\" sizes=\"auto, (max-width: 600px) 100vw, 600px\" \/> <img data-recalc-dims=\"1\" loading=\"lazy\" decoding=\"async\" data-attachment-id=\"35731\" data-permalink=\"http:\/\/blogdalucianaoliveira.com.br\/blog\/2024\/08\/05\/i-encontro-estadual-contra-o-feminicidio-transfeminicidio-e-lesbocidio-define-encaminhamentos\/img_7579\/\" data-orig-file=\"https:\/\/i0.wp.com\/blogdalucianaoliveira.com.br\/blog\/wp-content\/uploads\/2024\/08\/IMG_7579-scaled.jpeg?fit=2560%2C1920\" data-orig-size=\"2560,1920\" data-comments-opened=\"0\" data-image-meta=\"{&quot;aperture&quot;:&quot;2.4&quot;,&quot;credit&quot;:&quot;&quot;,&quot;camera&quot;:&quot;iPhone 13&quot;,&quot;caption&quot;:&quot;&quot;,&quot;created_timestamp&quot;:&quot;1722684455&quot;,&quot;copyright&quot;:&quot;&quot;,&quot;focal_length&quot;:&quot;1.54&quot;,&quot;iso&quot;:&quot;500&quot;,&quot;shutter_speed&quot;:&quot;0.016666666666667&quot;,&quot;title&quot;:&quot;&quot;,&quot;orientation&quot;:&quot;1&quot;}\" data-image-title=\"IMG_7579\" data-image-description=\"\" data-image-caption=\"\" data-medium-file=\"https:\/\/i0.wp.com\/blogdalucianaoliveira.com.br\/blog\/wp-content\/uploads\/2024\/08\/IMG_7579-scaled.jpeg?fit=300%2C225\" data-large-file=\"https:\/\/i0.wp.com\/blogdalucianaoliveira.com.br\/blog\/wp-content\/uploads\/2024\/08\/IMG_7579-scaled.jpeg?fit=600%2C450\" class=\"alignnone size-full wp-image-35731\" src=\"https:\/\/i0.wp.com\/blogdalucianaoliveira.com.br\/blog\/wp-content\/uploads\/2024\/08\/IMG_7579-scaled.jpeg?resize=600%2C450\" alt=\"\" width=\"600\" height=\"450\" srcset=\"https:\/\/i0.wp.com\/blogdalucianaoliveira.com.br\/blog\/wp-content\/uploads\/2024\/08\/IMG_7579-scaled.jpeg?w=2560 2560w, https:\/\/i0.wp.com\/blogdalucianaoliveira.com.br\/blog\/wp-content\/uploads\/2024\/08\/IMG_7579-scaled.jpeg?resize=300%2C225 300w, https:\/\/i0.wp.com\/blogdalucianaoliveira.com.br\/blog\/wp-content\/uploads\/2024\/08\/IMG_7579-scaled.jpeg?resize=1024%2C768 1024w, https:\/\/i0.wp.com\/blogdalucianaoliveira.com.br\/blog\/wp-content\/uploads\/2024\/08\/IMG_7579-scaled.jpeg?resize=768%2C576 768w, https:\/\/i0.wp.com\/blogdalucianaoliveira.com.br\/blog\/wp-content\/uploads\/2024\/08\/IMG_7579-scaled.jpeg?resize=1536%2C1152 1536w, https:\/\/i0.wp.com\/blogdalucianaoliveira.com.br\/blog\/wp-content\/uploads\/2024\/08\/IMG_7579-scaled.jpeg?resize=2048%2C1536 2048w, https:\/\/i0.wp.com\/blogdalucianaoliveira.com.br\/blog\/wp-content\/uploads\/2024\/08\/IMG_7579-scaled.jpeg?resize=400%2C300 400w, https:\/\/i0.wp.com\/blogdalucianaoliveira.com.br\/blog\/wp-content\/uploads\/2024\/08\/IMG_7579-scaled.jpeg?w=1200 1200w, https:\/\/i0.wp.com\/blogdalucianaoliveira.com.br\/blog\/wp-content\/uploads\/2024\/08\/IMG_7579-scaled.jpeg?w=1800 1800w\" sizes=\"auto, (max-width: 600px) 100vw, 600px\" \/><\/p>\n<p class=\"p1\"><span class=\"s2\">Depois de um dia inteiro de di\u00e1logos com palestrantes e em forma\u00e7\u00e3o de grupos de trabalho, foram definidos os seguintes encaminhamentos:<\/span><\/p>\n<p class=\"p1\"><span class=\"s2\"> 1. Que os governos (Federal, Estadual e Municipal) se <\/span>empenhem na amplia\u00e7\u00e3o dos servi\u00e7os de prote\u00e7\u00e3o social e <span class=\"s2\">seguran\u00e7a de mulheres e meninas;<\/span><\/p>\n<p class=\"p1\"><span class=\"s2\">2. Implanta\u00e7\u00e3o de mais delegacias de mulheres nos <\/span>munic\u00edpios, com funcionamento e atendimento assistido 24h;<\/p>\n<p class=\"p1\"><span class=\"s2\">3. Que sejam implementadas <\/span><span class=\"s2\">as Patrulhas Maria da Penha nos 52 munic\u00edpios de Rond\u00f4nia;<\/span><\/p>\n<p class=\"p1\"><span class=\"s2\"> 4. Que sejam implementados os servi\u00e7os socioassistenciais <\/span><span class=\"s2\">de CRAS, CREAS, e de Sa\u00fade com atendimento <\/span><span class=\"s2\">multidisciplinar \u00e0s mulheres v\u00edtimas de viol\u00eancias, baseados <\/span>em g\u00eanero e suas fam\u00edlias;<\/p>\n<p class=\"p1\"><span class=\"s2\">5. Que sejam <\/span>destinados e efetivados recursos para o fundo do Conselho Estadual de Defesa <span class=\"s2\">dos Direito da Mulher, com a garantia de autonomia e <\/span>poder de decis\u00e3o sobre a gest\u00e3o do recurso;<\/p>\n<p class=\"p1\"><span class=\"s2\"> 5. Que sejam implantados os <\/span>Conselhos Municipais de Defesa dos Direitos da Mulher nos munic\u00edpios onde n\u00e3o existem;<\/p>\n<p class=\"p1\"><span class=\"s2\">6. Que seja priorizada no or\u00e7amento a Mulher, para efetiva\u00e7\u00e3o de a\u00e7\u00f5es que promovam a prote\u00e7\u00e3o de mulheres e meninas;<\/span><\/p>\n<p class=\"p1\"><span class=\"s2\">7. Que as pol\u00edticas p\u00fablicas <\/span><span class=\"s2\">voltadas para as mulheres, sejam implementadas, promovidas e efetivadas, de <\/span>forma permanente, com a\u00e7\u00f5es de preven\u00e7\u00e3o \u00e0 viol\u00eancia e prote\u00e7\u00e3o social das mulheres;<\/p>\n<p class=\"p1\"><span class=\"s2\">8. Que os \u00f3rg\u00e3os de controle e defensoria, Cras, CREAS e <\/span><span class=\"s2\">DEAMS, IML e judici\u00e1rio tenham aparelhamento <\/span><span class=\"s2\">adequado, com a\u00e7\u00f5es permanentes para cumprirem <\/span><span class=\"s2\">seu papel na defesa, prote\u00e7\u00e3o <\/span>e garantia dos direitos humanos de mulheres e meninas.<\/p>\n<p>&nbsp;<\/p>\n<p class=\"p1\"><span class=\"s2\">No encontro estadual tamb\u00e9m foram indicadas as representantes dos segmentos sociais e coletivos <\/span>que ir\u00e3o representar o estado no encontro Nacional do Levante Feminista.<\/p>\n<p class=\"p1\"><span class=\"s2\">S\u00e3o elas:<\/span><\/p>\n<p class=\"p1\"><span class=\"s2\">Mulheres Trans<\/span><\/p>\n<p class=\"p1\"><span class=\"s2\">Nome: Stella Willians Vieira da Silva<\/span><\/p>\n<p class=\"p1\"><span class=\"s2\">Municipio: CACOAL<\/span><\/p>\n<p class=\"p1\"><span class=\"s2\">Mulheres Rurais:<\/span><\/p>\n<p class=\"p1\"><span class=\"s2\">Nome: Rosilei Nillio\/FETAGRO<\/span><\/p>\n<p class=\"p1\"><span class=\"s2\">Municipio: Urup\u00e1<\/span><\/p>\n<p class=\"p1\"><span class=\"s2\">Mulheres Sindicalistas:<\/span><\/p>\n<p class=\"p1\"><span class=\"s2\">Elzilene Nascimento\/CUTRO<\/span><\/p>\n<p class=\"p1\"><span class=\"s2\">Municipio: Presidente M\u00e9dice <\/span><\/p>\n<p class=\"p1\"><span class=\"s2\">Mulheres Ind\u00edgenas<\/span><\/p>\n<p class=\"p1\"><span class=\"s2\">Nome: Najela Braga Mendes Wajuru<\/span><\/p>\n<p class=\"p1\"><span class=\"s2\">Municipio: Ji Paran\u00e1 <\/span><\/p>\n<p class=\"p1\"><span class=\"s2\">Mulheres Negras<\/span><\/p>\n<p class=\"p1\"><span class=\"s2\">Nome: Rosa Negra\/MNU<\/span><\/p>\n<p class=\"p1\"><span class=\"s2\">Munic\u00edpio: Porto Velho<\/span><\/p>\n<p class=\"p1\"><span class=\"s2\">Mulheres Coletivos Feministas urbanos<\/span><\/p>\n<p class=\"p1\"><span class=\"s2\">Vera Regina Nascimento <\/span><\/p>\n<p class=\"p1\"><span class=\"s2\">F\u00f3rum Popular de Mulheres<\/span><\/p>\n<p class=\"p1\"><span class=\"s2\">Alcione Faial<\/span><\/p>\n<p class=\"p1\"><span class=\"s2\">Coletivo Pr\u00f3- Mulher<\/span><\/p>\n<p class=\"p1\"><span class=\"s2\">Municipio: Porto Velho<\/span><\/p>\n<p class=\"p1\"><span class=\"s2\">\u201cVidel&#8221; Bruna Alencar Fran\u00e7a Lima<\/span><\/p>\n<p class=\"p1\"><span class=\"s2\">Munic\u00edpio: Cacoal<\/span><\/p>\n<p class=\"p1\"><span class=\"s2\">Maria Luiza<\/span><\/p>\n<p class=\"p1\"><span class=\"s2\">Municipio: Pimenta Bueno<\/span><\/p>\n<p><span class=\"s2\">Marilete\/SINTERO<\/span><\/p>\n<p class=\"p1\"><span class=\"s2\">Municipio: Guajar\u00e1<span class=\"Apple-converted-space\">\u00a0 <\/span>Mirim<\/span><\/p>\n<p class=\"p1\"><span class=\"s2\">Convidadas Observadoras:<\/span><\/p>\n<p class=\"p1\"><span class=\"s2\">Luciana Oliveira- jornalista e comunicadora social- Ativista, Feminista e ambientalista<\/span><\/p>\n<p class=\"p1\"><span class=\"s2\">Vereadora: Vera M\u00e1rcia, Mulher Negra, feminista e parlamentar<\/span><\/p>\n<p><img data-recalc-dims=\"1\" loading=\"lazy\" decoding=\"async\" data-attachment-id=\"35734\" data-permalink=\"http:\/\/blogdalucianaoliveira.com.br\/blog\/2024\/08\/05\/i-encontro-estadual-contra-o-feminicidio-transfeminicidio-e-lesbocidio-define-encaminhamentos\/img_7514\/\" data-orig-file=\"https:\/\/i0.wp.com\/blogdalucianaoliveira.com.br\/blog\/wp-content\/uploads\/2024\/08\/IMG_7514-scaled.jpeg?fit=2560%2C1920\" data-orig-size=\"2560,1920\" data-comments-opened=\"0\" data-image-meta=\"{&quot;aperture&quot;:&quot;2.4&quot;,&quot;credit&quot;:&quot;&quot;,&quot;camera&quot;:&quot;iPhone 13&quot;,&quot;caption&quot;:&quot;&quot;,&quot;created_timestamp&quot;:&quot;1722674582&quot;,&quot;copyright&quot;:&quot;&quot;,&quot;focal_length&quot;:&quot;1.54&quot;,&quot;iso&quot;:&quot;40&quot;,&quot;shutter_speed&quot;:&quot;0.01010101010101&quot;,&quot;title&quot;:&quot;&quot;,&quot;orientation&quot;:&quot;1&quot;}\" data-image-title=\"IMG_7514\" data-image-description=\"\" data-image-caption=\"\" data-medium-file=\"https:\/\/i0.wp.com\/blogdalucianaoliveira.com.br\/blog\/wp-content\/uploads\/2024\/08\/IMG_7514-scaled.jpeg?fit=300%2C225\" data-large-file=\"https:\/\/i0.wp.com\/blogdalucianaoliveira.com.br\/blog\/wp-content\/uploads\/2024\/08\/IMG_7514-scaled.jpeg?fit=600%2C450\" class=\"alignnone size-full wp-image-35734\" src=\"https:\/\/i0.wp.com\/blogdalucianaoliveira.com.br\/blog\/wp-content\/uploads\/2024\/08\/IMG_7514-scaled.jpeg?resize=600%2C450\" alt=\"\" width=\"600\" height=\"450\" srcset=\"https:\/\/i0.wp.com\/blogdalucianaoliveira.com.br\/blog\/wp-content\/uploads\/2024\/08\/IMG_7514-scaled.jpeg?w=2560 2560w, https:\/\/i0.wp.com\/blogdalucianaoliveira.com.br\/blog\/wp-content\/uploads\/2024\/08\/IMG_7514-scaled.jpeg?resize=300%2C225 300w, https:\/\/i0.wp.com\/blogdalucianaoliveira.com.br\/blog\/wp-content\/uploads\/2024\/08\/IMG_7514-scaled.jpeg?resize=1024%2C768 1024w, https:\/\/i0.wp.com\/blogdalucianaoliveira.com.br\/blog\/wp-content\/uploads\/2024\/08\/IMG_7514-scaled.jpeg?resize=768%2C576 768w, https:\/\/i0.wp.com\/blogdalucianaoliveira.com.br\/blog\/wp-content\/uploads\/2024\/08\/IMG_7514-scaled.jpeg?resize=1536%2C1152 1536w, https:\/\/i0.wp.com\/blogdalucianaoliveira.com.br\/blog\/wp-content\/uploads\/2024\/08\/IMG_7514-scaled.jpeg?resize=2048%2C1536 2048w, https:\/\/i0.wp.com\/blogdalucianaoliveira.com.br\/blog\/wp-content\/uploads\/2024\/08\/IMG_7514-scaled.jpeg?resize=400%2C300 400w, https:\/\/i0.wp.com\/blogdalucianaoliveira.com.br\/blog\/wp-content\/uploads\/2024\/08\/IMG_7514-scaled.jpeg?w=1200 1200w, https:\/\/i0.wp.com\/blogdalucianaoliveira.com.br\/blog\/wp-content\/uploads\/2024\/08\/IMG_7514-scaled.jpeg?w=1800 1800w\" sizes=\"auto, (max-width: 600px) 100vw, 600px\" \/><\/p>\n<p class=\"p1\"><span class=\"s1\">A <\/span><span class=\"s1\">Carta de Ji Paran\u00e1 como resultado do 1\u00b0 Encontro <\/span><span class=\"s1\">Estadual, ser\u00e1 entregue \u00e0s autoridades p\u00fablicas dos poderes <\/span><span class=\"s1\">executivo, legislativo e judici\u00e1rio.<\/span><\/p>\n<p class=\"p1\">\n","protected":false},"excerpt":{"rendered":"<p>O primeiro passo foi dado para integrar Rond\u00f4nia \u00e0s a\u00e7\u00f5es preparat\u00f3rias ao encontro nacional que acontecer\u00e1 na segunda quinzena de novembro, em Bras\u00edlia. \u00c9 um esfor\u00e7o nacional na luta contra o Feminic\u00eddio, Transfeminic\u00eddio e Lesboc\u00eddio, crimes que alcan\u00e7aram taxas ainda mais preocupantes no pa\u00eds.<\/p>\n","protected":false},"author":1,"featured_media":0,"comment_status":"closed","ping_status":"open","sticky":false,"template":"","format":"standard","meta":{"_exactmetrics_skip_tracking":false,"_exactmetrics_sitenote_active":false,"_exactmetrics_sitenote_note":"","_exactmetrics_sitenote_category":0,"jetpack_post_was_ever_published":false,"_jetpack_newsletter_access":"","_jetpack_dont_email_post_to_subs":false,"_jetpack_newsletter_tier_id":0,"_jetpack_memberships_contains_paywalled_content":false,"_jetpack_memberships_contains_paid_content":false,"footnotes":"","jetpack_publicize_message":"","jetpack_publicize_feature_enabled":true,"jetpack_social_post_already_shared":true,"jetpack_social_options":{"image_generator_settings":{"template":"highway","enabled":false},"version":2}},"categories":[1],"tags":[319,1075,7,1055],"class_list":["post-35724","post","type-post","status-publish","format-standard","hentry","category-notas","tag-feminicidio","tag-levante-feminista","tag-rondonia","tag-violencia-contra-a-mulher"],"jetpack_publicize_connections":[],"jetpack_sharing_enabled":true,"jetpack_featured_media_url":"","jetpack_shortlink":"https:\/\/wp.me\/p7wKYW-9ic","jetpack-related-posts":[],"_links":{"self":[{"href":"http:\/\/blogdalucianaoliveira.com.br\/blog\/wp-json\/wp\/v2\/posts\/35724","targetHints":{"allow":["GET"]}}],"collection":[{"href":"http:\/\/blogdalucianaoliveira.com.br\/blog\/wp-json\/wp\/v2\/posts"}],"about":[{"href":"http:\/\/blogdalucianaoliveira.com.br\/blog\/wp-json\/wp\/v2\/types\/post"}],"author":[{"embeddable":true,"href":"http:\/\/blogdalucianaoliveira.com.br\/blog\/wp-json\/wp\/v2\/users\/1"}],"replies":[{"embeddable":true,"href":"http:\/\/blogdalucianaoliveira.com.br\/blog\/wp-json\/wp\/v2\/comments?post=35724"}],"version-history":[{"count":5,"href":"http:\/\/blogdalucianaoliveira.com.br\/blog\/wp-json\/wp\/v2\/posts\/35724\/revisions"}],"predecessor-version":[{"id":35737,"href":"http:\/\/blogdalucianaoliveira.com.br\/blog\/wp-json\/wp\/v2\/posts\/35724\/revisions\/35737"}],"wp:attachment":[{"href":"http:\/\/blogdalucianaoliveira.com.br\/blog\/wp-json\/wp\/v2\/media?parent=35724"}],"wp:term":[{"taxonomy":"category","embeddable":true,"href":"http:\/\/blogdalucianaoliveira.com.br\/blog\/wp-json\/wp\/v2\/categories?post=35724"},{"taxonomy":"post_tag","embeddable":true,"href":"http:\/\/blogdalucianaoliveira.com.br\/blog\/wp-json\/wp\/v2\/tags?post=35724"}],"curies":[{"name":"wp","href":"https:\/\/api.w.org\/{rel}","templated":true}]}}