{"id":35755,"date":"2024-08-07T12:26:04","date_gmt":"2024-08-07T16:26:04","guid":{"rendered":"http:\/\/blogdalucianaoliveira.com.br\/blog\/?p=35755"},"modified":"2024-08-07T12:26:04","modified_gmt":"2024-08-07T16:26:04","slug":"olimpiadas-das-mulheres-pretas-o-protagonismo-das-atletas-negras-do-brasil","status":"publish","type":"post","link":"http:\/\/blogdalucianaoliveira.com.br\/blog\/2024\/08\/07\/olimpiadas-das-mulheres-pretas-o-protagonismo-das-atletas-negras-do-brasil\/","title":{"rendered":"&#8216;Olimp\u00edadas das mulheres pretas&#8217;: o protagonismo das atletas negras do Brasil"},"content":{"rendered":"<p><img data-recalc-dims=\"1\" loading=\"lazy\" decoding=\"async\" data-attachment-id=\"35759\" data-permalink=\"http:\/\/blogdalucianaoliveira.com.br\/blog\/2024\/08\/07\/olimpiadas-das-mulheres-pretas-o-protagonismo-das-atletas-negras-do-brasil\/img_7765\/\" data-orig-file=\"https:\/\/i0.wp.com\/blogdalucianaoliveira.com.br\/blog\/wp-content\/uploads\/2024\/08\/IMG_7765.jpeg?fit=1119%2C656\" data-orig-size=\"1119,656\" data-comments-opened=\"0\" data-image-meta=\"{&quot;aperture&quot;:&quot;0&quot;,&quot;credit&quot;:&quot;&quot;,&quot;camera&quot;:&quot;&quot;,&quot;caption&quot;:&quot;&quot;,&quot;created_timestamp&quot;:&quot;0&quot;,&quot;copyright&quot;:&quot;&quot;,&quot;focal_length&quot;:&quot;0&quot;,&quot;iso&quot;:&quot;0&quot;,&quot;shutter_speed&quot;:&quot;0&quot;,&quot;title&quot;:&quot;&quot;,&quot;orientation&quot;:&quot;1&quot;}\" data-image-title=\"IMG_7765\" data-image-description=\"\" data-image-caption=\"\" data-medium-file=\"https:\/\/i0.wp.com\/blogdalucianaoliveira.com.br\/blog\/wp-content\/uploads\/2024\/08\/IMG_7765.jpeg?fit=300%2C176\" data-large-file=\"https:\/\/i0.wp.com\/blogdalucianaoliveira.com.br\/blog\/wp-content\/uploads\/2024\/08\/IMG_7765.jpeg?fit=600%2C352\" class=\"alignnone size-full wp-image-35759\" src=\"https:\/\/i0.wp.com\/blogdalucianaoliveira.com.br\/blog\/wp-content\/uploads\/2024\/08\/IMG_7765.jpeg?resize=600%2C352\" alt=\"\" width=\"600\" height=\"352\" srcset=\"https:\/\/i0.wp.com\/blogdalucianaoliveira.com.br\/blog\/wp-content\/uploads\/2024\/08\/IMG_7765.jpeg?w=1119 1119w, https:\/\/i0.wp.com\/blogdalucianaoliveira.com.br\/blog\/wp-content\/uploads\/2024\/08\/IMG_7765.jpeg?resize=300%2C176 300w, https:\/\/i0.wp.com\/blogdalucianaoliveira.com.br\/blog\/wp-content\/uploads\/2024\/08\/IMG_7765.jpeg?resize=1024%2C600 1024w, https:\/\/i0.wp.com\/blogdalucianaoliveira.com.br\/blog\/wp-content\/uploads\/2024\/08\/IMG_7765.jpeg?resize=768%2C450 768w, https:\/\/i0.wp.com\/blogdalucianaoliveira.com.br\/blog\/wp-content\/uploads\/2024\/08\/IMG_7765.jpeg?resize=512%2C300 512w\" sizes=\"auto, (max-width: 600px) 100vw, 600px\" \/><\/p>\n<div class=\"bbc-19j92fr ebmt73l0\" dir=\"ltr\">\n<p class=\"bbc-hhl7in e17g058b0\" dir=\"ltr\">\n<p><span role=\"text\"><span class=\"bbc-1ypcc2\">Vitor Tavares, <\/span><\/span><span role=\"text\"><span class=\"bbc-1y5sx98\">Da BBC News Brasil em S\u00e3o Paulo &#8211; <\/span><\/span>&#8220;Mulherada, pretos e pretas, \u00e9 poss\u00edvel&#8221;. Com um sorriso estampado no rosto, a judoca <a class=\"focusIndicatorReducedWidth bbc-n8oauk e1p3sufg0\" href=\"https:\/\/www.bbc.com\/portuguese\/articles\/c0w4wqlyrw1o\">Beatriz Souza<\/a> mandou o recado a milh\u00f5es de brasileiros logo ap\u00f3s conquistar a primeira medalha de ouro do pa\u00eds nos <a class=\"focusIndicatorReducedWidth bbc-n8oauk e1p3sufg0\" href=\"https:\/\/www.bbc.com\/portuguese\/topics\/cj0rxv06010t\">Jogos Ol\u00edmpicos de Paris 2024<\/a>.<\/p>\n<\/div>\n<p><!--more--><\/p>\n<div class=\"bbc-19j92fr ebmt73l0\" dir=\"ltr\">\n<p class=\"bbc-hhl7in e17g058b0\" dir=\"ltr\">Tamb\u00e9m feliz em &#8220;representar a negritude&#8221;, a ginasta <a class=\"focusIndicatorReducedWidth bbc-n8oauk e1p3sufg0\" href=\"https:\/\/www.bbc.com\/portuguese\/articles\/crgly6136y1o\">Rebeca Andrade<\/a> \u2013 ganhadora do segundo ouro em Paris \u2013 falava em <a class=\"focusIndicatorReducedWidth bbc-n8oauk e1p3sufg0\" href=\"https:\/\/www.terra.com.br\/nos\/rebeca-andrade-revela-choro-por-racismo-com-irmaos-e-diz-nao-sou-robo,9b74213a08434f512bea090f2c2189b7xh1ucduq.html\" aria-label=\"entrevistas , externo\">entrevistas <\/a>antes das competi\u00e7\u00f5es sobre a import\u00e2ncia de ser &#8220;mais uma refer\u00eancia negra para todas as crian\u00e7as e adultos&#8221;, assim como a antecessora Daiane dos Santos foi para ela.<\/p>\n<\/div>\n<div class=\"bbc-19j92fr ebmt73l0\" dir=\"ltr\">\n<p class=\"bbc-hhl7in e17g058b0\" dir=\"ltr\">Daiane, hoje comentarista da gin\u00e1stica na TV Globo, viralizou num discurso emocionado logo ap\u00f3s o ouro de Rebeca.<\/p>\n<\/div>\n<div class=\"bbc-19j92fr ebmt73l0\" dir=\"ltr\">\n<p class=\"bbc-hhl7in e17g058b0\" dir=\"ltr\">&#8220;Ela representa todos. Mas e a representatividade de 56% de uma na\u00e7\u00e3o, que \u00e9 exclu\u00edda, subjugada, que muitas vezes quando ganha \u00e9 pertencente. [Mas] e quando n\u00e3o ganha? [&#8230;] Tomara que as pessoas reconhe\u00e7am o valor dessas mulheres pretas.&#8221;<\/p>\n<p dir=\"ltr\">A conquista de Rebeca tamb\u00e9m ganhou <a class=\"focusIndicatorReducedWidth bbc-n8oauk e1p3sufg0\" href=\"https:\/\/www.bbc.com\/portuguese\/articles\/c5y88egjgd\">p\u00e1ginas de jornais de todo o mundo<\/a> e as redes sociais com a foto em que as ginastas americanas <a class=\"focusIndicatorReducedWidth bbc-n8oauk e1p3sufg0\" href=\"https:\/\/www.bbc.com\/portuguese\/articles\/crglyyj3ypwo\">Simone Biles<\/a> e Jordan Chiles (segundo e terceiro lugar no solo, respectivamente, todas negras) prestam rever\u00eancia \u00e0 brasileira no p\u00f3dio.<\/p>\n<div class=\"bbc-19j92fr ebmt73l0\" dir=\"ltr\">\n<p class=\"bbc-hhl7in e17g058b0\" dir=\"ltr\">&#8220;Ainda n\u00e3o superei esse lindo momento de irmandade e esp\u00edrito esportivo! Voc\u00ea pode sentir o amor brilhando atrav\u00e9s dessas mo\u00e7as&#8221;, escreveu a ex-primeira-dama dos EUA <a class=\"focusIndicatorReducedWidth bbc-n8oauk e1p3sufg0\" href=\"https:\/\/twitter.com\/MichelleObama\/status\/1820812676819190068?ref_src=twsrc%5Etfw%7Ctwcamp%5Etweetembed%7Ctwterm%5E1820812676819190068%7Ctwgr%5E62cdfc1001db94096c8c05772f4d533dcecc2c58%7Ctwcon%5Es1_&amp;ref_url=https%3A%2F%2Fwww.cnnbrasil.com.br%2Fesportes%2Folimpiadas%2Fmichelle-obama-celebra-imagem-historica-de-biles-e-rebeca-no-podio-irmandade%2F\" aria-label=\"Michelle Obama no X, externo\">Michelle Obama no X<\/a>.<\/p>\n<\/div>\n<div class=\"bbc-19j92fr ebmt73l0\" dir=\"ltr\">\n<p class=\"bbc-hhl7in e17g058b0\" dir=\"ltr\">Provocadas a falar sobre racismo e representatividade ou escolhendo por conta pr\u00f3pria trazer o tema ao debate, as atletas negras brasileiras t\u00eam sido respons\u00e1veis n\u00e3o apenas por colocar o Brasil no p\u00f3dio, mas por mostrar a milh\u00f5es de mulheres que aquele lugar \u00e9 um &#8220;lugar poss\u00edvel&#8221;, dizem pesquisadores que estudam a presen\u00e7a dos negros nos esportes ol\u00edmpicos \u00e0 BBC News Brasil.<\/p>\n<\/div>\n<figure class=\"bbc-1qn0xuy\">\n<div class=\"bbc-18ywsw9\"><img data-recalc-dims=\"1\" loading=\"lazy\" decoding=\"async\" class=\"bbc-139onq\" src=\"https:\/\/i0.wp.com\/ichef.bbci.co.uk\/ace\/ws\/640\/cpsprodpb\/7fcc\/live\/d53cb6a0-541f-11ef-aebc-6de4d31bf5cd.jpg.webp?resize=600%2C404&#038;ssl=1\" sizes=\"auto, (min-width: 1008px) 760px, 100vw\" srcset=\"https:\/\/ichef.bbci.co.uk\/ace\/ws\/240\/cpsprodpb\/7fcc\/live\/d53cb6a0-541f-11ef-aebc-6de4d31bf5cd.jpg.webp 240w, https:\/\/ichef.bbci.co.uk\/ace\/ws\/320\/cpsprodpb\/7fcc\/live\/d53cb6a0-541f-11ef-aebc-6de4d31bf5cd.jpg.webp 320w, https:\/\/ichef.bbci.co.uk\/ace\/ws\/480\/cpsprodpb\/7fcc\/live\/d53cb6a0-541f-11ef-aebc-6de4d31bf5cd.jpg.webp 480w, https:\/\/ichef.bbci.co.uk\/ace\/ws\/624\/cpsprodpb\/7fcc\/live\/d53cb6a0-541f-11ef-aebc-6de4d31bf5cd.jpg.webp 624w, https:\/\/ichef.bbci.co.uk\/ace\/ws\/800\/cpsprodpb\/7fcc\/live\/d53cb6a0-541f-11ef-aebc-6de4d31bf5cd.jpg.webp 800w\" alt=\"P\u00f3dio com Biles, Rebeca Andrade e Jordan Chiles\" width=\"600\" height=\"404\" \/><\/div>\n<\/figure>\n<div>\n<div class=\"bbc-19j92fr ebmt73l0\" dir=\"ltr\">\n<p class=\"bbc-hhl7in e17g058b0\" dir=\"ltr\">Um protagonismo que acontece em meio \u00e0 &#8220;Olimp\u00edada das mulheres&#8221; \u2013 em que o Brasil pela primeira vez na hist\u00f3ria levou uma delega\u00e7\u00e3o com maioria feminina, justamente nos primeiros Jogos com paridade de g\u00eanero no n\u00famero total de atletas.<\/p>\n<\/div>\n<div class=\"bbc-19j92fr ebmt73l0\" dir=\"ltr\">\n<p class=\"bbc-hhl7in e17g058b0\" dir=\"ltr\">Das 13 medalhas conquistadas at\u00e9 o momento, 10 foram por mulheres \u2014 incluindo a equipe mista de jud\u00f4.<\/p>\n<div class=\"bbc-19j92fr ebmt73l0\" dir=\"ltr\">\n<p class=\"bbc-hhl7in e17g058b0\" dir=\"ltr\">&#8220;O sucesso delas \u00e9 um \u00f3timo momento para a gente refletir a quest\u00e3o racial de forma mais ampla na sociedade&#8221;, diz a professora Doiara dos Santos, da Universidade Federal de Vi\u00e7osa (UFV), que pesquisa quest\u00f5es de g\u00eanero e ra\u00e7a nos esportes.<\/p>\n<\/div>\n<div class=\"bbc-19j92fr ebmt73l0\" dir=\"ltr\">\n<p class=\"bbc-hhl7in e17g058b0\" dir=\"ltr\">&#8220;Por muito tempo os atletas foram ensinados a silenciar, com aquela ideia do esporte disciplinador, em que s\u00f3 importa o &#8216;esporte pelo esporte&#8217;, sem mensagens de qualquer ordem social. \u00c9 cada vez mais importante o atleta se situar como sujeito no mundo&#8221;.<\/p>\n<\/div>\n<div class=\"bbc-19j92fr ebmt73l0\" dir=\"ltr\">\n<p class=\"bbc-hhl7in e17g058b0\" dir=\"ltr\">Para o professor e pesquisador Neilton Ferreira J\u00fanior, autor do estudo <i class=\"bbc-h1y5j7 eih42320\">Olimpismo negro: uma antologia das resist\u00eancias ao racismo no esporte<\/i>na Universidade de S\u00e3o Paulo (USP) e professor na UFV, nesse momento de celebra\u00e7\u00e3o \u00e9 importante lembrar que o &#8220;ineditismo de mulheres negras n\u00e3o \u00e9 m\u00e1gica&#8221;.<\/p>\n<\/div>\n<div class=\"bbc-19j92fr ebmt73l0\" dir=\"ltr\">\n<p class=\"bbc-hhl7in e17g058b0\" dir=\"ltr\">&#8220;\u00c9 um processo de constru\u00e7\u00e3o sinuoso e mais complexo. Se a gente s\u00f3 valorizar o feito pelo feito, a gente vai esquecer que existem outras Rafaelas e outras Rayssas&#8221;, diz Ferreira J\u00fanior, lembrando outras medalhistas em Paris.<\/p>\n<\/div>\n<div class=\"bbc-19j92fr ebmt73l0\" dir=\"ltr\">\n<p class=\"bbc-hhl7in e17g058b0\" dir=\"ltr\">Rafaela Silva conquistou o <a class=\"focusIndicatorReducedWidth bbc-n8oauk e1p3sufg0\" href=\"https:\/\/www.bbc.com\/portuguese\/articles\/c99wq0xd9dqo\">bronze <\/a>por equipe mista no jud\u00f4 (junto a Bia Souza, Larissa Pimenta, William Lima, Rafael Silva, L\u00e9o Gon\u00e7alves, Guilherme Schimidt e Rafael Macedo). O time ainda contava com <a class=\"focusIndicatorReducedWidth bbc-n8oauk e1p3sufg0\" href=\"https:\/\/www.cob.org.br\/comunicacao\/noticias\/ja-marcada-na-historia-judoca-ketleyn-quadros-chega-inteira-a-paris-2024-2\" aria-label=\"Ketleyn Quadros, externo\">Ketleyn Quadros<\/a>, a primeira mulher brasileira a conquistar uma medalha individual em Olimp\u00edada, em Pequim 2008.<\/p>\n<\/div>\n<div class=\"bbc-19j92fr ebmt73l0\" dir=\"ltr\">\n<p class=\"bbc-hhl7in e17g058b0\" dir=\"ltr\">A medalha de Rafaela marcou a volta por cima da atleta que foi alvo de <a class=\"focusIndicatorReducedWidth bbc-n8oauk e1p3sufg0\" href=\"https:\/\/oglobo.globo.com\/esportes\/em-2012-rafaela-silva-foi-vitima-de-racismo-apos-desclassificacao-19877192\" aria-label=\"ataques racistas, externo\">ataques racistas<\/a> ap\u00f3s perder a medalha em Londres 2012, conquistou o primeiro ouro do Brasil nos <a class=\"focusIndicatorReducedWidth bbc-n8oauk e1p3sufg0\" href=\"https:\/\/www.bbc.com\/portuguese\/brasil-37036737\">Jogos do Rio 2016,<\/a> foi suspensa por doping antes de T\u00f3quio 2020 e voltou ao tatame em Paris 2024.<\/p>\n<\/div>\n<div class=\"bbc-19j92fr ebmt73l0\" dir=\"ltr\">\n<p class=\"bbc-hhl7in e17g058b0\" dir=\"ltr\">J\u00e1 Rayssa Leal, prata no skate em T\u00f3quio e bronze em Paris, se tornou a atleta mais nova a conquistar medalhas em Olimp\u00edadas diferentes, com seus 16 anos.<\/p>\n<\/div>\n<div class=\"bbc-19j92fr ebmt73l0\" dir=\"ltr\">\n<p class=\"bbc-hhl7in e17g058b0\" dir=\"ltr\">Em alguma medida, todas elas j\u00e1 falaram sobre serem inspira\u00e7\u00e3o para meninas negras e do racismo no esporte.<\/p>\n<\/div>\n<div class=\"bbc-19j92fr ebmt73l0\" dir=\"ltr\">\n<p class=\"bbc-hhl7in e17g058b0\" dir=\"ltr\">Um sinal, como dizem os pesquisadores \u00e0 BBC News Brasil, que uma medalha n\u00e3o \u00e9 &#8220;apenas&#8221; uma medalha. Ao colocarem no peito, elas carregam junto outras atletas e reescrevem a pr\u00f3pria hist\u00f3ria da Olimp\u00edada.<\/p>\n<\/div>\n<div class=\"bbc-19j92fr ebmt73l0\" dir=\"ltr\">\n<p class=\"bbc-hhl7in e17g058b0\" dir=\"ltr\">Uma demanda, como explica o professor Ferreira J\u00fanior, que pode levar inclusive a um processo de &#8220;cansa\u00e7o ps\u00edquico&#8221; \u2013 algo que precisa ter aten\u00e7\u00e3o de confedera\u00e7\u00f5es esportivas.<\/p>\n<\/div>\n<div class=\"bbc-19j92fr ebmt73l0\" dir=\"ltr\">\n<p class=\"bbc-hhl7in e17g058b0\" dir=\"ltr\">Mas para entender o simbolismo das conquistas nos Jogos em 2024, voltemos um pouco \u00e0 hist\u00f3ria.<\/p>\n<\/div>\n<figure class=\"bbc-1qn0xuy\">\n<div class=\"bbc-18ywsw9\"><img data-recalc-dims=\"1\" loading=\"lazy\" decoding=\"async\" class=\"bbc-139onq\" src=\"https:\/\/i0.wp.com\/ichef.bbci.co.uk\/ace\/ws\/640\/cpsprodpb\/634d\/live\/6bdb7ac0-541f-11ef-b2d2-cdb23d5d7c5b.jpg.webp?resize=600%2C400&#038;ssl=1\" sizes=\"auto, (min-width: 1008px) 760px, 100vw\" srcset=\"https:\/\/ichef.bbci.co.uk\/ace\/ws\/240\/cpsprodpb\/634d\/live\/6bdb7ac0-541f-11ef-b2d2-cdb23d5d7c5b.jpg.webp 240w, https:\/\/ichef.bbci.co.uk\/ace\/ws\/320\/cpsprodpb\/634d\/live\/6bdb7ac0-541f-11ef-b2d2-cdb23d5d7c5b.jpg.webp 320w, https:\/\/ichef.bbci.co.uk\/ace\/ws\/480\/cpsprodpb\/634d\/live\/6bdb7ac0-541f-11ef-b2d2-cdb23d5d7c5b.jpg.webp 480w, https:\/\/ichef.bbci.co.uk\/ace\/ws\/624\/cpsprodpb\/634d\/live\/6bdb7ac0-541f-11ef-b2d2-cdb23d5d7c5b.jpg.webp 624w, https:\/\/ichef.bbci.co.uk\/ace\/ws\/800\/cpsprodpb\/634d\/live\/6bdb7ac0-541f-11ef-b2d2-cdb23d5d7c5b.jpg.webp 800w\" alt=\"Rafaela Silva, Ketleyn Quadros e Bia Souz\" width=\"600\" height=\"400\" \/><\/p>\n<p class=\"bbc-by8ykd\" role=\"text\"><span class=\"bbc-m04vo2\">CR\u00c9DITO, <\/span><span lang=\"en-GB\">REUTERS<\/span><\/p>\n<\/div><figcaption class=\"bbc-1jsyunq e6i104o0\" dir=\"ltr\"><span role=\"text\"><span class=\"bbc-m04vo2\">Legenda da foto, <\/span><span data-testid=\"caption-paragraph\">Rafaela Silva, Ketleyn Quadros e Bia Souza ganharam bronze na equipe mista do jud\u00f4<\/span><\/span><\/figcaption><\/figure>\n<div class=\"bbc-19j92fr ebmt73l0\" dir=\"ltr\">\n<h2 id=\"Esporte-para-civilizar-e-a-volta-por-cima-dos-negros\" class=\"bbc-1f03ibc eglt09e0\" tabindex=\"-1\">Esporte para &#8216;civilizar&#8217; &#8211; e a volta por cima dos negros<\/h2>\n<\/div>\n<div class=\"bbc-19j92fr ebmt73l0\" dir=\"ltr\">\n<p class=\"bbc-hhl7in e17g058b0\" dir=\"ltr\">Os Jogos Ol\u00edmpicos \u2013 e a maioria dos esportes modernos \u2013 s\u00e3o fruto de um processo hist\u00f3rico estabelecido pelas na\u00e7\u00f5es da Europa e os Estados Unidos no final do s\u00e9culo 19 e in\u00edcio do s\u00e9culo 20.<\/p>\n<\/div>\n<div class=\"bbc-19j92fr ebmt73l0\" dir=\"ltr\">\n<p class=\"bbc-hhl7in e17g058b0\" dir=\"ltr\">A tentativa de transformar a ideia dos esportes em algo &#8220;universal&#8221; \u2013 com competi\u00e7\u00f5es internacionais e institui\u00e7\u00f5es como a <a class=\"focusIndicatorReducedWidth bbc-n8oauk e1p3sufg0\" href=\"https:\/\/www.bbc.com\/portuguese\/articles\/c87766pzrjlo\">YMCA<\/a>, por exemplo \u2013 ocorre na onda de expans\u00e3o colonialistas dos pa\u00edses, segundo explica o professor Neilton Ferreira J\u00fanior.<\/p>\n<\/div>\n<div class=\"bbc-19j92fr ebmt73l0\" dir=\"ltr\">\n<p class=\"bbc-hhl7in e17g058b0\" dir=\"ltr\">&#8220;\u00c9 a ideia do Ocidente como com uma grande ideologia ou uma cultura das culturas&#8221;, diz.<\/p>\n<\/div>\n<div class=\"bbc-19j92fr ebmt73l0\" dir=\"ltr\">\n<p class=\"bbc-hhl7in e17g058b0\" dir=\"ltr\">O professor exemplifica o pensamento com declara\u00e7\u00f5es ditas pelo pr\u00f3prio bar\u00e3o franc\u00eas <a class=\"focusIndicatorReducedWidth bbc-n8oauk e1p3sufg0\" href=\"https:\/\/www.bbc.com\/portuguese\/articles\/cq5j9y89enyo\">Pierre de Coubertin<\/a>, o respons\u00e1vel por recriar os jogos da era moderna em 1896 em Atenas, na Gr\u00e9cia.<\/p>\n<\/div>\n<div class=\"bbc-19j92fr ebmt73l0\" dir=\"ltr\">\n<p class=\"bbc-hhl7in e17g058b0\" dir=\"ltr\">Coubertin acreditava, diz Ferreira J\u00fanior, que o esporte era uma forma excelente de &#8220;educar e civilizar&#8221; os povos colonizados. Em textos, dizia que africanos deveriam experimentar v\u00e1rias modalidades individuais \u2013 e n\u00e3o coletivas, que podiam inspirar insurrei\u00e7\u00f5es.<\/p>\n<\/div>\n<div class=\"bbc-19j92fr ebmt73l0\" dir=\"ltr\">\n<p class=\"bbc-hhl7in e17g058b0\" dir=\"ltr\">Ou seja, na concep\u00e7\u00e3o da Olimp\u00edada, havia uma ideia de separa\u00e7\u00e3o racial nos esportes \u2013 algo que viria ser refor\u00e7ado mais tarde por ideias de pr\u00e9-disposi\u00e7\u00e3o de negros a determinados esportes de for\u00e7a ou velocidade, por exemplo.<\/p>\n<\/div>\n<figure class=\"bbc-1qn0xuy\">\n<div class=\"bbc-18ywsw9\"><img data-recalc-dims=\"1\" loading=\"lazy\" decoding=\"async\" class=\"bbc-139onq\" src=\"https:\/\/i0.wp.com\/ichef.bbci.co.uk\/ace\/ws\/640\/cpsprodpb\/fa47\/live\/047efca0-542c-11ef-aebc-6de4d31bf5cd.jpg.webp?resize=600%2C380&#038;ssl=1\" sizes=\"auto, (min-width: 1008px) 760px, 100vw\" srcset=\"https:\/\/ichef.bbci.co.uk\/ace\/ws\/240\/cpsprodpb\/fa47\/live\/047efca0-542c-11ef-aebc-6de4d31bf5cd.jpg.webp 240w, https:\/\/ichef.bbci.co.uk\/ace\/ws\/320\/cpsprodpb\/fa47\/live\/047efca0-542c-11ef-aebc-6de4d31bf5cd.jpg.webp 320w, https:\/\/ichef.bbci.co.uk\/ace\/ws\/480\/cpsprodpb\/fa47\/live\/047efca0-542c-11ef-aebc-6de4d31bf5cd.jpg.webp 480w, https:\/\/ichef.bbci.co.uk\/ace\/ws\/624\/cpsprodpb\/fa47\/live\/047efca0-542c-11ef-aebc-6de4d31bf5cd.jpg.webp 624w, https:\/\/ichef.bbci.co.uk\/ace\/ws\/800\/cpsprodpb\/fa47\/live\/047efca0-542c-11ef-aebc-6de4d31bf5cd.jpg.webp 800w\" alt=\"Membros do primeiro Comit\u00ea Ol\u00edmpico Internacional, que recriou os jogos em Atenas, em 1896\" width=\"600\" height=\"380\" \/><\/p>\n<p class=\"bbc-by8ykd\" role=\"text\"><span class=\"bbc-m04vo2\">CR\u00c9DITO, <\/span><span lang=\"en-GB\">FINE ART IMAGES\/HERITAGE IMAGES\/GETTY IMAGE<\/span><\/p>\n<\/div><figcaption class=\"bbc-1jsyunq e6i104o0\" dir=\"ltr\"><span role=\"text\"><span class=\"bbc-m04vo2\">Legenda da foto, <\/span><span data-testid=\"caption-paragraph\">Membros do primeiro Comit\u00ea Ol\u00edmpico Internacional, que recriou os jogos em Atenas, em 1896<\/span><\/span><\/figcaption><\/figure>\n<div class=\"bbc-19j92fr ebmt73l0\" dir=\"ltr\">\n<p class=\"bbc-hhl7in e17g058b0\" dir=\"ltr\">Essa expans\u00e3o do olimpismo, com o predom\u00ednio desde sempre das pot\u00eancias europeias no quadro de medalhas, se sobrep\u00f4s a outras pr\u00e1ticas corporais presentes no mundo, que n\u00e3o tinha objetivo de competi\u00e7\u00e3o ou supera\u00e7\u00e3o dos limites, explica o pesquisador.<\/p>\n<\/div>\n<div class=\"bbc-19j92fr ebmt73l0\" dir=\"ltr\">\n<p class=\"bbc-hhl7in e17g058b0\" dir=\"ltr\">At\u00e9 hoje, o &#8220;Comit\u00ea Ol\u00edmpico Internacional (criado por Coubertin) \u00e9 uma institui\u00e7\u00e3o hegemonicamente Europeia no seu corpo burocr\u00e1tico, e o programa Ol\u00edmpico tem os esportes ocidentais europeus e brancos que reproduzem esse sistema historicamente&#8221;, avalia a tamb\u00e9m professora Doiara dos Santos.<\/p>\n<\/div>\n<div class=\"bbc-19j92fr ebmt73l0\" dir=\"ltr\">\n<p class=\"bbc-hhl7in e17g058b0\" dir=\"ltr\">Mas a hist\u00f3ria dos Jogos Ol\u00edmpicos \u2013 ou as medalhas recentes de brasileiras e o p\u00f3dio 100% negro na gin\u00e1stica \u2013 mostram que as classes que foram oprimidas encontraram nas pr\u00e1ticas esportivas modernas &#8220;uma nova afirma\u00e7\u00e3o&#8221;.<\/p>\n<\/div>\n<div class=\"bbc-19j92fr ebmt73l0\" dir=\"ltr\">\n<p class=\"bbc-hhl7in e17g058b0\" dir=\"ltr\">&#8220;Se eu sou levado a um lugar e n\u00e3o posso voltar porque as pontes foram destru\u00eddas, eu construo a partir da\u00ed um processo de populariza\u00e7\u00e3o do esporte, com os n\u00e3o brancos afirmando a sua identidade e o seu posicionamento pol\u00edtico&#8221;, diz o professor Neilton Junior.<\/p>\n<\/div>\n<div class=\"bbc-19j92fr ebmt73l0\" dir=\"ltr\">\n<p class=\"bbc-hhl7in e17g058b0\" dir=\"ltr\">Alguns exemplos s\u00e3o o <a class=\"focusIndicatorReducedWidth bbc-n8oauk e1p3sufg0\" href=\"https:\/\/www.bbc.com\/portuguese\/topics\/cxnyknx9k8vt\">futebol<\/a>, um esporte criado na Inglaterra e que tem na Sele\u00e7\u00e3o brasileira sua equipe a mais vitoriosa; ou o cr\u00edquete, esporte ingl\u00eas que se tornou fen\u00f4meno em ex-col\u00f4nias como \u00cdndia e Trinidad e Tobago.<\/p>\n<\/div>\n<div class=\"bbc-19j92fr ebmt73l0\" dir=\"ltr\">\n<p class=\"bbc-hhl7in e17g058b0\" dir=\"ltr\">Nos esportes individuais, s\u00e3o nomes como o boxeador <a class=\"focusIndicatorReducedWidth bbc-n8oauk e1p3sufg0\" href=\"https:\/\/www.bbc.com\/portuguese\/geral-53002478\">Muhammad Ali<\/a> e os velocistas <a class=\"focusIndicatorReducedWidth bbc-n8oauk e1p3sufg0\" href=\"https:\/\/www.bbc.com\/portuguese\/articles\/cw0ypv11qpzo\">Tommie Smith e John Carlos<\/a>, que subiram ao p\u00f3dio para se posicionar contra a segrega\u00e7\u00e3o racial nos EUA. Ou tamb\u00e9m quando <a class=\"focusIndicatorReducedWidth bbc-n8oauk e1p3sufg0\" href=\"https:\/\/www.bbc.com\/portuguese\/articles\/ckrgmdgl49vo\">Jesse Owens<\/a> desafiou nos Jogos de Berlim, em 1936, o pr\u00f3prio Hitler e sua no\u00e7\u00e3o distorcida de supremacia ariana, ao garantir quatro medalhas de ouro no atletismo.<\/p>\n<\/div>\n<div class=\"bbc-19j92fr ebmt73l0\" dir=\"ltr\">\n<p class=\"bbc-hhl7in e17g058b0\" dir=\"ltr\">Tamb\u00e9m temos a brasileira Irenice Rodrigues, que chegou a organizar uma greve no Brasil contra o antigo Conselho Nacional de Desportos por melhores condi\u00e7\u00f5es para atletas.<\/p>\n<\/div>\n<div class=\"bbc-19j92fr ebmt73l0\" dir=\"ltr\">\n<p class=\"bbc-hhl7in e17g058b0\" dir=\"ltr\">E ainda Simone Biles, Usain Bolt, Daiane dos Santos, Rafaela Silva\u2026<\/p>\n<\/div>\n<figure class=\"bbc-1qn0xuy\">\n<div class=\"bbc-18ywsw9\"><img data-recalc-dims=\"1\" loading=\"lazy\" decoding=\"async\" class=\"bbc-139onq\" src=\"https:\/\/i0.wp.com\/ichef.bbci.co.uk\/ace\/ws\/640\/cpsprodpb\/54c9\/live\/0a1515f0-5422-11ef-b2d2-cdb23d5d7c5b.jpg.webp?resize=600%2C400&#038;ssl=1\" sizes=\"auto, (min-width: 1008px) 760px, 100vw\" srcset=\"https:\/\/ichef.bbci.co.uk\/ace\/ws\/240\/cpsprodpb\/54c9\/live\/0a1515f0-5422-11ef-b2d2-cdb23d5d7c5b.jpg.webp 240w, https:\/\/ichef.bbci.co.uk\/ace\/ws\/320\/cpsprodpb\/54c9\/live\/0a1515f0-5422-11ef-b2d2-cdb23d5d7c5b.jpg.webp 320w, https:\/\/ichef.bbci.co.uk\/ace\/ws\/480\/cpsprodpb\/54c9\/live\/0a1515f0-5422-11ef-b2d2-cdb23d5d7c5b.jpg.webp 480w, https:\/\/ichef.bbci.co.uk\/ace\/ws\/624\/cpsprodpb\/54c9\/live\/0a1515f0-5422-11ef-b2d2-cdb23d5d7c5b.jpg.webp 624w, https:\/\/ichef.bbci.co.uk\/ace\/ws\/800\/cpsprodpb\/54c9\/live\/0a1515f0-5422-11ef-b2d2-cdb23d5d7c5b.jpg.webp 800w\" alt=\"Tommie Smith e John Carlos no p\u00f3dio com punhos levantados \" width=\"600\" height=\"400\" \/><\/p>\n<p class=\"bbc-by8ykd\" role=\"text\"><span class=\"bbc-m04vo2\">CR\u00c9DITO, <\/span><span lang=\"en-GB\">GETTY IMAGES<\/span><\/p>\n<\/div><figcaption class=\"bbc-1jsyunq e6i104o0\" dir=\"ltr\"><span role=\"text\"><span class=\"bbc-m04vo2\">Legenda da foto, <\/span><span data-testid=\"caption-paragraph\">Tommie Smith e John Carlos subiram ao p\u00f3dio na Cidade do M\u00e9xico em 1968 &#8211; e a foto com os punhos levantados entrou para a hist\u00f3ria<\/span><\/span><\/figcaption><\/figure>\n<div class=\"bbc-19j92fr ebmt73l0\" dir=\"ltr\">\n<p class=\"bbc-hhl7in e17g058b0\" dir=\"ltr\">&#8220;Esses pioneirismos s\u00e3o muito bons de vivenciar e celebrar. Mas eles escancaram marcas de desigualdades que s\u00f3 agora a gente est\u00e1 come\u00e7ando a diluir num processo que remonta a v\u00e1rios esfor\u00e7os, como o acesso ao esporte via projetos sociais&#8221;, avalia Doiara Santos.<\/p>\n<\/div>\n<div class=\"bbc-19j92fr ebmt73l0\" dir=\"ltr\">\n<p class=\"bbc-hhl7in e17g058b0\" dir=\"ltr\">Atletas como Rebeca Andrade e Beatriz Souza chegaram onde chegaram por meio da participa\u00e7\u00e3o de projetos e pol\u00edticas sociais de apoio ao esporte.<\/p>\n<\/div>\n<div class=\"bbc-19j92fr ebmt73l0\" dir=\"ltr\">\n<h2 id=\"Esporte-de-branco-x-esporte-de-preto\" class=\"bbc-1f03ibc eglt09e0\" tabindex=\"-1\">Esporte de branco x esporte de preto<\/h2>\n<\/div>\n<div class=\"bbc-19j92fr ebmt73l0\" dir=\"ltr\">\n<p class=\"bbc-hhl7in e17g058b0\" dir=\"ltr\">Por muitos anos, a ci\u00eancia colaborou para um projeto de de racismo cient\u00edfico, diz a professora Doiara dos Santos, que j\u00e1 pesquisou especificamente a falta de atletas negros na nata\u00e7\u00e3o.<\/p>\n<\/div>\n<div class=\"bbc-19j92fr ebmt73l0\" dir=\"ltr\">\n<p class=\"bbc-hhl7in e17g058b0\" dir=\"ltr\">A ideia de que corpos negros teriam desvantagem nas piscinas, devido a uma densidade corporal maior, era usada nos EUA para defender a participa\u00e7\u00e3o dos negros restrita a outros esportes, como lutas ou atletismo.<\/p>\n<\/div>\n<div class=\"bbc-19j92fr ebmt73l0\" dir=\"ltr\">\n<p class=\"bbc-hhl7in e17g058b0\" dir=\"ltr\">No Brasil, negros eram proibidos em piscinas de muitos clubes at\u00e9 1950. Doiara dos Santos resgata a velocista<a class=\"focusIndicatorReducedWidth bbc-n8oauk e1p3sufg0\" href=\"https:\/\/www.cob.org.br\/comunicacao\/noticias\/melania-luz-a-pioneira-que-abriu-caminho-para-as-mulheres-negras-nos-jogos-olimpicos-\" aria-label=\" Melania Luz, externo\"> Melania Luz<\/a>, primeira mulher negra a defender o Brasil numa Olimp\u00edada, que relatou a limpeza da piscina de um clube em S\u00e3o Paulo ap\u00f3s negros nadadarem ali.<\/p>\n<\/div>\n<div class=\"bbc-19j92fr ebmt73l0\" dir=\"ltr\">\n<p class=\"bbc-hhl7in e17g058b0\" dir=\"ltr\">A professora se deparou ainda com pesquisas nos EUA que mostraram que o principal motivo da falta de negros na nata\u00e7\u00e3o n\u00e3o era a biologia, mas a falta de \u00eddolos para crian\u00e7as negras no pa\u00eds.<\/p>\n<\/div>\n<div class=\"bbc-19j92fr ebmt73l0\" dir=\"ltr\">\n<p class=\"bbc-hhl7in e17g058b0\" dir=\"ltr\">&#8220;As fam\u00edlias n\u00e3o viam na nata\u00e7\u00e3o refer\u00eancias de sucesso. Elas viam no basquete, no futebol americano e eram ali que elas iam investir seus filhos no esporte&#8221;, conta.<\/p>\n<\/div>\n<div class=\"bbc-19j92fr ebmt73l0\" dir=\"ltr\">\n<p class=\"bbc-hhl7in e17g058b0\" dir=\"ltr\">Essa inspira\u00e7\u00e3o \u00e9 o caso, por exemplo, de Rebeca Andrade, que em muitas entrevistas j\u00e1 falou de Daiane dos Santos como uma propulsora na sua carreira na gin\u00e1stica art\u00edstica.<\/p>\n<\/div>\n<figure class=\"bbc-1qn0xuy\">\n<div class=\"bbc-18ywsw9\"><img data-recalc-dims=\"1\" loading=\"lazy\" decoding=\"async\" class=\"bbc-139onq\" src=\"https:\/\/i0.wp.com\/ichef.bbci.co.uk\/ace\/ws\/640\/cpsprodpb\/c898\/live\/9964dc40-5422-11ef-b2d2-cdb23d5d7c5b.jpg.webp?resize=600%2C415&#038;ssl=1\" sizes=\"auto, (min-width: 1008px) 760px, 100vw\" srcset=\"https:\/\/ichef.bbci.co.uk\/ace\/ws\/240\/cpsprodpb\/c898\/live\/9964dc40-5422-11ef-b2d2-cdb23d5d7c5b.jpg.webp 240w, https:\/\/ichef.bbci.co.uk\/ace\/ws\/320\/cpsprodpb\/c898\/live\/9964dc40-5422-11ef-b2d2-cdb23d5d7c5b.jpg.webp 320w, https:\/\/ichef.bbci.co.uk\/ace\/ws\/480\/cpsprodpb\/c898\/live\/9964dc40-5422-11ef-b2d2-cdb23d5d7c5b.jpg.webp 480w, https:\/\/ichef.bbci.co.uk\/ace\/ws\/624\/cpsprodpb\/c898\/live\/9964dc40-5422-11ef-b2d2-cdb23d5d7c5b.jpg.webp 624w, https:\/\/ichef.bbci.co.uk\/ace\/ws\/800\/cpsprodpb\/c898\/live\/9964dc40-5422-11ef-b2d2-cdb23d5d7c5b.jpg.webp 800w\" alt=\"Daiane dos Santos\" width=\"600\" height=\"415\" \/><\/p>\n<p class=\"bbc-by8ykd\" role=\"text\"><span class=\"bbc-m04vo2\">CR\u00c9DITO, <\/span><span lang=\"en-GB\">ODD ANDERSEN\/AFP VIA GETTY IMAGES<\/span><\/p>\n<\/div><figcaption class=\"bbc-1jsyunq e6i104o0\" dir=\"ltr\"><span role=\"text\"><span class=\"bbc-m04vo2\">Legenda da foto, <\/span><span data-testid=\"caption-paragraph\">Daiane dos Santos inspirou gera\u00e7\u00e3o de meninas na gin\u00e1stica brasileira <\/span><\/span><\/figcaption><\/figure>\n<div class=\"bbc-19j92fr ebmt73l0\" dir=\"ltr\">\n<p class=\"bbc-hhl7in e17g058b0\" dir=\"ltr\">\u201cEmbora a gente tenha esses contrastes sobre biotipo, quest\u00f5es fenot\u00edpicas, associadas a fatores que privilegiam ou desprivilegiam brancos e negros nos diferentes esportes, eles n\u00e3o s\u00e3o definitivos&#8221;, diz a professora.<\/p>\n<\/div>\n<div class=\"bbc-19j92fr ebmt73l0\" dir=\"ltr\">\n<p class=\"bbc-hhl7in e17g058b0\" dir=\"ltr\">O debate biol\u00f3gico, defende, precisa estar acompanhado de vari\u00e1veis culturais e sociais.<\/p>\n<\/div>\n<div class=\"bbc-19j92fr ebmt73l0\" dir=\"ltr\">\n<p class=\"bbc-hhl7in e17g058b0\" dir=\"ltr\">O professor Neilton J\u00fanior explica que &#8220;existe uma certa orienta\u00e7\u00e3o que circula no Imagin\u00e1rio esportivo, especialmente de alto rendimento, de que o corpo negro est\u00e1 destinado ao desempenho de determinadas tarefas, em especial as de for\u00e7a&#8221;.<\/p>\n<\/div>\n<div class=\"bbc-19j92fr ebmt73l0\" dir=\"ltr\">\n<p class=\"bbc-hhl7in e17g058b0\" dir=\"ltr\">&#8220;Mas n\u00e3o s\u00e3o diferen\u00e7as biol\u00f3gicas que imediatamente determinam o resultado de uma prova intelectual ou de uma prova esportiva. A ideia de que vou preparar um atleta para que ele possa obedecer algum tipo de destino \u00e9 totalmente falsa e j\u00e1 foi desmentida desde os anos 1970&#8221;, diz.<\/p>\n<\/div>\n<div class=\"bbc-19j92fr ebmt73l0\" dir=\"ltr\">\n<h2 id=\"Os-atletas-que-vir\u00e3o\" class=\"bbc-1f03ibc eglt09e0\" tabindex=\"-1\">Os atletas que vir\u00e3o<\/h2>\n<\/div>\n<figure class=\"bbc-1qn0xuy\">\n<div class=\"bbc-18ywsw9\"><img data-recalc-dims=\"1\" loading=\"lazy\" decoding=\"async\" class=\"bbc-139onq\" src=\"https:\/\/i0.wp.com\/ichef.bbci.co.uk\/ace\/ws\/640\/cpsprodpb\/a931\/live\/6925f7b0-541f-11ef-aebc-6de4d31bf5cd.jpg.webp?resize=600%2C392&#038;ssl=1\" sizes=\"auto, (min-width: 1008px) 760px, 100vw\" srcset=\"https:\/\/ichef.bbci.co.uk\/ace\/ws\/240\/cpsprodpb\/a931\/live\/6925f7b0-541f-11ef-aebc-6de4d31bf5cd.jpg.webp 240w, https:\/\/ichef.bbci.co.uk\/ace\/ws\/320\/cpsprodpb\/a931\/live\/6925f7b0-541f-11ef-aebc-6de4d31bf5cd.jpg.webp 320w, https:\/\/ichef.bbci.co.uk\/ace\/ws\/480\/cpsprodpb\/a931\/live\/6925f7b0-541f-11ef-aebc-6de4d31bf5cd.jpg.webp 480w, https:\/\/ichef.bbci.co.uk\/ace\/ws\/624\/cpsprodpb\/a931\/live\/6925f7b0-541f-11ef-aebc-6de4d31bf5cd.jpg.webp 624w, https:\/\/ichef.bbci.co.uk\/ace\/ws\/800\/cpsprodpb\/a931\/live\/6925f7b0-541f-11ef-aebc-6de4d31bf5cd.jpg.webp 800w\" alt=\"Rayssa Leal\" width=\"600\" height=\"392\" \/><\/p>\n<p class=\"bbc-by8ykd\" role=\"text\"><span class=\"bbc-m04vo2\">CR\u00c9DITO, <\/span><span lang=\"en-GB\">REUTERS<\/span><\/p>\n<\/div><figcaption class=\"bbc-1jsyunq e6i104o0\" dir=\"ltr\"><span role=\"text\"><span class=\"bbc-m04vo2\">Legenda da foto, <\/span><span data-testid=\"caption-paragraph\">Aos 16 anos, Rayssa j\u00e1 tem duas medalhas ol\u00edmpicas<\/span><\/span><\/figcaption><\/figure>\n<div class=\"bbc-19j92fr ebmt73l0\" dir=\"ltr\">\n<p class=\"bbc-hhl7in e17g058b0\" dir=\"ltr\">O momento do protagonismo do esporte feminino e das atletas negras \u00e9 oportuno para discutir avan\u00e7os no Brasil em rela\u00e7\u00e3o ao apoio e pol\u00edticas p\u00fablicas, avalia Doiara dos Santos.<\/p>\n<\/div>\n<div class=\"bbc-19j92fr ebmt73l0\" dir=\"ltr\">\n<p class=\"bbc-hhl7in e17g058b0\" dir=\"ltr\">&#8220;A gente n\u00e3o pode naturalizar trajet\u00f3rias de precariedade de atletas negro, com narrativas que romantizam a experi\u00eancia de dores e sofrimento, para dizer &#8216;apesar disso, conquistei essa medalha'&#8221;, avalia a pesquisadora.<\/p>\n<\/div>\n<div class=\"bbc-19j92fr ebmt73l0\" dir=\"ltr\">\n<p class=\"bbc-hhl7in e17g058b0\" dir=\"ltr\">O professor Neilton ressalta que esse ineditismo das brasileiras acontece num pa\u00eds onde o futebol masculino ainda domina totalmente o cen\u00e1rio esportivo e onde nunca houve um programa antirracista coletivo, elaborado por atletas e instituti\u00e7\u00f5es, como ocorreu com atletas negros dos EUA.<\/p>\n<\/div>\n<div class=\"bbc-19j92fr ebmt73l0\" dir=\"ltr\">\n<p class=\"bbc-hhl7in e17g058b0\" dir=\"ltr\">&#8220;\u00c9 uma luta que se d\u00e1 individualmente, que se d\u00e1 como uma resposta circunstancial, como uma rea\u00e7\u00e3o&#8221;. Um exemplo claro \u00e9 <a class=\"focusIndicatorReducedWidth bbc-n8oauk e1p3sufg0\" href=\"https:\/\/www.bbc.com\/portuguese\/articles\/c729gypd570o\">Vinicius Junior<\/a>, brasileiro alvo de ataques racista no futebol da Espanha.<\/p>\n<\/div>\n<div class=\"bbc-19j92fr ebmt73l0\" dir=\"ltr\">\n<p class=\"bbc-hhl7in e17g058b0\" dir=\"ltr\">Outro aspecto que precisa ser superado, segundo pesquisadores, \u00e9 &#8220;a ideia de que o corpo negro \u00e9 um corpo bra\u00e7al, destitu\u00eddo de capacidade intelectual&#8221;.<\/p>\n<\/div>\n<div class=\"bbc-19j92fr ebmt73l0\" dir=\"ltr\">\n<p class=\"bbc-hhl7in e17g058b0\" dir=\"ltr\">Pesquisas j\u00e1 mostraram, por exemplo, que em narra\u00e7\u00f5es na televis\u00e3o de esportes coletivos, quando se elogia atletas negros, na maioria das vezes se fala do f\u00edsico.<\/p>\n<\/div>\n<div class=\"bbc-19j92fr ebmt73l0\" dir=\"ltr\">\n<p class=\"bbc-hhl7in e17g058b0\" dir=\"ltr\">&#8220;Esses pioneirismos revelam um processo de supera\u00e7\u00e3o, mas que n\u00e3o existe bandeira fincada, conquistei e ponto. Para garantir atletas depois de Rebeca, pol\u00edticas de esporte precisam democratizar mais o esporte&#8221;, diz a pesquisa Doiara dos Santos<\/p>\n<\/div>\n<div class=\"bbc-19j92fr ebmt73l0\" dir=\"ltr\">\n<p class=\"bbc-hhl7in e17g058b0\" dir=\"ltr\">&#8220;As vit\u00f3rias fazem parte de uma de uma constela\u00e7\u00e3o de processos bem sucedidos. Tem uma coletividade, mas ela n\u00e3o \u00e9 consciente, \u00e9 uma esp\u00e9cie de inconsciente coletivo do negro&#8221;, completa Ferreira J\u00fanior.<\/p>\n<\/div>\n<\/div>\n<\/div>\n<\/div>\n","protected":false},"excerpt":{"rendered":"<p>Vitor Tavares, Da BBC News Brasil em S\u00e3o Paulo &#8211; &#8220;Mulherada, pretos e pretas, \u00e9 poss\u00edvel&#8221;. Com um sorriso estampado no rosto, a judoca Beatriz Souza mandou o recado a milh\u00f5es de brasileiros logo ap\u00f3s conquistar a primeira medalha de ouro do pa\u00eds nos Jogos Ol\u00edmpicos de Paris 2024.<\/p>\n","protected":false},"author":1,"featured_media":0,"comment_status":"closed","ping_status":"open","sticky":false,"template":"","format":"standard","meta":{"_exactmetrics_skip_tracking":false,"_exactmetrics_sitenote_active":false,"_exactmetrics_sitenote_note":"","_exactmetrics_sitenote_category":0,"jetpack_post_was_ever_published":false,"_jetpack_newsletter_access":"","_jetpack_dont_email_post_to_subs":false,"_jetpack_newsletter_tier_id":0,"_jetpack_memberships_contains_paywalled_content":false,"_jetpack_memberships_contains_paid_content":false,"footnotes":"","jetpack_publicize_message":"","jetpack_publicize_feature_enabled":true,"jetpack_social_post_already_shared":true,"jetpack_social_options":{"image_generator_settings":{"template":"highway","enabled":false},"version":2}},"categories":[1],"tags":[46,1084,1085,151],"class_list":["post-35755","post","type-post","status-publish","format-standard","hentry","category-notas","tag-mulheres","tag-negras","tag-negros","tag-olimpiadas"],"jetpack_publicize_connections":[],"jetpack_sharing_enabled":true,"jetpack_featured_media_url":"","jetpack_shortlink":"https:\/\/wp.me\/p7wKYW-9iH","jetpack-related-posts":[],"_links":{"self":[{"href":"http:\/\/blogdalucianaoliveira.com.br\/blog\/wp-json\/wp\/v2\/posts\/35755","targetHints":{"allow":["GET"]}}],"collection":[{"href":"http:\/\/blogdalucianaoliveira.com.br\/blog\/wp-json\/wp\/v2\/posts"}],"about":[{"href":"http:\/\/blogdalucianaoliveira.com.br\/blog\/wp-json\/wp\/v2\/types\/post"}],"author":[{"embeddable":true,"href":"http:\/\/blogdalucianaoliveira.com.br\/blog\/wp-json\/wp\/v2\/users\/1"}],"replies":[{"embeddable":true,"href":"http:\/\/blogdalucianaoliveira.com.br\/blog\/wp-json\/wp\/v2\/comments?post=35755"}],"version-history":[{"count":3,"href":"http:\/\/blogdalucianaoliveira.com.br\/blog\/wp-json\/wp\/v2\/posts\/35755\/revisions"}],"predecessor-version":[{"id":35760,"href":"http:\/\/blogdalucianaoliveira.com.br\/blog\/wp-json\/wp\/v2\/posts\/35755\/revisions\/35760"}],"wp:attachment":[{"href":"http:\/\/blogdalucianaoliveira.com.br\/blog\/wp-json\/wp\/v2\/media?parent=35755"}],"wp:term":[{"taxonomy":"category","embeddable":true,"href":"http:\/\/blogdalucianaoliveira.com.br\/blog\/wp-json\/wp\/v2\/categories?post=35755"},{"taxonomy":"post_tag","embeddable":true,"href":"http:\/\/blogdalucianaoliveira.com.br\/blog\/wp-json\/wp\/v2\/tags?post=35755"}],"curies":[{"name":"wp","href":"https:\/\/api.w.org\/{rel}","templated":true}]}}