{"id":3576,"date":"2016-08-31T10:58:47","date_gmt":"2016-08-31T14:58:47","guid":{"rendered":"http:\/\/blogdalucianaoliveira.com.br\/blog\/?p=3576"},"modified":"2016-08-31T10:58:47","modified_gmt":"2016-08-31T14:58:47","slug":"por-que-vale-a-pena-se-afastar-de-familiares-e-amigos-por-causa-da-politica","status":"publish","type":"post","link":"http:\/\/blogdalucianaoliveira.com.br\/blog\/2016\/08\/31\/por-que-vale-a-pena-se-afastar-de-familiares-e-amigos-por-causa-da-politica\/","title":{"rendered":"Por que vale a pena se afastar de familiares e amigos por causa da pol\u00edtica"},"content":{"rendered":"<p><img data-recalc-dims=\"1\" loading=\"lazy\" decoding=\"async\" data-attachment-id=\"3577\" data-permalink=\"http:\/\/blogdalucianaoliveira.com.br\/blog\/2016\/08\/31\/por-que-vale-a-pena-se-afastar-de-familiares-e-amigos-por-causa-da-politica\/fami\/\" data-orig-file=\"https:\/\/i0.wp.com\/blogdalucianaoliveira.com.br\/blog\/wp-content\/uploads\/2016\/08\/fami.jpg?fit=800%2C474\" data-orig-size=\"800,474\" data-comments-opened=\"0\" data-image-meta=\"{&quot;aperture&quot;:&quot;0&quot;,&quot;credit&quot;:&quot;&quot;,&quot;camera&quot;:&quot;&quot;,&quot;caption&quot;:&quot;&quot;,&quot;created_timestamp&quot;:&quot;0&quot;,&quot;copyright&quot;:&quot;&quot;,&quot;focal_length&quot;:&quot;0&quot;,&quot;iso&quot;:&quot;0&quot;,&quot;shutter_speed&quot;:&quot;0&quot;,&quot;title&quot;:&quot;&quot;,&quot;orientation&quot;:&quot;0&quot;}\" data-image-title=\"fami\" data-image-description=\"\" data-image-caption=\"\" data-medium-file=\"https:\/\/i0.wp.com\/blogdalucianaoliveira.com.br\/blog\/wp-content\/uploads\/2016\/08\/fami.jpg?fit=300%2C178\" data-large-file=\"https:\/\/i0.wp.com\/blogdalucianaoliveira.com.br\/blog\/wp-content\/uploads\/2016\/08\/fami.jpg?fit=600%2C356\" src=\"https:\/\/i0.wp.com\/blogdalucianaoliveira.com.br\/blog\/wp-content\/uploads\/2016\/08\/fami.jpg?resize=600%2C356\" alt=\"fami\" width=\"600\" height=\"356\" class=\"alignnone size-full wp-image-3577\" srcset=\"https:\/\/i0.wp.com\/blogdalucianaoliveira.com.br\/blog\/wp-content\/uploads\/2016\/08\/fami.jpg?w=800 800w, https:\/\/i0.wp.com\/blogdalucianaoliveira.com.br\/blog\/wp-content\/uploads\/2016\/08\/fami.jpg?resize=300%2C178 300w, https:\/\/i0.wp.com\/blogdalucianaoliveira.com.br\/blog\/wp-content\/uploads\/2016\/08\/fami.jpg?resize=768%2C455 768w, https:\/\/i0.wp.com\/blogdalucianaoliveira.com.br\/blog\/wp-content\/uploads\/2016\/08\/fami.jpg?resize=506%2C300 506w\" sizes=\"auto, (max-width: 600px) 100vw, 600px\" \/><\/p>\n<p>No 247<br \/>\nPor Reinaldo Del Dotore<\/p>\n<p>&#8220;N\u00e3o vale a pena perder amigos ou se afastar de familiares por causa de pol\u00edtica&#8221;.<\/p>\n<p>Desculpem-me pela frieza, mas vale a pena, sim. Mais do que isso: \u00e9 fundamental perder amigos e se afastar de parentes.<!--more--><\/p>\n<p>Se o &#8220;por causa de pol\u00edtica&#8221; se refere ao fato de esses amigos ou parentes fazerem apologia (ainda que de forma velada) \u00e0 desigualdade, ao racismo, \u00e0 concentra\u00e7\u00e3o de renda, ao sexismo, \u00e0 xenofobia, \u00e0 discrimina\u00e7\u00e3o, \u00e0 humilha\u00e7\u00e3o simb\u00f3lica de classes desfavorecidas, \u00e0 regress\u00e3o do pa\u00eds \u00e0 condi\u00e7\u00e3o de col\u00f4nia ou a estupidezes semelhantes (a lista \u00e9 longa), fa\u00e7o quest\u00e3o absoluta de tomar provid\u00eancias para nunca mais ver pela frente esses &#8220;amigos&#8221; e para s\u00f3 encontrar esses parentes em inevit\u00e1veis eventos familiares (interagindo o m\u00ednimo poss\u00edvel).<\/p>\n<p>Cansei da eterna concerta\u00e7\u00e3o, do &#8220;deixa disso&#8221;, do &#8220;vamos conversar&#8221;.<\/p>\n<p>Se \u00e9 a sociedade e o pa\u00eds nos quais ter\u00e3o que viver os meus filhos e os filhos dos (estes sim) efetivos amigos e l\u00facidos parentes que est\u00e3o sendo sacrificados, digo com muito gosto: sumam da minha frente. Tenho muita gente fant\u00e1stica com quem interagir.<\/p>\n","protected":false},"excerpt":{"rendered":"<p>No 247 Por Reinaldo Del Dotore &#8220;N\u00e3o vale a pena perder amigos ou se afastar de familiares por causa de pol\u00edtica&#8221;. Desculpem-me pela frieza, mas vale a pena, sim. Mais do que isso: \u00e9 fundamental perder amigos e se afastar de parentes.<\/p>\n","protected":false},"author":1,"featured_media":0,"comment_status":"closed","ping_status":"open","sticky":false,"template":"","format":"standard","meta":{"_exactmetrics_skip_tracking":false,"_exactmetrics_sitenote_active":false,"_exactmetrics_sitenote_note":"","_exactmetrics_sitenote_category":0,"jetpack_post_was_ever_published":false,"_jetpack_newsletter_access":"","_jetpack_dont_email_post_to_subs":false,"_jetpack_newsletter_tier_id":0,"_jetpack_memberships_contains_paywalled_content":false,"_jetpack_memberships_contains_paid_content":false,"footnotes":"","jetpack_publicize_message":"","jetpack_publicize_feature_enabled":true,"jetpack_social_post_already_shared":true,"jetpack_social_options":{"image_generator_settings":{"template":"highway","enabled":false},"version":2}},"categories":[1],"tags":[],"class_list":["post-3576","post","type-post","status-publish","format-standard","hentry","category-notas"],"jetpack_publicize_connections":[],"jetpack_sharing_enabled":true,"jetpack_featured_media_url":"","jetpack_shortlink":"https:\/\/wp.me\/p7wKYW-VG","jetpack-related-posts":[],"_links":{"self":[{"href":"http:\/\/blogdalucianaoliveira.com.br\/blog\/wp-json\/wp\/v2\/posts\/3576","targetHints":{"allow":["GET"]}}],"collection":[{"href":"http:\/\/blogdalucianaoliveira.com.br\/blog\/wp-json\/wp\/v2\/posts"}],"about":[{"href":"http:\/\/blogdalucianaoliveira.com.br\/blog\/wp-json\/wp\/v2\/types\/post"}],"author":[{"embeddable":true,"href":"http:\/\/blogdalucianaoliveira.com.br\/blog\/wp-json\/wp\/v2\/users\/1"}],"replies":[{"embeddable":true,"href":"http:\/\/blogdalucianaoliveira.com.br\/blog\/wp-json\/wp\/v2\/comments?post=3576"}],"version-history":[{"count":1,"href":"http:\/\/blogdalucianaoliveira.com.br\/blog\/wp-json\/wp\/v2\/posts\/3576\/revisions"}],"predecessor-version":[{"id":3578,"href":"http:\/\/blogdalucianaoliveira.com.br\/blog\/wp-json\/wp\/v2\/posts\/3576\/revisions\/3578"}],"wp:attachment":[{"href":"http:\/\/blogdalucianaoliveira.com.br\/blog\/wp-json\/wp\/v2\/media?parent=3576"}],"wp:term":[{"taxonomy":"category","embeddable":true,"href":"http:\/\/blogdalucianaoliveira.com.br\/blog\/wp-json\/wp\/v2\/categories?post=3576"},{"taxonomy":"post_tag","embeddable":true,"href":"http:\/\/blogdalucianaoliveira.com.br\/blog\/wp-json\/wp\/v2\/tags?post=3576"}],"curies":[{"name":"wp","href":"https:\/\/api.w.org\/{rel}","templated":true}]}}