{"id":35771,"date":"2024-08-09T16:27:24","date_gmt":"2024-08-09T20:27:24","guid":{"rendered":"http:\/\/blogdalucianaoliveira.com.br\/blog\/?p=35771"},"modified":"2024-08-09T16:27:24","modified_gmt":"2024-08-09T20:27:24","slug":"no-dia-dos-povos-indigenas-especialistas-chamam-atencao-para-ameacas-aos-ecossistemas","status":"publish","type":"post","link":"http:\/\/blogdalucianaoliveira.com.br\/blog\/2024\/08\/09\/no-dia-dos-povos-indigenas-especialistas-chamam-atencao-para-ameacas-aos-ecossistemas\/","title":{"rendered":"No Dia dos Povos Ind\u00edgenas, especialistas chamam aten\u00e7\u00e3o para amea\u00e7as aos ecossistemas"},"content":{"rendered":"<p><img data-recalc-dims=\"1\" loading=\"lazy\" decoding=\"async\" data-attachment-id=\"35772\" data-permalink=\"http:\/\/blogdalucianaoliveira.com.br\/blog\/2024\/08\/09\/no-dia-dos-povos-indigenas-especialistas-chamam-atencao-para-ameacas-aos-ecossistemas\/img_7841\/\" data-orig-file=\"https:\/\/i0.wp.com\/blogdalucianaoliveira.com.br\/blog\/wp-content\/uploads\/2024\/08\/IMG_7841.jpeg?fit=1162%2C644\" data-orig-size=\"1162,644\" data-comments-opened=\"0\" data-image-meta=\"{&quot;aperture&quot;:&quot;0&quot;,&quot;credit&quot;:&quot;&quot;,&quot;camera&quot;:&quot;&quot;,&quot;caption&quot;:&quot;&quot;,&quot;created_timestamp&quot;:&quot;0&quot;,&quot;copyright&quot;:&quot;&quot;,&quot;focal_length&quot;:&quot;0&quot;,&quot;iso&quot;:&quot;0&quot;,&quot;shutter_speed&quot;:&quot;0&quot;,&quot;title&quot;:&quot;&quot;,&quot;orientation&quot;:&quot;1&quot;}\" data-image-title=\"IMG_7841\" data-image-description=\"\" data-image-caption=\"\" data-medium-file=\"https:\/\/i0.wp.com\/blogdalucianaoliveira.com.br\/blog\/wp-content\/uploads\/2024\/08\/IMG_7841.jpeg?fit=300%2C166\" data-large-file=\"https:\/\/i0.wp.com\/blogdalucianaoliveira.com.br\/blog\/wp-content\/uploads\/2024\/08\/IMG_7841.jpeg?fit=600%2C333\" class=\"alignnone size-full wp-image-35772\" src=\"https:\/\/i0.wp.com\/blogdalucianaoliveira.com.br\/blog\/wp-content\/uploads\/2024\/08\/IMG_7841.jpeg?resize=600%2C333\" alt=\"\" width=\"600\" height=\"333\" srcset=\"https:\/\/i0.wp.com\/blogdalucianaoliveira.com.br\/blog\/wp-content\/uploads\/2024\/08\/IMG_7841.jpeg?w=1162 1162w, https:\/\/i0.wp.com\/blogdalucianaoliveira.com.br\/blog\/wp-content\/uploads\/2024\/08\/IMG_7841.jpeg?resize=300%2C166 300w, https:\/\/i0.wp.com\/blogdalucianaoliveira.com.br\/blog\/wp-content\/uploads\/2024\/08\/IMG_7841.jpeg?resize=1024%2C568 1024w, https:\/\/i0.wp.com\/blogdalucianaoliveira.com.br\/blog\/wp-content\/uploads\/2024\/08\/IMG_7841.jpeg?resize=768%2C426 768w, https:\/\/i0.wp.com\/blogdalucianaoliveira.com.br\/blog\/wp-content\/uploads\/2024\/08\/IMG_7841.jpeg?resize=541%2C300 541w\" sizes=\"auto, (max-width: 600px) 100vw, 600px\" \/><\/p>\n<p class=\"bullet mt-0 added-to-list1\" data-v-232111b4=\"\" data-pf_style_display=\"block\" data-pf_style_visibility=\"visible\"><span class=\"text-node\">RFI &#8211; Nesta sexta-feira (9), \u00e9 comemorado o Dia Internacional dos Povos Ind\u00edgenas. Eles somam pelo menos 476 milh\u00f5es no mundo, distribu\u00eddos por 90 pa\u00edses, e representam, no m\u00ednimo, 15% dos indiv\u00edduos mais marginalizados da Terra. S\u00e3o especialmente vulner\u00e1veis ao aquecimento global, \u00e0 explora\u00e7\u00e3o abusiva dos recursos, \u00e0s discrimina\u00e7\u00f5es e \u00e0s viol\u00eancias. Al\u00e9m disso, est\u00e3o amplamente exclu\u00eddos das pol\u00edticas ambientais, mesmo sendo os respons\u00e1veis pela prote\u00e7\u00e3o de 80% da biodiversidade mundial.<\/span><!--more--><\/p>\n<p class=\"bullet added-to-list1\" data-v-232111b4=\"\" data-pf_style_display=\"block\" data-pf_style_visibility=\"visible\"><span class=\"text-node\">Segundo uma defini\u00e7\u00e3o herdada do relat\u00f3rio realizado pelo soci\u00f3logo equatoriano Jos\u00e9 Martinez Cobo para as Na\u00e7\u00f5es Unidas nos anos 1980, &#8220;as popula\u00e7\u00f5es ind\u00edgenas s\u00e3o povos e na\u00e7\u00f5es que viviam em um territ\u00f3rio antes da chegada dos colonizadores, que possuem suas pr\u00f3prias institui\u00e7\u00f5es, l\u00ednguas, sistemas jur\u00eddicos, e que est\u00e3o determinados a transmiti-los \u00e0s gera\u00e7\u00f5es futuras&#8221;, explicou a antrop\u00f3loga francesa Ir\u00e8ne Bellier, em entrevista a G\u00e9raud Bosman-Delzons, da <\/span><strong data-pf_style_display=\"inline\" data-pf_style_visibility=\"visible\"><span class=\"text-node\">RFI<\/span><\/strong><span class=\"text-node\">.<\/span><\/p>\n<p class=\"bullet added-to-list1\" data-v-232111b4=\"\" data-pf_style_display=\"block\" data-pf_style_visibility=\"visible\"><span class=\"text-node\">&#8220;S\u00e3o entre 5.800 e 6.000 povos diferentes, representando 85% da diversidade cultural do planeta. Isso corresponde a cerca de 476 milh\u00f5es de pessoas em 90 pa\u00edses, nos cinco continentes. Somente na Col\u00f4mbia, h\u00e1 107 povos;\u00a0<\/span><a href=\"https:\/\/www.rfi.fr\/br\/brasil\/20240723-estudo-aponta-aumento-de-56-de-suic%C3%ADdios-e-degrada%C3%A7%C3%A3o-da-situa%C3%A7%C3%A3o-entre-povos-ind%C3%ADgenas-do-brasil\" data-pf_style_display=\"inline\" data-pf_style_visibility=\"visible\"><span class=\"text-node\">no Brasil, cerca de 300<\/span><\/a><span class=\"text-node\">; no Peru, cerca de 50&#8243;, explica Bellier.<\/span><\/p>\n<p class=\"bullet mt-0 added-to-list1\" data-v-232111b4=\"\" data-pf_style_display=\"block\" data-pf_style_visibility=\"visible\"><span class=\"text-node\">Em 2007, ap\u00f3s 25 anos de dif\u00edceis negocia\u00e7\u00f5es, a Declara\u00e7\u00e3o das Na\u00e7\u00f5es Unidas sobre os Direitos dos Povos Ind\u00edgenas foi adotada, marcando o reconhecimento internacional. No entanto, as amea\u00e7as que sofrem ainda s\u00e3o graves.<\/span><\/p>\n<p class=\"bullet added-to-list1\" data-v-232111b4=\"\" data-pf_style_display=\"block\" data-pf_style_visibility=\"visible\"><span class=\"text-node\">A antrop\u00f3loga cita tr\u00eas ind\u00fastrias que representam uma grande amea\u00e7a para os ind\u00edgenas: &#8220;o agroneg\u00f3cio (com culturas predat\u00f3rias como a soja, \u00f3leo de palma e a pecu\u00e1ria, em particular); as minas (g\u00e1s, petr\u00f3leo, ouro, cobre e a busca por min\u00e9rios raros) s\u00e3o um flagelo para os ind\u00edgenas; e o desmatamento, que destr\u00f3i o direito de um povo viver de uma floresta, que deve ser pensada n\u00e3o como um reservat\u00f3rio de madeira, mas como um espa\u00e7o vital&#8221;.<\/span><\/p>\n<h2 class=\"bullet\" data-v-232111b4=\"\" data-pf_style_display=\"block\" data-pf_style_visibility=\"visible\"><span class=\"text-node\">Globaliza\u00e7\u00e3o das amea\u00e7as<\/span><\/h2>\n<p class=\"bullet added-to-list1\" data-v-232111b4=\"\" data-pf_style_display=\"block\" data-pf_style_visibility=\"visible\"><span class=\"text-node\">&#8220;Os povos vivem em simbiose com esse ecossistema&#8221;, explica. &#8220;A globaliza\u00e7\u00e3o industrial leva \u00e0 globaliza\u00e7\u00e3o das amea\u00e7as. Isso torna muito dif\u00edcil atribuir responsabilidades quando h\u00e1 viola\u00e7\u00e3o dos direitos.&#8221;<\/span><\/p>\n<p class=\"bullet added-to-list1\" data-v-232111b4=\"\" data-pf_style_display=\"block\" data-pf_style_visibility=\"visible\"><span class=\"text-node\">As situa\u00e7\u00f5es desses povos s\u00e3o muito diversas em fun\u00e7\u00e3o das condi\u00e7\u00f5es ecossist\u00eamicas onde vivem, al\u00e9m de demogr\u00e1ficas, culturais e jur\u00eddicas. &#8220;A forma como os ind\u00edgenas foram conquistados, maltratados e marginalizados varia conforme a hist\u00f3ria dos Estados. As realidades diferem dependendo de estarmos no Canad\u00e1 ou na Patag\u00f4nia; assim como entre a \u00c1frica Ocidental e Oriental, a \u00c1frica do Norte ou Austral&#8221;, diz a antrop\u00f3loga.<\/span><\/p>\n<p class=\"bullet added-to-list1\" data-v-232111b4=\"\" data-pf_style_display=\"block\" data-pf_style_visibility=\"visible\"><span class=\"text-node\">Desde a Declara\u00e7\u00e3o das Na\u00e7\u00f5es Unidas sobre os Direitos dos Povos Ind\u00edgenas (DNUDPA), fala-se em &#8220;povos&#8221; porque o termo confere uma personalidade jur\u00eddica, enquanto &#8220;popula\u00e7\u00e3o&#8221; designa uma &#8220;cole\u00e7\u00e3o de indiv\u00edduos&#8221;, explica Bellier. &#8220;Isso permite a defesa e eleva o n\u00edvel de reconhecimento que esses coletivos precisam para existir no mundo atual. <\/span><a href=\"https:\/\/www.rfi.fr\/br\/podcasts\/linha-direta\/20230425-antes-da-coroa-existe-um-cocar-diz-c%C3%A9lia-xakriab%C3%A1-em-defesa-dos-povos-ind%C3%ADgenas\" data-pf_style_display=\"inline\" data-pf_style_visibility=\"visible\"><span class=\"text-node\">O problema \u00e9 que esses povos ind\u00edgenas ainda dependem da forma como o Estado os admite, os nomeia, os despreza, etc.&#8221;<\/span><\/a><\/p>\n<p class=\"bullet mt-0 added-to-list1\" data-v-232111b4=\"\" data-pf_style_display=\"block\" data-pf_style_visibility=\"visible\"><span class=\"text-node\">J\u00e1 Fiore Longo, da ONG Survival International, destaca a vulnerabilidade dos povos n\u00e3o contactados. &#8220;Sabemos muito pouco sobre eles porque, de fato, n\u00e3o s\u00e3o contactados, est\u00e3o isolados, mas sabemos que s\u00e3o muito vulner\u00e1veis a doen\u00e7as para as quais n\u00f3s temos imunidade. Por exemplo, sabemos sobre o sarampo e que eles dependem 100% do seu territ\u00f3rio para viver. Eles se encontram principalmente em \u00e1reas ricas em biodiversidade. Por exemplo, a maioria dos povos n\u00e3o contactados est\u00e1 na Amaz\u00f4nia, especialmente no Peru e no Brasil&#8221;, disse em entrevista \u00e0<\/span><strong data-pf_style_display=\"inline\" data-pf_style_visibility=\"visible\"><span class=\"text-node\"> RFI<\/span><\/strong><span class=\"text-node\">.<\/span><\/p>\n<h2 class=\"bullet\" data-v-232111b4=\"\" data-pf_style_display=\"block\" data-pf_style_visibility=\"visible\"><span class=\"text-node\">Lutas para existir<\/span><\/h2>\n<p class=\"bullet added-to-list1\" data-v-232111b4=\"\" data-pf_style_display=\"block\" data-pf_style_visibility=\"visible\"><span class=\"text-node\">As lutas desses povos por sua exist\u00eancia come\u00e7aram no n\u00edvel local, depois nacional, antes de alcan\u00e7ar o n\u00edvel internacional. &#8220;Na d\u00e9cada de 1970, antrop\u00f3logos se mobilizaram para denunciar assassinatos e o sistema que conduzia \u00e0 sua extermina\u00e7\u00e3o&#8221;, lembra Ir\u00e8ne Bellier. &#8220;A quest\u00e3o ind\u00edgena avan\u00e7ou a partir do momento em que as Na\u00e7\u00f5es Unidas estabeleceram um grupo de trabalho, em 1982, dentro da Comiss\u00e3o para a Prote\u00e7\u00e3o das Minorias. Eles testemunharam seu cotidiano sobre quest\u00f5es de sa\u00fade, educa\u00e7\u00e3o, desenvolvimento, pobreza e viola\u00e7\u00f5es de seus direitos fundamentais. Isso fez com que as linhas se movessem na ONU e os princ\u00edpios da futura Declara\u00e7\u00e3o das Na\u00e7\u00f5es Unidas sobre os Direitos dos Povos Ind\u00edgenas foram estabelecidos.&#8221;<\/span><\/p>\n<p class=\"bullet added-to-list1\" data-v-232111b4=\"\" data-pf_style_display=\"block\" data-pf_style_visibility=\"visible\"><span class=\"text-node\">&#8220;\u00c9 importante tamb\u00e9m destacar que os ind\u00edgenas t\u00eam uma consci\u00eancia transnacional elevada&#8221;, diz Bellier. Como exemplo ela cita os Inuit, pejorativamente chamados de esquim\u00f3s pelos colonizadores, que sobrevivem no Alasca, Canad\u00e1, Groenl\u00e2ndia e R\u00fassia. &#8220;As fronteiras dos Estados muitas vezes dividiram seus povos, al\u00e9m disso, desde a d\u00e9cada de 1970, os Inuit alertaram o mundo sobre os efeitos das mudan\u00e7as clim\u00e1ticas: se o gelo derrete, as pr\u00e1ticas culturais e culturais s\u00e3o perturbadas&#8221;, explica.\u00a0<\/span><\/p>\n<p class=\"bullet added-to-list1\" data-v-232111b4=\"\" data-pf_style_display=\"block\" data-pf_style_visibility=\"visible\"><span class=\"text-node\">&#8220;Os representantes das organiza\u00e7\u00f5es ind\u00edgenas participam das negocia\u00e7\u00f5es, dialogam com os Estados, mas o n\u00edvel decis\u00f3rio lhes escapa&#8221;, lamenta Ir\u00e8ne Bellier. &#8220;Desde 2014, os ind\u00edgenas pedem que seja estabelecida sua participa\u00e7\u00e3o na Assembleia Geral das Na\u00e7\u00f5es Unidas, n\u00e3o apenas como observadores, o que j\u00e1 s\u00e3o, mas como os Estados, com uma voz e um direito de voto, eles tentam obter pelo menos uma representa\u00e7\u00e3o sub-regional. Os 194 Estados-membros das Na\u00e7\u00f5es Unidas n\u00e3o querem abrir m\u00e3o do monop\u00f3lio da representa\u00e7\u00e3o pol\u00edtica&#8221;, concluiu.<\/span><\/p>\n","protected":false},"excerpt":{"rendered":"<p>RFI &#8211; Nesta sexta-feira (9), \u00e9 comemorado o Dia Internacional dos Povos Ind\u00edgenas. Eles somam pelo menos 476 milh\u00f5es no mundo, distribu\u00eddos por 90 pa\u00edses, e representam, no m\u00ednimo, 15% dos indiv\u00edduos mais marginalizados da Terra. S\u00e3o especialmente vulner\u00e1veis ao aquecimento global, \u00e0 explora\u00e7\u00e3o abusiva dos recursos, \u00e0s discrimina\u00e7\u00f5es e \u00e0s viol\u00eancias. Al\u00e9m disso, est\u00e3o&#8230;<a class=\"more-link\" href=\"http:\/\/blogdalucianaoliveira.com.br\/blog\/2024\/08\/09\/no-dia-dos-povos-indigenas-especialistas-chamam-atencao-para-ameacas-aos-ecossistemas\/\">Continue a leitura <span class=\"meta-nav\">&raquo;<\/span><\/a><\/p>\n","protected":false},"author":1,"featured_media":0,"comment_status":"closed","ping_status":"open","sticky":false,"template":"","format":"standard","meta":{"_exactmetrics_skip_tracking":false,"_exactmetrics_sitenote_active":false,"_exactmetrics_sitenote_note":"","_exactmetrics_sitenote_category":0,"jetpack_post_was_ever_published":false,"_jetpack_newsletter_access":"","_jetpack_dont_email_post_to_subs":false,"_jetpack_newsletter_tier_id":0,"_jetpack_memberships_contains_paywalled_content":false,"_jetpack_memberships_contains_paid_content":false,"footnotes":"","jetpack_publicize_message":"","jetpack_publicize_feature_enabled":true,"jetpack_social_post_already_shared":true,"jetpack_social_options":{"image_generator_settings":{"template":"highway","enabled":false},"version":2}},"categories":[1],"tags":[974,1090,749],"class_list":["post-35771","post","type-post","status-publish","format-standard","hentry","category-notas","tag-ameacas","tag-dia-internacional","tag-povos-indigenas"],"jetpack_publicize_connections":[],"jetpack_sharing_enabled":true,"jetpack_featured_media_url":"","jetpack_shortlink":"https:\/\/wp.me\/p7wKYW-9iX","jetpack-related-posts":[],"_links":{"self":[{"href":"http:\/\/blogdalucianaoliveira.com.br\/blog\/wp-json\/wp\/v2\/posts\/35771","targetHints":{"allow":["GET"]}}],"collection":[{"href":"http:\/\/blogdalucianaoliveira.com.br\/blog\/wp-json\/wp\/v2\/posts"}],"about":[{"href":"http:\/\/blogdalucianaoliveira.com.br\/blog\/wp-json\/wp\/v2\/types\/post"}],"author":[{"embeddable":true,"href":"http:\/\/blogdalucianaoliveira.com.br\/blog\/wp-json\/wp\/v2\/users\/1"}],"replies":[{"embeddable":true,"href":"http:\/\/blogdalucianaoliveira.com.br\/blog\/wp-json\/wp\/v2\/comments?post=35771"}],"version-history":[{"count":1,"href":"http:\/\/blogdalucianaoliveira.com.br\/blog\/wp-json\/wp\/v2\/posts\/35771\/revisions"}],"predecessor-version":[{"id":35773,"href":"http:\/\/blogdalucianaoliveira.com.br\/blog\/wp-json\/wp\/v2\/posts\/35771\/revisions\/35773"}],"wp:attachment":[{"href":"http:\/\/blogdalucianaoliveira.com.br\/blog\/wp-json\/wp\/v2\/media?parent=35771"}],"wp:term":[{"taxonomy":"category","embeddable":true,"href":"http:\/\/blogdalucianaoliveira.com.br\/blog\/wp-json\/wp\/v2\/categories?post=35771"},{"taxonomy":"post_tag","embeddable":true,"href":"http:\/\/blogdalucianaoliveira.com.br\/blog\/wp-json\/wp\/v2\/tags?post=35771"}],"curies":[{"name":"wp","href":"https:\/\/api.w.org\/{rel}","templated":true}]}}