{"id":35776,"date":"2024-08-09T16:44:27","date_gmt":"2024-08-09T20:44:27","guid":{"rendered":"http:\/\/blogdalucianaoliveira.com.br\/blog\/?p=35776"},"modified":"2024-08-09T16:44:27","modified_gmt":"2024-08-09T20:44:27","slug":"cinco-coisas-que-voce-deve-saber-sobre-o-dia-dos-povos-indigenas-deste-ano","status":"publish","type":"post","link":"http:\/\/blogdalucianaoliveira.com.br\/blog\/2024\/08\/09\/cinco-coisas-que-voce-deve-saber-sobre-o-dia-dos-povos-indigenas-deste-ano\/","title":{"rendered":"Cinco coisas que voc\u00ea deve saber sobre o Dia dos Povos Ind\u00edgenas deste ano"},"content":{"rendered":"<p><img data-recalc-dims=\"1\" loading=\"lazy\" decoding=\"async\" data-attachment-id=\"35777\" data-permalink=\"http:\/\/blogdalucianaoliveira.com.br\/blog\/2024\/08\/09\/cinco-coisas-que-voce-deve-saber-sobre-o-dia-dos-povos-indigenas-deste-ano\/img_7844\/\" data-orig-file=\"https:\/\/i0.wp.com\/blogdalucianaoliveira.com.br\/blog\/wp-content\/uploads\/2024\/08\/IMG_7844.jpeg?fit=1039%2C483\" data-orig-size=\"1039,483\" data-comments-opened=\"0\" data-image-meta=\"{&quot;aperture&quot;:&quot;0&quot;,&quot;credit&quot;:&quot;&quot;,&quot;camera&quot;:&quot;&quot;,&quot;caption&quot;:&quot;&quot;,&quot;created_timestamp&quot;:&quot;0&quot;,&quot;copyright&quot;:&quot;&quot;,&quot;focal_length&quot;:&quot;0&quot;,&quot;iso&quot;:&quot;0&quot;,&quot;shutter_speed&quot;:&quot;0&quot;,&quot;title&quot;:&quot;&quot;,&quot;orientation&quot;:&quot;1&quot;}\" data-image-title=\"IMG_7844\" data-image-description=\"\" data-image-caption=\"\" data-medium-file=\"https:\/\/i0.wp.com\/blogdalucianaoliveira.com.br\/blog\/wp-content\/uploads\/2024\/08\/IMG_7844.jpeg?fit=300%2C139\" data-large-file=\"https:\/\/i0.wp.com\/blogdalucianaoliveira.com.br\/blog\/wp-content\/uploads\/2024\/08\/IMG_7844.jpeg?fit=600%2C279\" class=\"alignnone size-full wp-image-35777\" src=\"https:\/\/i0.wp.com\/blogdalucianaoliveira.com.br\/blog\/wp-content\/uploads\/2024\/08\/IMG_7844.jpeg?resize=600%2C279\" alt=\"\" width=\"600\" height=\"279\" srcset=\"https:\/\/i0.wp.com\/blogdalucianaoliveira.com.br\/blog\/wp-content\/uploads\/2024\/08\/IMG_7844.jpeg?w=1039 1039w, https:\/\/i0.wp.com\/blogdalucianaoliveira.com.br\/blog\/wp-content\/uploads\/2024\/08\/IMG_7844.jpeg?resize=300%2C139 300w, https:\/\/i0.wp.com\/blogdalucianaoliveira.com.br\/blog\/wp-content\/uploads\/2024\/08\/IMG_7844.jpeg?resize=1024%2C476 1024w, https:\/\/i0.wp.com\/blogdalucianaoliveira.com.br\/blog\/wp-content\/uploads\/2024\/08\/IMG_7844.jpeg?resize=768%2C357 768w, https:\/\/i0.wp.com\/blogdalucianaoliveira.com.br\/blog\/wp-content\/uploads\/2024\/08\/IMG_7844.jpeg?resize=645%2C300 645w\" sizes=\"auto, (max-width: 600px) 100vw, 600px\" \/><\/p>\n<p>ONU &#8211; O Dia Internacional dos Povos Ind\u00edgenas \u00e9 comemorado anualmente em 9 de agosto. O tema deste ano \u00e9 \u201cProtegendo os direitos dos povos ind\u00edgenas em isolamento volunt\u00e1rio e contato inicial\u201d. <span class=\"text-node\">Aqui est\u00e3o cinco coisas que voc\u00ea deve saber:<\/span><\/p>\n<p><!--more--><\/p>\n<h3 data-pf_style_display=\"block\" data-pf_style_visibility=\"visible\"><strong data-pf_style_display=\"inline\" data-pf_style_visibility=\"visible\"><span class=\"text-node\">1) O que significa \u201cisolamento volunt\u00e1rio e contato inicial\u201d?<\/span><\/strong><\/h3>\n<p class=\"added-to-list1\" data-pf_style_display=\"block\" data-pf_style_visibility=\"visible\"><span class=\"text-node\">O foco do Dia Internacional deste ano est\u00e1 nos aproximadamente 200 grupos de povos ind\u00edgenas que vivem atualmente em isolamento volunt\u00e1rio e contato inicial. Eles vivem separados do resto do mundo, sobrevivendo da coleta e da ca\u00e7a. Estes grupos residem em florestas remotas ricas em recursos naturais na Bol\u00edvia, Brasil, Col\u00f4mbia, Equador, \u00cdndia, Indon\u00e9sia, Papua Nova Guin\u00e9, Peru e Venezuela.<\/span><\/p>\n<h3 data-pf_style_display=\"block\" data-pf_style_visibility=\"visible\"><strong data-pf_style_display=\"inline\" data-pf_style_visibility=\"visible\"><span class=\"text-node\">2) Por que um grupo escolheria se auto isolar?<\/span><\/strong><\/h3>\n<p class=\"added-to-list1\" data-pf_style_display=\"block\" data-pf_style_visibility=\"visible\"><span class=\"text-node\">Estes grupos ind\u00edgenas evitam deliberadamente a sociedade dominante, a fim de preservar a sua pr\u00f3pria autonomia, bem como as suas culturas e l\u00ednguas.<\/span><\/p>\n<h3 data-pf_style_display=\"block\" data-pf_style_visibility=\"visible\"><strong data-pf_style_display=\"inline\" data-pf_style_visibility=\"visible\"><span class=\"text-node\">3) Quais s\u00e3o as amea\u00e7as aos Povos Ind\u00edgenas em isolamento volunt\u00e1rio e contato inicial?<\/span><\/strong><\/h3>\n<p class=\"added-to-list1\" data-pf_style_display=\"block\" data-pf_style_visibility=\"visible\"><span class=\"text-node\">Uma das amea\u00e7as mais graves do contato externo \u00e9 a exposi\u00e7\u00e3o a doen\u00e7as. Devido ao seu isolamento, esses povos ind\u00edgenas n\u00e3o possuem defesas imunol\u00f3gicas para combater doen\u00e7as relativamente comuns. O contacto for\u00e7ado com o mundo exterior pode ter consequ\u00eancias devastadoras e destruir sociedades inteiras.<\/span><\/p>\n<p class=\"added-to-list1\" data-pf_style_display=\"block\" data-pf_style_visibility=\"visible\"><span class=\"text-node\">Algumas outras amea\u00e7as graves prov\u00eam da vida quotidiana. A agricultura, a minera\u00e7\u00e3o, o turismo e a procura de recursos naturais nos seus territ\u00f3rios resultam na desfloresta\u00e7\u00e3o das terras dos povos ind\u00edgenas, perturbando o seu modo de vida e destruindo o ambiente natural que protegeram durante gera\u00e7\u00f5es.<\/span><\/p>\n<div class=\"context-un_news_full_width_credit_caption type-entermedia_image media media--type-entermedia-image media--view-mode-un-news-full-width-credit-caption\" data-pf_style_display=\"block\" data-pf_style_visibility=\"visible\">\n<div class=\"field field--name-thumbnail field--type-image field--label-hidden field__item\" data-pf_style_display=\"block\" data-pf_style_visibility=\"visible\"><img data-recalc-dims=\"1\" decoding=\"async\" class=\"pf-large-image flex-width pf-size-full mediumImage\" title=\"Os Waorani, Waodani ou Huaorani, tamb\u00e9m conhecidos como Waos, s\u00e3o um povo ind\u00edgena da regi\u00e3o amaz\u00f4nica do Equador que apresenta diferen\u00e7as marcantes em rela\u00e7\u00e3o a outros grupos \u00e9tnicos do Equador\" src=\"https:\/\/i0.wp.com\/global.unitednations.entermediadb.net\/assets\/mediadb\/services\/module\/asset\/downloads\/preset\/Libraries\/Production%2520Library\/Nemonte-Waorani-Peoples-Credit-Daniela-Aguilar.jpg\/image1170x530cropped.jpg?w=600&#038;ssl=1\" srcset=\"\" alt=\"Os Waorani, Waodani ou Huaorani, tamb\u00e9m conhecidos como Waos, s\u00e3o um povo ind\u00edgena da regi\u00e3o amaz\u00f4nica do Equador que apresenta diferen\u00e7as marcantes em rela\u00e7\u00e3o a outros grupos \u00e9tnicos do Equador\"  data-pf_style_display=\"inline\" data-pf_style_visibility=\"visible\" data-pf_rect_width=\"784\" data-pf_rect_height=\"36\" \/><\/div>\n<div class=\"field field--name-field-authors field--type-entity-reference field--label-hidden field__items\" data-pf_style_display=\"block\" data-pf_style_visibility=\"visible\">\n<p class=\"field__item added-to-list1\"><span class=\"text-node\">Daniela Aguilar<\/span><\/p>\n<\/div>\n<p class=\"field field--name-field-title field--type-string field--label-hidden field__item added-to-list1\"><span class=\"text-node\">Os Waorani, Waodani ou Huaorani, tamb\u00e9m conhecidos como Waos, s\u00e3o um povo ind\u00edgena da regi\u00e3o amaz\u00f4nica do Equador que apresenta diferen\u00e7as marcantes em rela\u00e7\u00e3o a outros grupos \u00e9tnicos do Equador<\/span><\/p>\n<\/div>\n<h3 data-pf_style_display=\"block\" data-pf_style_visibility=\"visible\"><strong data-pf_style_display=\"inline\" data-pf_style_visibility=\"visible\"><span class=\"text-node\">4) O que isso significa para n\u00f3s e para o planeta?<\/span><\/strong><\/h3>\n<p class=\"added-to-list1\" data-pf_style_display=\"block\" data-pf_style_visibility=\"visible\"><span class=\"text-node\">Os povos ind\u00edgenas em isolamento volunt\u00e1rio e contato inicial s\u00e3o os melhores protetores da floresta. Onde os seus direitos coletivos \u00e0s terras e territ\u00f3rios s\u00e3o protegidos, as florestas prosperam, juntamente com as suas sociedades. A sua sobreviv\u00eancia \u00e9 tamb\u00e9m essencial para a preserva\u00e7\u00e3o da diversidade cultural e lingu\u00edstica. No mundo hiper conectado de hoje, a exist\u00eancia de povos ind\u00edgenas em isolamento volunt\u00e1rio e contato inicial \u00e9 uma prova da rica e complexa tape\u00e7aria da humanidade.<\/span><\/p>\n<h3 data-pf_style_display=\"block\" data-pf_style_visibility=\"visible\"><strong data-pf_style_display=\"inline\" data-pf_style_visibility=\"visible\"><span class=\"text-node\">5) Como voc\u00ea pode ajudar?<\/span><\/strong><\/h3>\n<p class=\"added-to-list1\" data-pf_style_display=\"block\" data-pf_style_visibility=\"visible\"><span class=\"text-node\">Apoiar o autoisolamento ajuda a proteger culturas, l\u00ednguas e modos de vida \u00fanicos. Como consumidores, fazer escolhas sustent\u00e1veis \u200b\u200bpode ajudar a salvar estas comunidades da extin\u00e7\u00e3o.<\/span><\/p>\n<p class=\"added-to-list1\" data-pf_style_display=\"block\" data-pf_style_visibility=\"visible\"><span class=\"text-node\">Uma das maiores amea\u00e7as aos povos ind\u00edgenas vem das empresas mineradoras que extraem l\u00edtio, cobalto e outros minerais essenciais para tecnologias de energia renov\u00e1vel. O secret\u00e1rio-geral da ONU, Ant\u00f3nio Guterres, criou recentemente o Painel sobre Minerais Cr\u00edticos de Transi\u00e7\u00e3o Energ\u00e9tica para garantir que a cadeia da ind\u00fastria extrativa proteja os direitos humanos, especialmente de comunidades tradicionais localizados em \u00e1reas de extra\u00e7\u00e3o.\u00a0<\/span><\/p>\n","protected":false},"excerpt":{"rendered":"<p>ONU &#8211; O Dia Internacional dos Povos Ind\u00edgenas \u00e9 comemorado anualmente em 9 de agosto. O tema deste ano \u00e9 \u201cProtegendo os direitos dos povos ind\u00edgenas em isolamento volunt\u00e1rio e contato inicial\u201d. Aqui est\u00e3o cinco coisas que voc\u00ea deve saber:<\/p>\n","protected":false},"author":1,"featured_media":0,"comment_status":"closed","ping_status":"open","sticky":false,"template":"","format":"standard","meta":{"_exactmetrics_skip_tracking":false,"_exactmetrics_sitenote_active":false,"_exactmetrics_sitenote_note":"","_exactmetrics_sitenote_category":0,"jetpack_post_was_ever_published":false,"_jetpack_newsletter_access":"","_jetpack_dont_email_post_to_subs":false,"_jetpack_newsletter_tier_id":0,"_jetpack_memberships_contains_paywalled_content":false,"_jetpack_memberships_contains_paid_content":false,"footnotes":"","jetpack_publicize_message":"","jetpack_publicize_feature_enabled":true,"jetpack_social_post_already_shared":true,"jetpack_social_options":{"image_generator_settings":{"template":"highway","enabled":false},"version":2}},"categories":[1],"tags":[],"class_list":["post-35776","post","type-post","status-publish","format-standard","hentry","category-notas"],"jetpack_publicize_connections":[],"jetpack_sharing_enabled":true,"jetpack_featured_media_url":"","jetpack_shortlink":"https:\/\/wp.me\/p7wKYW-9j2","jetpack-related-posts":[],"_links":{"self":[{"href":"http:\/\/blogdalucianaoliveira.com.br\/blog\/wp-json\/wp\/v2\/posts\/35776","targetHints":{"allow":["GET"]}}],"collection":[{"href":"http:\/\/blogdalucianaoliveira.com.br\/blog\/wp-json\/wp\/v2\/posts"}],"about":[{"href":"http:\/\/blogdalucianaoliveira.com.br\/blog\/wp-json\/wp\/v2\/types\/post"}],"author":[{"embeddable":true,"href":"http:\/\/blogdalucianaoliveira.com.br\/blog\/wp-json\/wp\/v2\/users\/1"}],"replies":[{"embeddable":true,"href":"http:\/\/blogdalucianaoliveira.com.br\/blog\/wp-json\/wp\/v2\/comments?post=35776"}],"version-history":[{"count":1,"href":"http:\/\/blogdalucianaoliveira.com.br\/blog\/wp-json\/wp\/v2\/posts\/35776\/revisions"}],"predecessor-version":[{"id":35778,"href":"http:\/\/blogdalucianaoliveira.com.br\/blog\/wp-json\/wp\/v2\/posts\/35776\/revisions\/35778"}],"wp:attachment":[{"href":"http:\/\/blogdalucianaoliveira.com.br\/blog\/wp-json\/wp\/v2\/media?parent=35776"}],"wp:term":[{"taxonomy":"category","embeddable":true,"href":"http:\/\/blogdalucianaoliveira.com.br\/blog\/wp-json\/wp\/v2\/categories?post=35776"},{"taxonomy":"post_tag","embeddable":true,"href":"http:\/\/blogdalucianaoliveira.com.br\/blog\/wp-json\/wp\/v2\/tags?post=35776"}],"curies":[{"name":"wp","href":"https:\/\/api.w.org\/{rel}","templated":true}]}}