{"id":35779,"date":"2024-08-12T13:11:34","date_gmt":"2024-08-12T17:11:34","guid":{"rendered":"http:\/\/blogdalucianaoliveira.com.br\/blog\/?p=35779"},"modified":"2024-08-12T13:11:34","modified_gmt":"2024-08-12T17:11:34","slug":"assassinato-de-mulheres-ainda-e-realidade-em-conflitos-no-campo-41-anos-apos-morte-de-margarida-alves-alta-foi-de-16-em-2023","status":"publish","type":"post","link":"http:\/\/blogdalucianaoliveira.com.br\/blog\/2024\/08\/12\/assassinato-de-mulheres-ainda-e-realidade-em-conflitos-no-campo-41-anos-apos-morte-de-margarida-alves-alta-foi-de-16-em-2023\/","title":{"rendered":"Assassinato de mulheres ainda \u00e9 realidade em conflitos no campo 41 anos ap\u00f3s morte de Margarida Alves; alta foi de 16% em 2023"},"content":{"rendered":"<p><img data-recalc-dims=\"1\" loading=\"lazy\" decoding=\"async\" data-attachment-id=\"35780\" data-permalink=\"http:\/\/blogdalucianaoliveira.com.br\/blog\/2024\/08\/12\/assassinato-de-mulheres-ainda-e-realidade-em-conflitos-no-campo-41-anos-apos-morte-de-margarida-alves-alta-foi-de-16-em-2023\/img_8069\/\" data-orig-file=\"https:\/\/i0.wp.com\/blogdalucianaoliveira.com.br\/blog\/wp-content\/uploads\/2024\/08\/IMG_8069.jpeg?fit=1096%2C678\" data-orig-size=\"1096,678\" data-comments-opened=\"0\" data-image-meta=\"{&quot;aperture&quot;:&quot;0&quot;,&quot;credit&quot;:&quot;&quot;,&quot;camera&quot;:&quot;&quot;,&quot;caption&quot;:&quot;&quot;,&quot;created_timestamp&quot;:&quot;0&quot;,&quot;copyright&quot;:&quot;&quot;,&quot;focal_length&quot;:&quot;0&quot;,&quot;iso&quot;:&quot;0&quot;,&quot;shutter_speed&quot;:&quot;0&quot;,&quot;title&quot;:&quot;&quot;,&quot;orientation&quot;:&quot;1&quot;}\" data-image-title=\"IMG_8069\" data-image-description=\"\" data-image-caption=\"\" data-medium-file=\"https:\/\/i0.wp.com\/blogdalucianaoliveira.com.br\/blog\/wp-content\/uploads\/2024\/08\/IMG_8069.jpeg?fit=300%2C186\" data-large-file=\"https:\/\/i0.wp.com\/blogdalucianaoliveira.com.br\/blog\/wp-content\/uploads\/2024\/08\/IMG_8069.jpeg?fit=600%2C371\" class=\"alignnone size-full wp-image-35780\" src=\"https:\/\/i0.wp.com\/blogdalucianaoliveira.com.br\/blog\/wp-content\/uploads\/2024\/08\/IMG_8069.jpeg?resize=600%2C371\" alt=\"\" width=\"600\" height=\"371\" srcset=\"https:\/\/i0.wp.com\/blogdalucianaoliveira.com.br\/blog\/wp-content\/uploads\/2024\/08\/IMG_8069.jpeg?w=1096 1096w, https:\/\/i0.wp.com\/blogdalucianaoliveira.com.br\/blog\/wp-content\/uploads\/2024\/08\/IMG_8069.jpeg?resize=300%2C186 300w, https:\/\/i0.wp.com\/blogdalucianaoliveira.com.br\/blog\/wp-content\/uploads\/2024\/08\/IMG_8069.jpeg?resize=1024%2C633 1024w, https:\/\/i0.wp.com\/blogdalucianaoliveira.com.br\/blog\/wp-content\/uploads\/2024\/08\/IMG_8069.jpeg?resize=768%2C475 768w, https:\/\/i0.wp.com\/blogdalucianaoliveira.com.br\/blog\/wp-content\/uploads\/2024\/08\/IMG_8069.jpeg?resize=485%2C300 485w\" sizes=\"auto, (max-width: 600px) 100vw, 600px\" \/><\/p>\n<p>Brasil de Fato &#8211; O dia 12 de agosto, esta segunda-feira, marca o Dia de Luta Contra a Viol\u00eancia no Campo. A data lembra o assassinato da <a href=\"https:\/\/www.brasildefato.com.br\/2019\/08\/12\/conheca-margarida-alves-simbolo-da-luta-por-direitos-para-as-trabalhadoras-do-campo\" target=\"_blank\" rel=\"noopener\">lideran\u00e7a sindical Margarida Alves,<\/a> cuja vida foi cruelmente encerrada por matadores de aluguel a mando de fazendeiros da regi\u00e3o de Alagoa Grande, em Alagoas, em 12 de agosto de 1983, aos 50 anos, em sua casa, na frente do \u00fanico filho e do marido. Em fun\u00e7\u00e3o de sua luta por direitos, Margarida conviveu com as intimida\u00e7\u00f5es \u00e0 sua atua\u00e7\u00e3o combativa.<\/p>\n<p><!--more--><\/p>\n<p>Mais de 40 anos depois, a situa\u00e7\u00e3o das lideran\u00e7as sindicais no campo n\u00e3o arrefeceu. No ano passado, foram registrados 2.203 conflitos no campo, o maior n\u00famero de conflitos rurais desde 1985, quando a <a href=\"https:\/\/www.brasildefato.com.br\/2024\/04\/22\/proximidade-do-governo-com-o-centrao-e-entrave-para-resolucao-agraria-brasileira-diz-coordenador-da-cpt\" target=\"_blank\" rel=\"noopener\">Comiss\u00e3o Pastoral da Terra (CPT)<\/a>come\u00e7ou a s\u00e9rie hist\u00f3ria. Tamb\u00e9m foram contabilizadas sete mortes de mulheres, segundo o Relat\u00f3rio Viol\u00eancia no Campo, 16,7% a mais do que no ano anterior.<\/p>\n<p>A maioria dos conflitos est\u00e1 relacionada \u00e0 terra, 1.724, tamb\u00e9m sendo o maior j\u00e1 registrado pela CPT. Desses, 1.034 s\u00e3o referentes \u00e0s viol\u00eancias contra a ocupa\u00e7\u00e3o e a posse, e 554 diretamente contra pessoas. No total, essas ocorr\u00eancias atingiram 1.467 pessoas, incluindo 31 assassinatos.<\/p>\n<p>Nos \u00faltimos 10 anos, as maiores v\u00edtimas continuam sendo os trabalhadores sem-terra (151), seguidos de ind\u00edgenas (90). Das v\u00edtimas fatais da viol\u00eancia, sete eram mulheres.<\/p>\n<p>Lucineia Freitas, da dire\u00e7\u00e3o nacional do Setor de G\u00eanero do <a href=\"https:\/\/www.brasildefato.com.br\/2023\/04\/20\/a-maior-das-medidas-e-a-reforma-agraria-afirma-cpt-como-resposta-a-conflitos-no-campo\" target=\"_blank\" rel=\"noopener\">Movimento dos Trabalhadores Rurais Sem Terra (MST),<\/a> afirma que &#8220;por mais que as mulheres n\u00e3o sejam o maior n\u00famero de pessoas assassinadas no campo, pensamos a viol\u00eancia de modo amplo, incluindo expuls\u00e3o da terra, tortura, amea\u00e7as&#8221;, contextualiza. &#8220;E, quando v\u00eam os assassinatos, s\u00e3o elas as que sobram com os filhos, a baixa assist\u00eancia estatal e em meio ao conflito, que permanece.&#8221;<\/p>\n<p>Tamb\u00e9m, no ano passado, os fazendeiros, empres\u00e1rios e grileiros foram os principais respons\u00e1veis pelas agress\u00f5es, somando 59% dos criminosos. Ainda em 2023, nesse cen\u00e1rio, os despejos judiciais no campo quase triplicaram e as viol\u00eancias causadas por agentes dos governos estaduais, dobraram.<\/p>\n<p>A maior propor\u00e7\u00e3o de v\u00edtimas foi registrada no estado de Rond\u00f4nia, com cinco assassinados, seguido por Amazonas, Bahia, Maranh\u00e3o e Roraima, com quatro mortes em cada estado. Quanto \u00e0 quantidade de conflitos agr\u00e1rios, o estado que concretizou esse cen\u00e1rio foi a Bahia, com 202 casos.<\/p>\n<p>Entra nessa estat\u00edstica a <a href=\"https:\/\/www.brasildefato.com.br\/2023\/11\/16\/mae-bernadete-morreu-porque-lutava-contra-o-trafico-de-drogas-afirma-ministerio-publico-da-bahia\" target=\"_blank\" rel=\"noopener\">morte da M\u00e3e Bernadete<\/a>, assassinada em agosto de 2023, no quilombo Pitanga dos Palmares, no munic\u00edpio de Sim\u00f5es Filho, na Bahia. Ela coordenava a Coordena\u00e7\u00e3o Nacional de Articula\u00e7\u00e3o das Comunidades Negras Rurais Quilombolas (Conaq) e vinha lutando incansavelmente pela responsabiliza\u00e7\u00e3o dos assassinos de seu filho Fl\u00e1vio Gabriel Pac\u00edfico dos Santos, o Binho do Quilombo, lideran\u00e7a da comunidade.<\/p>\n<p>Em janeiro deste ano, um ataque de ruralistas provocou <a href=\"https:\/\/www.brasildefato.com.br\/2024\/01\/25\/pm-abriu-caminho-para-fazendeiros-matarem-nega-pataxo-dizem-sobreviventes-de-ataque-ruralista-na-bahia\" target=\"_blank\" rel=\"noopener\">a morte da ind\u00edgena Maria F\u00e1tima Muniz de Andrade<\/a>, conhecida como Nega Patax\u00f3, maj\u00e9 (feminino de paj\u00e9), da etnia Patax\u00f3 H\u00e3-h\u00e3-h\u00e3e, na regi\u00e3o Sul da Bahia. Dois fazendeiros foram presos em flagrante por porte ilegal de arma, suspeitos de matar a tiros a lideran\u00e7a. Apesar de ainda n\u00e3o estar nas estat\u00edsticas da CPT, cujo levantamento mais recente vai at\u00e9 2023, o caso se tornou emblem\u00e1tico.<\/p>\n<p class=\"editor\">Edi\u00e7\u00e3o: Martina Medina<\/p>\n","protected":false},"excerpt":{"rendered":"<p>Brasil de Fato &#8211; O dia 12 de agosto, esta segunda-feira, marca o Dia de Luta Contra a Viol\u00eancia no Campo. A data lembra o assassinato da lideran\u00e7a sindical Margarida Alves, cuja vida foi cruelmente encerrada por matadores de aluguel a mando de fazendeiros da regi\u00e3o de Alagoa Grande, em Alagoas, em 12 de agosto&#8230;<a class=\"more-link\" href=\"http:\/\/blogdalucianaoliveira.com.br\/blog\/2024\/08\/12\/assassinato-de-mulheres-ainda-e-realidade-em-conflitos-no-campo-41-anos-apos-morte-de-margarida-alves-alta-foi-de-16-em-2023\/\">Continue a leitura <span class=\"meta-nav\">&raquo;<\/span><\/a><\/p>\n","protected":false},"author":1,"featured_media":0,"comment_status":"closed","ping_status":"open","sticky":false,"template":"","format":"standard","meta":{"_exactmetrics_skip_tracking":false,"_exactmetrics_sitenote_active":false,"_exactmetrics_sitenote_note":"","_exactmetrics_sitenote_category":0,"jetpack_post_was_ever_published":false,"_jetpack_newsletter_access":"","_jetpack_dont_email_post_to_subs":false,"_jetpack_newsletter_tier_id":0,"_jetpack_memberships_contains_paywalled_content":false,"_jetpack_memberships_contains_paid_content":false,"footnotes":"","jetpack_publicize_message":"","jetpack_publicize_feature_enabled":true,"jetpack_social_post_already_shared":true,"jetpack_social_options":{"image_generator_settings":{"template":"highway","enabled":false},"version":2}},"categories":[1],"tags":[566,619,46],"class_list":["post-35779","post","type-post","status-publish","format-standard","hentry","category-notas","tag-conflitos-agrarios","tag-cpt","tag-mulheres"],"jetpack_publicize_connections":[],"jetpack_sharing_enabled":true,"jetpack_featured_media_url":"","jetpack_shortlink":"https:\/\/wp.me\/p7wKYW-9j5","jetpack-related-posts":[],"_links":{"self":[{"href":"http:\/\/blogdalucianaoliveira.com.br\/blog\/wp-json\/wp\/v2\/posts\/35779","targetHints":{"allow":["GET"]}}],"collection":[{"href":"http:\/\/blogdalucianaoliveira.com.br\/blog\/wp-json\/wp\/v2\/posts"}],"about":[{"href":"http:\/\/blogdalucianaoliveira.com.br\/blog\/wp-json\/wp\/v2\/types\/post"}],"author":[{"embeddable":true,"href":"http:\/\/blogdalucianaoliveira.com.br\/blog\/wp-json\/wp\/v2\/users\/1"}],"replies":[{"embeddable":true,"href":"http:\/\/blogdalucianaoliveira.com.br\/blog\/wp-json\/wp\/v2\/comments?post=35779"}],"version-history":[{"count":1,"href":"http:\/\/blogdalucianaoliveira.com.br\/blog\/wp-json\/wp\/v2\/posts\/35779\/revisions"}],"predecessor-version":[{"id":35781,"href":"http:\/\/blogdalucianaoliveira.com.br\/blog\/wp-json\/wp\/v2\/posts\/35779\/revisions\/35781"}],"wp:attachment":[{"href":"http:\/\/blogdalucianaoliveira.com.br\/blog\/wp-json\/wp\/v2\/media?parent=35779"}],"wp:term":[{"taxonomy":"category","embeddable":true,"href":"http:\/\/blogdalucianaoliveira.com.br\/blog\/wp-json\/wp\/v2\/categories?post=35779"},{"taxonomy":"post_tag","embeddable":true,"href":"http:\/\/blogdalucianaoliveira.com.br\/blog\/wp-json\/wp\/v2\/tags?post=35779"}],"curies":[{"name":"wp","href":"https:\/\/api.w.org\/{rel}","templated":true}]}}