{"id":35782,"date":"2024-08-13T10:21:14","date_gmt":"2024-08-13T14:21:14","guid":{"rendered":"http:\/\/blogdalucianaoliveira.com.br\/blog\/?p=35782"},"modified":"2024-08-13T10:21:14","modified_gmt":"2024-08-13T14:21:14","slug":"fumaca-no-pantanal-e-na-amazonia-equivale-a-5-anos-de-poluicao-em-sp-mostra-monitoramento-copernicus","status":"publish","type":"post","link":"http:\/\/blogdalucianaoliveira.com.br\/blog\/2024\/08\/13\/fumaca-no-pantanal-e-na-amazonia-equivale-a-5-anos-de-poluicao-em-sp-mostra-monitoramento-copernicus\/","title":{"rendered":"Fuma\u00e7a no Pantanal e na Amaz\u00f4nia equivale a 5 anos de polui\u00e7\u00e3o em SP, mostra monitoramento Copernicus"},"content":{"rendered":"<p><img data-recalc-dims=\"1\" loading=\"lazy\" decoding=\"async\" data-attachment-id=\"35785\" data-permalink=\"http:\/\/blogdalucianaoliveira.com.br\/blog\/2024\/08\/13\/fumaca-no-pantanal-e-na-amazonia-equivale-a-5-anos-de-poluicao-em-sp-mostra-monitoramento-copernicus\/fumaca-no-pantanal-e-na-amazon\/\" data-orig-file=\"https:\/\/i0.wp.com\/blogdalucianaoliveira.com.br\/blog\/wp-content\/uploads\/2024\/08\/fumaca-no-pantanal-e-na-amazon.png?fit=888%2C592\" data-orig-size=\"888,592\" data-comments-opened=\"0\" data-image-meta=\"{&quot;aperture&quot;:&quot;0&quot;,&quot;credit&quot;:&quot;&quot;,&quot;camera&quot;:&quot;&quot;,&quot;caption&quot;:&quot;&quot;,&quot;created_timestamp&quot;:&quot;0&quot;,&quot;copyright&quot;:&quot;&quot;,&quot;focal_length&quot;:&quot;0&quot;,&quot;iso&quot;:&quot;0&quot;,&quot;shutter_speed&quot;:&quot;0&quot;,&quot;title&quot;:&quot;&quot;,&quot;orientation&quot;:&quot;0&quot;}\" data-image-title=\"fumaca-no-pantanal-e-na-amazon\" data-image-description=\"\" data-image-caption=\"\" data-medium-file=\"https:\/\/i0.wp.com\/blogdalucianaoliveira.com.br\/blog\/wp-content\/uploads\/2024\/08\/fumaca-no-pantanal-e-na-amazon.png?fit=300%2C200\" data-large-file=\"https:\/\/i0.wp.com\/blogdalucianaoliveira.com.br\/blog\/wp-content\/uploads\/2024\/08\/fumaca-no-pantanal-e-na-amazon.png?fit=600%2C400\" class=\"alignnone size-medium wp-image-35785\" src=\"https:\/\/i0.wp.com\/blogdalucianaoliveira.com.br\/blog\/wp-content\/uploads\/2024\/08\/fumaca-no-pantanal-e-na-amazon.png?resize=300%2C200\" alt=\"\" width=\"300\" height=\"200\" srcset=\"https:\/\/i0.wp.com\/blogdalucianaoliveira.com.br\/blog\/wp-content\/uploads\/2024\/08\/fumaca-no-pantanal-e-na-amazon.png?resize=300%2C200 300w, https:\/\/i0.wp.com\/blogdalucianaoliveira.com.br\/blog\/wp-content\/uploads\/2024\/08\/fumaca-no-pantanal-e-na-amazon.png?resize=768%2C512 768w, https:\/\/i0.wp.com\/blogdalucianaoliveira.com.br\/blog\/wp-content\/uploads\/2024\/08\/fumaca-no-pantanal-e-na-amazon.png?resize=450%2C300 450w, https:\/\/i0.wp.com\/blogdalucianaoliveira.com.br\/blog\/wp-content\/uploads\/2024\/08\/fumaca-no-pantanal-e-na-amazon.png?w=888 888w\" sizes=\"auto, (max-width: 300px) 100vw, 300px\" \/><\/p>\n<p>Monitoramento europeu mostra n\u00edveis \u201cfora da curva\u201d nos estados de Amazonas e Mato Grosso do Sul.<!--more--><\/p>\n<p>Por 18 horas &#8211; O ano de 2024 \u00e9, at\u00e9 agora, o de maiores emiss\u00f5es de gases estufa advindas de inc\u00eandios florestais no Brasil desde 2005, afirma o observat\u00f3rio espacial europeu, Copernicus.<\/p>\n<div class=\"google-auto-placed ap_container\">\n<p>Dados da ag\u00eancia europeia, publicados pelo cientista s\u00eanior Mark Parrington, mostram que o fogo no Pantanal e na Amaz\u00f4nia este ano fez com que os estados de Mato Grosso do Sul e Amazonas registrassem o n\u00edvel mais alto de emiss\u00f5es de g\u00e1s carb\u00f4nico (CO2) a partir de inc\u00eandios florestais desde 2003. O ac\u00famulo destes gases na atmosfera \u00e9 um dos principais motores do aquecimento global, e no Brasil, as queimadas est\u00e3o entre as maiores fonte de emiss\u00f5es do pa\u00eds, ao lado do desmatamento.<\/p>\n<p>De acordo com o monitoramento europeu, at\u00e9 o dia 6 de agosto, ambos os estados beiravam as 10 megatoneladas de carbono em emiss\u00f5es cada, uma soma de 73,4 milh\u00f5es de toneladas de CO2 equivalente (t\/CO2e), medida usada para estimar o impacto clim\u00e1tico da libera\u00e7\u00e3o de gases estufa na atmosfera.<\/p>\n<p>O total de carbono liberado pelos inc\u00eandios florestais nos dois estados em sete meses equivale a mais de cinco vezes o total emitido pela cidade de S\u00e3o Paulo em um ano inteiro. Al\u00e9m do efeito nocivo para o clima, as emiss\u00f5es das queimadas tornam o ar local insalubre, gerando impactos para a sa\u00fade ambiental.<\/p>\n<p>Par\u00e1, que comp\u00f5e a Amaz\u00f4nia, e Mato Grosso, que tem trechos de Amaz\u00f4nia e Pantanal, v\u00eam registrando focos de inc\u00eandio dentro da m\u00e9dia, afirma Parrington. Ambos os biomas enfrentam fortes efeitos da seca ap\u00f3s um per\u00edodo de influ\u00eancia do fen\u00f4meno clim\u00e1tico El Ni\u00f1o.<\/p>\n<div class=\"google-auto-placed ap_container\"><ins class=\"adsbygoogle adsbygoogle-noablate\" data-ad-format=\"auto\" data-ad-client=\"ca-pub-8311593944881895\" data-adsbygoogle-status=\"done\" data-ad-status=\"filled\"><\/p>\n<div id=\"aswift_5_host\"><img data-recalc-dims=\"1\" loading=\"lazy\" decoding=\"async\" data-attachment-id=\"35784\" data-permalink=\"http:\/\/blogdalucianaoliveira.com.br\/blog\/2024\/08\/13\/fumaca-no-pantanal-e-na-amazonia-equivale-a-5-anos-de-poluicao-em-sp-mostra-monitoramento-copernicus\/fumaca-no-pantanal-e-na-amazon-1\/\" data-orig-file=\"https:\/\/i0.wp.com\/blogdalucianaoliveira.com.br\/blog\/wp-content\/uploads\/2024\/08\/fumaca-no-pantanal-e-na-amazon-1.png?fit=1000%2C738\" data-orig-size=\"1000,738\" data-comments-opened=\"0\" data-image-meta=\"{&quot;aperture&quot;:&quot;0&quot;,&quot;credit&quot;:&quot;&quot;,&quot;camera&quot;:&quot;&quot;,&quot;caption&quot;:&quot;&quot;,&quot;created_timestamp&quot;:&quot;0&quot;,&quot;copyright&quot;:&quot;&quot;,&quot;focal_length&quot;:&quot;0&quot;,&quot;iso&quot;:&quot;0&quot;,&quot;shutter_speed&quot;:&quot;0&quot;,&quot;title&quot;:&quot;&quot;,&quot;orientation&quot;:&quot;0&quot;}\" data-image-title=\"fumaca-no-pantanal-e-na-amazon-1\" data-image-description=\"\" data-image-caption=\"\" data-medium-file=\"https:\/\/i0.wp.com\/blogdalucianaoliveira.com.br\/blog\/wp-content\/uploads\/2024\/08\/fumaca-no-pantanal-e-na-amazon-1.png?fit=300%2C221\" data-large-file=\"https:\/\/i0.wp.com\/blogdalucianaoliveira.com.br\/blog\/wp-content\/uploads\/2024\/08\/fumaca-no-pantanal-e-na-amazon-1.png?fit=600%2C443\" class=\"alignnone size-medium wp-image-35784\" src=\"https:\/\/i0.wp.com\/blogdalucianaoliveira.com.br\/blog\/wp-content\/uploads\/2024\/08\/fumaca-no-pantanal-e-na-amazon-1.png?resize=300%2C221\" alt=\"\" width=\"300\" height=\"221\" srcset=\"https:\/\/i0.wp.com\/blogdalucianaoliveira.com.br\/blog\/wp-content\/uploads\/2024\/08\/fumaca-no-pantanal-e-na-amazon-1.png?resize=300%2C221 300w, https:\/\/i0.wp.com\/blogdalucianaoliveira.com.br\/blog\/wp-content\/uploads\/2024\/08\/fumaca-no-pantanal-e-na-amazon-1.png?resize=768%2C567 768w, https:\/\/i0.wp.com\/blogdalucianaoliveira.com.br\/blog\/wp-content\/uploads\/2024\/08\/fumaca-no-pantanal-e-na-amazon-1.png?resize=407%2C300 407w, https:\/\/i0.wp.com\/blogdalucianaoliveira.com.br\/blog\/wp-content\/uploads\/2024\/08\/fumaca-no-pantanal-e-na-amazon-1.png?w=1000 1000w\" sizes=\"auto, (max-width: 300px) 100vw, 300px\" \/><\/div>\n<div><\/div>\n<div><\/div>\n<p><\/ins><\/div>\n<p>No Pantanal, de acordo com o coletivo internacional de cientistas WWA (World Weather Attribution), a mudan\u00e7a clim\u00e1tica intensificou em 40% os inc\u00eandios no bioma em junho.<\/p>\n<p>Na Amaz\u00f4nia, estudo publicado pelo Ipam (Instituto de Pesquisa Ambiental da Amaz\u00f4nia) aponta que metade da popula\u00e7\u00e3o do bioma (50% das localidades n\u00e3o ind\u00edgenas e 54% das aldeias ind\u00edgenas) est\u00e1 propensa ao isolamento por causa de secas extremas. Na regi\u00e3o, o transporte fluvial \u00e9 o principal m\u00e9todo de deslocamento.<\/p>\n<p>A Nasa publicou nesta segunda-feira (12) imagens que mostram as colunas de fuma\u00e7a do inc\u00eandios florestais na Amaz\u00f4nia. A fotografia tirada por sat\u00e9lite da ag\u00eancia espacial, o mesmo usado pelo Brasil para monitorar a atividade do fogo no pa\u00eds, revela focos no Par\u00e1 e no Amazonas, onde 22 munic\u00edpios s\u00e3o prejudicados pela fuma\u00e7a, que tomou a capital Manaus.<\/p>\n<p>Segundo o governo do estado, durante o per\u00edodo de 180 dias est\u00e1 proibida a pr\u00e1tica de fogo, com ou sem uso de t\u00e9cnicas de queima controlada.<\/p>\n<p>A ag\u00eancia americana cita o n\u00edvel \u201cfora do comum\u201d dos inc\u00eandios na Amaz\u00f4nia em julho, um m\u00eas que bateu recorde de duas d\u00e9cadas, com mais de 11 mil focos registrados pelo Inpe (Instituto Nacional de Pesquisas Espaciais). O registro \u00e9 93% maior que os 5.772 focos registrados em julho do ano passado e 111% maior que a m\u00e9dia para o m\u00eas nos \u00faltimos 10 anos (5.272).<\/p>\n<\/div>\n","protected":false},"excerpt":{"rendered":"<p>Monitoramento europeu mostra n\u00edveis \u201cfora da curva\u201d nos estados de Amazonas e Mato Grosso do Sul.<\/p>\n","protected":false},"author":1,"featured_media":0,"comment_status":"closed","ping_status":"open","sticky":false,"template":"","format":"standard","meta":{"_exactmetrics_skip_tracking":false,"_exactmetrics_sitenote_active":false,"_exactmetrics_sitenote_note":"","_exactmetrics_sitenote_category":0,"jetpack_post_was_ever_published":false,"_jetpack_newsletter_access":"","_jetpack_dont_email_post_to_subs":false,"_jetpack_newsletter_tier_id":0,"_jetpack_memberships_contains_paywalled_content":false,"_jetpack_memberships_contains_paid_content":false,"footnotes":"","jetpack_publicize_message":"","jetpack_publicize_feature_enabled":true,"jetpack_social_post_already_shared":true,"jetpack_social_options":{"image_generator_settings":{"template":"highway","enabled":false},"version":2}},"categories":[1],"tags":[252,1091,295],"class_list":["post-35782","post","type-post","status-publish","format-standard","hentry","category-notas","tag-amazonia","tag-copernicus","tag-queimadas"],"jetpack_publicize_connections":[],"jetpack_sharing_enabled":true,"jetpack_featured_media_url":"","jetpack_shortlink":"https:\/\/wp.me\/p7wKYW-9j8","jetpack-related-posts":[],"_links":{"self":[{"href":"http:\/\/blogdalucianaoliveira.com.br\/blog\/wp-json\/wp\/v2\/posts\/35782","targetHints":{"allow":["GET"]}}],"collection":[{"href":"http:\/\/blogdalucianaoliveira.com.br\/blog\/wp-json\/wp\/v2\/posts"}],"about":[{"href":"http:\/\/blogdalucianaoliveira.com.br\/blog\/wp-json\/wp\/v2\/types\/post"}],"author":[{"embeddable":true,"href":"http:\/\/blogdalucianaoliveira.com.br\/blog\/wp-json\/wp\/v2\/users\/1"}],"replies":[{"embeddable":true,"href":"http:\/\/blogdalucianaoliveira.com.br\/blog\/wp-json\/wp\/v2\/comments?post=35782"}],"version-history":[{"count":2,"href":"http:\/\/blogdalucianaoliveira.com.br\/blog\/wp-json\/wp\/v2\/posts\/35782\/revisions"}],"predecessor-version":[{"id":35786,"href":"http:\/\/blogdalucianaoliveira.com.br\/blog\/wp-json\/wp\/v2\/posts\/35782\/revisions\/35786"}],"wp:attachment":[{"href":"http:\/\/blogdalucianaoliveira.com.br\/blog\/wp-json\/wp\/v2\/media?parent=35782"}],"wp:term":[{"taxonomy":"category","embeddable":true,"href":"http:\/\/blogdalucianaoliveira.com.br\/blog\/wp-json\/wp\/v2\/categories?post=35782"},{"taxonomy":"post_tag","embeddable":true,"href":"http:\/\/blogdalucianaoliveira.com.br\/blog\/wp-json\/wp\/v2\/tags?post=35782"}],"curies":[{"name":"wp","href":"https:\/\/api.w.org\/{rel}","templated":true}]}}