{"id":35794,"date":"2024-08-14T10:34:21","date_gmt":"2024-08-14T14:34:21","guid":{"rendered":"http:\/\/blogdalucianaoliveira.com.br\/blog\/?p=35794"},"modified":"2024-08-14T10:34:21","modified_gmt":"2024-08-14T14:34:21","slug":"o-brasil-contraditorio-que-surge-em-pesquisa-sobre-amazonia-e-terras-indigenas","status":"publish","type":"post","link":"http:\/\/blogdalucianaoliveira.com.br\/blog\/2024\/08\/14\/o-brasil-contraditorio-que-surge-em-pesquisa-sobre-amazonia-e-terras-indigenas\/","title":{"rendered":"O Brasil contradit\u00f3rio que surge em pesquisa sobre Amaz\u00f4nia e terras ind\u00edgenas"},"content":{"rendered":"<p><img data-recalc-dims=\"1\" loading=\"lazy\" decoding=\"async\" data-attachment-id=\"35796\" data-permalink=\"http:\/\/blogdalucianaoliveira.com.br\/blog\/2024\/08\/14\/o-brasil-contraditorio-que-surge-em-pesquisa-sobre-amazonia-e-terras-indigenas\/img_8147-2\/\" data-orig-file=\"https:\/\/i0.wp.com\/blogdalucianaoliveira.com.br\/blog\/wp-content\/uploads\/2024\/08\/IMG_8147-1.jpeg?fit=835%2C438\" data-orig-size=\"835,438\" data-comments-opened=\"0\" data-image-meta=\"{&quot;aperture&quot;:&quot;0&quot;,&quot;credit&quot;:&quot;&quot;,&quot;camera&quot;:&quot;&quot;,&quot;caption&quot;:&quot;&quot;,&quot;created_timestamp&quot;:&quot;0&quot;,&quot;copyright&quot;:&quot;&quot;,&quot;focal_length&quot;:&quot;0&quot;,&quot;iso&quot;:&quot;0&quot;,&quot;shutter_speed&quot;:&quot;0&quot;,&quot;title&quot;:&quot;&quot;,&quot;orientation&quot;:&quot;1&quot;}\" data-image-title=\"IMG_8147\" data-image-description=\"\" data-image-caption=\"\" data-medium-file=\"https:\/\/i0.wp.com\/blogdalucianaoliveira.com.br\/blog\/wp-content\/uploads\/2024\/08\/IMG_8147-1.jpeg?fit=300%2C157\" data-large-file=\"https:\/\/i0.wp.com\/blogdalucianaoliveira.com.br\/blog\/wp-content\/uploads\/2024\/08\/IMG_8147-1.jpeg?fit=600%2C315\" class=\"alignnone size-full wp-image-35796\" src=\"https:\/\/i0.wp.com\/blogdalucianaoliveira.com.br\/blog\/wp-content\/uploads\/2024\/08\/IMG_8147-1.jpeg?resize=600%2C315\" alt=\"\" width=\"600\" height=\"315\" srcset=\"https:\/\/i0.wp.com\/blogdalucianaoliveira.com.br\/blog\/wp-content\/uploads\/2024\/08\/IMG_8147-1.jpeg?w=835 835w, https:\/\/i0.wp.com\/blogdalucianaoliveira.com.br\/blog\/wp-content\/uploads\/2024\/08\/IMG_8147-1.jpeg?resize=300%2C157 300w, https:\/\/i0.wp.com\/blogdalucianaoliveira.com.br\/blog\/wp-content\/uploads\/2024\/08\/IMG_8147-1.jpeg?resize=768%2C403 768w, https:\/\/i0.wp.com\/blogdalucianaoliveira.com.br\/blog\/wp-content\/uploads\/2024\/08\/IMG_8147-1.jpeg?resize=572%2C300 572w\" sizes=\"auto, (max-width: 600px) 100vw, 600px\" \/><\/p>\n<p>Apesar de demonstrar preocupa\u00e7\u00e3o com aquecimento global, maioria dos entrevistados apoia expans\u00e3o do agro na Amaz\u00f4nia.<!--more--><\/p>\n<p>Ag\u00eancia P\u00fablica, por Rubens Valente \u00a0&#8211; Uma recente pesquisa conduzida pelo programa de P\u00f3s-Gradua\u00e7\u00e3o em Ci\u00eancia Pol\u00edtica da Universidade Federal do Par\u00e1 (Ufpa) exp\u00f5e profundas contradi\u00e7\u00f5es dos brasileiros nos temas do meio ambiente e dos povos ind\u00edgenas.<\/p>\n<p><strong>A maioria dos entrevistados apresentou preocupa\u00e7\u00f5es positivas e leg\u00edtimas sobre temas como povos ind\u00edgenas, preserva\u00e7\u00e3o ambiental e emerg\u00eancia clim\u00e1tica. <\/strong>Alguns exemplos: 76,3% disseram discordar total ou parcialmente da proposta de permitir <a href=\"https:\/\/apublica.org\/tag\/garimpo\/\" target=\"_blank\" rel=\"noreferrer noopener\">garimpo<\/a> em terras ind\u00edgenas (o que confirma uma alta repulsa identificada em <a href=\"https:\/\/www1.folha.uol.com.br\/ambiente\/2023\/04\/datafolha-73-da-populacao-e-contra-garimpo-em-terra-indigena.shtml\" target=\"_blank\" rel=\"noreferrer noopener\">outras pesquisas sobre o mesmo assunto<\/a>), hoje em debate no Supremo Tribunal Federal (STF) por decis\u00e3o do ministro Gilmar Mendes; <strong>80% disseram que o governo federal deveria dar \u201cmuita prioridade\u201d ao tema do aquecimento global e apenas 2,2%, \u201cnenhuma\u201d prioridade<\/strong>; 76,7% disseram discordar total ou parcialmente da proposta de aumentar o n\u00famero de agrot\u00f3xicos permitidos no Brasil; e 57,6% discordaram total ou parcialmente da proposta de diminuir as regras de licen\u00e7a ambiental para as obras de governos e empresas.<\/p>\n<p>A imagem de uma suposta conscientiza\u00e7\u00e3o ambiental, contudo, entra em choque com as respostas que os entrevistados deram sobre pol\u00edtica e modelo econ\u00f4mico para a Amaz\u00f4nia. <strong>Quando foram indagados se j\u00e1 votaram em algum candidato \u201cdevido \u00e0s causas ambientais que ele defende\u201d, 64,7% disseram que n\u00e3o.<\/strong> (Deve-se reconhecer que, num pa\u00eds que deu 58 milh\u00f5es de votos a um pol\u00edtico negacionista clim\u00e1tico, anti-ind\u00edgena e pr\u00f3-garimpo, Jair Bolsonaro, o resultado n\u00e3o chega a impressionar.)<\/p>\n<p>Em outros pontos da pesquisa, 69,9% dos entrevistados disseram que o agroneg\u00f3cio \u00e9 \u201cpositivo\u201d para a Amaz\u00f4nia e a maioria, 55,3%, afirmou concordar total ou parcialmente com a proposta de aumentar a \u00e1rea permitida por lei para a agricultura na Amaz\u00f4nia (apenas 34,2% discordaram da ideia). <strong>A partir de respostas como essas, desmorona a ideia de uma suposta s\u00f3lida preocupa\u00e7\u00e3o manifestada pelos entrevistados sobre preserva\u00e7\u00e3o ambiental.<\/strong><\/p>\n<p>Essa imagem tamb\u00e9m \u00e9 colocada em xeque quando os entrevistados demonstram um profundo desconhecimento sobre dois temas presentes no notici\u00e1rio h\u00e1 v\u00e1rios meses. <strong>Do total de entrevistados, nada menos que 59,3% disseram que n\u00e3o ouviram falar sobre \u201ca proposta de criar um marco temporal para a posse [sic] de terras ind\u00edgenas no Brasil\u201d.<\/strong> J\u00e1 est\u00e1 bem demonstrado pela ci\u00eancia que as terras ind\u00edgenas s\u00e3o <a href=\"https:\/\/jornal.usp.br\/ciencias\/ciencias-humanas\/terras-indigenas-funcionam-como-barreira-ao-desmatamento-na-amazonia\/\" target=\"_blank\" rel=\"noreferrer noopener\">barreiras eficazes contra o desmatamento.<\/a><\/p>\n<p>Da parcela que ouviu falar sobre \u201cmarco temporal\u201d, metade concorda e metade rejeita a tese jur\u00eddica j\u00e1 declarada inconstitucional pelo plen\u00e1rio do STF.<\/p>\n<p>Em outro t\u00f3pico, <strong>quase a metade dos entrevistados, 49,7%, declarou nunca ter ouvido falar na \u201cproposta da Petrobras de explorar petr\u00f3leo na bacia da foz do rio Amazonas\u201d.<\/strong> Dos 50% que ouviram falar, 18,7% concordaram total ou parcialmente.<\/p>\n<p>Dos brasileiros ouvidos na pesquisa, 97,1% disseram estar informados sobre o aquecimento global, mas, dessa parcela, 54% reconheceram que t\u00eam um grau apenas \u201crazo\u00e1vel\u201d de informa\u00e7\u00e3o e 23,2%, \u201cpouco\u201d.<\/p>\n<p>A pesquisa \u201cValores ambientais e atitudes sobre a Amaz\u00f4nia\u201d entrevistou, de abril a maio deste ano, um total de 1.789 pessoas por telefone (86,7%) e presencialmente (13,3%), com uma margem de erro de 2,32%.<\/p>\n<p>Coordenada pelo professor Gustavo C\u00e9sar Ribeiro, a pesquisa ouviu brasileiros de todas as regi\u00f5es do pa\u00eds acima de 16 anos de idade. Ela foi financiada pela Meliore Foundation e pelo Projeto Procad Capes Amaz\u00f4nia.<\/p>\n<p>O professor do Programa de P\u00f3s-Gradua\u00e7\u00e3o em Ci\u00eancia Pol\u00edtica na Ufpa Leonardo Barros Soares disse \u00e0 <strong>Ag\u00eancia P\u00fablica<\/strong> que, d<strong>e modo geral, a pesquisa retrata uma imagem positiva dos ind\u00edgenas<\/strong>, por exemplo, ao reconhecer, pela ampla maioria dos entrevistados (75,4%), que os \u201cind\u00edgenas s\u00e3o t\u00e3o capazes de exercer cargos pol\u00edticos quanto os que n\u00e3o s\u00e3o ind\u00edgenas\u201d. <strong>Ao mesmo tempo, por\u00e9m, a maioria dos entrevistados tem uma vis\u00e3o bastante positiva e apoia a expans\u00e3o do agroneg\u00f3cio na Amaz\u00f4nia<\/strong>, \u201co que cria uma esp\u00e9cie de caldo de cultura pol\u00edtica favor\u00e1vel \u00e0 abertura das terras ind\u00edgenas para planta\u00e7\u00f5es de grande porte\u201d.<\/p>\n<p>Soares salientou a aparente contradi\u00e7\u00e3o entre uma maioria de brasileiros pr\u00f3-meio ambiente e as recentes vota\u00e7\u00f5es expressivas em candidatos negacionistas da emerg\u00eancia clim\u00e1tica em diversas regi\u00f5es do pa\u00eds.<\/p>\n<p>\u201cUma coisa \u00e9 voc\u00ea se sentir informado, ouvir falar, e outra coisa \u00e9 converter isso em a\u00e7\u00e3o e prefer\u00eancia pol\u00edticas. Tenho a impress\u00e3o de que o indiv\u00edduo pode at\u00e9 ter isso circulante nas suas m\u00eddias sociais, mas, quando vai \u00e0 a\u00e7\u00e3o eleitoral propriamente dita, ele vai seguir as linhas ideol\u00f3gicas que est\u00e3o postas hoje no Brasil. Parece que n\u00e3o consegue perceber a conex\u00e3o da agenda pol\u00edtica dos seus representantes pol\u00edticos com o impacto na sua vida.\u201d<\/p>\n<p>Durante a live de lan\u00e7amento dos resultados da pesquisa, <a href=\"https:\/\/www.youtube.com\/watch?v=Db3_Gxmx960\" target=\"_blank\" rel=\"noreferrer noopener\">no \u00faltimo dia 31<\/a>, a professora Eug\u00eania Rosa Cabral, doutora em ci\u00eancia pol\u00edtica, disse que os resultados da pesquisa \u201cremetem para novas perguntas\u201d. <strong>Citou as respostas favor\u00e1veis \u00e0 expans\u00e3o da \u00e1rea agr\u00edcola em \u00e1reas de preserva\u00e7\u00e3o e a baixa ades\u00e3o aos candidatos que defendem pautas ambientais surgirem ao lado da suposta preocupa\u00e7\u00e3o dos entrevistados sobre a emerg\u00eancia clim\u00e1tica.<\/strong><\/p>\n<p>\u201cAcho que o resultado da pesquisa faz com que a gente reflita e, na verdade, reforce a cr\u00edtica de que muito precisa ser feito para que a popula\u00e7\u00e3o compreenda, de fato, a complexidade que existe entre as atividades econ\u00f4micas, que s\u00e3o estruturantes, que s\u00e3o fundamentais para a pr\u00f3pria economia, e as decis\u00f5es que s\u00e3o tomadas no \u00e2mbito do Congresso Nacional. \u00c9 interessante como muitas pessoas entrevistadas disseram que n\u00e3o fazem nenhuma rela\u00e7\u00e3o ou n\u00e3o optam por pautas que necessariamente coloquem ou deem relev\u00e2ncia para a quest\u00e3o ambiental. Ent\u00e3o, n\u00e3o fazem a associa\u00e7\u00e3o com o que fazem os parlamentares em rela\u00e7\u00e3o \u00e0 licen\u00e7a ambiental, ao uso de agrot\u00f3xico e a tantas outras quest\u00f5es.\u00a0[\u2026] <strong>Fiquei muito interessada em saber a que esse p\u00fablico que foi entrevistado atribui, por exemplo, o agravamento dos problemas ambientais ao longo dos \u00faltimos 40 anos no pa\u00eds.<\/strong>\u201d<\/p>\n<p>Na mesma live, o cientista social Lucas Okado, professor do Programa de P\u00f3s-Gradua\u00e7\u00e3o em Ci\u00eancia Pol\u00edtica da Ufpa, chamou aten\u00e7\u00e3o para o recorte em rela\u00e7\u00e3o \u00e0 ideologia dos entrevistados. \u201cA pesquisa traz resultados instigantes e, ao mesmo tempo, eu fiquei assustado e um pouco desesperan\u00e7oso em rela\u00e7\u00e3o ao nosso futuro clim\u00e1tico.\u201d<\/p>\n<p>Conforme a pesquisa, apenas 31% dos entrevistados que se dizem de direita e de centro afirmaram votar em candidatos que defendem pautas ambientais. O resultado entre os que se dizem de esquerda, por\u00e9m, n\u00e3o \u00e9 expressivamente diferente (56,3%). Dos identificados como de esquerda, 41,7% disseram n\u00e3o votar em candidatos com preocupa\u00e7\u00e3o ambientalista.<\/p>\n<p><strong>\u201cNo Brasil, a gente vive hoje um ambiente polarizado \u2013 esquerda e direita \u2013 onde as opini\u00f5es s\u00e3o bem cristalizadas. [\u2026] Mas essa polariza\u00e7\u00e3o tamb\u00e9m \u00e9 observada em rela\u00e7\u00e3o aos valores ambientais? Infelizmente, n\u00e3o.<\/strong> Porque, se tivesse uma polariza\u00e7\u00e3o, pelo menos a gente teria um grupo forte do outro lado, que se colocaria pau a pau ali no enfrentamento \u00e0 destrui\u00e7\u00e3o do meio ambiente que a gente est\u00e1 vivendo. E, aparentemente, n\u00e3o. <strong>Ent\u00e3o isso me deixou extremamente pessimista em rela\u00e7\u00e3o ao futuro dos meus filhos. Por qu\u00ea? Quem defende o meio ambiente hoje? Aparentemente, muito poucas pessoas<\/strong><strong>.<\/strong> E quem \u00e9 contra? Toda a direita. Ent\u00e3o a esquerda n\u00e3o tem ainda como prioridade essa preserva\u00e7\u00e3o ambiental, enquanto a direita \u00e9 muito favor\u00e1vel ao desenvolvimentismo, mesmo que esse desenvolvimento, essa flexibiliza\u00e7\u00e3o [inclua], por exemplo, a ocupa\u00e7\u00e3o de terras em amplia\u00e7\u00e3o da \u00e1rea cultiv\u00e1vel na Amaz\u00f4nia.\u201d<\/p>\n<p>Segundo a pesquisa,<strong> entre os entrevistados que se dizem de esquerda, 55,5% afirmaram ver como positivo o agroneg\u00f3cio na Amaz\u00f4nia<\/strong>. O resultado \u00e9 quase o mesmo entre os que se apresentam como de centro (56,7%). Entre os eleitores de direita, o apoio \u00e9 bem mais expressivo (85%).<\/p>\n<p>\u201cAparentemente a direita n\u00e3o est\u00e1 nada preocupada com o meio ambiente. <strong>Mas, quando a gente olha para a esquerda, essa preocupa\u00e7\u00e3o tamb\u00e9m n\u00e3o aparece ou aparece de forma residual.<\/strong> [\u2026] O meio ambiente entra na agenda p\u00fablica, mas aparentemente as pessoas est\u00e3o pouco informadas sobre essas quest\u00f5es, que s\u00e3o fundamentais\u201d, disse Okado.<\/p>\n<p>Para o professor, a pesquisa suscita um paralelo com o tema da democracia, que hoje \u201cvirou um valor e dificilmente algu\u00e9m vai se dizer ou se colocar contra a democracia\u201d. Aquelas pessoas que promoveram, em 8 de janeiro, a quebradeira dos pr\u00e9dios p\u00fablicos e a tentativa de golpe de Estado, disse o professor, \u201ccom certeza, na vis\u00e3o delas, estavam tentando \u2018salvar a democracia\u2019\u201d.<\/p>\n<p>Da mesma forma, pergunta Okado, \u201ccomo uma pessoa vai se colocar contra o combate ao aquecimento global?\u201d. Cerca de 80% dos entrevistados disseram que o governo federal deveria colocar esse tema como prioridade. Contudo, a sequ\u00eancia das respostas demonstra \u201cque as pessoas ainda est\u00e3o pouco informadas\u201d sobre o assunto, principalmente quando se indagou sobre \u201cmarco temporal\u201d e petr\u00f3leo na Amaz\u00f4nia.<\/p>\n<p>\u201cEnt\u00e3o, como que se elenca prioridade ao combate ao aquecimento global [sem informa\u00e7\u00e3o]? Essas informa\u00e7\u00f5es que afetam essas pessoas, que afetariam o aquecimento global, aparentemente n\u00e3o est\u00e3o chegando.\u201d<\/p>\n<p>A professora Eug\u00eania Cabral comentou as declara\u00e7\u00f5es do colega. \u201cTu n\u00e3o est\u00e1s sendo pessimista n\u00e3o, Lucas, tu \u00e9s realista, est\u00e1s sendo cr\u00edtico realista. <strong>Porque, quando a gente pensa nessas, digamos, contradi\u00e7\u00f5es que aparecem na pesquisa [\u2026], a gente fica se perguntando sobre quem s\u00e3o essas pessoas e que n\u00edvel de informa\u00e7\u00e3o elas t\u00eam sobre a complexidade dessa rela\u00e7\u00e3o que existe sobre a forma pela qual grupos econ\u00f4micos interagem ou se apropriam dos recursos da natureza.\u201d<\/strong><\/p>\n<p>Para os pesquisadores, como se v\u00ea, <strong>a informa\u00e7\u00e3o, ou, mais precisamente, a qualidade da informa\u00e7\u00e3o, tem um papel fundamental nas percep\u00e7\u00f5es sobre meio ambiente, povos ind\u00edgenas e preserva\u00e7\u00e3o da Amaz\u00f4nia.<\/strong> Que possa, pela informa\u00e7\u00e3o, ao menos surgir alguma luz no fim do t\u00fanel j\u00e1 \u00e9 motivo de alguma esperan\u00e7a. No inferno das fake news que hoje nos cerca, \u00e9 preciso tamb\u00e9m uma boa dose de otimismo para ainda acreditar que tem jeito.<\/p>\n","protected":false},"excerpt":{"rendered":"<p>Apesar de demonstrar preocupa\u00e7\u00e3o com aquecimento global, maioria dos entrevistados apoia expans\u00e3o do agro na Amaz\u00f4nia.<\/p>\n","protected":false},"author":1,"featured_media":0,"comment_status":"closed","ping_status":"open","sticky":false,"template":"","format":"standard","meta":{"_exactmetrics_skip_tracking":false,"_exactmetrics_sitenote_active":false,"_exactmetrics_sitenote_note":"","_exactmetrics_sitenote_category":0,"jetpack_post_was_ever_published":false,"_jetpack_newsletter_access":"","_jetpack_dont_email_post_to_subs":false,"_jetpack_newsletter_tier_id":0,"_jetpack_memberships_contains_paywalled_content":false,"_jetpack_memberships_contains_paid_content":false,"footnotes":"","jetpack_publicize_message":"","jetpack_publicize_feature_enabled":true,"jetpack_social_post_already_shared":true,"jetpack_social_options":{"image_generator_settings":{"template":"highway","enabled":false},"version":2}},"categories":[1],"tags":[495,386,1095],"class_list":["post-35794","post","type-post","status-publish","format-standard","hentry","category-notas","tag-invasoes","tag-meio-ambiente","tag-terras-indigenas"],"jetpack_publicize_connections":[],"jetpack_sharing_enabled":true,"jetpack_featured_media_url":"","jetpack_shortlink":"https:\/\/wp.me\/p7wKYW-9jk","jetpack-related-posts":[],"_links":{"self":[{"href":"http:\/\/blogdalucianaoliveira.com.br\/blog\/wp-json\/wp\/v2\/posts\/35794","targetHints":{"allow":["GET"]}}],"collection":[{"href":"http:\/\/blogdalucianaoliveira.com.br\/blog\/wp-json\/wp\/v2\/posts"}],"about":[{"href":"http:\/\/blogdalucianaoliveira.com.br\/blog\/wp-json\/wp\/v2\/types\/post"}],"author":[{"embeddable":true,"href":"http:\/\/blogdalucianaoliveira.com.br\/blog\/wp-json\/wp\/v2\/users\/1"}],"replies":[{"embeddable":true,"href":"http:\/\/blogdalucianaoliveira.com.br\/blog\/wp-json\/wp\/v2\/comments?post=35794"}],"version-history":[{"count":1,"href":"http:\/\/blogdalucianaoliveira.com.br\/blog\/wp-json\/wp\/v2\/posts\/35794\/revisions"}],"predecessor-version":[{"id":35797,"href":"http:\/\/blogdalucianaoliveira.com.br\/blog\/wp-json\/wp\/v2\/posts\/35794\/revisions\/35797"}],"wp:attachment":[{"href":"http:\/\/blogdalucianaoliveira.com.br\/blog\/wp-json\/wp\/v2\/media?parent=35794"}],"wp:term":[{"taxonomy":"category","embeddable":true,"href":"http:\/\/blogdalucianaoliveira.com.br\/blog\/wp-json\/wp\/v2\/categories?post=35794"},{"taxonomy":"post_tag","embeddable":true,"href":"http:\/\/blogdalucianaoliveira.com.br\/blog\/wp-json\/wp\/v2\/tags?post=35794"}],"curies":[{"name":"wp","href":"https:\/\/api.w.org\/{rel}","templated":true}]}}