{"id":35815,"date":"2024-08-17T12:28:25","date_gmt":"2024-08-17T16:28:25","guid":{"rendered":"http:\/\/blogdalucianaoliveira.com.br\/blog\/?p=35815"},"modified":"2024-08-17T13:22:49","modified_gmt":"2024-08-17T17:22:49","slug":"operacao-e-deflagrada-na-terra-indigena-lage-apos-ataque","status":"publish","type":"post","link":"http:\/\/blogdalucianaoliveira.com.br\/blog\/2024\/08\/17\/operacao-e-deflagrada-na-terra-indigena-lage-apos-ataque\/","title":{"rendered":"OPERA\u00c7\u00c3O \u00c9 DEFLAGRADA NA TERRA IND\u00cdGENA IGARAP\u00c9 LAGE AP\u00d3S ATAQUE"},"content":{"rendered":"<p><img data-recalc-dims=\"1\" loading=\"lazy\" decoding=\"async\" data-attachment-id=\"35823\" data-permalink=\"http:\/\/blogdalucianaoliveira.com.br\/blog\/2024\/08\/17\/operacao-e-deflagrada-na-terra-indigena-lage-apos-ataque\/img_8325\/\" data-orig-file=\"https:\/\/i0.wp.com\/blogdalucianaoliveira.com.br\/blog\/wp-content\/uploads\/2024\/08\/IMG_8325.jpeg?fit=1137%2C623\" data-orig-size=\"1137,623\" data-comments-opened=\"0\" data-image-meta=\"{&quot;aperture&quot;:&quot;0&quot;,&quot;credit&quot;:&quot;&quot;,&quot;camera&quot;:&quot;&quot;,&quot;caption&quot;:&quot;&quot;,&quot;created_timestamp&quot;:&quot;0&quot;,&quot;copyright&quot;:&quot;&quot;,&quot;focal_length&quot;:&quot;0&quot;,&quot;iso&quot;:&quot;0&quot;,&quot;shutter_speed&quot;:&quot;0&quot;,&quot;title&quot;:&quot;&quot;,&quot;orientation&quot;:&quot;1&quot;}\" data-image-title=\"IMG_8325\" data-image-description=\"\" data-image-caption=\"\" data-medium-file=\"https:\/\/i0.wp.com\/blogdalucianaoliveira.com.br\/blog\/wp-content\/uploads\/2024\/08\/IMG_8325.jpeg?fit=300%2C164\" data-large-file=\"https:\/\/i0.wp.com\/blogdalucianaoliveira.com.br\/blog\/wp-content\/uploads\/2024\/08\/IMG_8325.jpeg?fit=600%2C329\" class=\"alignnone size-full wp-image-35823\" src=\"https:\/\/i0.wp.com\/blogdalucianaoliveira.com.br\/blog\/wp-content\/uploads\/2024\/08\/IMG_8325.jpeg?resize=600%2C329\" alt=\"\" width=\"600\" height=\"329\" srcset=\"https:\/\/i0.wp.com\/blogdalucianaoliveira.com.br\/blog\/wp-content\/uploads\/2024\/08\/IMG_8325.jpeg?w=1137 1137w, https:\/\/i0.wp.com\/blogdalucianaoliveira.com.br\/blog\/wp-content\/uploads\/2024\/08\/IMG_8325.jpeg?resize=300%2C164 300w, https:\/\/i0.wp.com\/blogdalucianaoliveira.com.br\/blog\/wp-content\/uploads\/2024\/08\/IMG_8325.jpeg?resize=1024%2C561 1024w, https:\/\/i0.wp.com\/blogdalucianaoliveira.com.br\/blog\/wp-content\/uploads\/2024\/08\/IMG_8325.jpeg?resize=768%2C421 768w, https:\/\/i0.wp.com\/blogdalucianaoliveira.com.br\/blog\/wp-content\/uploads\/2024\/08\/IMG_8325.jpeg?resize=548%2C300 548w\" sizes=\"auto, (max-width: 600px) 100vw, 600px\" \/><\/p>\n<p>Por Luciana Oliveira &#8211; \u00c9 uma resposta r\u00e1pida ao ataque de criminosos que atearam fogo na resid\u00eancia e tr\u00eas motocicletas de um grupo da etnia Oro Nao na Terra Ind\u00edgena Igarap\u00e9 Lage, na noite de domingo, 11.<\/p>\n<p>O Comando de Fronteira Rond\u00f4nia\/6\u00ba Batalh\u00e3o de Infantaria de Selva montou uma barreira na linha 28, porta aberta pelos invasores que ocupam a terra ind\u00edgena para lotear, cultivar e extrair madeira ilegalmente.<\/p>\n<p>Mais de 50 homens da opera\u00e7\u00e3o nacional batizada de \u2018Curaretinga\u2019 que est\u00e1 na sua quarta fase de combate a il\u00edcitos transfronteiri\u00e7os ambientais, foram direcionados para a \u00e1rea logo ap\u00f3s o ataque. O nome da opera\u00e7\u00e3o \u00e9 refer\u00eancia ao <em>\u2018curare\u2019<\/em>, um veneno vegetal utilizados por povos ind\u00edgenas.<!--more--><\/p>\n<p>De imediato o 6\u00ba Bis fez o patrulhamento terrestre e instalou um posto de bloqueio e controle de vias pr\u00f3ximas \u00e0 TI Igarap\u00e9 Lage. Todos os ve\u00edculos que trafegaram nos \u00faltimos tr\u00eas dias passaram por abordagens e o pelot\u00e3o segue na regi\u00e3o atuando.<\/p>\n<p><img data-recalc-dims=\"1\" loading=\"lazy\" decoding=\"async\" data-attachment-id=\"35825\" data-permalink=\"http:\/\/blogdalucianaoliveira.com.br\/blog\/2024\/08\/17\/operacao-e-deflagrada-na-terra-indigena-lage-apos-ataque\/img_8333\/\" data-orig-file=\"https:\/\/i0.wp.com\/blogdalucianaoliveira.com.br\/blog\/wp-content\/uploads\/2024\/08\/IMG_8333.jpeg?fit=1062%2C594\" data-orig-size=\"1062,594\" data-comments-opened=\"0\" data-image-meta=\"{&quot;aperture&quot;:&quot;0&quot;,&quot;credit&quot;:&quot;&quot;,&quot;camera&quot;:&quot;&quot;,&quot;caption&quot;:&quot;&quot;,&quot;created_timestamp&quot;:&quot;0&quot;,&quot;copyright&quot;:&quot;&quot;,&quot;focal_length&quot;:&quot;0&quot;,&quot;iso&quot;:&quot;0&quot;,&quot;shutter_speed&quot;:&quot;0&quot;,&quot;title&quot;:&quot;&quot;,&quot;orientation&quot;:&quot;1&quot;}\" data-image-title=\"IMG_8333\" data-image-description=\"\" data-image-caption=\"\" data-medium-file=\"https:\/\/i0.wp.com\/blogdalucianaoliveira.com.br\/blog\/wp-content\/uploads\/2024\/08\/IMG_8333.jpeg?fit=300%2C168\" data-large-file=\"https:\/\/i0.wp.com\/blogdalucianaoliveira.com.br\/blog\/wp-content\/uploads\/2024\/08\/IMG_8333.jpeg?fit=600%2C336\" class=\"alignnone size-full wp-image-35825\" src=\"https:\/\/i0.wp.com\/blogdalucianaoliveira.com.br\/blog\/wp-content\/uploads\/2024\/08\/IMG_8333.jpeg?resize=600%2C336\" alt=\"\" width=\"600\" height=\"336\" srcset=\"https:\/\/i0.wp.com\/blogdalucianaoliveira.com.br\/blog\/wp-content\/uploads\/2024\/08\/IMG_8333.jpeg?w=1062 1062w, https:\/\/i0.wp.com\/blogdalucianaoliveira.com.br\/blog\/wp-content\/uploads\/2024\/08\/IMG_8333.jpeg?resize=300%2C168 300w, https:\/\/i0.wp.com\/blogdalucianaoliveira.com.br\/blog\/wp-content\/uploads\/2024\/08\/IMG_8333.jpeg?resize=1024%2C573 1024w, https:\/\/i0.wp.com\/blogdalucianaoliveira.com.br\/blog\/wp-content\/uploads\/2024\/08\/IMG_8333.jpeg?resize=768%2C430 768w, https:\/\/i0.wp.com\/blogdalucianaoliveira.com.br\/blog\/wp-content\/uploads\/2024\/08\/IMG_8333.jpeg?resize=536%2C300 536w\" sizes=\"auto, (max-width: 600px) 100vw, 600px\" \/> <img data-recalc-dims=\"1\" loading=\"lazy\" decoding=\"async\" data-attachment-id=\"35826\" data-permalink=\"http:\/\/blogdalucianaoliveira.com.br\/blog\/2024\/08\/17\/operacao-e-deflagrada-na-terra-indigena-lage-apos-ataque\/img_8331-2\/\" data-orig-file=\"https:\/\/i0.wp.com\/blogdalucianaoliveira.com.br\/blog\/wp-content\/uploads\/2024\/08\/IMG_8331.jpeg?fit=1115%2C597\" data-orig-size=\"1115,597\" data-comments-opened=\"0\" data-image-meta=\"{&quot;aperture&quot;:&quot;0&quot;,&quot;credit&quot;:&quot;&quot;,&quot;camera&quot;:&quot;&quot;,&quot;caption&quot;:&quot;&quot;,&quot;created_timestamp&quot;:&quot;0&quot;,&quot;copyright&quot;:&quot;&quot;,&quot;focal_length&quot;:&quot;0&quot;,&quot;iso&quot;:&quot;0&quot;,&quot;shutter_speed&quot;:&quot;0&quot;,&quot;title&quot;:&quot;&quot;,&quot;orientation&quot;:&quot;1&quot;}\" data-image-title=\"IMG_8331\" data-image-description=\"\" data-image-caption=\"\" data-medium-file=\"https:\/\/i0.wp.com\/blogdalucianaoliveira.com.br\/blog\/wp-content\/uploads\/2024\/08\/IMG_8331.jpeg?fit=300%2C161\" data-large-file=\"https:\/\/i0.wp.com\/blogdalucianaoliveira.com.br\/blog\/wp-content\/uploads\/2024\/08\/IMG_8331.jpeg?fit=600%2C321\" class=\"alignnone size-full wp-image-35826\" src=\"https:\/\/i0.wp.com\/blogdalucianaoliveira.com.br\/blog\/wp-content\/uploads\/2024\/08\/IMG_8331.jpeg?resize=600%2C321\" alt=\"\" width=\"600\" height=\"321\" srcset=\"https:\/\/i0.wp.com\/blogdalucianaoliveira.com.br\/blog\/wp-content\/uploads\/2024\/08\/IMG_8331.jpeg?w=1115 1115w, https:\/\/i0.wp.com\/blogdalucianaoliveira.com.br\/blog\/wp-content\/uploads\/2024\/08\/IMG_8331.jpeg?resize=300%2C161 300w, https:\/\/i0.wp.com\/blogdalucianaoliveira.com.br\/blog\/wp-content\/uploads\/2024\/08\/IMG_8331.jpeg?resize=1024%2C548 1024w, https:\/\/i0.wp.com\/blogdalucianaoliveira.com.br\/blog\/wp-content\/uploads\/2024\/08\/IMG_8331.jpeg?resize=768%2C411 768w, https:\/\/i0.wp.com\/blogdalucianaoliveira.com.br\/blog\/wp-content\/uploads\/2024\/08\/IMG_8331.jpeg?resize=560%2C300 560w\" sizes=\"auto, (max-width: 600px) 100vw, 600px\" \/><\/p>\n<p>\u201cEssa opera\u00e7\u00e3o que direcionamos para a TI Lage ap\u00f3s o inc\u00eandio criminoso, vem sendo intensificada desde o in\u00edcio deste ano e em parceria com a Pol\u00edcia Federal, Funai, Ibama e ICMBbio. Pelo menos cinco opera\u00e7\u00f5es j\u00e1 foram realizadas e resultaram na apreens\u00e3o de madeira extra\u00edda ilegalmente, destrui\u00e7\u00e3o de planta\u00e7\u00f5es e constru\u00e7\u00f5es dentro da terra ind\u00edgena\u201d, disse o Comandante do batalh\u00e3o, Flavio Henrique Magalh\u00e3es Valle.<\/p>\n<p><img data-recalc-dims=\"1\" loading=\"lazy\" decoding=\"async\" data-attachment-id=\"35827\" data-permalink=\"http:\/\/blogdalucianaoliveira.com.br\/blog\/2024\/08\/17\/operacao-e-deflagrada-na-terra-indigena-lage-apos-ataque\/img_8329-2\/\" data-orig-file=\"https:\/\/i0.wp.com\/blogdalucianaoliveira.com.br\/blog\/wp-content\/uploads\/2024\/08\/IMG_8329.jpeg?fit=1137%2C718\" data-orig-size=\"1137,718\" data-comments-opened=\"0\" data-image-meta=\"{&quot;aperture&quot;:&quot;0&quot;,&quot;credit&quot;:&quot;&quot;,&quot;camera&quot;:&quot;&quot;,&quot;caption&quot;:&quot;&quot;,&quot;created_timestamp&quot;:&quot;0&quot;,&quot;copyright&quot;:&quot;&quot;,&quot;focal_length&quot;:&quot;0&quot;,&quot;iso&quot;:&quot;0&quot;,&quot;shutter_speed&quot;:&quot;0&quot;,&quot;title&quot;:&quot;&quot;,&quot;orientation&quot;:&quot;1&quot;}\" data-image-title=\"IMG_8329\" data-image-description=\"\" data-image-caption=\"\" data-medium-file=\"https:\/\/i0.wp.com\/blogdalucianaoliveira.com.br\/blog\/wp-content\/uploads\/2024\/08\/IMG_8329.jpeg?fit=300%2C189\" data-large-file=\"https:\/\/i0.wp.com\/blogdalucianaoliveira.com.br\/blog\/wp-content\/uploads\/2024\/08\/IMG_8329.jpeg?fit=600%2C379\" class=\"alignnone size-full wp-image-35827\" src=\"https:\/\/i0.wp.com\/blogdalucianaoliveira.com.br\/blog\/wp-content\/uploads\/2024\/08\/IMG_8329.jpeg?resize=600%2C379\" alt=\"\" width=\"600\" height=\"379\" srcset=\"https:\/\/i0.wp.com\/blogdalucianaoliveira.com.br\/blog\/wp-content\/uploads\/2024\/08\/IMG_8329.jpeg?w=1137 1137w, https:\/\/i0.wp.com\/blogdalucianaoliveira.com.br\/blog\/wp-content\/uploads\/2024\/08\/IMG_8329.jpeg?resize=300%2C189 300w, https:\/\/i0.wp.com\/blogdalucianaoliveira.com.br\/blog\/wp-content\/uploads\/2024\/08\/IMG_8329.jpeg?resize=1024%2C647 1024w, https:\/\/i0.wp.com\/blogdalucianaoliveira.com.br\/blog\/wp-content\/uploads\/2024\/08\/IMG_8329.jpeg?resize=768%2C485 768w, https:\/\/i0.wp.com\/blogdalucianaoliveira.com.br\/blog\/wp-content\/uploads\/2024\/08\/IMG_8329.jpeg?resize=475%2C300 475w\" sizes=\"auto, (max-width: 600px) 100vw, 600px\" \/><\/p>\n<p>O coordenador regional da Funai em Guajar\u00e1-Mirim, Edivandro Jabuti, disse que apesar do alerta de perigo o grupo de ind\u00edgenas decidiu se estabelecer na \u00e1rea invadida e que o apoio \u00e0 mudan\u00e7a foi determinado ap\u00f3s acordo da desintrus\u00e3o da TI Karipuna.<\/p>\n<p>\u201cEles decidiram morar perto dos familiares, das aldeias. Vamos seguir dando apoio com a constru\u00e7\u00e3o de tr\u00eas casas como acordado. Contamos com ajuda dos \u00f3rg\u00e3os de prote\u00e7\u00e3o para fixar essas fam\u00edlias em local seguro\u201d.<\/p>\n<p><strong>O inc\u00eandio<\/strong><\/p>\n<p>Cerca de 15 ind\u00edgenas, incluindo crian\u00e7as, foram surpreendidos por um bando encapuzado que queimou uma resid\u00eancia constru\u00edda recentemente e tr\u00eas motocicletas. Tudo virou cinzas e os ind\u00edgenas escaparam com vida fugindo pela mata.<\/p>\n<p>A cerca que foi erguida para fechar a linha que d\u00e1 acesso \u00e0 terra ind\u00edgena tamb\u00e9m foi destru\u00edda pelos invasores.<\/p>\n<p><img data-recalc-dims=\"1\" loading=\"lazy\" decoding=\"async\" data-attachment-id=\"35829\" data-permalink=\"http:\/\/blogdalucianaoliveira.com.br\/blog\/2024\/08\/17\/operacao-e-deflagrada-na-terra-indigena-lage-apos-ataque\/img_8328-2\/\" data-orig-file=\"https:\/\/i0.wp.com\/blogdalucianaoliveira.com.br\/blog\/wp-content\/uploads\/2024\/08\/IMG_8328.jpeg?fit=1135%2C627\" data-orig-size=\"1135,627\" data-comments-opened=\"0\" data-image-meta=\"{&quot;aperture&quot;:&quot;0&quot;,&quot;credit&quot;:&quot;&quot;,&quot;camera&quot;:&quot;&quot;,&quot;caption&quot;:&quot;&quot;,&quot;created_timestamp&quot;:&quot;0&quot;,&quot;copyright&quot;:&quot;&quot;,&quot;focal_length&quot;:&quot;0&quot;,&quot;iso&quot;:&quot;0&quot;,&quot;shutter_speed&quot;:&quot;0&quot;,&quot;title&quot;:&quot;&quot;,&quot;orientation&quot;:&quot;1&quot;}\" data-image-title=\"IMG_8328\" data-image-description=\"\" data-image-caption=\"\" data-medium-file=\"https:\/\/i0.wp.com\/blogdalucianaoliveira.com.br\/blog\/wp-content\/uploads\/2024\/08\/IMG_8328.jpeg?fit=300%2C166\" data-large-file=\"https:\/\/i0.wp.com\/blogdalucianaoliveira.com.br\/blog\/wp-content\/uploads\/2024\/08\/IMG_8328.jpeg?fit=600%2C332\" class=\"alignnone size-full wp-image-35829\" src=\"https:\/\/i0.wp.com\/blogdalucianaoliveira.com.br\/blog\/wp-content\/uploads\/2024\/08\/IMG_8328.jpeg?resize=600%2C331\" alt=\"\" width=\"600\" height=\"331\" srcset=\"https:\/\/i0.wp.com\/blogdalucianaoliveira.com.br\/blog\/wp-content\/uploads\/2024\/08\/IMG_8328.jpeg?w=1135 1135w, https:\/\/i0.wp.com\/blogdalucianaoliveira.com.br\/blog\/wp-content\/uploads\/2024\/08\/IMG_8328.jpeg?resize=300%2C166 300w, https:\/\/i0.wp.com\/blogdalucianaoliveira.com.br\/blog\/wp-content\/uploads\/2024\/08\/IMG_8328.jpeg?resize=1024%2C566 1024w, https:\/\/i0.wp.com\/blogdalucianaoliveira.com.br\/blog\/wp-content\/uploads\/2024\/08\/IMG_8328.jpeg?resize=768%2C424 768w, https:\/\/i0.wp.com\/blogdalucianaoliveira.com.br\/blog\/wp-content\/uploads\/2024\/08\/IMG_8328.jpeg?resize=543%2C300 543w\" sizes=\"auto, (max-width: 600px) 100vw, 600px\" \/> <img data-recalc-dims=\"1\" loading=\"lazy\" decoding=\"async\" data-attachment-id=\"35830\" data-permalink=\"http:\/\/blogdalucianaoliveira.com.br\/blog\/2024\/08\/17\/operacao-e-deflagrada-na-terra-indigena-lage-apos-ataque\/img_8330-2\/\" data-orig-file=\"https:\/\/i0.wp.com\/blogdalucianaoliveira.com.br\/blog\/wp-content\/uploads\/2024\/08\/IMG_8330.jpeg?fit=1058%2C731\" data-orig-size=\"1058,731\" data-comments-opened=\"0\" data-image-meta=\"{&quot;aperture&quot;:&quot;0&quot;,&quot;credit&quot;:&quot;&quot;,&quot;camera&quot;:&quot;&quot;,&quot;caption&quot;:&quot;&quot;,&quot;created_timestamp&quot;:&quot;0&quot;,&quot;copyright&quot;:&quot;&quot;,&quot;focal_length&quot;:&quot;0&quot;,&quot;iso&quot;:&quot;0&quot;,&quot;shutter_speed&quot;:&quot;0&quot;,&quot;title&quot;:&quot;&quot;,&quot;orientation&quot;:&quot;1&quot;}\" data-image-title=\"IMG_8330\" data-image-description=\"\" data-image-caption=\"\" data-medium-file=\"https:\/\/i0.wp.com\/blogdalucianaoliveira.com.br\/blog\/wp-content\/uploads\/2024\/08\/IMG_8330.jpeg?fit=300%2C207\" data-large-file=\"https:\/\/i0.wp.com\/blogdalucianaoliveira.com.br\/blog\/wp-content\/uploads\/2024\/08\/IMG_8330.jpeg?fit=600%2C415\" class=\"alignnone size-full wp-image-35830\" src=\"https:\/\/i0.wp.com\/blogdalucianaoliveira.com.br\/blog\/wp-content\/uploads\/2024\/08\/IMG_8330.jpeg?resize=600%2C415\" alt=\"\" width=\"600\" height=\"415\" srcset=\"https:\/\/i0.wp.com\/blogdalucianaoliveira.com.br\/blog\/wp-content\/uploads\/2024\/08\/IMG_8330.jpeg?w=1058 1058w, https:\/\/i0.wp.com\/blogdalucianaoliveira.com.br\/blog\/wp-content\/uploads\/2024\/08\/IMG_8330.jpeg?resize=300%2C207 300w, https:\/\/i0.wp.com\/blogdalucianaoliveira.com.br\/blog\/wp-content\/uploads\/2024\/08\/IMG_8330.jpeg?resize=1024%2C708 1024w, https:\/\/i0.wp.com\/blogdalucianaoliveira.com.br\/blog\/wp-content\/uploads\/2024\/08\/IMG_8330.jpeg?resize=768%2C531 768w, https:\/\/i0.wp.com\/blogdalucianaoliveira.com.br\/blog\/wp-content\/uploads\/2024\/08\/IMG_8330.jpeg?resize=434%2C300 434w\" sizes=\"auto, (max-width: 600px) 100vw, 600px\" \/> <img data-recalc-dims=\"1\" loading=\"lazy\" decoding=\"async\" data-attachment-id=\"35831\" data-permalink=\"http:\/\/blogdalucianaoliveira.com.br\/blog\/2024\/08\/17\/operacao-e-deflagrada-na-terra-indigena-lage-apos-ataque\/img_8213-2\/\" data-orig-file=\"https:\/\/i0.wp.com\/blogdalucianaoliveira.com.br\/blog\/wp-content\/uploads\/2024\/08\/IMG_8213-scaled.jpeg?fit=1920%2C2560\" data-orig-size=\"1920,2560\" data-comments-opened=\"0\" data-image-meta=\"{&quot;aperture&quot;:&quot;1.6&quot;,&quot;credit&quot;:&quot;&quot;,&quot;camera&quot;:&quot;iPhone 13&quot;,&quot;caption&quot;:&quot;&quot;,&quot;created_timestamp&quot;:&quot;1723737037&quot;,&quot;copyright&quot;:&quot;&quot;,&quot;focal_length&quot;:&quot;5.1&quot;,&quot;iso&quot;:&quot;50&quot;,&quot;shutter_speed&quot;:&quot;0.000677048070413&quot;,&quot;title&quot;:&quot;&quot;,&quot;orientation&quot;:&quot;1&quot;}\" data-image-title=\"IMG_8213\" data-image-description=\"\" data-image-caption=\"\" data-medium-file=\"https:\/\/i0.wp.com\/blogdalucianaoliveira.com.br\/blog\/wp-content\/uploads\/2024\/08\/IMG_8213-scaled.jpeg?fit=225%2C300\" data-large-file=\"https:\/\/i0.wp.com\/blogdalucianaoliveira.com.br\/blog\/wp-content\/uploads\/2024\/08\/IMG_8213-scaled.jpeg?fit=600%2C800\" class=\"alignnone size-full wp-image-35831\" src=\"https:\/\/i0.wp.com\/blogdalucianaoliveira.com.br\/blog\/wp-content\/uploads\/2024\/08\/IMG_8213-scaled.jpeg?resize=600%2C800\" alt=\"\" width=\"600\" height=\"800\" srcset=\"https:\/\/i0.wp.com\/blogdalucianaoliveira.com.br\/blog\/wp-content\/uploads\/2024\/08\/IMG_8213-scaled.jpeg?w=1920 1920w, https:\/\/i0.wp.com\/blogdalucianaoliveira.com.br\/blog\/wp-content\/uploads\/2024\/08\/IMG_8213-scaled.jpeg?resize=225%2C300 225w, https:\/\/i0.wp.com\/blogdalucianaoliveira.com.br\/blog\/wp-content\/uploads\/2024\/08\/IMG_8213-scaled.jpeg?resize=768%2C1024 768w, https:\/\/i0.wp.com\/blogdalucianaoliveira.com.br\/blog\/wp-content\/uploads\/2024\/08\/IMG_8213-scaled.jpeg?resize=1152%2C1536 1152w, https:\/\/i0.wp.com\/blogdalucianaoliveira.com.br\/blog\/wp-content\/uploads\/2024\/08\/IMG_8213-scaled.jpeg?resize=1536%2C2048 1536w, https:\/\/i0.wp.com\/blogdalucianaoliveira.com.br\/blog\/wp-content\/uploads\/2024\/08\/IMG_8213-scaled.jpeg?w=1800 1800w\" sizes=\"auto, (max-width: 600px) 100vw, 600px\" \/><\/p>\n<p>O grupo Oro Nao do grande povo Wari, foi se estabelecer nesta regi\u00e3o ap\u00f3s acordo para que deixassem o local que ocupavam no territ\u00f3rio Karipuna que passou por processo de desintrus\u00e3o.<\/p>\n<p>O local em que constru\u00edram nova moradia fica numa parte da TI Igarap\u00e9 Lage sem aldeias por onde os invasores entram. O ataque foi para inibir a ocupa\u00e7\u00e3o ind\u00edgena e tamb\u00e9m em retalia\u00e7\u00e3o \u00e0s opera\u00e7\u00f5es que est\u00e3o sendo feitas no local que causaram preju\u00edzos aos invasores.<\/p>\n<p><img data-recalc-dims=\"1\" loading=\"lazy\" decoding=\"async\" data-attachment-id=\"35828\" data-permalink=\"http:\/\/blogdalucianaoliveira.com.br\/blog\/2024\/08\/17\/operacao-e-deflagrada-na-terra-indigena-lage-apos-ataque\/img_8332\/\" data-orig-file=\"https:\/\/i0.wp.com\/blogdalucianaoliveira.com.br\/blog\/wp-content\/uploads\/2024\/08\/IMG_8332.jpeg?fit=1082%2C647\" data-orig-size=\"1082,647\" data-comments-opened=\"0\" data-image-meta=\"{&quot;aperture&quot;:&quot;0&quot;,&quot;credit&quot;:&quot;&quot;,&quot;camera&quot;:&quot;&quot;,&quot;caption&quot;:&quot;&quot;,&quot;created_timestamp&quot;:&quot;0&quot;,&quot;copyright&quot;:&quot;&quot;,&quot;focal_length&quot;:&quot;0&quot;,&quot;iso&quot;:&quot;0&quot;,&quot;shutter_speed&quot;:&quot;0&quot;,&quot;title&quot;:&quot;&quot;,&quot;orientation&quot;:&quot;1&quot;}\" data-image-title=\"IMG_8332\" data-image-description=\"\" data-image-caption=\"\" data-medium-file=\"https:\/\/i0.wp.com\/blogdalucianaoliveira.com.br\/blog\/wp-content\/uploads\/2024\/08\/IMG_8332.jpeg?fit=300%2C179\" data-large-file=\"https:\/\/i0.wp.com\/blogdalucianaoliveira.com.br\/blog\/wp-content\/uploads\/2024\/08\/IMG_8332.jpeg?fit=600%2C359\" class=\"alignnone size-full wp-image-35828\" src=\"https:\/\/i0.wp.com\/blogdalucianaoliveira.com.br\/blog\/wp-content\/uploads\/2024\/08\/IMG_8332.jpeg?resize=600%2C359\" alt=\"\" width=\"600\" height=\"359\" srcset=\"https:\/\/i0.wp.com\/blogdalucianaoliveira.com.br\/blog\/wp-content\/uploads\/2024\/08\/IMG_8332.jpeg?w=1082 1082w, https:\/\/i0.wp.com\/blogdalucianaoliveira.com.br\/blog\/wp-content\/uploads\/2024\/08\/IMG_8332.jpeg?resize=300%2C179 300w, https:\/\/i0.wp.com\/blogdalucianaoliveira.com.br\/blog\/wp-content\/uploads\/2024\/08\/IMG_8332.jpeg?resize=1024%2C612 1024w, https:\/\/i0.wp.com\/blogdalucianaoliveira.com.br\/blog\/wp-content\/uploads\/2024\/08\/IMG_8332.jpeg?resize=768%2C459 768w, https:\/\/i0.wp.com\/blogdalucianaoliveira.com.br\/blog\/wp-content\/uploads\/2024\/08\/IMG_8332.jpeg?resize=502%2C300 502w\" sizes=\"auto, (max-width: 600px) 100vw, 600px\" \/><\/p>\n<p>\u201cEssa estrada foi aberta h\u00e1 pelo menos tr\u00eas anos. Os invasores constru\u00edram e abriram ro\u00e7as e pastos para cria\u00e7\u00e3o de gado dentro da \u00e1rea. Desde ent\u00e3o, os ind\u00edgenas do Lage Novo ou da linha 28 n\u00e3o podem sequer ca\u00e7ar l\u00e1\u201d, disse uma testemunha que pediu anonimato \u00e0 reportagem.<\/p>\n<p>A linha 28 fica distante apenas seis quil\u00f4metros de Nova Dimens\u00e3o, distrito de Nova Mamor\u00e9 e marca o processo de uma invas\u00e3o in\u00e9dita na TI Igarap\u00e9 Lage.<\/p>\n<p>A Pastoral Indigenista de Guajar\u00e1-Mirim denunciou h\u00e1 dois meses atrav\u00e9s do Blog, que a invas\u00e3o j\u00e1 provocou a perda florestal de mil hectares do territ\u00f3rio do Povo Wari, que se divide em oito etnias e 14 aldeias.<\/p>\n<p><strong>Confira aqui:<\/strong><\/p>\n<p><a href=\"http:\/\/blogdalucianaoliveira.com.br\/blog\/2024\/05\/24\/invasao-inedita-da-terra-indigena-igarape-lage-nova-mamore-ro\/\">http:\/\/blogdalucianaoliveira.com.br\/blog\/2024\/05\/24\/invasao-inedita-da-terra-indigena-igarape-lage-nova-mamore-ro\/<\/a><\/p>\n<p>&nbsp;<\/p>\n<p><strong>Campanha<\/strong><\/p>\n<p>A Coordena\u00e7\u00e3o Regional de Guajar\u00e1-Mirim-FUNAI est\u00e1 promovendo uma campanha de doa\u00e7\u00e3o para ajudar o grupo atingido pelo inc\u00eandio criminoso.<\/p>\n<p>Est\u00e1 arrecadando roupas masculinas e femininas para adultos e crian\u00e7as de 4 a 6 anos, al\u00e9m de utens\u00edlios dom\u00e9sticos, m\u00f3veis, materiais de limpeza e higiene pessoal.<\/p>\n<p>As doa\u00e7\u00f5es podem ser entregues na sede da FUNAI de Guajar\u00e1-Mirim, localizada na Av. Constitui\u00e7\u00e3o, n\u00ba 542, no centro.<\/p>\n","protected":false},"excerpt":{"rendered":"<p>Por Luciana Oliveira &#8211; \u00c9 uma resposta r\u00e1pida ao ataque de criminosos que atearam fogo na resid\u00eancia e tr\u00eas motocicletas de um grupo da etnia Oro Nao na Terra Ind\u00edgena Igarap\u00e9 Lage, na noite de domingo, 11. O Comando de Fronteira Rond\u00f4nia\/6\u00ba Batalh\u00e3o de Infantaria de Selva montou uma barreira na linha 28, porta aberta&#8230;<a class=\"more-link\" href=\"http:\/\/blogdalucianaoliveira.com.br\/blog\/2024\/08\/17\/operacao-e-deflagrada-na-terra-indigena-lage-apos-ataque\/\">Continue a leitura <span class=\"meta-nav\">&raquo;<\/span><\/a><\/p>\n","protected":false},"author":1,"featured_media":0,"comment_status":"closed","ping_status":"open","sticky":false,"template":"","format":"standard","meta":{"_exactmetrics_skip_tracking":false,"_exactmetrics_sitenote_active":false,"_exactmetrics_sitenote_note":"","_exactmetrics_sitenote_category":0,"jetpack_post_was_ever_published":false,"_jetpack_newsletter_access":"","_jetpack_dont_email_post_to_subs":false,"_jetpack_newsletter_tier_id":0,"_jetpack_memberships_contains_paywalled_content":false,"_jetpack_memberships_contains_paid_content":false,"footnotes":"","jetpack_publicize_message":"","jetpack_publicize_feature_enabled":true,"jetpack_social_post_already_shared":true,"jetpack_social_options":{"image_generator_settings":{"template":"highway","enabled":false},"version":2}},"categories":[1],"tags":[1097,710,1096,922],"class_list":["post-35815","post","type-post","status-publish","format-standard","hentry","category-notas","tag-incendio","tag-invasao","tag-lage","tag-terra-indigena"],"jetpack_publicize_connections":[],"jetpack_sharing_enabled":true,"jetpack_featured_media_url":"","jetpack_shortlink":"https:\/\/wp.me\/p7wKYW-9jF","jetpack-related-posts":[],"_links":{"self":[{"href":"http:\/\/blogdalucianaoliveira.com.br\/blog\/wp-json\/wp\/v2\/posts\/35815","targetHints":{"allow":["GET"]}}],"collection":[{"href":"http:\/\/blogdalucianaoliveira.com.br\/blog\/wp-json\/wp\/v2\/posts"}],"about":[{"href":"http:\/\/blogdalucianaoliveira.com.br\/blog\/wp-json\/wp\/v2\/types\/post"}],"author":[{"embeddable":true,"href":"http:\/\/blogdalucianaoliveira.com.br\/blog\/wp-json\/wp\/v2\/users\/1"}],"replies":[{"embeddable":true,"href":"http:\/\/blogdalucianaoliveira.com.br\/blog\/wp-json\/wp\/v2\/comments?post=35815"}],"version-history":[{"count":7,"href":"http:\/\/blogdalucianaoliveira.com.br\/blog\/wp-json\/wp\/v2\/posts\/35815\/revisions"}],"predecessor-version":[{"id":35836,"href":"http:\/\/blogdalucianaoliveira.com.br\/blog\/wp-json\/wp\/v2\/posts\/35815\/revisions\/35836"}],"wp:attachment":[{"href":"http:\/\/blogdalucianaoliveira.com.br\/blog\/wp-json\/wp\/v2\/media?parent=35815"}],"wp:term":[{"taxonomy":"category","embeddable":true,"href":"http:\/\/blogdalucianaoliveira.com.br\/blog\/wp-json\/wp\/v2\/categories?post=35815"},{"taxonomy":"post_tag","embeddable":true,"href":"http:\/\/blogdalucianaoliveira.com.br\/blog\/wp-json\/wp\/v2\/tags?post=35815"}],"curies":[{"name":"wp","href":"https:\/\/api.w.org\/{rel}","templated":true}]}}