{"id":35837,"date":"2024-08-20T17:44:49","date_gmt":"2024-08-20T21:44:49","guid":{"rendered":"http:\/\/blogdalucianaoliveira.com.br\/blog\/?p=35837"},"modified":"2024-08-20T17:44:49","modified_gmt":"2024-08-20T21:44:49","slug":"numero-de-candidaturas-indigenas-cresce-quase-12-em-2024-segundo-tse-am-lidera-ranking","status":"publish","type":"post","link":"http:\/\/blogdalucianaoliveira.com.br\/blog\/2024\/08\/20\/numero-de-candidaturas-indigenas-cresce-quase-12-em-2024-segundo-tse-am-lidera-ranking\/","title":{"rendered":"N\u00famero de candidaturas ind\u00edgenas cresce quase 12% em 2024, segundo TSE; AM lidera ranking"},"content":{"rendered":"<p><img data-recalc-dims=\"1\" loading=\"lazy\" decoding=\"async\" data-attachment-id=\"35838\" data-permalink=\"http:\/\/blogdalucianaoliveira.com.br\/blog\/2024\/08\/20\/numero-de-candidaturas-indigenas-cresce-quase-12-em-2024-segundo-tse-am-lidera-ranking\/img_8463\/\" data-orig-file=\"https:\/\/i0.wp.com\/blogdalucianaoliveira.com.br\/blog\/wp-content\/uploads\/2024\/08\/IMG_8463.jpeg?fit=842%2C518\" data-orig-size=\"842,518\" data-comments-opened=\"0\" data-image-meta=\"{&quot;aperture&quot;:&quot;0&quot;,&quot;credit&quot;:&quot;&quot;,&quot;camera&quot;:&quot;&quot;,&quot;caption&quot;:&quot;&quot;,&quot;created_timestamp&quot;:&quot;0&quot;,&quot;copyright&quot;:&quot;&quot;,&quot;focal_length&quot;:&quot;0&quot;,&quot;iso&quot;:&quot;0&quot;,&quot;shutter_speed&quot;:&quot;0&quot;,&quot;title&quot;:&quot;&quot;,&quot;orientation&quot;:&quot;1&quot;}\" data-image-title=\"IMG_8463\" data-image-description=\"\" data-image-caption=\"\" data-medium-file=\"https:\/\/i0.wp.com\/blogdalucianaoliveira.com.br\/blog\/wp-content\/uploads\/2024\/08\/IMG_8463.jpeg?fit=300%2C185\" data-large-file=\"https:\/\/i0.wp.com\/blogdalucianaoliveira.com.br\/blog\/wp-content\/uploads\/2024\/08\/IMG_8463.jpeg?fit=600%2C369\" class=\"alignnone size-full wp-image-35838\" src=\"https:\/\/i0.wp.com\/blogdalucianaoliveira.com.br\/blog\/wp-content\/uploads\/2024\/08\/IMG_8463.jpeg?resize=600%2C369\" alt=\"\" width=\"600\" height=\"369\" srcset=\"https:\/\/i0.wp.com\/blogdalucianaoliveira.com.br\/blog\/wp-content\/uploads\/2024\/08\/IMG_8463.jpeg?w=842 842w, https:\/\/i0.wp.com\/blogdalucianaoliveira.com.br\/blog\/wp-content\/uploads\/2024\/08\/IMG_8463.jpeg?resize=300%2C185 300w, https:\/\/i0.wp.com\/blogdalucianaoliveira.com.br\/blog\/wp-content\/uploads\/2024\/08\/IMG_8463.jpeg?resize=768%2C472 768w, https:\/\/i0.wp.com\/blogdalucianaoliveira.com.br\/blog\/wp-content\/uploads\/2024\/08\/IMG_8463.jpeg?resize=488%2C300 488w\" sizes=\"auto, (max-width: 600px) 100vw, 600px\" \/><\/p>\n<p>H\u00e1 quatro anos, foram 2.216 (0,40%) registros, que passaram a 2.483 neste ano, o que abrange 0,55% do total de candidatos registrados no Brasil, totalizando 455.493.<!--more--><\/p>\n<p><span style=\"font-size: 16px;\">Ana Cl\u00e1udia Leoc\u00e1dio &#8211; AG\u00caNCIA CENARIUM &#8211; <\/span><span style=\"font-size: 16px;\">\u00a0O n\u00famero <\/span>candidaturas ind\u00edgenas<span style=\"font-size: 16px;\"> cresceu quase 12% nas elei\u00e7\u00f5es deste ano em compara\u00e7\u00e3o \u00e0s elei\u00e7\u00f5es municipais de 2020, segundo os dados do <\/span>Tribunal Superior Eleitoral (TSE)<span style=\"font-size: 16px;\">. H\u00e1 quatro anos, foram 2.216 (0,40%) registros, que passaram a 2.483 neste ano, o que abrange 0,55% do total de <\/span><a style=\"font-size: 16px;\" href=\"https:\/\/revistacenarium.com.br\/?s=ind%C3%ADgenas\" target=\"_blank\" rel=\"noreferrer noopener nofollow\">candidatos registrados no Brasil<\/a><span style=\"font-size: 16px;\">, totalizando 455.493.<\/span><\/p>\n<p>Entre as etnias mais declaradas est\u00e3o a Bar\u00e9 (65), Atikum (38), Baniwa (18) e Apurin\u00e3 (17), mas h\u00e1 outras como Apinay\u00e9, Anac\u00e9, Bakair\u00ed, Banawa, Arara do Par\u00e1, Arapiun e Amanai\u00e9. Quando se considera o g\u00eanero, 1.573 s\u00e3o do masculino (63,2%) e 916 do feminino (36,8%).<\/p>\n<p>Em termos num\u00e9ricos, o Amazonas apresentou o maior n\u00famero de candidaturas, em 2024, com 558 registros, um aumento de 12% em rela\u00e7\u00e3o a 2020, quando tinha 498. O <strong>Estado \u00e9 o mais ind\u00edgena do Pa\u00eds<\/strong>, com 490,9 mil pessoas declaradas, segundo o <strong>Instituto Brasileiro de Geografia e Estat\u00edstica (IBGE)<\/strong>. De acordo com os dados abertos do <strong>TSE<\/strong>, as etnias Bar\u00e9 (64), Kokama (63), Baniwa (18) e Kambeba (11) s\u00e3o as mais competitivas no pleito deste ano, seguidas dos Kulina Madij\u00e1, Kanamar\u00ed e Des\u00e1na.<\/p>\n<p>Proporcionalmente ao n\u00famero total de registros no Estado, Roraima segue a tend\u00eancia das elei\u00e7\u00f5es municipais de 2020, quando foi a campe\u00e3 de<strong> candidaturas ind\u00edgenas<\/strong>, com 176 candidatos, ou 13,22% do total. Quase 60% s\u00e3o da etnia Makuxi (104), depois v\u00eam os Wapixana (37), Wai Wai e demais povos. Em 2020, o Estado tamb\u00e9m registrou o maior n\u00famero proporcional de <strong>candidaturas ind\u00edgenas<\/strong>, com 148 postulantes.<\/p>\n<p>O Acre apresenta 74 <strong>candidaturas ind\u00edgenas<\/strong>, o que abrange 3,26% do total de candidatos registrados no Estado nas elei\u00e7\u00f5es municipais, a maior parte da etnia Kaxinaw\u00e1.<\/p>\n<p>O Par\u00e1 elevou de 108 para 122, neste ano, o n\u00famero de<strong> candidatos e candidatas ind\u00edgenas<\/strong>, que corresponde a 0,69% do total de concorrentes. Os Munduruku (47) e os Kayap\u00f3 (17) lideram os registros.<\/p>\n<p>Em compara\u00e7\u00e3o a 2020, o Amap\u00e1 reduziu o n\u00famero de <strong>candidaturas ind\u00edgenas<\/strong> nas elei\u00e7\u00f5es deste ano, caindo de 24 para 19, distribu\u00eddas entre as etnias Galib\u00ed Marw\u00f3rno, Karipuna, Karip\u00fana do Amap\u00e1, Palikur e Wai\u00e3py.<\/p>\n<figure><img data-recalc-dims=\"1\" decoding=\"async\" class=\"i-amphtml-fill-content i-amphtml-replaced-content\" src=\"https:\/\/i0.wp.com\/revistacenarium.com.br\/wp-content\/uploads\/2024\/08\/tiago-miotto-cimi-2.jpg?w=600&#038;ssl=1\" alt=\"\" \/><figcaption><em>Ind\u00edgena em manifesta\u00e7\u00e3o contra o Marco Temporal, em Bras\u00edlia (DF), em 2022 (Tiago Miotto\/Cimi)<\/em><\/figcaption><\/figure>\n<p>O Estado de Rond\u00f4nia teve o mesmo n\u00famero de registros de 2020, 36 no total, sendo que metade n\u00e3o informou a etnia. A maioria que concorre s\u00e3o os Suru\u00ed de Rond\u00f4nia, Pakaa Nova e Cinta Larga.<\/p>\n<p>O Mato Grosso do Sul aparece com 232 <strong>candidaturas ind\u00edgenas<\/strong>, ou 3,21% do total de 7,2 mil registros no estado. A maioria s\u00e3o candidatos da etnia Terena (89), seguidos dos Guarani Kaiow\u00e1 (75), Guaran\u00ed (30) e Guarani Nhandeva (10).<\/p>\n<p>Na Bahia, ser\u00e3o 161 candidatos, que n\u00e3o chegam ainda a 1% do total dos 34,6 mil registros. Os Patax\u00f3 lideram as candidaturas, com 39 registros, ao lado dos Tupinamb\u00e1 (19) e dos Patax\u00f3 H\u00e3 H\u00e3 H\u00e3e (12). Em 56 pedidos de registros de candidaturas como <strong>ind\u00edgenas<\/strong>, n\u00e3o foi informada a etnia.<\/p>\n<h5>Meta de projetar ind\u00edgenas na pol\u00edtica<\/h5>\n<p>O aumento das <strong>candidaturas dos povos ind\u00edgenas<\/strong> foi um dos chamamentos no encerramento do Acampamento Terra Livre(ATL), em maio deste ano, em Bras\u00edlia, para aumentar a <a href=\"https:\/\/agenciacenarium.com.br\/?s=ind%C3%ADgenas\" target=\"_blank\" rel=\"noreferrer noopener nofollow\">representatividade nas v\u00e1rias esferas de poder<\/a>. Na ocasi\u00e3o, a<strong> ministra dos Povos Ind\u00edgenas, Sonia Guajajara<\/strong>, destacou a import\u00e2ncia de mais parentes se lan\u00e7arem na pol\u00edtica nas elei\u00e7\u00f5es deste ano.<\/p>\n<figure><img data-recalc-dims=\"1\" height=\"400\" width=\"600\" decoding=\"async\" class=\"i-amphtml-fill-content i-amphtml-replaced-content\" src=\"https:\/\/i0.wp.com\/revistacenarium.com.br\/wp-content\/uploads\/2024\/08\/atl-mpi-98-1024x683.jpg?resize=600%2C400&#038;ssl=1\" alt=\"\" \/><figcaption><em>No ATL, em maio deste ano, a ministra dos Povos Ind\u00edgenas, Sonia Guajajara e a deputada federal C\u00e9lia Xakriab\u00e1 (Psol-MG) estimularam mais candidaturas ind\u00edgenas (Diogo Zacarias\/MPI)<\/em><\/figcaption><\/figure>\n<p><em>\u201cN\u00f3s precisamos avan\u00e7ar nas pr\u00f3ximas elei\u00e7\u00f5es e a base para que a gente possa crescer mais em 2026 est\u00e1 neste ano de elei\u00e7\u00f5es municipais. Precisamos eleger vereadores, vereadoras. Precisamos de prefeitos e prefeitas. Precisamos fazer a nossa base eleitoral para 2026. Eleger deputados estaduais e aumentar a nossa bancada do cocar no Congresso Nacional<\/em>\u201d, disse Guajajara.<\/p>\n<p>Em fevereiro, deste ano, o<strong> Tribunal Superior Eleitoral <\/strong>decidiu que partidos e federa\u00e7\u00f5es partid\u00e1rias com <strong>candidaturas ind\u00edgenas<\/strong>registradas v\u00e3o ter direito \u00e0 distribui\u00e7\u00e3o proporcional de recursos financeiros do Fundo Partid\u00e1rio e do Fundo Especial de Financiamento de Campanha (FEFC), bem como, de tempo gratuito de r\u00e1dio e televis\u00e3o.<\/p>\n<h5>Perfil do eleitorado por cor e ra\u00e7a<\/h5>\n<p>O n\u00famero de candidaturas gerais nas elei\u00e7\u00f5es municipais de 2024 caiu 22,65% em compara\u00e7\u00e3o com as elei\u00e7\u00f5es municipais de 2020, saindo de 557.678 para 454.689 registros, segundo os dados consolidados pelo <strong>TSE <\/strong>na tarde desta sexta-feira, 16.<\/p>\n<p>Os autodeclarados brancos s\u00e3o 207.527, ou 45,64% do total. Em seguida est\u00e3o os pardos, 188.027, que abrangem 41,35% dos <strong>registros de candidatura<\/strong>. Os <strong>autodeclarados pretos<\/strong>correspondem a 11,38% das candidaturas, ou 51.762, seguidos dos amarelos, com 1.755 registros (0.39%). Um total de 3.138 pessoas n\u00e3o informaram cor ou ra\u00e7a no pedido ao<strong> TSE<\/strong>.<\/p>\n<p>&nbsp;<\/p>\n","protected":false},"excerpt":{"rendered":"<p>H\u00e1 quatro anos, foram 2.216 (0,40%) registros, que passaram a 2.483 neste ano, o que abrange 0,55% do total de candidatos registrados no Brasil, totalizando 455.493.<\/p>\n","protected":false},"author":1,"featured_media":0,"comment_status":"closed","ping_status":"open","sticky":false,"template":"","format":"standard","meta":{"_exactmetrics_skip_tracking":false,"_exactmetrics_sitenote_active":false,"_exactmetrics_sitenote_note":"","_exactmetrics_sitenote_category":0,"jetpack_post_was_ever_published":false,"_jetpack_newsletter_access":"","_jetpack_dont_email_post_to_subs":false,"_jetpack_newsletter_tier_id":0,"_jetpack_memberships_contains_paywalled_content":false,"_jetpack_memberships_contains_paid_content":false,"footnotes":"","jetpack_publicize_message":"","jetpack_publicize_feature_enabled":true,"jetpack_social_post_already_shared":true,"jetpack_social_options":{"image_generator_settings":{"template":"highway","enabled":false},"version":2}},"categories":[1],"tags":[1099,1098,972,306],"class_list":["post-35837","post","type-post","status-publish","format-standard","hentry","category-notas","tag-1099","tag-candidaturas","tag-eleicoes","tag-indigenas"],"jetpack_publicize_connections":[],"jetpack_sharing_enabled":true,"jetpack_featured_media_url":"","jetpack_shortlink":"https:\/\/wp.me\/p7wKYW-9k1","jetpack-related-posts":[],"_links":{"self":[{"href":"http:\/\/blogdalucianaoliveira.com.br\/blog\/wp-json\/wp\/v2\/posts\/35837","targetHints":{"allow":["GET"]}}],"collection":[{"href":"http:\/\/blogdalucianaoliveira.com.br\/blog\/wp-json\/wp\/v2\/posts"}],"about":[{"href":"http:\/\/blogdalucianaoliveira.com.br\/blog\/wp-json\/wp\/v2\/types\/post"}],"author":[{"embeddable":true,"href":"http:\/\/blogdalucianaoliveira.com.br\/blog\/wp-json\/wp\/v2\/users\/1"}],"replies":[{"embeddable":true,"href":"http:\/\/blogdalucianaoliveira.com.br\/blog\/wp-json\/wp\/v2\/comments?post=35837"}],"version-history":[{"count":1,"href":"http:\/\/blogdalucianaoliveira.com.br\/blog\/wp-json\/wp\/v2\/posts\/35837\/revisions"}],"predecessor-version":[{"id":35839,"href":"http:\/\/blogdalucianaoliveira.com.br\/blog\/wp-json\/wp\/v2\/posts\/35837\/revisions\/35839"}],"wp:attachment":[{"href":"http:\/\/blogdalucianaoliveira.com.br\/blog\/wp-json\/wp\/v2\/media?parent=35837"}],"wp:term":[{"taxonomy":"category","embeddable":true,"href":"http:\/\/blogdalucianaoliveira.com.br\/blog\/wp-json\/wp\/v2\/categories?post=35837"},{"taxonomy":"post_tag","embeddable":true,"href":"http:\/\/blogdalucianaoliveira.com.br\/blog\/wp-json\/wp\/v2\/tags?post=35837"}],"curies":[{"name":"wp","href":"https:\/\/api.w.org\/{rel}","templated":true}]}}