{"id":35840,"date":"2024-08-21T09:22:52","date_gmt":"2024-08-21T13:22:52","guid":{"rendered":"http:\/\/blogdalucianaoliveira.com.br\/blog\/?p=35840"},"modified":"2024-08-21T09:22:52","modified_gmt":"2024-08-21T13:22:52","slug":"mapa-das-eleicoes-nas-capitais-entenda-o-perfil-dos-candidatos-em-cada-regiao-do-pais","status":"publish","type":"post","link":"http:\/\/blogdalucianaoliveira.com.br\/blog\/2024\/08\/21\/mapa-das-eleicoes-nas-capitais-entenda-o-perfil-dos-candidatos-em-cada-regiao-do-pais\/","title":{"rendered":"Mapa das elei\u00e7\u00f5es nas capitais: entenda o perfil dos candidatos em cada regi\u00e3o do pa\u00eds"},"content":{"rendered":"<p><img data-recalc-dims=\"1\" decoding=\"async\" src=\"https:\/\/i0.wp.com\/images02.brasildefato.com.br\/42a1ed8c64dba1912118cf374ad6e340.webp?w=600&#038;ssl=1\" \/><\/p>\n<p>A largada oficial das\u00a0<a href=\"https:\/\/www.brasildefato.com.br\/2024\/06\/29\/eleicoes-2024-pesquisas-nas-capitais-mostram-lideranca-de-homens-brancos-e-de-partidos-do-centrao\" target=\"_blank\" rel=\"noopener\">elei\u00e7\u00f5es 2024<\/a>\u00a0aconteceu no dia\u00a0<a href=\"https:\/\/www.brasildefato.com.br\/2024\/08\/16\/campanha-eleitoral-comeca-nesta-sexta-16-conheca-as-regras-saiba-como-denunciar-infracoes\" target=\"_blank\" rel=\"noopener\">16 de agosto<\/a>. Ao todo, o pa\u00eds ter\u00e1 191 candidatos que disputar\u00e3o a prefeitura das 26 capitais brasileiras. O\u00a0<strong>Brasil de Fato<\/strong>\u00a0preparou uma\u00a0<a href=\"https:\/\/www.brasildefato.com.br\/colunistas\/nota-politica\" target=\"_blank\" rel=\"noopener\">s\u00e9rie de reportagens<\/a>\u00a0sobre o mapa eleitoral do pa\u00eds. Agora, o\u00a0<a href=\"https:\/\/www.brasildefato.com.br\/colunistas\/nota-politica\" target=\"_blank\" rel=\"noopener\"><strong>Nota Pol\u00edtica<\/strong><\/a>\u00a0traz um recorte com os dados por regi\u00e3o. Confira:<!--more--><\/p>\n<p class=\"ckeditor-subtitle\">Sul<\/p>\n<p>Porto Alegre (RS), Florian\u00f3polis (SC) e Curitiba (PR), as tr\u00eas capitais da regi\u00e3o Sul, ter\u00e3o 27 candidatos disputando suas prefeituras. Desses, 24 s\u00e3o brancos e apenas tr\u00eas negros. Ser\u00e3o somente seis candidaturas de mulheres e 21 de homens.<\/p>\n<div class=\"ads-googletag article_4\">\n<div id=\"div-gpt-ad-1720010829506-0\" data-google-query-id=\"CLnQuMKVhogDFUBM3QIdWOUJsw\">\n<p>A capital com mais candidatos \u00e9 Curitiba (10), seguida por Florian\u00f3polis (9) e Porto Alegre (8). PSTU e PCO s\u00e3o os \u00fanicos partidos com candidaturas nas tr\u00eas capitais. Das 29 legendas registradas no pa\u00eds, 19 estar\u00e3o na corrida eleitoral sulista.<\/p>\n<p>Ney Leprevost (UB), que disputa a prefeitura de Curitiba, \u00e9 o candidato mais rico do Sul, com um patrim\u00f4nio declarado de R$ 2,5 milh\u00f5es. Em seguida, est\u00e3o Dario (PSDB), que estar\u00e1 na corrida eleitoral de Florian\u00f3polis e tem uma fortuna de R$ 2,3 milh\u00f5es, e Eduardo Pimentel (PSD), que tamb\u00e9m est\u00e1 brigando pelo governo curitibano, que declarou R$ 2,2 milh\u00f5es em bens.<\/p>\n<p class=\"ckeditor-subtitle\">Sudeste<\/p>\n<p>Dos 35 candidatos que disputar\u00e3o as quatro capitais sudestinas, apenas seis s\u00e3o negros e\u00a0<a href=\"https:\/\/www.brasildefato.com.br\/2024\/08\/14\/saiba-quem-e-o-unico-indigena-inscrito-como-candidatos-a-prefeito-nas-capitais\" target=\"_blank\" rel=\"noopener\">um \u00e9 ind\u00edgena<\/a>. Desse total, 27 s\u00e3o homens e 8 s\u00e3o mulheres. Em S\u00e3o Paulo (SP), todas as 10 candidaturas s\u00e3o de pessoas brancas e apenas duas s\u00e3o mulheres.<\/p>\n<p>O \u00fanico ind\u00edgena a disputar uma elei\u00e7\u00e3o de capital \u00e9 Assum\u00e7\u00e3o (PL), que tentar\u00e1 vencer o pleito pelo governo de Vit\u00f3ria (ES), que ser\u00e1 disputada por seis candidaturas. Em Belo Horizonte (MG), ser\u00e3o dez candidatos, e no Rio de Janeiro (RJ), nove.<\/p>\n<p>Com\u00a0<a href=\"https:\/\/www.brasildefato.com.br\/2024\/08\/16\/com-r-169-milhoes-declarados-pablo-marcal-tem-4-vezes-mais-patrimonio-do-que-todos-os-78-candidatos-progressistas-nas-capitais\" target=\"_blank\" rel=\"noopener\">R$ 169 milh\u00f5es de patrim\u00f4nio, Pablo Mar\u00e7al (PRTB)<\/a>, que disputa a elei\u00e7\u00e3o de S\u00e3o Paulo, \u00e9 o candidato mais rico do Sudeste. Seguido por Jos\u00e9 Luis Datena (PSDB), que tamb\u00e9m tentar\u00e1 ser prefeito da capital paulistana, que declarou R$ 38,3 milh\u00f5es em bens, e Eduardo Spadetto (Avante), candidato em Vit\u00f3ria, que possui R$ 20,7 milh\u00f5es em patrim\u00f4nio.<\/p>\n<p class=\"ckeditor-subtitle\">Centro-Oeste<\/p>\n<div class=\"ads-googletag article_middle\">\n<p>A regi\u00e3o Centro-Oeste \u00e9 a que ter\u00e1 menos candidatos na disputa pelas capitais, apenas 19. Desses, 14 s\u00e3o brancos e cinco negros.<\/p>\n<p>Em termos de g\u00eanero, 15 s\u00e3o homens e quatro s\u00e3o mulheres. Em Cuiab\u00e1 (MT), ser\u00e3o quatro candidaturas masculinas participando da corrida eleitoral pela prefeitura. Dos sete candidatos em Goi\u00e2nia (GO), apenas uma \u00e9 mulher.<\/p>\n<p>Em Campo Grande (MS), das oito candidturas, tr\u00eas s\u00e3o negras. Beto Pereira (PSDB), que tentar\u00e1 ser o prefeito campo-grandense, \u00e9 o \u00fanico prefeit\u00e1vel da regi\u00e3o que mudou sua autodeclara\u00e7\u00e3o racial. Nas elei\u00e7\u00f5es de 2020, o tucano era branco e neste ano se apresentou como pardo.<\/p>\n<p>O empres\u00e1rio\u00a0<a href=\"https:\/\/www.brasildefato.com.br\/2024\/08\/15\/conheca-sandro-mabel-o-candidato-a-prefeito-de-capital-mais-rico-do-brasil\" target=\"_blank\" rel=\"noopener\">Sandro Mabel (UB)<\/a>, que concorre \u00e0 prefeitura de Goi\u00e2nia, \u00e9 o candidato mais rico do Brasil, com R$ 313,4 milh\u00f5es em patrim\u00f4nio. Atr\u00e1s dele na regi\u00e3o Centro-Oeste, est\u00e3o Vanderlan Cardoso (PSD), com uma fortuna de R$ 26,8 milh\u00f5es, que tamb\u00e9m disputa o governo goianiense, e Kennedy (MDB), de Cuiab\u00e1, que declarou R$ 5,8 milh\u00f5es em bens.<\/p>\n<p class=\"ckeditor-subtitle\">Nordeste<\/p>\n<p><a href=\"https:\/\/www.brasildefatoce.com.br\/2021\/05\/24\/senador-eduardo-girao-podemos-o-cao-de-guarda-do-governo-bolsonaro-na-cpi-da-covid\" target=\"_blank\" rel=\"noopener\">Eduardo Gir\u00e3o<\/a>\u00a0(Pros), que disputa a prefeitura de Fortaleza (CE), \u00e9 o candidato mais rico do Nordeste, com um patrim\u00f4nio de R$ 48,1 milh\u00f5es. Aparecem atr\u00e1s Carlos Eduardo (PSD), de Natal (RN), que declarou R$ 5,6 milh\u00f5es em bens, e Fred Rodrigues (PRTB), que declarou R$ 4,1 milh\u00f5es.<\/p>\n<p>Treze candidatos declararam n\u00e3o possuir patrim\u00f4nio, sendo dez deles de partidos de esquerda: UP (3), Psol (3),\u00a0 PCO (2), PSTU (1) e PT (1). Tr\u00eas est\u00e3o em legendas de centro-direita: Solidariedade, Agir e PRTB.<\/p>\n<p>Ao todo, 66 candidatos pleiteam a prefeitura das nove capitais nordestinas. Desses, 36 s\u00e3o negros e 30 brancos, 52 s\u00e3o homens e 14 mulheres. Fortaleza (CE), Teresina (PI) e Aracaju (SE) s\u00e3o as capitais com mais candidaturas, nove cada.<\/p>\n<p class=\"ckeditor-subtitle\"><strong>Norte\u00a0\u00a0\u00a0 \u00a0<\/strong><\/p>\n<p>O \u00fanico candidato asi\u00e1tivo a disputar uma capital brasileira \u00e9 Mauro Nakashima (PV), que tentar\u00e1 ser eleito prefeito de Boa Vista (RR). Dos 44 candidatos do Norte, 29 s\u00e3o negros e 14 brancos, 35 se declaram homens e nove mulheres.<\/p>\n<p>Janad Vacari (PL), que disputar\u00e1 a prefeitura de Palmas (TO), \u00e9 a candidata mais rica da regi\u00e3o, com patrim\u00f4nio de R$ 5,6 milh\u00f5es, seguida por Thiago Ara\u00fajo (Republicanos), que tentar\u00e1 ser prefeito de Bel\u00e9m (PA) e possui R$ 4,9 milh\u00f5es em bens, e Euma Mourinho (MDB), de Porto Velho (RO), que declarou R$ 4,7 milh\u00f5es.<\/p>\n<p>MDB (5), Novo (4), Uni\u00e3o Brasil (4), PL (4), Podemos (3), Psol (3) e PSTU (3) s\u00e3o os partidos com o maior n\u00famero de candidatos nas capitais nordestinas. Ao todo, 20 legendas participar\u00e3o da corrida eleitoral na regi\u00e3o.<\/p>\n<p><em>* Igor Carvalho \u00e9 jornalista do Brasil de Fato desde 2018 e escreve sobre pol\u00edtica e direitos humanos.<\/em><\/p>\n<\/div>\n<\/div>\n<\/div>\n","protected":false},"excerpt":{"rendered":"<p>A largada oficial das\u00a0elei\u00e7\u00f5es 2024\u00a0aconteceu no dia\u00a016 de agosto. Ao todo, o pa\u00eds ter\u00e1 191 candidatos que disputar\u00e3o a prefeitura das 26 capitais brasileiras. O\u00a0Brasil de Fato\u00a0preparou uma\u00a0s\u00e9rie de reportagens\u00a0sobre o mapa eleitoral do pa\u00eds. Agora, o\u00a0Nota Pol\u00edtica\u00a0traz um recorte com os dados por regi\u00e3o. Confira:<\/p>\n","protected":false},"author":1,"featured_media":0,"comment_status":"closed","ping_status":"open","sticky":false,"template":"","format":"standard","meta":{"_exactmetrics_skip_tracking":false,"_exactmetrics_sitenote_active":false,"_exactmetrics_sitenote_note":"","_exactmetrics_sitenote_category":0,"jetpack_post_was_ever_published":false,"_jetpack_newsletter_access":"","_jetpack_dont_email_post_to_subs":false,"_jetpack_newsletter_tier_id":0,"_jetpack_memberships_contains_paywalled_content":false,"_jetpack_memberships_contains_paid_content":false,"footnotes":"","jetpack_publicize_message":"","jetpack_publicize_feature_enabled":true,"jetpack_social_post_already_shared":true,"jetpack_social_options":{"image_generator_settings":{"template":"highway","enabled":false},"version":2}},"categories":[1],"tags":[959,972,1100],"class_list":["post-35840","post","type-post","status-publish","format-standard","hentry","category-notas","tag-capitais","tag-eleicoes","tag-prefeituras"],"jetpack_publicize_connections":[],"jetpack_sharing_enabled":true,"jetpack_featured_media_url":"","jetpack_shortlink":"https:\/\/wp.me\/p7wKYW-9k4","jetpack-related-posts":[],"_links":{"self":[{"href":"http:\/\/blogdalucianaoliveira.com.br\/blog\/wp-json\/wp\/v2\/posts\/35840","targetHints":{"allow":["GET"]}}],"collection":[{"href":"http:\/\/blogdalucianaoliveira.com.br\/blog\/wp-json\/wp\/v2\/posts"}],"about":[{"href":"http:\/\/blogdalucianaoliveira.com.br\/blog\/wp-json\/wp\/v2\/types\/post"}],"author":[{"embeddable":true,"href":"http:\/\/blogdalucianaoliveira.com.br\/blog\/wp-json\/wp\/v2\/users\/1"}],"replies":[{"embeddable":true,"href":"http:\/\/blogdalucianaoliveira.com.br\/blog\/wp-json\/wp\/v2\/comments?post=35840"}],"version-history":[{"count":1,"href":"http:\/\/blogdalucianaoliveira.com.br\/blog\/wp-json\/wp\/v2\/posts\/35840\/revisions"}],"predecessor-version":[{"id":35841,"href":"http:\/\/blogdalucianaoliveira.com.br\/blog\/wp-json\/wp\/v2\/posts\/35840\/revisions\/35841"}],"wp:attachment":[{"href":"http:\/\/blogdalucianaoliveira.com.br\/blog\/wp-json\/wp\/v2\/media?parent=35840"}],"wp:term":[{"taxonomy":"category","embeddable":true,"href":"http:\/\/blogdalucianaoliveira.com.br\/blog\/wp-json\/wp\/v2\/categories?post=35840"},{"taxonomy":"post_tag","embeddable":true,"href":"http:\/\/blogdalucianaoliveira.com.br\/blog\/wp-json\/wp\/v2\/tags?post=35840"}],"curies":[{"name":"wp","href":"https:\/\/api.w.org\/{rel}","templated":true}]}}