{"id":3585,"date":"2016-08-31T15:47:32","date_gmt":"2016-08-31T19:47:32","guid":{"rendered":"http:\/\/blogdalucianaoliveira.com.br\/blog\/?p=3585"},"modified":"2016-08-31T18:00:06","modified_gmt":"2016-08-31T22:00:06","slug":"senador-acir-gurgacz-do-pdt-de-rondonia-confessa-que-condenou-dilma-sem-crime-de-responsabilidade","status":"publish","type":"post","link":"http:\/\/blogdalucianaoliveira.com.br\/blog\/2016\/08\/31\/senador-acir-gurgacz-do-pdt-de-rondonia-confessa-que-condenou-dilma-sem-crime-de-responsabilidade\/","title":{"rendered":"Senador Acir Gurgacz, do PDT de Rond\u00f4nia, confessa que condenou Dilma sem crime de responsabilidade"},"content":{"rendered":"<div class=\"fb-video\" data-allowfullscreen=\"true\" data-href=\"https:\/\/www.facebook.com\/depjorgesolla\/videos\/1250516328301557\/\"><\/div>\n<p>Senador que votou a favor de impeachment afirma que n\u00e3o houve crime de responsabilidade<!--more--><\/p>\n<p>Do Estad\u00e3o<\/p>\n<p>S\u00c3O PAULO &#8211; O senador Acir Gurgacz (PDT-RO), que votou a favor do impeachment de Dilma Rousseff e que at\u00e9 antes da vota\u00e7\u00e3o era considerado como indeciso, disse que n\u00e3o h\u00e1 crime de responsabilidade nos atos de Dilma.<br \/>\nEm v\u00eddeo divulgado h\u00e1 pouco por ele no Facebook, o senador justificou o voto falando que faltaria governabilidade a Dilma se ela voltasse ao poder. &#8220;Eu entendo que n\u00e3o h\u00e1 crime de responsabilidade, mas que falta governabilidade para a presidente voltar a governo nosso Pa\u00eds. A volta da presidente talvez causasse um problema ainda maior para a economia brasileira, que ainda n\u00e3o est\u00e1 bem&#8221;, disse.<br \/>\nGurgacz afirmou que votou com a vontade da popula\u00e7\u00e3o brasileira, principalmente de seu estado, Rond\u00f4nia.<\/p>\n","protected":false},"excerpt":{"rendered":"<p>Senador que votou a favor de impeachment afirma que n\u00e3o houve crime de responsabilidade<\/p>\n","protected":false},"author":1,"featured_media":0,"comment_status":"closed","ping_status":"open","sticky":false,"template":"","format":"standard","meta":{"_exactmetrics_skip_tracking":false,"_exactmetrics_sitenote_active":false,"_exactmetrics_sitenote_note":"","_exactmetrics_sitenote_category":0,"jetpack_post_was_ever_published":false,"_jetpack_newsletter_access":"","_jetpack_dont_email_post_to_subs":false,"_jetpack_newsletter_tier_id":0,"_jetpack_memberships_contains_paywalled_content":false,"_jetpack_memberships_contains_paid_content":false,"footnotes":"","jetpack_publicize_message":"","jetpack_publicize_feature_enabled":true,"jetpack_social_post_already_shared":true,"jetpack_social_options":{"image_generator_settings":{"template":"highway","enabled":false},"version":2}},"categories":[1],"tags":[],"class_list":["post-3585","post","type-post","status-publish","format-standard","hentry","category-notas"],"jetpack_publicize_connections":[],"jetpack_sharing_enabled":true,"jetpack_featured_media_url":"","jetpack_shortlink":"https:\/\/wp.me\/p7wKYW-VP","jetpack-related-posts":[],"_links":{"self":[{"href":"http:\/\/blogdalucianaoliveira.com.br\/blog\/wp-json\/wp\/v2\/posts\/3585","targetHints":{"allow":["GET"]}}],"collection":[{"href":"http:\/\/blogdalucianaoliveira.com.br\/blog\/wp-json\/wp\/v2\/posts"}],"about":[{"href":"http:\/\/blogdalucianaoliveira.com.br\/blog\/wp-json\/wp\/v2\/types\/post"}],"author":[{"embeddable":true,"href":"http:\/\/blogdalucianaoliveira.com.br\/blog\/wp-json\/wp\/v2\/users\/1"}],"replies":[{"embeddable":true,"href":"http:\/\/blogdalucianaoliveira.com.br\/blog\/wp-json\/wp\/v2\/comments?post=3585"}],"version-history":[{"count":2,"href":"http:\/\/blogdalucianaoliveira.com.br\/blog\/wp-json\/wp\/v2\/posts\/3585\/revisions"}],"predecessor-version":[{"id":3587,"href":"http:\/\/blogdalucianaoliveira.com.br\/blog\/wp-json\/wp\/v2\/posts\/3585\/revisions\/3587"}],"wp:attachment":[{"href":"http:\/\/blogdalucianaoliveira.com.br\/blog\/wp-json\/wp\/v2\/media?parent=3585"}],"wp:term":[{"taxonomy":"category","embeddable":true,"href":"http:\/\/blogdalucianaoliveira.com.br\/blog\/wp-json\/wp\/v2\/categories?post=3585"},{"taxonomy":"post_tag","embeddable":true,"href":"http:\/\/blogdalucianaoliveira.com.br\/blog\/wp-json\/wp\/v2\/tags?post=3585"}],"curies":[{"name":"wp","href":"https:\/\/api.w.org\/{rel}","templated":true}]}}