{"id":35855,"date":"2024-08-21T19:33:54","date_gmt":"2024-08-21T23:33:54","guid":{"rendered":"http:\/\/blogdalucianaoliveira.com.br\/blog\/?p=35855"},"modified":"2024-08-21T19:34:07","modified_gmt":"2024-08-21T23:34:07","slug":"amazonia-amazonas-e-para-tem-mais-da-metade-dos-focos-de-queimadas","status":"publish","type":"post","link":"http:\/\/blogdalucianaoliveira.com.br\/blog\/2024\/08\/21\/amazonia-amazonas-e-para-tem-mais-da-metade-dos-focos-de-queimadas\/","title":{"rendered":"Amaz\u00f4nia: Amazonas e Par\u00e1 t\u00eam mais da metade dos focos de queimadas"},"content":{"rendered":"<div class=\"row d-flex flex-row justify-content-center align-items-center\">\n<div class=\"col-lg-10\">\n<h2><img data-recalc-dims=\"1\" loading=\"lazy\" decoding=\"async\" data-attachment-id=\"35856\" data-permalink=\"http:\/\/blogdalucianaoliveira.com.br\/blog\/2024\/08\/21\/amazonia-amazonas-e-para-tem-mais-da-metade-dos-focos-de-queimadas\/48683028392_7e457cfd42_k-e1722477098936\/\" data-orig-file=\"https:\/\/i0.wp.com\/blogdalucianaoliveira.com.br\/blog\/wp-content\/uploads\/2024\/08\/48683028392_7e457cfd42_k-e1722477098936.jpg?fit=1200%2C800\" data-orig-size=\"1200,800\" data-comments-opened=\"0\" data-image-meta=\"{&quot;aperture&quot;:&quot;0&quot;,&quot;credit&quot;:&quot;&quot;,&quot;camera&quot;:&quot;&quot;,&quot;caption&quot;:&quot;&quot;,&quot;created_timestamp&quot;:&quot;0&quot;,&quot;copyright&quot;:&quot;&quot;,&quot;focal_length&quot;:&quot;0&quot;,&quot;iso&quot;:&quot;0&quot;,&quot;shutter_speed&quot;:&quot;0&quot;,&quot;title&quot;:&quot;&quot;,&quot;orientation&quot;:&quot;0&quot;}\" data-image-title=\"48683028392_7e457cfd42_k-e1722477098936\" data-image-description=\"\" data-image-caption=\"\" data-medium-file=\"https:\/\/i0.wp.com\/blogdalucianaoliveira.com.br\/blog\/wp-content\/uploads\/2024\/08\/48683028392_7e457cfd42_k-e1722477098936.jpg?fit=300%2C200\" data-large-file=\"https:\/\/i0.wp.com\/blogdalucianaoliveira.com.br\/blog\/wp-content\/uploads\/2024\/08\/48683028392_7e457cfd42_k-e1722477098936.jpg?fit=600%2C400\" class=\"alignnone size-medium wp-image-35856\" src=\"https:\/\/i0.wp.com\/blogdalucianaoliveira.com.br\/blog\/wp-content\/uploads\/2024\/08\/48683028392_7e457cfd42_k-e1722477098936-300x200.jpg?resize=300%2C200\" alt=\"\" width=\"300\" height=\"200\" srcset=\"https:\/\/i0.wp.com\/blogdalucianaoliveira.com.br\/blog\/wp-content\/uploads\/2024\/08\/48683028392_7e457cfd42_k-e1722477098936.jpg?resize=300%2C200 300w, https:\/\/i0.wp.com\/blogdalucianaoliveira.com.br\/blog\/wp-content\/uploads\/2024\/08\/48683028392_7e457cfd42_k-e1722477098936.jpg?resize=1024%2C683 1024w, https:\/\/i0.wp.com\/blogdalucianaoliveira.com.br\/blog\/wp-content\/uploads\/2024\/08\/48683028392_7e457cfd42_k-e1722477098936.jpg?resize=768%2C512 768w, https:\/\/i0.wp.com\/blogdalucianaoliveira.com.br\/blog\/wp-content\/uploads\/2024\/08\/48683028392_7e457cfd42_k-e1722477098936.jpg?resize=450%2C300 450w, https:\/\/i0.wp.com\/blogdalucianaoliveira.com.br\/blog\/wp-content\/uploads\/2024\/08\/48683028392_7e457cfd42_k-e1722477098936.jpg?w=1200 1200w\" sizes=\"auto, (max-width: 300px) 100vw, 300px\" \/><\/h2>\n<h2 class=\"subtext\">Atualmente, o fogo na regi\u00e3o ocorre principalmente no sul do Amazonas e nos arredores da rodovia Transamaz\u00f4nica (BR-230)<\/h2>\n<\/div>\n<\/div>\n<p><!--more--><\/p>\n<div class=\"row\">\n<div class=\"col-lg-12 d-flex flex-row justify-content-center align-items-center\">\n<div id=\"ad-billboard01\">\n<div class=\"autozep-outer\">\n<p>Dados do Instituto Nacional de Pesquisas Espaciais (Inpe) revelam que os estados do Amazonas e Par\u00e1 concentram atualmente mais de 67% dos focos de queimadas registrados na Amaz\u00f4nia entre 1\u00ba janeiro e 21 de agosto deste ano.<\/p>\n<p>Nesse per\u00edodo, o Amazonas registra 10.400 focos de inc\u00eandios. O recorde no estado foi de 20 mil em 2022, no governo de Jair Bolsonaro.<\/p>\n<p>Atualmente, o fogo na Amaz\u00f4nia ocorre principalmente no sul do Amazonas e nos arredores da rodovia Transamaz\u00f4nica (BR-230).<\/p>\n<p>Apu\u00ed (3.068), L\u00e1brea (2.011), Novo Aripuan\u00e3 (994), Manicor\u00e9 (901), Humait\u00e1 (661), Canutama (452), Mau\u00e9s (405), Boca do Acre (369), Tapau\u00e1 (272) e Borba (114) s\u00e3o os dez munic\u00edpios amazonenses com os maiores \u00edndices.<\/p>\n<p>No Par\u00e1 s\u00e3o 12.445 focos de inc\u00eandio registrado no mesmo per\u00edodo pelo Inpe. Novo Progresso (1.827), Itaituba (1.795), S\u00e3o Felix do Xingu (1.478), Altamira (1.247) e Jacareaganga (923) s\u00e3o os munic\u00edpios com maiores focos.<\/p>\n<p>De acordo com a pasta do Meio Ambiente e da Mudan\u00e7a do Clima, os brigadistas do Ibama e ICMBio atuam prioritariamente em \u00e1reas federais, como assentamentos, Terras Ind\u00edgenas e Unidades de Conserva\u00e7\u00e3o. Tamb\u00e9m apoiam o combate em outras \u00e1reas, onde a a\u00e7\u00e3o \u00e9 responsabilidade priorit\u00e1ria dos estados.<\/p>\n<h3 class=\"wp-block-heading\"><strong>Estiagem<\/strong><\/h3>\n<p>\u201cA resposta federal \u00e0 estiagem e aos inc\u00eandios no pa\u00eds \u00e9 coordenada por uma sala de situa\u00e7\u00e3o criada pelo governo federal em junho. Na \u00faltima reuni\u00e3o, realizada na sexta-feira (16), o grupo discutiu novas medidas para combater os inc\u00eandios na Amaz\u00f4nia e no Pantanal\u201d, diz nota da pasta.<\/p>\n<p>A sala foi presidida pela secret\u00e1ria-executiva da Casa Civil, Miriam Belchior, e teve participa\u00e7\u00e3o da ministra Marina Silva, dos ministros Waldez G\u00f3e e Paulo Teixeira e de representantes de outros \u00f3rg\u00e3os.<\/p>\n<p>O governo federal articula a resposta aos inc\u00eandios com os governos estaduais e representantes dos corpos de Bombeiros da regi\u00e3o Norte. Foram disponibilizados R$ 405 milh\u00f5es do Fundo Amaz\u00f4nia para apoiar os bombeiros militares dos nove estados da Amaz\u00f4nia Legal, entre outras medidas.<\/p>\n<p>Conforme o governo, em abril foi lan\u00e7ado o programa Uni\u00e3o com Munic\u00edpios, que destinar\u00e1 R$ 785 milh\u00f5es para a\u00e7\u00f5es de combate ao desmatamento e inc\u00eandios florestais nos 70 munic\u00edpios priorit\u00e1rios na Amaz\u00f4nia.<\/p>\n<p>Os recursos ser\u00e3o enviados caso haja redu\u00e7\u00e3o do desmatamento nos munic\u00edpios.<\/p>\n<p>&nbsp;<\/p>\n<p>Foto: Vin\u00edcius Mendon\u00e7a\/Ibama<\/p>\n<\/div>\n<\/div>\n<\/div>\n<\/div>\n","protected":false},"excerpt":{"rendered":"<p>Atualmente, o fogo na regi\u00e3o ocorre principalmente no sul do Amazonas e nos arredores da rodovia Transamaz\u00f4nica (BR-230)<\/p>\n","protected":false},"author":1,"featured_media":0,"comment_status":"closed","ping_status":"open","sticky":false,"template":"","format":"standard","meta":{"_exactmetrics_skip_tracking":false,"_exactmetrics_sitenote_active":false,"_exactmetrics_sitenote_note":"","_exactmetrics_sitenote_category":0,"jetpack_post_was_ever_published":false,"_jetpack_newsletter_access":"","_jetpack_dont_email_post_to_subs":false,"_jetpack_newsletter_tier_id":0,"_jetpack_memberships_contains_paywalled_content":false,"_jetpack_memberships_contains_paid_content":false,"footnotes":"","jetpack_publicize_message":"","jetpack_publicize_feature_enabled":true,"jetpack_social_post_already_shared":true,"jetpack_social_options":{"image_generator_settings":{"template":"highway","enabled":false},"version":2}},"categories":[1],"tags":[252,406,295],"class_list":["post-35855","post","type-post","status-publish","format-standard","hentry","category-notas","tag-amazonia","tag-ibama","tag-queimadas"],"jetpack_publicize_connections":[],"jetpack_sharing_enabled":true,"jetpack_featured_media_url":"","jetpack_shortlink":"https:\/\/wp.me\/p7wKYW-9kj","jetpack-related-posts":[],"_links":{"self":[{"href":"http:\/\/blogdalucianaoliveira.com.br\/blog\/wp-json\/wp\/v2\/posts\/35855","targetHints":{"allow":["GET"]}}],"collection":[{"href":"http:\/\/blogdalucianaoliveira.com.br\/blog\/wp-json\/wp\/v2\/posts"}],"about":[{"href":"http:\/\/blogdalucianaoliveira.com.br\/blog\/wp-json\/wp\/v2\/types\/post"}],"author":[{"embeddable":true,"href":"http:\/\/blogdalucianaoliveira.com.br\/blog\/wp-json\/wp\/v2\/users\/1"}],"replies":[{"embeddable":true,"href":"http:\/\/blogdalucianaoliveira.com.br\/blog\/wp-json\/wp\/v2\/comments?post=35855"}],"version-history":[{"count":1,"href":"http:\/\/blogdalucianaoliveira.com.br\/blog\/wp-json\/wp\/v2\/posts\/35855\/revisions"}],"predecessor-version":[{"id":35857,"href":"http:\/\/blogdalucianaoliveira.com.br\/blog\/wp-json\/wp\/v2\/posts\/35855\/revisions\/35857"}],"wp:attachment":[{"href":"http:\/\/blogdalucianaoliveira.com.br\/blog\/wp-json\/wp\/v2\/media?parent=35855"}],"wp:term":[{"taxonomy":"category","embeddable":true,"href":"http:\/\/blogdalucianaoliveira.com.br\/blog\/wp-json\/wp\/v2\/categories?post=35855"},{"taxonomy":"post_tag","embeddable":true,"href":"http:\/\/blogdalucianaoliveira.com.br\/blog\/wp-json\/wp\/v2\/tags?post=35855"}],"curies":[{"name":"wp","href":"https:\/\/api.w.org\/{rel}","templated":true}]}}