{"id":35858,"date":"2024-08-22T09:25:28","date_gmt":"2024-08-22T13:25:28","guid":{"rendered":"http:\/\/blogdalucianaoliveira.com.br\/blog\/?p=35858"},"modified":"2024-08-22T09:25:28","modified_gmt":"2024-08-22T13:25:28","slug":"moradores-de-porto-velho-sofrem-com-poluicao-gerada-por-incendios-na-amazonia","status":"publish","type":"post","link":"http:\/\/blogdalucianaoliveira.com.br\/blog\/2024\/08\/22\/moradores-de-porto-velho-sofrem-com-poluicao-gerada-por-incendios-na-amazonia\/","title":{"rendered":"Moradores de Porto Velho sofrem com polui\u00e7\u00e3o gerada por inc\u00eandios na amaz\u00f4nia"},"content":{"rendered":"<p style=\"text-align: left;\"><img data-recalc-dims=\"1\" loading=\"lazy\" decoding=\"async\" data-attachment-id=\"35859\" data-permalink=\"http:\/\/blogdalucianaoliveira.com.br\/blog\/2024\/08\/22\/moradores-de-porto-velho-sofrem-com-poluicao-gerada-por-incendios-na-amazonia\/img_8492\/\" data-orig-file=\"https:\/\/i0.wp.com\/blogdalucianaoliveira.com.br\/blog\/wp-content\/uploads\/2024\/08\/IMG_8492.jpeg?fit=949%2C578\" data-orig-size=\"949,578\" data-comments-opened=\"0\" data-image-meta=\"{&quot;aperture&quot;:&quot;0&quot;,&quot;credit&quot;:&quot;&quot;,&quot;camera&quot;:&quot;&quot;,&quot;caption&quot;:&quot;&quot;,&quot;created_timestamp&quot;:&quot;0&quot;,&quot;copyright&quot;:&quot;&quot;,&quot;focal_length&quot;:&quot;0&quot;,&quot;iso&quot;:&quot;0&quot;,&quot;shutter_speed&quot;:&quot;0&quot;,&quot;title&quot;:&quot;&quot;,&quot;orientation&quot;:&quot;1&quot;}\" data-image-title=\"IMG_8492\" data-image-description=\"\" data-image-caption=\"\" data-medium-file=\"https:\/\/i0.wp.com\/blogdalucianaoliveira.com.br\/blog\/wp-content\/uploads\/2024\/08\/IMG_8492.jpeg?fit=300%2C183\" data-large-file=\"https:\/\/i0.wp.com\/blogdalucianaoliveira.com.br\/blog\/wp-content\/uploads\/2024\/08\/IMG_8492.jpeg?fit=600%2C365\" class=\"alignnone size-full wp-image-35859\" src=\"https:\/\/i0.wp.com\/blogdalucianaoliveira.com.br\/blog\/wp-content\/uploads\/2024\/08\/IMG_8492.jpeg?resize=600%2C365\" alt=\"\" width=\"600\" height=\"365\" srcset=\"https:\/\/i0.wp.com\/blogdalucianaoliveira.com.br\/blog\/wp-content\/uploads\/2024\/08\/IMG_8492.jpeg?w=949 949w, https:\/\/i0.wp.com\/blogdalucianaoliveira.com.br\/blog\/wp-content\/uploads\/2024\/08\/IMG_8492.jpeg?resize=300%2C183 300w, https:\/\/i0.wp.com\/blogdalucianaoliveira.com.br\/blog\/wp-content\/uploads\/2024\/08\/IMG_8492.jpeg?resize=768%2C468 768w, https:\/\/i0.wp.com\/blogdalucianaoliveira.com.br\/blog\/wp-content\/uploads\/2024\/08\/IMG_8492.jpeg?resize=493%2C300 493w\" sizes=\"auto, (max-width: 600px) 100vw, 600px\" \/><\/p>\n<p data-pf_style_display=\"block\" data-pf_style_visibility=\"visible\"><span class=\"text-node\">&#8220;Temos dificuldades para respirar&#8221;, reclama Tayane Moraes, moradora de Porto Velho. A capital de Rond\u00f4nia est\u00e1 imersa h\u00e1 dias em uma nuvem de<\/span><a href=\"https:\/\/www1.folha.uol.com.br\/cotidiano\/2024\/08\/fumaca-da-amazonia-e-do-pantanal-ja-atinge-10-estados-e-gera-alerta.shtml\" target=\"\" rel=\"noopener\" data-pf_style_display=\"inline\" data-pf_style_visibility=\"visible\"><span class=\"text-node\">fuma\u00e7a devido \u00e0s queimadas recordes<\/span><\/a><span class=\"text-node\"> que <\/span><a href=\"https:\/\/www1.folha.uol.com.br\/cotidiano\/2024\/08\/de-manaus-a-porto-alegre-as-imagens-que-mostram-corredor-com-fumaca-de-queimadas-se-espalhando-pelo-brasil.shtml\" target=\"\" rel=\"noopener\" data-pf_style_display=\"inline\" data-pf_style_visibility=\"visible\"><span class=\"text-node\">atingem a amaz\u00f4nia<\/span><\/a><span class=\"text-node\">.<\/span><!--more--><\/p>\n<p data-pf_style_display=\"block\" data-pf_style_visibility=\"visible\"><span class=\"text-node\">&#8220;Essa fuma\u00e7a est\u00e1 acabando com o nosso nariz&#8221;, diz a pedagoga de 30 anos. que, para suportar a situa\u00e7\u00e3o, conta que bebe muita \u00e1gua e usa um umidificador em casa.<\/span><\/p>\n<p data-pf_style_display=\"block\" data-pf_style_visibility=\"visible\">Folha de S\u00e3o Paulo, por<\/p>\n<div data-pf_style_display=\"block\" data-pf_style_visibility=\"visible\">\n<div class=\"c-newsletter rs_skip rs_preserve\" data-newsletter-simple=\"\" data-subscript=\"6940\" data-message=\".js-message\" data-button=\".js-button\" data-email=\".js-email\" data-pf_style_display=\"block\" data-pf_style_visibility=\"visible\">\n<h4 class=\"c-section-title c-section-title--brand c-section-title--small-spaced\" data-pf_style_display=\"block\" data-pf_style_visibility=\"visible\"><span class=\"text-node\">Planeta em Transe<\/span><\/h4>\n<\/div>\n<\/div>\n<p>Porto Velho, com 460 mil habitantes, registrou na ter\u00e7a-feira (20) a pior qualidade do ar entre todas as grandes cidades brasileiras, segundo os dados do organismo de monitoramento independente IQAir. Nesta quarta (21), figurava na segunda posi\u00e7\u00e3o entre as cidades mais polu\u00eddas do pa\u00eds, perdendo apenas para S\u00e3o Paulo.<\/p>\n<p data-pf_style_display=\"block\" data-pf_style_visibility=\"visible\"><span class=\"text-node\">O \u00edndice de part\u00edculas finas (PM2,5) marcou 56,5 microgramas por metro c\u00fabico na ter\u00e7a, 11 vezes acima do limite recomendado pela OMS (Organiza\u00e7\u00e3o Mundial da Sa\u00fade).<\/span><\/p>\n<div class=\"c-advertising c-advertising--300x250 u-hidden-xs rs_skip\" data-pf_style_display=\"block\" data-pf_style_visibility=\"visible\"><\/div>\n<p data-pf_style_display=\"block\" data-pf_style_visibility=\"visible\"><span class=\"text-node\">Em 14 de agosto, esse \u00edndice atingiu um pico de 246,4 microgramas por metro c\u00fabico, o n\u00edvel &#8220;perigoso&#8221;, o m\u00e1ximo definido pela IQAir, entidade que tem sede na Su\u00ed\u00e7a.<\/span><\/p>\n<p data-pf_style_display=\"block\" data-pf_style_visibility=\"visible\"><span class=\"text-node\">A fuma\u00e7a dos inc\u00eandios florestais tingiu o c\u00e9u de Porto Velho de cinza escuro e a cidade est\u00e1 envolta em uma espessa n\u00e9voa.<\/span><\/p>\n<p data-pf_style_display=\"block\" data-pf_style_visibility=\"visible\"><span class=\"text-node\">Em alguns momentos fica dif\u00edcil distinguir a dist\u00e2ncia edif\u00edcios que, em condi\u00e7\u00f5es normais, s\u00e3o perfeitamente vis\u00edveis, constatou uma equipe da ag\u00eancia AFP.<\/span><\/p>\n<p data-pf_style_display=\"block\" data-pf_style_visibility=\"visible\"><span class=\"text-node\">Escapar da fuma\u00e7a \u00e9 uma tarefa imposs\u00edvel, mesmo dentro das resid\u00eancias.<\/span><\/p>\n<p data-pf_style_display=\"block\" data-pf_style_visibility=\"visible\"><span class=\"text-node\">&#8220;Est\u00e1 horr\u00edvel, ontem \u00e0 noite eu acordei meia-noite e os meus olhos estavam todos ardendo, a fuma\u00e7a dentro de casa&#8221;, relata Carlos Fernandes, aposentado de 62 anos.<\/span><\/p>\n<div data-pf_style_display=\"block\" data-pf_style_visibility=\"visible\">\n<div class=\"js-gallery-widget rs_skip\" data-pf_style_display=\"block\" data-pf_style_visibility=\"visible\">\n<figure class=\"gallery-widget-pre pf-caption flex-width mediumImage pf-size-full\" data-pf_style_display=\"block\" data-pf_style_visibility=\"visible\"><figcaption class=\"gallery-widget-pre__caption\" data-pf_style_display=\"block\" data-pf_style_visibility=\"visible\"><a class=\"gallery-widget-pre__link\" href=\"https:\/\/fotografia.folha.uol.com.br\/galerias\/1808029409002149-porto-velho-e-invadida-por-fumaca-de-incendios-na-amazonia\" data-pf_style_display=\"inline\" data-pf_style_visibility=\"visible\"><span class=\"text-node\">Porto Velho \u00e9 invadida por fuma\u00e7a de inc\u00eandios na amaz\u00f4nia<\/span><\/a><\/figcaption><a class=\"gallery-widget-pre__link\" href=\"https:\/\/fotografia.folha.uol.com.br\/galerias\/1808029409002149-porto-velho-e-invadida-por-fumaca-de-incendios-na-amazonia\" data-pf_style_display=\"inline\" data-pf_style_visibility=\"visible\"><img data-recalc-dims=\"1\" decoding=\"async\" class=\"gallery-widget-pre__photo u-responsive-image c-lazyload pf-large-image caption-img flex-width pf-size-full mediumImage\" src=\"https:\/\/i0.wp.com\/f.i.uol.com.br\/fotografia\/2024\/08\/21\/172427160566c64bf57b0ab_1724271605_3x2_md.jpg?w=600&#038;ssl=1\" srcset=\"\" alt=\"Porto Velho \u00e9 invadida por fuma\u00e7a de inc\u00eandios na amaz\u00f4nia\" data-src=\"https:\/\/f.i.uol.com.br\/fotografia\/2024\/08\/21\/172427160566c64bf57b0ab_1724271605_3x2_md.jpg\" data-pf_style_display=\"inline\" data-pf_style_visibility=\"visible\" data-pf_rect_width=\"407.140625\" data-pf_rect_height=\"18\" \/><\/a><\/figure>\n<p data-pf_style_display=\"block\" data-pf_style_visibility=\"visible\"><span class=\"text-node\">Para ele, Porto Velho vive neste ano seu &#8220;pior tempo de fuma\u00e7a&#8221;, o que atribui a inc\u00eandios em \u00e1reas rurais causados por pecuaristas que queimam pastagens para limp\u00e1-las.<\/span><\/p>\n<p data-pf_style_display=\"block\" data-pf_style_visibility=\"visible\"><span class=\"text-node\">O governo do estado de Rond\u00f4nia lan\u00e7ou uma campanha para conscientizar a popula\u00e7\u00e3o e incentiv\u00e1-la a denunciar as queimadas ilegais.<\/span><\/p>\n<div class=\"c-advertising c-advertising--300x250 u-hidden-xs rs_skip\" data-pf_style_display=\"block\" data-pf_style_visibility=\"visible\"><\/div>\n<h2 id=\"seca-e-incendios\" class=\"c-news__subtitle\" data-pf_style_display=\"block\" data-pf_style_visibility=\"visible\"><span class=\"text-node\">Seca e inc\u00eandios<\/span><\/h2>\n<p data-pf_style_display=\"block\" data-pf_style_visibility=\"visible\"><span class=\"text-node\">De acordo com dados de sat\u00e9lite do Inpe (Instituto Nacional de Pesquisas Espaciais), Rond\u00f4nia registrou no m\u00eas passado seu pior julho em rela\u00e7\u00e3o aos inc\u00eandios florestais em 19 anos, com 1.618 focos identificados. E a situa\u00e7\u00e3o continua piorando, com 2.114 focos j\u00e1 registrados de 1\u00b0 a 19 de agosto.<\/span><\/p>\n<p data-pf_style_display=\"block\" data-pf_style_visibility=\"visible\"><span class=\"text-node\">Imagens a\u00e9reas captadas pela AFP mostram grandes extens\u00f5es da <\/span><a href=\"https:\/\/www1.folha.uol.com.br\/folha-topicos\/floresta-amazonica\/\" data-pf_style_display=\"inline\" data-pf_style_visibility=\"visible\"><span class=\"text-node\">floresta amaz\u00f4nica<\/span><\/a><span class=\"text-node\">completamente queimadas no munic\u00edpio de Cujubim (RO), a leste de Porto Velho.<\/span><\/p>\n<p data-pf_style_display=\"block\" data-pf_style_visibility=\"visible\"><span class=\"text-node\">Atingida h\u00e1 meses por uma seca severa, a <\/span><a href=\"https:\/\/www1.folha.uol.com.br\/folha-topicos\/amazonia\/\" data-pf_style_display=\"inline\" data-pf_style_visibility=\"visible\"><span class=\"text-node\">amaz\u00f4nia<\/span><\/a><span class=\"text-node\"> registrou do in\u00edcio do ano at\u00e9 19 de agosto um aumento de 87% nos focos de inc\u00eandio em compara\u00e7\u00e3o com o mesmo per\u00edodo de 2023.<\/span><\/p>\n<p data-pf_style_display=\"block\" data-pf_style_visibility=\"visible\"><span class=\"text-node\">Imagens de sat\u00e9lite da ag\u00eancia americana de observa\u00e7\u00e3o oce\u00e2nica e atmosf\u00e9rica (Noaa, na sigla em ingl\u00eas) mostram um <\/span><a href=\"https:\/\/www1.folha.uol.com.br\/cotidiano\/2024\/08\/fumaca-da-amazonia-e-do-pantanal-ja-atinge-10-estados-e-gera-alerta.shtml\" target=\"\" rel=\"noopener\" data-pf_style_display=\"inline\" data-pf_style_visibility=\"visible\"><span class=\"text-node\">corredor de fuma\u00e7a que atravessa o Brasil de norte a sul<\/span><\/a><span class=\"text-node\">, passando tamb\u00e9m por Bol\u00edvia e Paraguai.<\/span><\/p>\n<div data-pf_style_display=\"block\" data-pf_style_visibility=\"visible\">\n<div class=\"js-gallery-widget rs_skip\" data-pf_style_display=\"block\" data-pf_style_visibility=\"visible\">\n<figure class=\"gallery-widget-pre pf-caption flex-width mediumImage pf-size-full\" data-pf_style_display=\"block\" data-pf_style_visibility=\"visible\"><figcaption class=\"gallery-widget-pre__caption\" data-pf_style_display=\"block\" data-pf_style_visibility=\"visible\"><a class=\"gallery-widget-pre__link\" href=\"https:\/\/fotografia.folha.uol.com.br\/galerias\/1807952558195430-imagens-de-satelite-mostram-trajetoria-da-fumaca-sobre-paises-na-fronteira-do-brasil-e-em-diversos-estados\" data-pf_style_display=\"inline\" data-pf_style_visibility=\"visible\"><span class=\"text-node\">Imagens de sat\u00e9lite mostram trajet\u00f3ria da fuma\u00e7a sobre pa\u00edses na fronteira do Brasil e em diversos estados<\/span><\/a><\/figcaption><a class=\"gallery-widget-pre__link\" href=\"https:\/\/fotografia.folha.uol.com.br\/galerias\/1807952558195430-imagens-de-satelite-mostram-trajetoria-da-fumaca-sobre-paises-na-fronteira-do-brasil-e-em-diversos-estados\" data-pf_style_display=\"inline\" data-pf_style_visibility=\"visible\"><img data-recalc-dims=\"1\" decoding=\"async\" class=\"gallery-widget-pre__photo u-responsive-image c-lazyload pf-large-image caption-img flex-width pf-size-full mediumImage\" src=\"https:\/\/i0.wp.com\/f.i.uol.com.br\/fotografia\/2024\/08\/20\/172419792366c52c23866ef_1724197923_3x2_md.jpg?w=600&#038;ssl=1\" srcset=\"\" alt=\"Imagens de sat\u00e9lite mostram trajet\u00f3ria da fuma\u00e7a sobre pa\u00edses na fronteira do Brasil e em diversos estados\" data-src=\"https:\/\/f.i.uol.com.br\/fotografia\/2024\/08\/20\/172419792366c52c23866ef_1724197923_3x2_md.jpg\" data-pf_style_display=\"inline\" data-pf_style_visibility=\"visible\" data-pf_rect_width=\"695.765625\" data-pf_rect_height=\"18\" \/><\/a><\/figure>\n<p data-pf_style_display=\"block\" data-pf_style_visibility=\"visible\"><span class=\"text-node\">Outras localidades da regi\u00e3o sofreram com a <\/span><a href=\"https:\/\/www1.folha.uol.com.br\/ambiente\/2024\/08\/manaus-volta-a-ser-inundada-por-fumaca-e-governos-falham-diante-de-evidencia-de-seca-severa.shtml\" target=\"\" rel=\"noopener\" data-pf_style_display=\"inline\" data-pf_style_visibility=\"visible\"><span class=\"text-node\">fuma\u00e7a nas \u00faltimas semanas, como Manaus, a maior cidade da amaz\u00f4nia<\/span><\/a><span class=\"text-node\">, onde a Fiocruz recomendou o uso de m\u00e1scaras de prote\u00e7\u00e3o ao sair de casa.<\/span><\/p>\n<h2 id=\"riscos-para-a-saude\" class=\"c-news__subtitle\" data-pf_style_display=\"block\" data-pf_style_visibility=\"visible\"><span class=\"text-node\">Riscos para a sa\u00fade<\/span><\/h2>\n<p data-pf_style_display=\"block\" data-pf_style_visibility=\"visible\"><span class=\"text-node\">Segundo as autoridades de Rond\u00f4nia, a fuma\u00e7a que cobre Porto Velho tamb\u00e9m vem de inc\u00eandios na Bol\u00edvia, a oeste, e do estado do Amazonas.<\/span><\/p>\n<div class=\"c-advertising c-advertising--300x250 u-hidden-xs rs_skip\" data-pf_style_display=\"block\" data-pf_style_visibility=\"visible\"><\/div>\n<p data-pf_style_display=\"block\" data-pf_style_visibility=\"visible\"><span class=\"text-node\">&#8220;Como estamos no centro do continente, essa fuma\u00e7a permanece aqui por muito mais tempo&#8221;, explica Cae Aires, respons\u00e1vel pelo Censipam (Centro de Gest\u00e3o e Opera\u00e7\u00f5es de Prote\u00e7\u00e3o da Amaz\u00f4nia) em Porto Velho, em um v\u00eddeo publicado na conta do Instagram do governador de Rond\u00f4nia, Marcos Rocha (Uni\u00e3o).<\/span><\/p>\n<p data-pf_style_display=\"block\" data-pf_style_visibility=\"visible\"><span class=\"text-node\">No mesmo v\u00eddeo, a infectologista Antonieta Ferreira, do hospital infantil Cosme e Dami\u00e3o de Porto Velho, relata um aumento das crises de asma, bem como de casos de pneumonia, sinusite e conjuntivite.<\/span><\/p>\n<p data-pf_style_display=\"block\" data-pf_style_visibility=\"visible\"><span class=\"text-node\">&#8220;\u00c9 complicado, especialmente para quem tem problemas respirat\u00f3rios&#8221;, diz Beatriz Gra\u00e7a, 35, dona de casa. &#8220;Se Deus mandar uma chuva, a\u00ed seria bom para n\u00f3s, mandar uma chuva boa mesmo.&#8221;<\/span><\/p>\n<\/div>\n<\/div>\n<\/div>\n<\/div>\n","protected":false},"excerpt":{"rendered":"<p>&#8220;Temos dificuldades para respirar&#8221;, reclama Tayane Moraes, moradora de Porto Velho. A capital de Rond\u00f4nia est\u00e1 imersa h\u00e1 dias em uma nuvem defuma\u00e7a devido \u00e0s queimadas recordes que atingem a amaz\u00f4nia.<\/p>\n","protected":false},"author":1,"featured_media":0,"comment_status":"closed","ping_status":"open","sticky":false,"template":"","format":"standard","meta":{"_exactmetrics_skip_tracking":false,"_exactmetrics_sitenote_active":false,"_exactmetrics_sitenote_note":"","_exactmetrics_sitenote_category":0,"jetpack_post_was_ever_published":false,"_jetpack_newsletter_access":"","_jetpack_dont_email_post_to_subs":false,"_jetpack_newsletter_tier_id":0,"_jetpack_memberships_contains_paywalled_content":false,"_jetpack_memberships_contains_paid_content":false,"footnotes":"","jetpack_publicize_message":"","jetpack_publicize_feature_enabled":true,"jetpack_social_post_already_shared":true,"jetpack_social_options":{"image_generator_settings":{"template":"highway","enabled":false},"version":2}},"categories":[1],"tags":[605,8,295],"class_list":["post-35858","post","type-post","status-publish","format-standard","hentry","category-notas","tag-fumaca","tag-porto-velho","tag-queimadas"],"jetpack_publicize_connections":[],"jetpack_sharing_enabled":true,"jetpack_featured_media_url":"","jetpack_shortlink":"https:\/\/wp.me\/p7wKYW-9km","jetpack-related-posts":[],"_links":{"self":[{"href":"http:\/\/blogdalucianaoliveira.com.br\/blog\/wp-json\/wp\/v2\/posts\/35858","targetHints":{"allow":["GET"]}}],"collection":[{"href":"http:\/\/blogdalucianaoliveira.com.br\/blog\/wp-json\/wp\/v2\/posts"}],"about":[{"href":"http:\/\/blogdalucianaoliveira.com.br\/blog\/wp-json\/wp\/v2\/types\/post"}],"author":[{"embeddable":true,"href":"http:\/\/blogdalucianaoliveira.com.br\/blog\/wp-json\/wp\/v2\/users\/1"}],"replies":[{"embeddable":true,"href":"http:\/\/blogdalucianaoliveira.com.br\/blog\/wp-json\/wp\/v2\/comments?post=35858"}],"version-history":[{"count":1,"href":"http:\/\/blogdalucianaoliveira.com.br\/blog\/wp-json\/wp\/v2\/posts\/35858\/revisions"}],"predecessor-version":[{"id":35860,"href":"http:\/\/blogdalucianaoliveira.com.br\/blog\/wp-json\/wp\/v2\/posts\/35858\/revisions\/35860"}],"wp:attachment":[{"href":"http:\/\/blogdalucianaoliveira.com.br\/blog\/wp-json\/wp\/v2\/media?parent=35858"}],"wp:term":[{"taxonomy":"category","embeddable":true,"href":"http:\/\/blogdalucianaoliveira.com.br\/blog\/wp-json\/wp\/v2\/categories?post=35858"},{"taxonomy":"post_tag","embeddable":true,"href":"http:\/\/blogdalucianaoliveira.com.br\/blog\/wp-json\/wp\/v2\/tags?post=35858"}],"curies":[{"name":"wp","href":"https:\/\/api.w.org\/{rel}","templated":true}]}}