{"id":35864,"date":"2024-08-26T09:13:45","date_gmt":"2024-08-26T13:13:45","guid":{"rendered":"http:\/\/blogdalucianaoliveira.com.br\/blog\/?p=35864"},"modified":"2024-08-26T09:13:45","modified_gmt":"2024-08-26T13:13:45","slug":"iago-viana-o-resultado-pratico-de-dedicacao-estudo-esforco-e-perseveranca","status":"publish","type":"post","link":"http:\/\/blogdalucianaoliveira.com.br\/blog\/2024\/08\/26\/iago-viana-o-resultado-pratico-de-dedicacao-estudo-esforco-e-perseveranca\/","title":{"rendered":"Iago Viana: o resultado pr\u00e1tico de dedica\u00e7\u00e3o, estudo, esfor\u00e7o e perseveran\u00e7a"},"content":{"rendered":"<p><img data-recalc-dims=\"1\" loading=\"lazy\" decoding=\"async\" data-attachment-id=\"35866\" data-permalink=\"http:\/\/blogdalucianaoliveira.com.br\/blog\/2024\/08\/26\/iago-viana-o-resultado-pratico-de-dedicacao-estudo-esforco-e-perseveranca\/u23pwyl047jn65h\/\" data-orig-file=\"https:\/\/i0.wp.com\/blogdalucianaoliveira.com.br\/blog\/wp-content\/uploads\/2024\/08\/u23pwyl047jn65h.jpg?fit=960%2C994\" data-orig-size=\"960,994\" data-comments-opened=\"0\" data-image-meta=\"{&quot;aperture&quot;:&quot;0&quot;,&quot;credit&quot;:&quot;&quot;,&quot;camera&quot;:&quot;&quot;,&quot;caption&quot;:&quot;&quot;,&quot;created_timestamp&quot;:&quot;0&quot;,&quot;copyright&quot;:&quot;&quot;,&quot;focal_length&quot;:&quot;0&quot;,&quot;iso&quot;:&quot;0&quot;,&quot;shutter_speed&quot;:&quot;0&quot;,&quot;title&quot;:&quot;&quot;,&quot;orientation&quot;:&quot;1&quot;}\" data-image-title=\"u23pwyl047jn65h\" data-image-description=\"\" data-image-caption=\"\" data-medium-file=\"https:\/\/i0.wp.com\/blogdalucianaoliveira.com.br\/blog\/wp-content\/uploads\/2024\/08\/u23pwyl047jn65h.jpg?fit=290%2C300\" data-large-file=\"https:\/\/i0.wp.com\/blogdalucianaoliveira.com.br\/blog\/wp-content\/uploads\/2024\/08\/u23pwyl047jn65h.jpg?fit=600%2C621\" class=\"alignnone size-medium wp-image-35866\" src=\"https:\/\/i0.wp.com\/blogdalucianaoliveira.com.br\/blog\/wp-content\/uploads\/2024\/08\/u23pwyl047jn65h.jpg?resize=290%2C300\" alt=\"\" width=\"290\" height=\"300\" srcset=\"https:\/\/i0.wp.com\/blogdalucianaoliveira.com.br\/blog\/wp-content\/uploads\/2024\/08\/u23pwyl047jn65h.jpg?resize=290%2C300 290w, https:\/\/i0.wp.com\/blogdalucianaoliveira.com.br\/blog\/wp-content\/uploads\/2024\/08\/u23pwyl047jn65h.jpg?resize=768%2C795 768w, https:\/\/i0.wp.com\/blogdalucianaoliveira.com.br\/blog\/wp-content\/uploads\/2024\/08\/u23pwyl047jn65h.jpg?w=960 960w\" sizes=\"auto, (max-width: 290px) 100vw, 290px\" \/><\/p>\n<p><strong>Rond\u00f4nia Din\u00e2mica, por Vinicius Canova \u2013 <\/strong>Iago Viana \u00e9 m\u00fasico. Mas n\u00e3o \u00e9 &#8220;s\u00f3&#8221; m\u00fasico. Ele \u00e9 o resultado encarnado da soma dos conceitos de esfor\u00e7o, dedica\u00e7\u00e3o, estudo e perseveran\u00e7a.<!--more--><\/p>\n<p>N\u00e3o, ele n\u00e3o \u00e9 um prod\u00edgio. E n\u00e3o, n\u00e3o \u00e9 uma for\u00e7a da natureza. Ali\u00e1s, ele fica p***, e com raz\u00e3o, quando sugerem qualquer coisa nesse sentido. O cara \u00e9, para todos os efeitos, justamente o contr\u00e1rio disso: a prova de que trabalho duro, abnegado, misturado com paix\u00e3o e paci\u00eancia, sim, traz resultados.<\/p>\n<p>Ele toca rock? Sim, pode tocar; dar aula (\u00e9 o que faz, inclusive, na School of Rock); ensinar; se apresentar; dar voleio; bicicleta; carretilha; chap\u00e9u e at\u00e9 fazer inveja a\u00a0quem \u00e9 do g\u00eanero. Mas antes de qualquer coisa sua maestria tem ra\u00edzes profundas e brasileiras, da MPB, passando bela bossa nova, excursionando pela guitarrada paraense e visitando ainda o samba, frevo, carimb\u00f3, maracatu e da\u00ed por diante.<\/p>\n<p>Com essa bagagem, integrou a banda Benvas e Agremia\u00e7\u00e3o de Desportos Sonoros, liderada pelo talentoso Anderson Benvindo (Benvindo ao Pac\u00edfico) durante a disputa do &#8220;Grego Autoral&#8221;. Certamente o grupo mais ex\u00f3tico dentro do contexto da contenda vez que, fugindo ao rock e seus subg\u00eaneros, trouxe algo cem por cento original, explorando sonoridades, incorporando artistas locais e brincando de Carnaval dentro da porradaria tradicional dos acordes em bloco distorcidos. Com isso, a agremia\u00e7\u00e3o tornou-se, ao menos aos olhos e ouvidos deste combalido redator, o trabalho mais subversivo de todos. Se valesse o pr\u00eamio, seria deles.<\/p>\n<p><img data-recalc-dims=\"1\" decoding=\"async\" src=\"https:\/\/i0.wp.com\/www.rondoniadinamica.com\/uploads\/benvas.jpg?w=600&#038;ssl=1\" alt=\"\" \/><br \/>\n<em>Benvas e Agremia\u00e7\u00e3o de Desportos Sonoros foi a grande surpresa do &#8220;Grego Autoral&#8221; \/ Reprodu\u00e7\u00e3o<\/em><\/p>\n<p>Por\u00e9m, se a banda n\u00e3o conseguiu levar pra casa trof\u00e9u, fa\u00e7anha &#8220;abocanhada&#8221; pela banda Monolito, de Ariquemes, Iago Viana foi referendado como o melhor guitarrista da quarta edi\u00e7\u00e3o do evento.<\/p>\n<p>Teria como ser diferente? N\u00e3o. Com todo o respeito a todos os grandes guitarristas rondonienses, e a\u00ed posso incluir facilmente mestres como Gilberto Lobo; Caio Neiva; R\u00f4mulo Pac\u00edfico; Vagner Modesto e tamb\u00e9m os saudosos Gustavo Erse e Marcelo Bennesby, Iago, na minha opini\u00e3o, tem o &#8220;algo a mais&#8221;, que \u00e9 aquele ingrediente inexplic\u00e1vel.<\/p>\n<p>Voc\u00ea sabe que tem. Sabe que est\u00e1 l\u00e1, mas n\u00e3o consegue dizer exatamente o que \u00e9.<\/p>\n<p>Seria a postura? Seria a t\u00e9cnica? Seria a facilidade de se encontrar nas m\u00fasicas? A rapidez com que encaixa improvisos? N\u00e3o sei dizer, mas certamente os jurados do &#8220;Grego Autoral&#8221; souberam, e, por sorte e justi\u00e7a, concederam a ele a merecida condecora\u00e7\u00e3o.<\/p>\n<p>Leve-se em conta ainda uma vida corrida e batalhada &#8212; conciliada ao amor desmedido de pai (salve, Joca) &#8211;, enfrentada pela grande maioria dos brasileiros, onde &#8220;tirar m\u00fasica&#8221; \u00e9 justamente o que o rel\u00f3gio n\u00e3o permite.<\/p>\n<p>Ent\u00e3o sua participa\u00e7\u00e3o foi, do in\u00edcio ao fim, composta por improvisos de riffs, solos e acordes baseados em sua compreens\u00e3o te\u00f3rica musical e aplicados ali, na hora, durante a execu\u00e7\u00e3o das faixas da inusitada e revolucion\u00e1ria banda Benvas e Agremia\u00e7\u00e3o de Desportos Sonoros.<\/p>\n<p>Iago, voc\u00ea faz chover, irm\u00e3o. Parab\u00e9ns pelo seu pr\u00eamio. Definitivamente \u00e9 um prazer ser seu amigo; e \u00e9 uma honra, ainda maior, aprender contigo.<\/p>\n","protected":false},"excerpt":{"rendered":"<p>Rond\u00f4nia Din\u00e2mica, por Vinicius Canova \u2013 Iago Viana \u00e9 m\u00fasico. Mas n\u00e3o \u00e9 &#8220;s\u00f3&#8221; m\u00fasico. Ele \u00e9 o resultado encarnado da soma dos conceitos de esfor\u00e7o, dedica\u00e7\u00e3o, estudo e perseveran\u00e7a.<\/p>\n","protected":false},"author":1,"featured_media":0,"comment_status":"closed","ping_status":"open","sticky":false,"template":"","format":"standard","meta":{"_exactmetrics_skip_tracking":false,"_exactmetrics_sitenote_active":false,"_exactmetrics_sitenote_note":"","_exactmetrics_sitenote_category":0,"jetpack_post_was_ever_published":false,"_jetpack_newsletter_access":"","_jetpack_dont_email_post_to_subs":false,"_jetpack_newsletter_tier_id":0,"_jetpack_memberships_contains_paywalled_content":false,"_jetpack_memberships_contains_paid_content":false,"footnotes":"","jetpack_publicize_message":"","jetpack_publicize_feature_enabled":true,"jetpack_social_post_already_shared":true,"jetpack_social_options":{"image_generator_settings":{"template":"highway","enabled":false},"version":2}},"categories":[1],"tags":[1107,1106,577],"class_list":["post-35864","post","type-post","status-publish","format-standard","hentry","category-notas","tag-guitarrista","tag-iago-viana","tag-musica"],"jetpack_publicize_connections":[],"jetpack_sharing_enabled":true,"jetpack_featured_media_url":"","jetpack_shortlink":"https:\/\/wp.me\/p7wKYW-9ks","jetpack-related-posts":[],"_links":{"self":[{"href":"http:\/\/blogdalucianaoliveira.com.br\/blog\/wp-json\/wp\/v2\/posts\/35864","targetHints":{"allow":["GET"]}}],"collection":[{"href":"http:\/\/blogdalucianaoliveira.com.br\/blog\/wp-json\/wp\/v2\/posts"}],"about":[{"href":"http:\/\/blogdalucianaoliveira.com.br\/blog\/wp-json\/wp\/v2\/types\/post"}],"author":[{"embeddable":true,"href":"http:\/\/blogdalucianaoliveira.com.br\/blog\/wp-json\/wp\/v2\/users\/1"}],"replies":[{"embeddable":true,"href":"http:\/\/blogdalucianaoliveira.com.br\/blog\/wp-json\/wp\/v2\/comments?post=35864"}],"version-history":[{"count":2,"href":"http:\/\/blogdalucianaoliveira.com.br\/blog\/wp-json\/wp\/v2\/posts\/35864\/revisions"}],"predecessor-version":[{"id":35867,"href":"http:\/\/blogdalucianaoliveira.com.br\/blog\/wp-json\/wp\/v2\/posts\/35864\/revisions\/35867"}],"wp:attachment":[{"href":"http:\/\/blogdalucianaoliveira.com.br\/blog\/wp-json\/wp\/v2\/media?parent=35864"}],"wp:term":[{"taxonomy":"category","embeddable":true,"href":"http:\/\/blogdalucianaoliveira.com.br\/blog\/wp-json\/wp\/v2\/categories?post=35864"},{"taxonomy":"post_tag","embeddable":true,"href":"http:\/\/blogdalucianaoliveira.com.br\/blog\/wp-json\/wp\/v2\/tags?post=35864"}],"curies":[{"name":"wp","href":"https:\/\/api.w.org\/{rel}","templated":true}]}}